{"id":10164,"date":"2018-05-01T01:02:29","date_gmt":"2018-05-01T01:02:29","guid":{"rendered":"https:\/\/higuey.info\/news\/news\/?p=10164"},"modified":"2020-11-21T17:00:32","modified_gmt":"2020-11-21T17:00:32","slug":"higuey-la-romana-un-muerto-y-cuatro-heridos-en-tragico-accidente","status":"publish","type":"post","link":"https:\/\/higuey.info\/news\/higuey-la-romana-un-muerto-y-cuatro-heridos-en-tragico-accidente\/","title":{"rendered":"Hig\u00fcey \u2013 La Romana un muerto y cuatro heridos en tr\u00e1gico accidente."},"content":{"rendered":"<p><a href=\"https:\/\/higuey.info\/news\/wp-content\/uploads\/2018\/05\/aci1.jpeg\"><img loading=\"lazy\" decoding=\"async\" class=\"aligncenter size-large wp-image-10165\" src=\"https:\/\/higuey.info\/news\/wp-content\/uploads\/2018\/05\/aci1-533x400.jpeg\" alt=\"\" width=\"533\" height=\"400\" srcset=\"https:\/\/higuey.info\/news\/wp-content\/uploads\/2018\/05\/aci1-533x400.jpeg 533w, https:\/\/higuey.info\/news\/wp-content\/uploads\/2018\/05\/aci1-300x225.jpeg 300w, https:\/\/higuey.info\/news\/wp-content\/uploads\/2018\/05\/aci1.jpeg 768w\" sizes=\"auto, (max-width: 533px) 100vw, 533px\" \/><\/a>[&#8212;]Un aparatoso accidente se registr\u00f3 en la tarde de este lune feriado en el tramo de la autovia de la Romana justamente en el peaje d\u00f3nde tres personas resultaron heridos y una muerta.<\/p>\n<figure id=\"attachment_10171\" aria-describedby=\"caption-attachment-10171\" style=\"width: 362px\" class=\"wp-caption aligncenter\"><a href=\"https:\/\/higuey.info\/news\/wp-content\/uploads\/2018\/05\/venezolana.jpg\"><img loading=\"lazy\" decoding=\"async\" class=\"wp-image-10171 size-large\" src=\"https:\/\/higuey.info\/news\/wp-content\/uploads\/2018\/05\/venezolana-362x400.jpg\" alt=\"\" width=\"362\" height=\"400\" srcset=\"https:\/\/higuey.info\/news\/wp-content\/uploads\/2018\/05\/venezolana-362x400.jpg 362w, https:\/\/higuey.info\/news\/wp-content\/uploads\/2018\/05\/venezolana-271x300.jpg 271w, https:\/\/higuey.info\/news\/wp-content\/uploads\/2018\/05\/venezolana.jpg 400w\" sizes=\"auto, (max-width: 362px) 100vw, 362px\" \/><\/a><figcaption id=\"caption-attachment-10171\" class=\"wp-caption-text\">Ana Mej\u00eda &#8211; Joven fallecida<\/figcaption><\/figure>\n<p>Los involucrados en el accidente son. Los Dominamos (<strong>Jorge De Jes\u00fas<\/strong>) <strong>Duran<\/strong> ) y la Joven (<strong>Ana Mej\u00eda<\/strong> ) la Cual falleci\u00f3 en El accidente<\/p>\n<p>Mientras que los heridos venezolanos son(<strong> Vanesa<\/strong>) <strong>Vorquez Vasquez<\/strong>) y est\u00e1 \u00faltima solo identificada como (<strong>G\u00c9NESIS<\/strong> )<\/p>\n<p>Resaltar que Ana Mej\u00eda falleci\u00f3 mientras era conducida hasta el hospital p\u00fablico <strong>FRANCISCO A GONZALVO<\/strong> de esta provincia.<\/p>\n<p>Seg\u00fan nuestra investigaciones los tres heridos y la fallecida viajaban en un carro color blanco desde un hotel en <a href=\"https:\/\/higuey.info\/news\/category\/higuey\/mi-comunidad\/punta-cana\/\"><strong>Punta Cana<\/strong><\/a> donde anoche tuvieron un concierto con el d\u00fao boricua (<strong>Jowell<\/strong> ) y (<strong>Randy<\/strong> ) donde las dos heridas y la que falleci\u00f3 hac\u00edan el papel de bailarina.[&#8212;]<\/p>\n<div id='gallery-1' class='gallery galleryid-10164 gallery-columns-3 gallery-size-thumbnail'><figure class='gallery-item'>\n\t\t\t<div class='gallery-icon landscape'>\n\t\t\t\t<a href='https:\/\/higuey.info\/news\/wp-content\/uploads\/2018\/05\/aci1.jpeg'><img loading=\"lazy\" decoding=\"async\" width=\"150\" height=\"150\" src=\"https:\/\/higuey.info\/news\/wp-content\/uploads\/2018\/05\/aci1-150x150.jpeg\" class=\"attachment-thumbnail size-thumbnail\" alt=\"\" srcset=\"https:\/\/higuey.info\/news\/wp-content\/uploads\/2018\/05\/aci1-150x150.jpeg 150w, https:\/\/higuey.info\/news\/wp-content\/uploads\/2018\/05\/aci1-144x144.jpeg 144w\" sizes=\"auto, (max-width: 150px) 100vw, 150px\" \/><\/a>\n\t\t\t<\/div><\/figure><figure class='gallery-item'>\n\t\t\t<div class='gallery-icon portrait'>\n\t\t\t\t<a href='https:\/\/higuey.info\/news\/wp-content\/uploads\/2018\/05\/aci4.jpg'><img loading=\"lazy\" decoding=\"async\" width=\"150\" height=\"150\" src=\"https:\/\/higuey.info\/news\/wp-content\/uploads\/2018\/05\/aci4-150x150.jpg\" class=\"attachment-thumbnail size-thumbnail\" alt=\"\" srcset=\"https:\/\/higuey.info\/news\/wp-content\/uploads\/2018\/05\/aci4-150x150.jpg 150w, https:\/\/higuey.info\/news\/wp-content\/uploads\/2018\/05\/aci4-144x144.jpg 144w\" sizes=\"auto, (max-width: 150px) 100vw, 150px\" \/><\/a>\n\t\t\t<\/div><\/figure><figure class='gallery-item'>\n\t\t\t<div class='gallery-icon landscape'>\n\t\t\t\t<a href='https:\/\/higuey.info\/news\/wp-content\/uploads\/2018\/05\/aci3.jpeg'><img loading=\"lazy\" decoding=\"async\" width=\"150\" height=\"150\" src=\"https:\/\/higuey.info\/news\/wp-content\/uploads\/2018\/05\/aci3-150x150.jpeg\" class=\"attachment-thumbnail size-thumbnail\" alt=\"\" srcset=\"https:\/\/higuey.info\/news\/wp-content\/uploads\/2018\/05\/aci3-150x150.jpeg 150w, https:\/\/higuey.info\/news\/wp-content\/uploads\/2018\/05\/aci3-144x144.jpeg 144w\" sizes=\"auto, (max-width: 150px) 100vw, 150px\" \/><\/a>\n\t\t\t<\/div><\/figure>\n\t\t<\/div>\n\n<p>&nbsp;<\/p>\n<p>https:\/\/www.youtube.com\/watch?v=xocTZ2JarUU <\/p>\n","protected":false},"excerpt":{"rendered":"<p>Un tragico accidente ocurri\u00f3 \u00e9sta tarde en el tramo carretero Hig\u00fcey \u2013 La Romana, pr\u00f3ximo al peaje autovia del Este en el accidente se vieron involucrados varios veh\u00edculos, alrededor de un muerto y cuatro heridos<\/p>\n","protected":false},"author":1,"featured_media":10165,"comment_status":"open","ping_status":"open","sticky":false,"template":"","format":"standard","meta":{"footnotes":""},"categories":[4],"tags":[6143,5903,6146,2187,215,4999,6148,6145,6149,4057,2020,3054,806,6144,6147],"class_list":["post-10164","post","type-post","status-publish","format-standard","has-post-thumbnail","hentry","category-higuey","tag-accidente-2018","tag-accidente-hoy","tag-ana-mejia","tag-duran","tag-francisco","tag-genesis","tag-gonzalvo","tag-jorge-de-jesus","tag-jowell","tag-mujer-muerta","tag-randy","tag-vanesa","tag-vasquez","tag-venezolana-muerta","tag-vorquez"],"yoast_head":"<!-- This site is optimized with the Yoast SEO plugin v27.5 - https:\/\/yoast.com\/product\/yoast-seo-wordpress\/ -->\n<title>Hig\u00fcey \u2013 La Romana un muerto y cuatro heridos en tr\u00e1gico accidente. - Higuey.Info<\/title>\n<meta name=\"description\" content=\"Un tragico accidente ocurri\u00f3 \u00e9sta tarde en el tramo carretero Hig\u00fcey \u2013 La Romana, pr\u00f3ximo al peaje autovia del Este en el accidente se vieron involucrados varios veh\u00edculos, alrededor de un muerto y cuatro heridos\" \/>\n<meta name=\"robots\" content=\"index, follow, max-snippet:-1, max-image-preview:large, max-video-preview:-1\" \/>\n<link rel=\"canonical\" href=\"https:\/\/higuey.info\/news\/higuey-la-romana-un-muerto-y-cuatro-heridos-en-tragico-accidente\/\" \/>\n<meta property=\"og:locale\" content=\"es_ES\" \/>\n<meta property=\"og:type\" content=\"article\" \/>\n<meta property=\"og:title\" content=\"Hig\u00fcey \u2013 La Romana un muerto y cuatro heridos en tr\u00e1gico accidente. - Higuey.Info\" \/>\n<meta property=\"og:description\" content=\"Un tragico accidente ocurri\u00f3 \u00e9sta tarde en el tramo carretero Hig\u00fcey \u2013 La Romana, pr\u00f3ximo al peaje autovia del Este en el accidente se vieron involucrados varios veh\u00edculos, alrededor de un muerto y cuatro heridos\" \/>\n<meta property=\"og:url\" content=\"https:\/\/higuey.info\/news\/higuey-la-romana-un-muerto-y-cuatro-heridos-en-tragico-accidente\/\" \/>\n<meta property=\"og:site_name\" content=\"Hig\u00fcey.Info\" \/>\n<meta property=\"article:published_time\" content=\"2018-05-01T01:02:29+00:00\" \/>\n<meta property=\"article:modified_time\" content=\"2020-11-21T17:00:32+00:00\" \/>\n<meta property=\"og:image\" content=\"https:\/\/higuey.info\/news\/wp-content\/uploads\/2018\/05\/aci1.jpeg\" \/>\n\t<meta property=\"og:image:width\" content=\"768\" \/>\n\t<meta property=\"og:image:height\" content=\"576\" \/>\n\t<meta property=\"og:image:type\" content=\"image\/jpeg\" \/>\n<meta name=\"author\" content=\"higuey.info\" \/>\n<meta name=\"twitter:card\" content=\"summary_large_image\" \/>\n<meta name=\"twitter:label1\" content=\"Escrito por\" \/>\n\t<meta name=\"twitter:data1\" content=\"higuey.info\" \/>\n\t<meta name=\"twitter:label2\" content=\"Tiempo de lectura\" \/>\n\t<meta name=\"twitter:data2\" content=\"1 minuto\" \/>\n<script type=\"application\/ld+json\" class=\"yoast-schema-graph\">{\"@context\":\"https:\\\/\\\/schema.org\",\"@graph\":[{\"@type\":\"Article\",\"@id\":\"https:\\\/\\\/higuey.info\\\/news\\\/higuey-la-romana-un-muerto-y-cuatro-heridos-en-tragico-accidente\\\/#article\",\"isPartOf\":{\"@id\":\"https:\\\/\\\/higuey.info\\\/news\\\/higuey-la-romana-un-muerto-y-cuatro-heridos-en-tragico-accidente\\\/\"},\"author\":{\"name\":\"higuey.info\",\"@id\":\"https:\\\/\\\/higuey.info\\\/news\\\/#\\\/schema\\\/person\\\/274b1e73c44a5e7d852529cd974f389f\"},\"headline\":\"Hig\u00fcey \u2013 La Romana un muerto y cuatro heridos en tr\u00e1gico accidente.\",\"datePublished\":\"2018-05-01T01:02:29+00:00\",\"dateModified\":\"2020-11-21T17:00:32+00:00\",\"mainEntityOfPage\":{\"@id\":\"https:\\\/\\\/higuey.info\\\/news\\\/higuey-la-romana-un-muerto-y-cuatro-heridos-en-tragico-accidente\\\/\"},\"wordCount\":188,\"commentCount\":0,\"publisher\":{\"@id\":\"https:\\\/\\\/higuey.info\\\/news\\\/#organization\"},\"image\":{\"@id\":\"https:\\\/\\\/higuey.info\\\/news\\\/higuey-la-romana-un-muerto-y-cuatro-heridos-en-tragico-accidente\\\/#primaryimage\"},\"thumbnailUrl\":\"https:\\\/\\\/higuey.info\\\/news\\\/wp-content\\\/uploads\\\/2018\\\/05\\\/aci1.jpeg\",\"keywords\":[\"Accidente 2018\",\"Accidente hoy\",\"Ana Mej\u00eda\",\"Duran\",\"Francisco\",\"G\u00e9nesis\",\"GONZALVO\",\"Jorge De Jes\u00fas\",\"Jowell\",\"Mujer Muerta\",\"Randy\",\"Vanesa\",\"V\u00e1squez\",\"Venezolana muerta\",\"Vorquez\"],\"articleSection\":[\"Higuey\"],\"inLanguage\":\"es\",\"potentialAction\":[{\"@type\":\"CommentAction\",\"name\":\"Comment\",\"target\":[\"https:\\\/\\\/higuey.info\\\/news\\\/higuey-la-romana-un-muerto-y-cuatro-heridos-en-tragico-accidente\\\/#respond\"]}]},{\"@type\":\"WebPage\",\"@id\":\"https:\\\/\\\/higuey.info\\\/news\\\/higuey-la-romana-un-muerto-y-cuatro-heridos-en-tragico-accidente\\\/\",\"url\":\"https:\\\/\\\/higuey.info\\\/news\\\/higuey-la-romana-un-muerto-y-cuatro-heridos-en-tragico-accidente\\\/\",\"name\":\"Hig\u00fcey \u2013 La Romana un muerto y cuatro heridos en tr\u00e1gico accidente. - Higuey.Info\",\"isPartOf\":{\"@id\":\"https:\\\/\\\/higuey.info\\\/news\\\/#website\"},\"primaryImageOfPage\":{\"@id\":\"https:\\\/\\\/higuey.info\\\/news\\\/higuey-la-romana-un-muerto-y-cuatro-heridos-en-tragico-accidente\\\/#primaryimage\"},\"image\":{\"@id\":\"https:\\\/\\\/higuey.info\\\/news\\\/higuey-la-romana-un-muerto-y-cuatro-heridos-en-tragico-accidente\\\/#primaryimage\"},\"thumbnailUrl\":\"https:\\\/\\\/higuey.info\\\/news\\\/wp-content\\\/uploads\\\/2018\\\/05\\\/aci1.jpeg\",\"datePublished\":\"2018-05-01T01:02:29+00:00\",\"dateModified\":\"2020-11-21T17:00:32+00:00\",\"description\":\"Un tragico accidente ocurri\u00f3 \u00e9sta tarde en el tramo carretero Hig\u00fcey \u2013 La Romana, pr\u00f3ximo al peaje autovia del Este en el accidente se vieron involucrados varios veh\u00edculos, alrededor de un muerto y cuatro heridos\",\"breadcrumb\":{\"@id\":\"https:\\\/\\\/higuey.info\\\/news\\\/higuey-la-romana-un-muerto-y-cuatro-heridos-en-tragico-accidente\\\/#breadcrumb\"},\"inLanguage\":\"es\",\"potentialAction\":[{\"@type\":\"ReadAction\",\"target\":[\"https:\\\/\\\/higuey.info\\\/news\\\/higuey-la-romana-un-muerto-y-cuatro-heridos-en-tragico-accidente\\\/\"]}]},{\"@type\":\"ImageObject\",\"inLanguage\":\"es\",\"@id\":\"https:\\\/\\\/higuey.info\\\/news\\\/higuey-la-romana-un-muerto-y-cuatro-heridos-en-tragico-accidente\\\/#primaryimage\",\"url\":\"https:\\\/\\\/higuey.info\\\/news\\\/wp-content\\\/uploads\\\/2018\\\/05\\\/aci1.jpeg\",\"contentUrl\":\"https:\\\/\\\/higuey.info\\\/news\\\/wp-content\\\/uploads\\\/2018\\\/05\\\/aci1.jpeg\",\"width\":\"768\",\"height\":\"576\"},{\"@type\":\"BreadcrumbList\",\"@id\":\"https:\\\/\\\/higuey.info\\\/news\\\/higuey-la-romana-un-muerto-y-cuatro-heridos-en-tragico-accidente\\\/#breadcrumb\",\"itemListElement\":[{\"@type\":\"ListItem\",\"position\":1,\"name\":\"Portada\",\"item\":\"https:\\\/\\\/higuey.info\\\/news\\\/\"},{\"@type\":\"ListItem\",\"position\":2,\"name\":\"Hig\u00fcey \u2013 La Romana un muerto y cuatro heridos en tr\u00e1gico accidente.\"}]},{\"@type\":\"WebSite\",\"@id\":\"https:\\\/\\\/higuey.info\\\/news\\\/#website\",\"url\":\"https:\\\/\\\/higuey.info\\\/news\\\/\",\"name\":\"Hig\u00fcey.Info\",\"description\":\"Noticias de Hig\u00fcey La Altagracia Rep\u00fablica Dominicana.\",\"publisher\":{\"@id\":\"https:\\\/\\\/higuey.info\\\/news\\\/#organization\"},\"potentialAction\":[{\"@type\":\"SearchAction\",\"target\":{\"@type\":\"EntryPoint\",\"urlTemplate\":\"https:\\\/\\\/higuey.info\\\/news\\\/?s={search_term_string}\"},\"query-input\":{\"@type\":\"PropertyValueSpecification\",\"valueRequired\":true,\"valueName\":\"search_term_string\"}}],\"inLanguage\":\"es\"},{\"@type\":\"Organization\",\"@id\":\"https:\\\/\\\/higuey.info\\\/news\\\/#organization\",\"name\":\"Hig\u00fcey.Info\",\"url\":\"https:\\\/\\\/higuey.info\\\/news\\\/\",\"logo\":{\"@type\":\"ImageObject\",\"inLanguage\":\"es\",\"@id\":\"https:\\\/\\\/higuey.info\\\/news\\\/#\\\/schema\\\/logo\\\/image\\\/\",\"url\":\"https:\\\/\\\/higuey.info\\\/news\\\/wp-content\\\/uploads\\\/2015\\\/11\\\/logof.jpg\",\"contentUrl\":\"https:\\\/\\\/higuey.info\\\/news\\\/wp-content\\\/uploads\\\/2015\\\/11\\\/logof.jpg\",\"width\":248,\"height\":90,\"caption\":\"Hig\u00fcey.Info\"},\"image\":{\"@id\":\"https:\\\/\\\/higuey.info\\\/news\\\/#\\\/schema\\\/logo\\\/image\\\/\"}},{\"@type\":\"Person\",\"@id\":\"https:\\\/\\\/higuey.info\\\/news\\\/#\\\/schema\\\/person\\\/274b1e73c44a5e7d852529cd974f389f\",\"name\":\"higuey.info\",\"image\":{\"@type\":\"ImageObject\",\"inLanguage\":\"es\",\"@id\":\"https:\\\/\\\/secure.gravatar.com\\\/avatar\\\/baaa13fb48787405f1f95c6405f1f193ab4cefad2554d219db78e9a57688ba88?s=96&d=wavatar&r=g\",\"url\":\"https:\\\/\\\/secure.gravatar.com\\\/avatar\\\/baaa13fb48787405f1f95c6405f1f193ab4cefad2554d219db78e9a57688ba88?s=96&d=wavatar&r=g\",\"contentUrl\":\"https:\\\/\\\/secure.gravatar.com\\\/avatar\\\/baaa13fb48787405f1f95c6405f1f193ab4cefad2554d219db78e9a57688ba88?s=96&d=wavatar&r=g\",\"caption\":\"higuey.info\"},\"description\":\"Higuey Info | Portal informativo numero uno de la ciudad de Higuey, Todas las Noticias de Higuey La Altagracia Republica Dominicana.\",\"sameAs\":[\"https:\\\/\\\/higuey.info\\\/news\"]}]}<\/script>\n<!-- \/ Yoast SEO plugin. -->","yoast_head_json":{"title":"Hig\u00fcey \u2013 La Romana un muerto y cuatro heridos en tr\u00e1gico accidente. - Higuey.Info","description":"Un tragico accidente ocurri\u00f3 \u00e9sta tarde en el tramo carretero Hig\u00fcey \u2013 La Romana, pr\u00f3ximo al peaje autovia del Este en el accidente se vieron involucrados varios veh\u00edculos, alrededor de un muerto y cuatro heridos","robots":{"index":"index","follow":"follow","max-snippet":"max-snippet:-1","max-image-preview":"max-image-preview:large","max-video-preview":"max-video-preview:-1"},"canonical":"https:\/\/higuey.info\/news\/higuey-la-romana-un-muerto-y-cuatro-heridos-en-tragico-accidente\/","og_locale":"es_ES","og_type":"article","og_title":"Hig\u00fcey \u2013 La Romana un muerto y cuatro heridos en tr\u00e1gico accidente. - Higuey.Info","og_description":"Un tragico accidente ocurri\u00f3 \u00e9sta tarde en el tramo carretero Hig\u00fcey \u2013 La Romana, pr\u00f3ximo al peaje autovia del Este en el accidente se vieron involucrados varios veh\u00edculos, alrededor de un muerto y cuatro heridos","og_url":"https:\/\/higuey.info\/news\/higuey-la-romana-un-muerto-y-cuatro-heridos-en-tragico-accidente\/","og_site_name":"Hig\u00fcey.Info","article_published_time":"2018-05-01T01:02:29+00:00","article_modified_time":"2020-11-21T17:00:32+00:00","og_image":[{"width":768,"height":576,"url":"https:\/\/higuey.info\/news\/wp-content\/uploads\/2018\/05\/aci1.jpeg","type":"image\/jpeg"}],"author":"higuey.info","twitter_card":"summary_large_image","twitter_misc":{"Escrito por":"higuey.info","Tiempo de lectura":"1 minuto"},"schema":{"@context":"https:\/\/schema.org","@graph":[{"@type":"Article","@id":"https:\/\/higuey.info\/news\/higuey-la-romana-un-muerto-y-cuatro-heridos-en-tragico-accidente\/#article","isPartOf":{"@id":"https:\/\/higuey.info\/news\/higuey-la-romana-un-muerto-y-cuatro-heridos-en-tragico-accidente\/"},"author":{"name":"higuey.info","@id":"https:\/\/higuey.info\/news\/#\/schema\/person\/274b1e73c44a5e7d852529cd974f389f"},"headline":"Hig\u00fcey \u2013 La Romana un muerto y cuatro heridos en tr\u00e1gico accidente.","datePublished":"2018-05-01T01:02:29+00:00","dateModified":"2020-11-21T17:00:32+00:00","mainEntityOfPage":{"@id":"https:\/\/higuey.info\/news\/higuey-la-romana-un-muerto-y-cuatro-heridos-en-tragico-accidente\/"},"wordCount":188,"commentCount":0,"publisher":{"@id":"https:\/\/higuey.info\/news\/#organization"},"image":{"@id":"https:\/\/higuey.info\/news\/higuey-la-romana-un-muerto-y-cuatro-heridos-en-tragico-accidente\/#primaryimage"},"thumbnailUrl":"https:\/\/higuey.info\/news\/wp-content\/uploads\/2018\/05\/aci1.jpeg","keywords":["Accidente 2018","Accidente hoy","Ana Mej\u00eda","Duran","Francisco","G\u00e9nesis","GONZALVO","Jorge De Jes\u00fas","Jowell","Mujer Muerta","Randy","Vanesa","V\u00e1squez","Venezolana muerta","Vorquez"],"articleSection":["Higuey"],"inLanguage":"es","potentialAction":[{"@type":"CommentAction","name":"Comment","target":["https:\/\/higuey.info\/news\/higuey-la-romana-un-muerto-y-cuatro-heridos-en-tragico-accidente\/#respond"]}]},{"@type":"WebPage","@id":"https:\/\/higuey.info\/news\/higuey-la-romana-un-muerto-y-cuatro-heridos-en-tragico-accidente\/","url":"https:\/\/higuey.info\/news\/higuey-la-romana-un-muerto-y-cuatro-heridos-en-tragico-accidente\/","name":"Hig\u00fcey \u2013 La Romana un muerto y cuatro heridos en tr\u00e1gico accidente. - Higuey.Info","isPartOf":{"@id":"https:\/\/higuey.info\/news\/#website"},"primaryImageOfPage":{"@id":"https:\/\/higuey.info\/news\/higuey-la-romana-un-muerto-y-cuatro-heridos-en-tragico-accidente\/#primaryimage"},"image":{"@id":"https:\/\/higuey.info\/news\/higuey-la-romana-un-muerto-y-cuatro-heridos-en-tragico-accidente\/#primaryimage"},"thumbnailUrl":"https:\/\/higuey.info\/news\/wp-content\/uploads\/2018\/05\/aci1.jpeg","datePublished":"2018-05-01T01:02:29+00:00","dateModified":"2020-11-21T17:00:32+00:00","description":"Un tragico accidente ocurri\u00f3 \u00e9sta tarde en el tramo carretero Hig\u00fcey \u2013 La Romana, pr\u00f3ximo al peaje autovia del Este en el accidente se vieron involucrados varios veh\u00edculos, alrededor de un muerto y cuatro heridos","breadcrumb":{"@id":"https:\/\/higuey.info\/news\/higuey-la-romana-un-muerto-y-cuatro-heridos-en-tragico-accidente\/#breadcrumb"},"inLanguage":"es","potentialAction":[{"@type":"ReadAction","target":["https:\/\/higuey.info\/news\/higuey-la-romana-un-muerto-y-cuatro-heridos-en-tragico-accidente\/"]}]},{"@type":"ImageObject","inLanguage":"es","@id":"https:\/\/higuey.info\/news\/higuey-la-romana-un-muerto-y-cuatro-heridos-en-tragico-accidente\/#primaryimage","url":"https:\/\/higuey.info\/news\/wp-content\/uploads\/2018\/05\/aci1.jpeg","contentUrl":"https:\/\/higuey.info\/news\/wp-content\/uploads\/2018\/05\/aci1.jpeg","width":"768","height":"576"},{"@type":"BreadcrumbList","@id":"https:\/\/higuey.info\/news\/higuey-la-romana-un-muerto-y-cuatro-heridos-en-tragico-accidente\/#breadcrumb","itemListElement":[{"@type":"ListItem","position":1,"name":"Portada","item":"https:\/\/higuey.info\/news\/"},{"@type":"ListItem","position":2,"name":"Hig\u00fcey \u2013 La Romana un muerto y cuatro heridos en tr\u00e1gico accidente."}]},{"@type":"WebSite","@id":"https:\/\/higuey.info\/news\/#website","url":"https:\/\/higuey.info\/news\/","name":"Hig\u00fcey.Info","description":"Noticias de Hig\u00fcey La Altagracia Rep\u00fablica Dominicana.","publisher":{"@id":"https:\/\/higuey.info\/news\/#organization"},"potentialAction":[{"@type":"SearchAction","target":{"@type":"EntryPoint","urlTemplate":"https:\/\/higuey.info\/news\/?s={search_term_string}"},"query-input":{"@type":"PropertyValueSpecification","valueRequired":true,"valueName":"search_term_string"}}],"inLanguage":"es"},{"@type":"Organization","@id":"https:\/\/higuey.info\/news\/#organization","name":"Hig\u00fcey.Info","url":"https:\/\/higuey.info\/news\/","logo":{"@type":"ImageObject","inLanguage":"es","@id":"https:\/\/higuey.info\/news\/#\/schema\/logo\/image\/","url":"https:\/\/higuey.info\/news\/wp-content\/uploads\/2015\/11\/logof.jpg","contentUrl":"https:\/\/higuey.info\/news\/wp-content\/uploads\/2015\/11\/logof.jpg","width":248,"height":90,"caption":"Hig\u00fcey.Info"},"image":{"@id":"https:\/\/higuey.info\/news\/#\/schema\/logo\/image\/"}},{"@type":"Person","@id":"https:\/\/higuey.info\/news\/#\/schema\/person\/274b1e73c44a5e7d852529cd974f389f","name":"higuey.info","image":{"@type":"ImageObject","inLanguage":"es","@id":"https:\/\/secure.gravatar.com\/avatar\/baaa13fb48787405f1f95c6405f1f193ab4cefad2554d219db78e9a57688ba88?s=96&d=wavatar&r=g","url":"https:\/\/secure.gravatar.com\/avatar\/baaa13fb48787405f1f95c6405f1f193ab4cefad2554d219db78e9a57688ba88?s=96&d=wavatar&r=g","contentUrl":"https:\/\/secure.gravatar.com\/avatar\/baaa13fb48787405f1f95c6405f1f193ab4cefad2554d219db78e9a57688ba88?s=96&d=wavatar&r=g","caption":"higuey.info"},"description":"Higuey Info | Portal informativo numero uno de la ciudad de Higuey, Todas las Noticias de Higuey La Altagracia Republica Dominicana.","sameAs":["https:\/\/higuey.info\/news"]}]}},"_links":{"self":[{"href":"https:\/\/higuey.info\/news\/wp-json\/wp\/v2\/posts\/10164","targetHints":{"allow":["GET"]}}],"collection":[{"href":"https:\/\/higuey.info\/news\/wp-json\/wp\/v2\/posts"}],"about":[{"href":"https:\/\/higuey.info\/news\/wp-json\/wp\/v2\/types\/post"}],"author":[{"embeddable":true,"href":"https:\/\/higuey.info\/news\/wp-json\/wp\/v2\/users\/1"}],"replies":[{"embeddable":true,"href":"https:\/\/higuey.info\/news\/wp-json\/wp\/v2\/comments?post=10164"}],"version-history":[{"count":9,"href":"https:\/\/higuey.info\/news\/wp-json\/wp\/v2\/posts\/10164\/revisions"}],"predecessor-version":[{"id":18382,"href":"https:\/\/higuey.info\/news\/wp-json\/wp\/v2\/posts\/10164\/revisions\/18382"}],"wp:featuredmedia":[{"embeddable":true,"href":"https:\/\/higuey.info\/news\/wp-json\/wp\/v2\/media\/10165"}],"wp:attachment":[{"href":"https:\/\/higuey.info\/news\/wp-json\/wp\/v2\/media?parent=10164"}],"wp:term":[{"taxonomy":"category","embeddable":true,"href":"https:\/\/higuey.info\/news\/wp-json\/wp\/v2\/categories?post=10164"},{"taxonomy":"post_tag","embeddable":true,"href":"https:\/\/higuey.info\/news\/wp-json\/wp\/v2\/tags?post=10164"}],"curies":[{"name":"wp","href":"https:\/\/api.w.org\/{rel}","templated":true}]}}