{"id":10376,"date":"2018-05-14T15:23:50","date_gmt":"2018-05-14T15:23:50","guid":{"rendered":"https:\/\/higuey.info\/news\/news\/?p=10376"},"modified":"2020-11-21T16:59:59","modified_gmt":"2020-11-21T16:59:59","slug":"aparece-el-empresario-que-tenia-varios-dias-secuestrado-llego-a-su-casa-hoy","status":"publish","type":"post","link":"https:\/\/higuey.info\/news\/aparece-el-empresario-que-tenia-varios-dias-secuestrado-llego-a-su-casa-hoy\/","title":{"rendered":"[El Pais] Aparece el empresario que ten\u00eda varios d\u00edas secuestrado, lleg\u00f3 a su casa hoy."},"content":{"rendered":"<p><a href=\"https:\/\/higuey.info\/news\/wp-content\/uploads\/2018\/05\/espifanio.jpg\"><img loading=\"lazy\" decoding=\"async\" class=\"aligncenter size-full wp-image-10377\" src=\"https:\/\/higuey.info\/news\/wp-content\/uploads\/2018\/05\/espifanio.jpg\" alt=\"\" width=\"418\" height=\"387\" srcset=\"https:\/\/higuey.info\/news\/wp-content\/uploads\/2018\/05\/espifanio.jpg 418w, https:\/\/higuey.info\/news\/wp-content\/uploads\/2018\/05\/espifanio-300x278.jpg 300w\" sizes=\"auto, (max-width: 418px) 100vw, 418px\" \/><\/a>[&#8212;]<a href=\"https:\/\/higuey.info\/news\/category\/la-republica\/\"><strong>SANTO DOMINGO<\/strong><\/a>. La Polic\u00eda Nacional inform\u00f3 que est\u00e1 bajo custodia de las autoridades de Santiago el empresario <strong>Epifanio Arias<\/strong>, secuestrado la semana pasada al parecer por su socio, el colombiano <strong>Luis Eduardo M\u00e9ndez<\/strong>.[&#8212;]<\/p>\n<p>Los primeros informes dan cuenta de que por el rescate de Arias se ped\u00edan casi RD$300 millones o US$cinco millones.<\/p>\n<p>La informaci\u00f3n fue confirmada por el vocero de la Polic\u00eda, coronel <strong>Frank Dur\u00e1n Mej\u00eda<\/strong>.<\/p>\n<p>Se supo que el empresario lleg\u00f3 a su casa. Se desconocen los detalles sobre su puesta en libertad.<\/p>\n<p>La Polic\u00eda ofrecer\u00e1 detalles en las pr\u00f3ximas horas en una rueda de prensa.<\/p>\n","protected":false},"excerpt":{"rendered":"<p>La Polic\u00eda Nacional inform\u00f3 que est\u00e1 bajo custodia de las autoridades de Santiago el empresario Epifanio Arias, secuestrado la semana pasada al parecer por su socio, el colombiano Luis Eduardo M\u00e9ndez.<\/p>\n","protected":false},"author":1,"featured_media":10377,"comment_status":"open","ping_status":"open","sticky":false,"template":"","format":"standard","meta":{"footnotes":""},"categories":[40],"tags":[400,2015,6243,2187,2850,6244,6242,1420,299,1764,738,821],"class_list":["post-10376","post","type-post","status-publish","format-standard","has-post-thumbnail","hentry","category-la-republica","tag-arias","tag-banda","tag-colombiano","tag-duran","tag-eduardo","tag-empresario","tag-epifanio","tag-frank","tag-luis","tag-mejia","tag-mendez","tag-secuestro"],"yoast_head":"<!-- This site is optimized with the Yoast SEO plugin v27.5 - https:\/\/yoast.com\/product\/yoast-seo-wordpress\/ -->\n<title>[El Pais] Aparece el empresario que ten\u00eda varios d\u00edas secuestrado, lleg\u00f3 a su casa hoy. - Higuey.Info<\/title>\n<meta name=\"description\" content=\"La Polic\u00eda Nacional inform\u00f3 que est\u00e1 bajo custodia de las autoridades de Santiago el empresario Epifanio Arias, secuestrado la semana pasada al parecer por su socio, el colombiano Luis Eduardo M\u00e9ndez.\" \/>\n<meta name=\"robots\" content=\"index, follow, max-snippet:-1, max-image-preview:large, max-video-preview:-1\" \/>\n<link rel=\"canonical\" href=\"https:\/\/higuey.info\/news\/aparece-el-empresario-que-tenia-varios-dias-secuestrado-llego-a-su-casa-hoy\/\" \/>\n<meta property=\"og:locale\" content=\"es_ES\" \/>\n<meta property=\"og:type\" content=\"article\" \/>\n<meta property=\"og:title\" content=\"[El Pais] Aparece el empresario que ten\u00eda varios d\u00edas secuestrado, lleg\u00f3 a su casa hoy. - Higuey.Info\" \/>\n<meta property=\"og:description\" content=\"La Polic\u00eda Nacional inform\u00f3 que est\u00e1 bajo custodia de las autoridades de Santiago el empresario Epifanio Arias, secuestrado la semana pasada al parecer por su socio, el colombiano Luis Eduardo M\u00e9ndez.\" \/>\n<meta property=\"og:url\" content=\"https:\/\/higuey.info\/news\/aparece-el-empresario-que-tenia-varios-dias-secuestrado-llego-a-su-casa-hoy\/\" \/>\n<meta property=\"og:site_name\" content=\"Hig\u00fcey.Info\" \/>\n<meta property=\"article:published_time\" content=\"2018-05-14T15:23:50+00:00\" \/>\n<meta property=\"article:modified_time\" content=\"2020-11-21T16:59:59+00:00\" \/>\n<meta property=\"og:image\" content=\"https:\/\/higuey.info\/news\/wp-content\/uploads\/2018\/05\/espifanio.jpg\" \/>\n\t<meta property=\"og:image:width\" content=\"418\" \/>\n\t<meta property=\"og:image:height\" content=\"387\" \/>\n\t<meta property=\"og:image:type\" content=\"image\/jpeg\" \/>\n<meta name=\"author\" content=\"higuey.info\" \/>\n<meta name=\"twitter:card\" content=\"summary_large_image\" \/>\n<meta name=\"twitter:label1\" content=\"Escrito por\" \/>\n\t<meta name=\"twitter:data1\" content=\"higuey.info\" \/>\n\t<meta name=\"twitter:label2\" content=\"Tiempo de lectura\" \/>\n\t<meta name=\"twitter:data2\" content=\"1 minuto\" \/>\n<script type=\"application\/ld+json\" class=\"yoast-schema-graph\">{\"@context\":\"https:\\\/\\\/schema.org\",\"@graph\":[{\"@type\":\"Article\",\"@id\":\"https:\\\/\\\/higuey.info\\\/news\\\/aparece-el-empresario-que-tenia-varios-dias-secuestrado-llego-a-su-casa-hoy\\\/#article\",\"isPartOf\":{\"@id\":\"https:\\\/\\\/higuey.info\\\/news\\\/aparece-el-empresario-que-tenia-varios-dias-secuestrado-llego-a-su-casa-hoy\\\/\"},\"author\":{\"name\":\"higuey.info\",\"@id\":\"https:\\\/\\\/higuey.info\\\/news\\\/#\\\/schema\\\/person\\\/274b1e73c44a5e7d852529cd974f389f\"},\"headline\":\"[El Pais] Aparece el empresario que ten\u00eda varios d\u00edas secuestrado, lleg\u00f3 a su casa hoy.\",\"datePublished\":\"2018-05-14T15:23:50+00:00\",\"dateModified\":\"2020-11-21T16:59:59+00:00\",\"mainEntityOfPage\":{\"@id\":\"https:\\\/\\\/higuey.info\\\/news\\\/aparece-el-empresario-que-tenia-varios-dias-secuestrado-llego-a-su-casa-hoy\\\/\"},\"wordCount\":127,\"commentCount\":0,\"publisher\":{\"@id\":\"https:\\\/\\\/higuey.info\\\/news\\\/#organization\"},\"image\":{\"@id\":\"https:\\\/\\\/higuey.info\\\/news\\\/aparece-el-empresario-que-tenia-varios-dias-secuestrado-llego-a-su-casa-hoy\\\/#primaryimage\"},\"thumbnailUrl\":\"https:\\\/\\\/higuey.info\\\/news\\\/wp-content\\\/uploads\\\/2018\\\/05\\\/espifanio.jpg\",\"keywords\":[\"Arias\",\"Banda\",\"Colombiano\",\"Duran\",\"Eduardo\",\"Empresario\",\"Epifanio\",\"Frank\",\"Luis\",\"Mej\u00eda\",\"M\u00e9ndez\",\"secuestro\"],\"articleSection\":[\"La Republica\"],\"inLanguage\":\"es\",\"potentialAction\":[{\"@type\":\"CommentAction\",\"name\":\"Comment\",\"target\":[\"https:\\\/\\\/higuey.info\\\/news\\\/aparece-el-empresario-que-tenia-varios-dias-secuestrado-llego-a-su-casa-hoy\\\/#respond\"]}]},{\"@type\":\"WebPage\",\"@id\":\"https:\\\/\\\/higuey.info\\\/news\\\/aparece-el-empresario-que-tenia-varios-dias-secuestrado-llego-a-su-casa-hoy\\\/\",\"url\":\"https:\\\/\\\/higuey.info\\\/news\\\/aparece-el-empresario-que-tenia-varios-dias-secuestrado-llego-a-su-casa-hoy\\\/\",\"name\":\"[El Pais] Aparece el empresario que ten\u00eda varios d\u00edas secuestrado, lleg\u00f3 a su casa hoy. - Higuey.Info\",\"isPartOf\":{\"@id\":\"https:\\\/\\\/higuey.info\\\/news\\\/#website\"},\"primaryImageOfPage\":{\"@id\":\"https:\\\/\\\/higuey.info\\\/news\\\/aparece-el-empresario-que-tenia-varios-dias-secuestrado-llego-a-su-casa-hoy\\\/#primaryimage\"},\"image\":{\"@id\":\"https:\\\/\\\/higuey.info\\\/news\\\/aparece-el-empresario-que-tenia-varios-dias-secuestrado-llego-a-su-casa-hoy\\\/#primaryimage\"},\"thumbnailUrl\":\"https:\\\/\\\/higuey.info\\\/news\\\/wp-content\\\/uploads\\\/2018\\\/05\\\/espifanio.jpg\",\"datePublished\":\"2018-05-14T15:23:50+00:00\",\"dateModified\":\"2020-11-21T16:59:59+00:00\",\"description\":\"La Polic\u00eda Nacional inform\u00f3 que est\u00e1 bajo custodia de las autoridades de Santiago el empresario Epifanio Arias, secuestrado la semana pasada al parecer por su socio, el colombiano Luis Eduardo M\u00e9ndez.\",\"breadcrumb\":{\"@id\":\"https:\\\/\\\/higuey.info\\\/news\\\/aparece-el-empresario-que-tenia-varios-dias-secuestrado-llego-a-su-casa-hoy\\\/#breadcrumb\"},\"inLanguage\":\"es\",\"potentialAction\":[{\"@type\":\"ReadAction\",\"target\":[\"https:\\\/\\\/higuey.info\\\/news\\\/aparece-el-empresario-que-tenia-varios-dias-secuestrado-llego-a-su-casa-hoy\\\/\"]}]},{\"@type\":\"ImageObject\",\"inLanguage\":\"es\",\"@id\":\"https:\\\/\\\/higuey.info\\\/news\\\/aparece-el-empresario-que-tenia-varios-dias-secuestrado-llego-a-su-casa-hoy\\\/#primaryimage\",\"url\":\"https:\\\/\\\/higuey.info\\\/news\\\/wp-content\\\/uploads\\\/2018\\\/05\\\/espifanio.jpg\",\"contentUrl\":\"https:\\\/\\\/higuey.info\\\/news\\\/wp-content\\\/uploads\\\/2018\\\/05\\\/espifanio.jpg\",\"width\":418,\"height\":387},{\"@type\":\"BreadcrumbList\",\"@id\":\"https:\\\/\\\/higuey.info\\\/news\\\/aparece-el-empresario-que-tenia-varios-dias-secuestrado-llego-a-su-casa-hoy\\\/#breadcrumb\",\"itemListElement\":[{\"@type\":\"ListItem\",\"position\":1,\"name\":\"Portada\",\"item\":\"https:\\\/\\\/higuey.info\\\/news\\\/\"},{\"@type\":\"ListItem\",\"position\":2,\"name\":\"[El Pais] Aparece el empresario que ten\u00eda varios d\u00edas secuestrado, lleg\u00f3 a su casa hoy.\"}]},{\"@type\":\"WebSite\",\"@id\":\"https:\\\/\\\/higuey.info\\\/news\\\/#website\",\"url\":\"https:\\\/\\\/higuey.info\\\/news\\\/\",\"name\":\"Hig\u00fcey.Info\",\"description\":\"Noticias de Hig\u00fcey La Altagracia Rep\u00fablica Dominicana.\",\"publisher\":{\"@id\":\"https:\\\/\\\/higuey.info\\\/news\\\/#organization\"},\"potentialAction\":[{\"@type\":\"SearchAction\",\"target\":{\"@type\":\"EntryPoint\",\"urlTemplate\":\"https:\\\/\\\/higuey.info\\\/news\\\/?s={search_term_string}\"},\"query-input\":{\"@type\":\"PropertyValueSpecification\",\"valueRequired\":true,\"valueName\":\"search_term_string\"}}],\"inLanguage\":\"es\"},{\"@type\":\"Organization\",\"@id\":\"https:\\\/\\\/higuey.info\\\/news\\\/#organization\",\"name\":\"Hig\u00fcey.Info\",\"url\":\"https:\\\/\\\/higuey.info\\\/news\\\/\",\"logo\":{\"@type\":\"ImageObject\",\"inLanguage\":\"es\",\"@id\":\"https:\\\/\\\/higuey.info\\\/news\\\/#\\\/schema\\\/logo\\\/image\\\/\",\"url\":\"https:\\\/\\\/higuey.info\\\/news\\\/wp-content\\\/uploads\\\/2015\\\/11\\\/logof.jpg\",\"contentUrl\":\"https:\\\/\\\/higuey.info\\\/news\\\/wp-content\\\/uploads\\\/2015\\\/11\\\/logof.jpg\",\"width\":248,\"height\":90,\"caption\":\"Hig\u00fcey.Info\"},\"image\":{\"@id\":\"https:\\\/\\\/higuey.info\\\/news\\\/#\\\/schema\\\/logo\\\/image\\\/\"}},{\"@type\":\"Person\",\"@id\":\"https:\\\/\\\/higuey.info\\\/news\\\/#\\\/schema\\\/person\\\/274b1e73c44a5e7d852529cd974f389f\",\"name\":\"higuey.info\",\"image\":{\"@type\":\"ImageObject\",\"inLanguage\":\"es\",\"@id\":\"https:\\\/\\\/secure.gravatar.com\\\/avatar\\\/baaa13fb48787405f1f95c6405f1f193ab4cefad2554d219db78e9a57688ba88?s=96&d=wavatar&r=g\",\"url\":\"https:\\\/\\\/secure.gravatar.com\\\/avatar\\\/baaa13fb48787405f1f95c6405f1f193ab4cefad2554d219db78e9a57688ba88?s=96&d=wavatar&r=g\",\"contentUrl\":\"https:\\\/\\\/secure.gravatar.com\\\/avatar\\\/baaa13fb48787405f1f95c6405f1f193ab4cefad2554d219db78e9a57688ba88?s=96&d=wavatar&r=g\",\"caption\":\"higuey.info\"},\"description\":\"Higuey Info | Portal informativo numero uno de la ciudad de Higuey, Todas las Noticias de Higuey La Altagracia Republica Dominicana.\",\"sameAs\":[\"https:\\\/\\\/higuey.info\\\/news\"]}]}<\/script>\n<!-- \/ Yoast SEO plugin. -->","yoast_head_json":{"title":"[El Pais] Aparece el empresario que ten\u00eda varios d\u00edas secuestrado, lleg\u00f3 a su casa hoy. - Higuey.Info","description":"La Polic\u00eda Nacional inform\u00f3 que est\u00e1 bajo custodia de las autoridades de Santiago el empresario Epifanio Arias, secuestrado la semana pasada al parecer por su socio, el colombiano Luis Eduardo M\u00e9ndez.","robots":{"index":"index","follow":"follow","max-snippet":"max-snippet:-1","max-image-preview":"max-image-preview:large","max-video-preview":"max-video-preview:-1"},"canonical":"https:\/\/higuey.info\/news\/aparece-el-empresario-que-tenia-varios-dias-secuestrado-llego-a-su-casa-hoy\/","og_locale":"es_ES","og_type":"article","og_title":"[El Pais] Aparece el empresario que ten\u00eda varios d\u00edas secuestrado, lleg\u00f3 a su casa hoy. - Higuey.Info","og_description":"La Polic\u00eda Nacional inform\u00f3 que est\u00e1 bajo custodia de las autoridades de Santiago el empresario Epifanio Arias, secuestrado la semana pasada al parecer por su socio, el colombiano Luis Eduardo M\u00e9ndez.","og_url":"https:\/\/higuey.info\/news\/aparece-el-empresario-que-tenia-varios-dias-secuestrado-llego-a-su-casa-hoy\/","og_site_name":"Hig\u00fcey.Info","article_published_time":"2018-05-14T15:23:50+00:00","article_modified_time":"2020-11-21T16:59:59+00:00","og_image":[{"width":418,"height":387,"url":"https:\/\/higuey.info\/news\/wp-content\/uploads\/2018\/05\/espifanio.jpg","type":"image\/jpeg"}],"author":"higuey.info","twitter_card":"summary_large_image","twitter_misc":{"Escrito por":"higuey.info","Tiempo de lectura":"1 minuto"},"schema":{"@context":"https:\/\/schema.org","@graph":[{"@type":"Article","@id":"https:\/\/higuey.info\/news\/aparece-el-empresario-que-tenia-varios-dias-secuestrado-llego-a-su-casa-hoy\/#article","isPartOf":{"@id":"https:\/\/higuey.info\/news\/aparece-el-empresario-que-tenia-varios-dias-secuestrado-llego-a-su-casa-hoy\/"},"author":{"name":"higuey.info","@id":"https:\/\/higuey.info\/news\/#\/schema\/person\/274b1e73c44a5e7d852529cd974f389f"},"headline":"[El Pais] Aparece el empresario que ten\u00eda varios d\u00edas secuestrado, lleg\u00f3 a su casa hoy.","datePublished":"2018-05-14T15:23:50+00:00","dateModified":"2020-11-21T16:59:59+00:00","mainEntityOfPage":{"@id":"https:\/\/higuey.info\/news\/aparece-el-empresario-que-tenia-varios-dias-secuestrado-llego-a-su-casa-hoy\/"},"wordCount":127,"commentCount":0,"publisher":{"@id":"https:\/\/higuey.info\/news\/#organization"},"image":{"@id":"https:\/\/higuey.info\/news\/aparece-el-empresario-que-tenia-varios-dias-secuestrado-llego-a-su-casa-hoy\/#primaryimage"},"thumbnailUrl":"https:\/\/higuey.info\/news\/wp-content\/uploads\/2018\/05\/espifanio.jpg","keywords":["Arias","Banda","Colombiano","Duran","Eduardo","Empresario","Epifanio","Frank","Luis","Mej\u00eda","M\u00e9ndez","secuestro"],"articleSection":["La Republica"],"inLanguage":"es","potentialAction":[{"@type":"CommentAction","name":"Comment","target":["https:\/\/higuey.info\/news\/aparece-el-empresario-que-tenia-varios-dias-secuestrado-llego-a-su-casa-hoy\/#respond"]}]},{"@type":"WebPage","@id":"https:\/\/higuey.info\/news\/aparece-el-empresario-que-tenia-varios-dias-secuestrado-llego-a-su-casa-hoy\/","url":"https:\/\/higuey.info\/news\/aparece-el-empresario-que-tenia-varios-dias-secuestrado-llego-a-su-casa-hoy\/","name":"[El Pais] Aparece el empresario que ten\u00eda varios d\u00edas secuestrado, lleg\u00f3 a su casa hoy. - Higuey.Info","isPartOf":{"@id":"https:\/\/higuey.info\/news\/#website"},"primaryImageOfPage":{"@id":"https:\/\/higuey.info\/news\/aparece-el-empresario-que-tenia-varios-dias-secuestrado-llego-a-su-casa-hoy\/#primaryimage"},"image":{"@id":"https:\/\/higuey.info\/news\/aparece-el-empresario-que-tenia-varios-dias-secuestrado-llego-a-su-casa-hoy\/#primaryimage"},"thumbnailUrl":"https:\/\/higuey.info\/news\/wp-content\/uploads\/2018\/05\/espifanio.jpg","datePublished":"2018-05-14T15:23:50+00:00","dateModified":"2020-11-21T16:59:59+00:00","description":"La Polic\u00eda Nacional inform\u00f3 que est\u00e1 bajo custodia de las autoridades de Santiago el empresario Epifanio Arias, secuestrado la semana pasada al parecer por su socio, el colombiano Luis Eduardo M\u00e9ndez.","breadcrumb":{"@id":"https:\/\/higuey.info\/news\/aparece-el-empresario-que-tenia-varios-dias-secuestrado-llego-a-su-casa-hoy\/#breadcrumb"},"inLanguage":"es","potentialAction":[{"@type":"ReadAction","target":["https:\/\/higuey.info\/news\/aparece-el-empresario-que-tenia-varios-dias-secuestrado-llego-a-su-casa-hoy\/"]}]},{"@type":"ImageObject","inLanguage":"es","@id":"https:\/\/higuey.info\/news\/aparece-el-empresario-que-tenia-varios-dias-secuestrado-llego-a-su-casa-hoy\/#primaryimage","url":"https:\/\/higuey.info\/news\/wp-content\/uploads\/2018\/05\/espifanio.jpg","contentUrl":"https:\/\/higuey.info\/news\/wp-content\/uploads\/2018\/05\/espifanio.jpg","width":418,"height":387},{"@type":"BreadcrumbList","@id":"https:\/\/higuey.info\/news\/aparece-el-empresario-que-tenia-varios-dias-secuestrado-llego-a-su-casa-hoy\/#breadcrumb","itemListElement":[{"@type":"ListItem","position":1,"name":"Portada","item":"https:\/\/higuey.info\/news\/"},{"@type":"ListItem","position":2,"name":"[El Pais] Aparece el empresario que ten\u00eda varios d\u00edas secuestrado, lleg\u00f3 a su casa hoy."}]},{"@type":"WebSite","@id":"https:\/\/higuey.info\/news\/#website","url":"https:\/\/higuey.info\/news\/","name":"Hig\u00fcey.Info","description":"Noticias de Hig\u00fcey La Altagracia Rep\u00fablica Dominicana.","publisher":{"@id":"https:\/\/higuey.info\/news\/#organization"},"potentialAction":[{"@type":"SearchAction","target":{"@type":"EntryPoint","urlTemplate":"https:\/\/higuey.info\/news\/?s={search_term_string}"},"query-input":{"@type":"PropertyValueSpecification","valueRequired":true,"valueName":"search_term_string"}}],"inLanguage":"es"},{"@type":"Organization","@id":"https:\/\/higuey.info\/news\/#organization","name":"Hig\u00fcey.Info","url":"https:\/\/higuey.info\/news\/","logo":{"@type":"ImageObject","inLanguage":"es","@id":"https:\/\/higuey.info\/news\/#\/schema\/logo\/image\/","url":"https:\/\/higuey.info\/news\/wp-content\/uploads\/2015\/11\/logof.jpg","contentUrl":"https:\/\/higuey.info\/news\/wp-content\/uploads\/2015\/11\/logof.jpg","width":248,"height":90,"caption":"Hig\u00fcey.Info"},"image":{"@id":"https:\/\/higuey.info\/news\/#\/schema\/logo\/image\/"}},{"@type":"Person","@id":"https:\/\/higuey.info\/news\/#\/schema\/person\/274b1e73c44a5e7d852529cd974f389f","name":"higuey.info","image":{"@type":"ImageObject","inLanguage":"es","@id":"https:\/\/secure.gravatar.com\/avatar\/baaa13fb48787405f1f95c6405f1f193ab4cefad2554d219db78e9a57688ba88?s=96&d=wavatar&r=g","url":"https:\/\/secure.gravatar.com\/avatar\/baaa13fb48787405f1f95c6405f1f193ab4cefad2554d219db78e9a57688ba88?s=96&d=wavatar&r=g","contentUrl":"https:\/\/secure.gravatar.com\/avatar\/baaa13fb48787405f1f95c6405f1f193ab4cefad2554d219db78e9a57688ba88?s=96&d=wavatar&r=g","caption":"higuey.info"},"description":"Higuey Info | Portal informativo numero uno de la ciudad de Higuey, Todas las Noticias de Higuey La Altagracia Republica Dominicana.","sameAs":["https:\/\/higuey.info\/news"]}]}},"_links":{"self":[{"href":"https:\/\/higuey.info\/news\/wp-json\/wp\/v2\/posts\/10376","targetHints":{"allow":["GET"]}}],"collection":[{"href":"https:\/\/higuey.info\/news\/wp-json\/wp\/v2\/posts"}],"about":[{"href":"https:\/\/higuey.info\/news\/wp-json\/wp\/v2\/types\/post"}],"author":[{"embeddable":true,"href":"https:\/\/higuey.info\/news\/wp-json\/wp\/v2\/users\/1"}],"replies":[{"embeddable":true,"href":"https:\/\/higuey.info\/news\/wp-json\/wp\/v2\/comments?post=10376"}],"version-history":[{"count":4,"href":"https:\/\/higuey.info\/news\/wp-json\/wp\/v2\/posts\/10376\/revisions"}],"predecessor-version":[{"id":18326,"href":"https:\/\/higuey.info\/news\/wp-json\/wp\/v2\/posts\/10376\/revisions\/18326"}],"wp:featuredmedia":[{"embeddable":true,"href":"https:\/\/higuey.info\/news\/wp-json\/wp\/v2\/media\/10377"}],"wp:attachment":[{"href":"https:\/\/higuey.info\/news\/wp-json\/wp\/v2\/media?parent=10376"}],"wp:term":[{"taxonomy":"category","embeddable":true,"href":"https:\/\/higuey.info\/news\/wp-json\/wp\/v2\/categories?post=10376"},{"taxonomy":"post_tag","embeddable":true,"href":"https:\/\/higuey.info\/news\/wp-json\/wp\/v2\/tags?post=10376"}],"curies":[{"name":"wp","href":"https:\/\/api.w.org\/{rel}","templated":true}]}}