{"id":10715,"date":"2018-06-05T19:17:07","date_gmt":"2018-06-05T19:17:07","guid":{"rendered":"https:\/\/higuey.info\/news\/news\/?p=10715"},"modified":"2020-11-21T16:52:27","modified_gmt":"2020-11-21T16:52:27","slug":"la-policia-nacional-captura-en-veron-a-hombre-buscado-por-la-interpol","status":"publish","type":"post","link":"https:\/\/higuey.info\/news\/la-policia-nacional-captura-en-veron-a-hombre-buscado-por-la-interpol\/","title":{"rendered":"La Polic\u00eda Nacional captura en Ver\u00f3n a hombre buscado por la INTERPOL."},"content":{"rendered":"<p><a href=\"https:\/\/higuey.info\/news\/wp-content\/uploads\/2018\/06\/hilux6.jpg\"><img loading=\"lazy\" decoding=\"async\" class=\"aligncenter wp-image-10688\" src=\"https:\/\/higuey.info\/news\/wp-content\/uploads\/2018\/06\/hilux6.jpg\" alt=\"\" width=\"550\" height=\"733\" srcset=\"https:\/\/higuey.info\/news\/wp-content\/uploads\/2018\/06\/hilux6.jpg 720w, https:\/\/higuey.info\/news\/wp-content\/uploads\/2018\/06\/hilux6-225x300.jpg 225w, https:\/\/higuey.info\/news\/wp-content\/uploads\/2018\/06\/hilux6-300x400.jpg 300w\" sizes=\"auto, (max-width: 550px) 100vw, 550px\" \/><\/a>\u00a0 <a href=\"https:\/\/higuey.info\/news\/category\/higuey\/mi-comunidad\/beron\/\">Ver\u00f3n<\/a>, <a href=\"https:\/\/higuey.info\/news\/category\/higuey\/mi-comunidad\/punta-cana\/\">Punta Cana<\/a>.- La Polic\u00eda Nacional inform\u00f3 la captura de un hombre en esa comunidad de Ver\u00f3n, con orden extradici\u00f3n a los Estados Unidos.<\/p>\n<div class=\"text_exposed_show\">\n<p>[&#8212;]Se trata del dominicano <strong>Omar D\u00edaz Palmer<\/strong> (a) Omar o Omar Antonio D\u00edaz Palmer, con residencia en este municipio de Ver\u00f3n, quien al notar la presencia policial emprendi\u00f3 la huida no logrando su objetivo.[&#8212;]<\/p>\n<h3><a href=\"https:\/\/higuey.info\/news\/policia-nacional-del-cruce-de-veron-recupera-camioneta-toyota-hilux-color-blanco-robada-en-sd\/\">Lea:\u00a0[Ver\u00f3n] Polic\u00eda Nacional recupera camioneta Toyota HILUX Color Blanco robada en SD.<\/a><\/h3>\n<p><a href=\"https:\/\/higuey.info\/news\/wp-content\/uploads\/2018\/06\/hilux5.jpg\"><img loading=\"lazy\" decoding=\"async\" class=\"alignleft size-large wp-image-10687\" src=\"https:\/\/higuey.info\/news\/wp-content\/uploads\/2018\/06\/hilux5-300x400.jpg\" alt=\"\" width=\"300\" height=\"400\" srcset=\"https:\/\/higuey.info\/news\/wp-content\/uploads\/2018\/06\/hilux5-300x400.jpg 300w, https:\/\/higuey.info\/news\/wp-content\/uploads\/2018\/06\/hilux5-225x300.jpg 225w, https:\/\/higuey.info\/news\/wp-content\/uploads\/2018\/06\/hilux5.jpg 720w\" sizes=\"auto, (max-width: 300px) 100vw, 300px\" \/><\/a>El detenido estaba siendo buscado por el Marshall y la <strong>INTERPOL<\/strong>, con la orden n\u00famero <strong>2232-2017<\/strong>, de extradici\u00f3n a los Estados Unidos.<\/p>\n<p>Al momento de su detenci\u00f3n circulaba en una camioneta Toyota Hilux, color blanco, a\u00f1o 2017, placa <a href=\"https:\/\/higuey.info\/news\/wp-content\/uploads\/2018\/06\/hilux3.jpg\">L358371.<\/a><\/p>\n<p>Omar fue entregado en buen estado de salud, f\u00edsico y mental, al teniente coronel <strong>Eduardo Bautista Puello<\/strong>, subcomandante de extradici\u00f3n de la Direcci\u00f3n Nacional de Control de Droga. La camioneta y el celular que portaba el detenido tambi\u00e9n le fue entregado.<\/p>\n<p>Direcci\u00f3n Regional Este, PN.<\/p>\n<p>Departamento de Comunicaci\u00f3n y Estrategia<\/p>\n<p>Martes 05 junio 2018.-<\/p>\n<\/div>\n","protected":false},"excerpt":{"rendered":"<p>Omar fue entregado en buen estado de salud, f\u00edsico y mental, al teniente coronel Eduardo Bautista Puello, subcomandante de extradici\u00f3n de la Direcci\u00f3n Nacional de Control de Droga. La camioneta y el celular que portaba el detenido tambi\u00e9n le fue entregado.<\/p>\n","protected":false},"author":1,"featured_media":10688,"comment_status":"open","ping_status":"open","sticky":false,"template":"","format":"standard","meta":{"footnotes":""},"categories":[4,1212,41,1361],"tags":[6543,5524,128,6542,1150,518,729,2850,2919,6538,816,6537,6540,6541,6539,4305],"class_list":["post-10715","post","type-post","status-publish","format-standard","has-post-thumbnail","hentry","category-higuey","category-mi-comunidad","category-punta-cana","category-beron","tag-2232-2017","tag-a","tag-antonio","tag-arresta","tag-arresto","tag-bautista","tag-diaz","tag-eduardo","tag-interpol","tag-l358371","tag-omar","tag-palmer","tag-policia-arresta-a","tag-policia-de-veron","tag-profugo","tag-puello"],"yoast_head":"<!-- This site is optimized with the Yoast SEO plugin v27.5 - https:\/\/yoast.com\/product\/yoast-seo-wordpress\/ -->\n<title>La Polic\u00eda Nacional captura en Ver\u00f3n a hombre buscado por la INTERPOL. - Higuey.Info<\/title>\n<meta name=\"description\" content=\"Omar fue entregado en buen estado de salud, f\u00edsico y mental, al teniente coronel Eduardo Bautista Puello, subcomandante de extradici\u00f3n de la Direcci\u00f3n Nacional de Control de Droga. La camioneta y el celular que portaba el detenido tambi\u00e9n le fue entregado.\" \/>\n<meta name=\"robots\" content=\"index, follow, max-snippet:-1, max-image-preview:large, max-video-preview:-1\" \/>\n<link rel=\"canonical\" href=\"https:\/\/higuey.info\/news\/la-policia-nacional-captura-en-veron-a-hombre-buscado-por-la-interpol\/\" \/>\n<meta property=\"og:locale\" content=\"es_ES\" \/>\n<meta property=\"og:type\" content=\"article\" \/>\n<meta property=\"og:title\" content=\"La Polic\u00eda Nacional captura en Ver\u00f3n a hombre buscado por la INTERPOL. - Higuey.Info\" \/>\n<meta property=\"og:description\" content=\"Omar fue entregado en buen estado de salud, f\u00edsico y mental, al teniente coronel Eduardo Bautista Puello, subcomandante de extradici\u00f3n de la Direcci\u00f3n Nacional de Control de Droga. La camioneta y el celular que portaba el detenido tambi\u00e9n le fue entregado.\" \/>\n<meta property=\"og:url\" content=\"https:\/\/higuey.info\/news\/la-policia-nacional-captura-en-veron-a-hombre-buscado-por-la-interpol\/\" \/>\n<meta property=\"og:site_name\" content=\"Hig\u00fcey.Info\" \/>\n<meta property=\"article:published_time\" content=\"2018-06-05T19:17:07+00:00\" \/>\n<meta property=\"article:modified_time\" content=\"2020-11-21T16:52:27+00:00\" \/>\n<meta property=\"og:image\" content=\"https:\/\/higuey.info\/news\/wp-content\/uploads\/2018\/06\/hilux6.jpg\" \/>\n\t<meta property=\"og:image:width\" content=\"720\" \/>\n\t<meta property=\"og:image:height\" content=\"960\" \/>\n\t<meta property=\"og:image:type\" content=\"image\/jpeg\" \/>\n<meta name=\"author\" content=\"higuey.info\" \/>\n<meta name=\"twitter:card\" content=\"summary_large_image\" \/>\n<meta name=\"twitter:label1\" content=\"Escrito por\" \/>\n\t<meta name=\"twitter:data1\" content=\"higuey.info\" \/>\n\t<meta name=\"twitter:label2\" content=\"Tiempo de lectura\" \/>\n\t<meta name=\"twitter:data2\" content=\"1 minuto\" \/>\n<script type=\"application\/ld+json\" class=\"yoast-schema-graph\">{\"@context\":\"https:\\\/\\\/schema.org\",\"@graph\":[{\"@type\":\"Article\",\"@id\":\"https:\\\/\\\/higuey.info\\\/news\\\/la-policia-nacional-captura-en-veron-a-hombre-buscado-por-la-interpol\\\/#article\",\"isPartOf\":{\"@id\":\"https:\\\/\\\/higuey.info\\\/news\\\/la-policia-nacional-captura-en-veron-a-hombre-buscado-por-la-interpol\\\/\"},\"author\":{\"name\":\"higuey.info\",\"@id\":\"https:\\\/\\\/higuey.info\\\/news\\\/#\\\/schema\\\/person\\\/274b1e73c44a5e7d852529cd974f389f\"},\"headline\":\"La Polic\u00eda Nacional captura en Ver\u00f3n a hombre buscado por la INTERPOL.\",\"datePublished\":\"2018-06-05T19:17:07+00:00\",\"dateModified\":\"2020-11-21T16:52:27+00:00\",\"mainEntityOfPage\":{\"@id\":\"https:\\\/\\\/higuey.info\\\/news\\\/la-policia-nacional-captura-en-veron-a-hombre-buscado-por-la-interpol\\\/\"},\"wordCount\":197,\"commentCount\":0,\"publisher\":{\"@id\":\"https:\\\/\\\/higuey.info\\\/news\\\/#organization\"},\"image\":{\"@id\":\"https:\\\/\\\/higuey.info\\\/news\\\/la-policia-nacional-captura-en-veron-a-hombre-buscado-por-la-interpol\\\/#primaryimage\"},\"thumbnailUrl\":\"https:\\\/\\\/higuey.info\\\/news\\\/wp-content\\\/uploads\\\/2018\\\/06\\\/hilux6.jpg\",\"keywords\":[\"2232-2017\",\"a\",\"antonio\",\"Arresta\",\"arresto\",\"Bautista\",\"D\u00edaz\",\"Eduardo\",\"Interpol\",\"L358371\",\"Omar\",\"Palmer\",\"Policia arresta a\",\"Policia de veron\",\"Profugo\",\"Puello\"],\"articleSection\":[\"Higuey\",\"Mi comunidad\",\"Punta Cana\",\"Ver\u00f3n\"],\"inLanguage\":\"es\",\"potentialAction\":[{\"@type\":\"CommentAction\",\"name\":\"Comment\",\"target\":[\"https:\\\/\\\/higuey.info\\\/news\\\/la-policia-nacional-captura-en-veron-a-hombre-buscado-por-la-interpol\\\/#respond\"]}]},{\"@type\":\"WebPage\",\"@id\":\"https:\\\/\\\/higuey.info\\\/news\\\/la-policia-nacional-captura-en-veron-a-hombre-buscado-por-la-interpol\\\/\",\"url\":\"https:\\\/\\\/higuey.info\\\/news\\\/la-policia-nacional-captura-en-veron-a-hombre-buscado-por-la-interpol\\\/\",\"name\":\"La Polic\u00eda Nacional captura en Ver\u00f3n a hombre buscado por la INTERPOL. - Higuey.Info\",\"isPartOf\":{\"@id\":\"https:\\\/\\\/higuey.info\\\/news\\\/#website\"},\"primaryImageOfPage\":{\"@id\":\"https:\\\/\\\/higuey.info\\\/news\\\/la-policia-nacional-captura-en-veron-a-hombre-buscado-por-la-interpol\\\/#primaryimage\"},\"image\":{\"@id\":\"https:\\\/\\\/higuey.info\\\/news\\\/la-policia-nacional-captura-en-veron-a-hombre-buscado-por-la-interpol\\\/#primaryimage\"},\"thumbnailUrl\":\"https:\\\/\\\/higuey.info\\\/news\\\/wp-content\\\/uploads\\\/2018\\\/06\\\/hilux6.jpg\",\"datePublished\":\"2018-06-05T19:17:07+00:00\",\"dateModified\":\"2020-11-21T16:52:27+00:00\",\"description\":\"Omar fue entregado en buen estado de salud, f\u00edsico y mental, al teniente coronel Eduardo Bautista Puello, subcomandante de extradici\u00f3n de la Direcci\u00f3n Nacional de Control de Droga. La camioneta y el celular que portaba el detenido tambi\u00e9n le fue entregado.\",\"breadcrumb\":{\"@id\":\"https:\\\/\\\/higuey.info\\\/news\\\/la-policia-nacional-captura-en-veron-a-hombre-buscado-por-la-interpol\\\/#breadcrumb\"},\"inLanguage\":\"es\",\"potentialAction\":[{\"@type\":\"ReadAction\",\"target\":[\"https:\\\/\\\/higuey.info\\\/news\\\/la-policia-nacional-captura-en-veron-a-hombre-buscado-por-la-interpol\\\/\"]}]},{\"@type\":\"ImageObject\",\"inLanguage\":\"es\",\"@id\":\"https:\\\/\\\/higuey.info\\\/news\\\/la-policia-nacional-captura-en-veron-a-hombre-buscado-por-la-interpol\\\/#primaryimage\",\"url\":\"https:\\\/\\\/higuey.info\\\/news\\\/wp-content\\\/uploads\\\/2018\\\/06\\\/hilux6.jpg\",\"contentUrl\":\"https:\\\/\\\/higuey.info\\\/news\\\/wp-content\\\/uploads\\\/2018\\\/06\\\/hilux6.jpg\",\"width\":\"720\",\"height\":\"960\"},{\"@type\":\"BreadcrumbList\",\"@id\":\"https:\\\/\\\/higuey.info\\\/news\\\/la-policia-nacional-captura-en-veron-a-hombre-buscado-por-la-interpol\\\/#breadcrumb\",\"itemListElement\":[{\"@type\":\"ListItem\",\"position\":1,\"name\":\"Portada\",\"item\":\"https:\\\/\\\/higuey.info\\\/news\\\/\"},{\"@type\":\"ListItem\",\"position\":2,\"name\":\"La Polic\u00eda Nacional captura en Ver\u00f3n a hombre buscado por la INTERPOL.\"}]},{\"@type\":\"WebSite\",\"@id\":\"https:\\\/\\\/higuey.info\\\/news\\\/#website\",\"url\":\"https:\\\/\\\/higuey.info\\\/news\\\/\",\"name\":\"Hig\u00fcey.Info\",\"description\":\"Noticias de Hig\u00fcey La Altagracia Rep\u00fablica Dominicana.\",\"publisher\":{\"@id\":\"https:\\\/\\\/higuey.info\\\/news\\\/#organization\"},\"potentialAction\":[{\"@type\":\"SearchAction\",\"target\":{\"@type\":\"EntryPoint\",\"urlTemplate\":\"https:\\\/\\\/higuey.info\\\/news\\\/?s={search_term_string}\"},\"query-input\":{\"@type\":\"PropertyValueSpecification\",\"valueRequired\":true,\"valueName\":\"search_term_string\"}}],\"inLanguage\":\"es\"},{\"@type\":\"Organization\",\"@id\":\"https:\\\/\\\/higuey.info\\\/news\\\/#organization\",\"name\":\"Hig\u00fcey.Info\",\"url\":\"https:\\\/\\\/higuey.info\\\/news\\\/\",\"logo\":{\"@type\":\"ImageObject\",\"inLanguage\":\"es\",\"@id\":\"https:\\\/\\\/higuey.info\\\/news\\\/#\\\/schema\\\/logo\\\/image\\\/\",\"url\":\"https:\\\/\\\/higuey.info\\\/news\\\/wp-content\\\/uploads\\\/2015\\\/11\\\/logof.jpg\",\"contentUrl\":\"https:\\\/\\\/higuey.info\\\/news\\\/wp-content\\\/uploads\\\/2015\\\/11\\\/logof.jpg\",\"width\":248,\"height\":90,\"caption\":\"Hig\u00fcey.Info\"},\"image\":{\"@id\":\"https:\\\/\\\/higuey.info\\\/news\\\/#\\\/schema\\\/logo\\\/image\\\/\"}},{\"@type\":\"Person\",\"@id\":\"https:\\\/\\\/higuey.info\\\/news\\\/#\\\/schema\\\/person\\\/274b1e73c44a5e7d852529cd974f389f\",\"name\":\"higuey.info\",\"image\":{\"@type\":\"ImageObject\",\"inLanguage\":\"es\",\"@id\":\"https:\\\/\\\/secure.gravatar.com\\\/avatar\\\/baaa13fb48787405f1f95c6405f1f193ab4cefad2554d219db78e9a57688ba88?s=96&d=wavatar&r=g\",\"url\":\"https:\\\/\\\/secure.gravatar.com\\\/avatar\\\/baaa13fb48787405f1f95c6405f1f193ab4cefad2554d219db78e9a57688ba88?s=96&d=wavatar&r=g\",\"contentUrl\":\"https:\\\/\\\/secure.gravatar.com\\\/avatar\\\/baaa13fb48787405f1f95c6405f1f193ab4cefad2554d219db78e9a57688ba88?s=96&d=wavatar&r=g\",\"caption\":\"higuey.info\"},\"description\":\"Higuey Info | Portal informativo numero uno de la ciudad de Higuey, Todas las Noticias de Higuey La Altagracia Republica Dominicana.\",\"sameAs\":[\"https:\\\/\\\/higuey.info\\\/news\"]}]}<\/script>\n<!-- \/ Yoast SEO plugin. -->","yoast_head_json":{"title":"La Polic\u00eda Nacional captura en Ver\u00f3n a hombre buscado por la INTERPOL. - Higuey.Info","description":"Omar fue entregado en buen estado de salud, f\u00edsico y mental, al teniente coronel Eduardo Bautista Puello, subcomandante de extradici\u00f3n de la Direcci\u00f3n Nacional de Control de Droga. La camioneta y el celular que portaba el detenido tambi\u00e9n le fue entregado.","robots":{"index":"index","follow":"follow","max-snippet":"max-snippet:-1","max-image-preview":"max-image-preview:large","max-video-preview":"max-video-preview:-1"},"canonical":"https:\/\/higuey.info\/news\/la-policia-nacional-captura-en-veron-a-hombre-buscado-por-la-interpol\/","og_locale":"es_ES","og_type":"article","og_title":"La Polic\u00eda Nacional captura en Ver\u00f3n a hombre buscado por la INTERPOL. - Higuey.Info","og_description":"Omar fue entregado en buen estado de salud, f\u00edsico y mental, al teniente coronel Eduardo Bautista Puello, subcomandante de extradici\u00f3n de la Direcci\u00f3n Nacional de Control de Droga. La camioneta y el celular que portaba el detenido tambi\u00e9n le fue entregado.","og_url":"https:\/\/higuey.info\/news\/la-policia-nacional-captura-en-veron-a-hombre-buscado-por-la-interpol\/","og_site_name":"Hig\u00fcey.Info","article_published_time":"2018-06-05T19:17:07+00:00","article_modified_time":"2020-11-21T16:52:27+00:00","og_image":[{"width":720,"height":960,"url":"https:\/\/higuey.info\/news\/wp-content\/uploads\/2018\/06\/hilux6.jpg","type":"image\/jpeg"}],"author":"higuey.info","twitter_card":"summary_large_image","twitter_misc":{"Escrito por":"higuey.info","Tiempo de lectura":"1 minuto"},"schema":{"@context":"https:\/\/schema.org","@graph":[{"@type":"Article","@id":"https:\/\/higuey.info\/news\/la-policia-nacional-captura-en-veron-a-hombre-buscado-por-la-interpol\/#article","isPartOf":{"@id":"https:\/\/higuey.info\/news\/la-policia-nacional-captura-en-veron-a-hombre-buscado-por-la-interpol\/"},"author":{"name":"higuey.info","@id":"https:\/\/higuey.info\/news\/#\/schema\/person\/274b1e73c44a5e7d852529cd974f389f"},"headline":"La Polic\u00eda Nacional captura en Ver\u00f3n a hombre buscado por la INTERPOL.","datePublished":"2018-06-05T19:17:07+00:00","dateModified":"2020-11-21T16:52:27+00:00","mainEntityOfPage":{"@id":"https:\/\/higuey.info\/news\/la-policia-nacional-captura-en-veron-a-hombre-buscado-por-la-interpol\/"},"wordCount":197,"commentCount":0,"publisher":{"@id":"https:\/\/higuey.info\/news\/#organization"},"image":{"@id":"https:\/\/higuey.info\/news\/la-policia-nacional-captura-en-veron-a-hombre-buscado-por-la-interpol\/#primaryimage"},"thumbnailUrl":"https:\/\/higuey.info\/news\/wp-content\/uploads\/2018\/06\/hilux6.jpg","keywords":["2232-2017","a","antonio","Arresta","arresto","Bautista","D\u00edaz","Eduardo","Interpol","L358371","Omar","Palmer","Policia arresta a","Policia de veron","Profugo","Puello"],"articleSection":["Higuey","Mi comunidad","Punta Cana","Ver\u00f3n"],"inLanguage":"es","potentialAction":[{"@type":"CommentAction","name":"Comment","target":["https:\/\/higuey.info\/news\/la-policia-nacional-captura-en-veron-a-hombre-buscado-por-la-interpol\/#respond"]}]},{"@type":"WebPage","@id":"https:\/\/higuey.info\/news\/la-policia-nacional-captura-en-veron-a-hombre-buscado-por-la-interpol\/","url":"https:\/\/higuey.info\/news\/la-policia-nacional-captura-en-veron-a-hombre-buscado-por-la-interpol\/","name":"La Polic\u00eda Nacional captura en Ver\u00f3n a hombre buscado por la INTERPOL. - Higuey.Info","isPartOf":{"@id":"https:\/\/higuey.info\/news\/#website"},"primaryImageOfPage":{"@id":"https:\/\/higuey.info\/news\/la-policia-nacional-captura-en-veron-a-hombre-buscado-por-la-interpol\/#primaryimage"},"image":{"@id":"https:\/\/higuey.info\/news\/la-policia-nacional-captura-en-veron-a-hombre-buscado-por-la-interpol\/#primaryimage"},"thumbnailUrl":"https:\/\/higuey.info\/news\/wp-content\/uploads\/2018\/06\/hilux6.jpg","datePublished":"2018-06-05T19:17:07+00:00","dateModified":"2020-11-21T16:52:27+00:00","description":"Omar fue entregado en buen estado de salud, f\u00edsico y mental, al teniente coronel Eduardo Bautista Puello, subcomandante de extradici\u00f3n de la Direcci\u00f3n Nacional de Control de Droga. La camioneta y el celular que portaba el detenido tambi\u00e9n le fue entregado.","breadcrumb":{"@id":"https:\/\/higuey.info\/news\/la-policia-nacional-captura-en-veron-a-hombre-buscado-por-la-interpol\/#breadcrumb"},"inLanguage":"es","potentialAction":[{"@type":"ReadAction","target":["https:\/\/higuey.info\/news\/la-policia-nacional-captura-en-veron-a-hombre-buscado-por-la-interpol\/"]}]},{"@type":"ImageObject","inLanguage":"es","@id":"https:\/\/higuey.info\/news\/la-policia-nacional-captura-en-veron-a-hombre-buscado-por-la-interpol\/#primaryimage","url":"https:\/\/higuey.info\/news\/wp-content\/uploads\/2018\/06\/hilux6.jpg","contentUrl":"https:\/\/higuey.info\/news\/wp-content\/uploads\/2018\/06\/hilux6.jpg","width":"720","height":"960"},{"@type":"BreadcrumbList","@id":"https:\/\/higuey.info\/news\/la-policia-nacional-captura-en-veron-a-hombre-buscado-por-la-interpol\/#breadcrumb","itemListElement":[{"@type":"ListItem","position":1,"name":"Portada","item":"https:\/\/higuey.info\/news\/"},{"@type":"ListItem","position":2,"name":"La Polic\u00eda Nacional captura en Ver\u00f3n a hombre buscado por la INTERPOL."}]},{"@type":"WebSite","@id":"https:\/\/higuey.info\/news\/#website","url":"https:\/\/higuey.info\/news\/","name":"Hig\u00fcey.Info","description":"Noticias de Hig\u00fcey La Altagracia Rep\u00fablica Dominicana.","publisher":{"@id":"https:\/\/higuey.info\/news\/#organization"},"potentialAction":[{"@type":"SearchAction","target":{"@type":"EntryPoint","urlTemplate":"https:\/\/higuey.info\/news\/?s={search_term_string}"},"query-input":{"@type":"PropertyValueSpecification","valueRequired":true,"valueName":"search_term_string"}}],"inLanguage":"es"},{"@type":"Organization","@id":"https:\/\/higuey.info\/news\/#organization","name":"Hig\u00fcey.Info","url":"https:\/\/higuey.info\/news\/","logo":{"@type":"ImageObject","inLanguage":"es","@id":"https:\/\/higuey.info\/news\/#\/schema\/logo\/image\/","url":"https:\/\/higuey.info\/news\/wp-content\/uploads\/2015\/11\/logof.jpg","contentUrl":"https:\/\/higuey.info\/news\/wp-content\/uploads\/2015\/11\/logof.jpg","width":248,"height":90,"caption":"Hig\u00fcey.Info"},"image":{"@id":"https:\/\/higuey.info\/news\/#\/schema\/logo\/image\/"}},{"@type":"Person","@id":"https:\/\/higuey.info\/news\/#\/schema\/person\/274b1e73c44a5e7d852529cd974f389f","name":"higuey.info","image":{"@type":"ImageObject","inLanguage":"es","@id":"https:\/\/secure.gravatar.com\/avatar\/baaa13fb48787405f1f95c6405f1f193ab4cefad2554d219db78e9a57688ba88?s=96&d=wavatar&r=g","url":"https:\/\/secure.gravatar.com\/avatar\/baaa13fb48787405f1f95c6405f1f193ab4cefad2554d219db78e9a57688ba88?s=96&d=wavatar&r=g","contentUrl":"https:\/\/secure.gravatar.com\/avatar\/baaa13fb48787405f1f95c6405f1f193ab4cefad2554d219db78e9a57688ba88?s=96&d=wavatar&r=g","caption":"higuey.info"},"description":"Higuey Info | Portal informativo numero uno de la ciudad de Higuey, Todas las Noticias de Higuey La Altagracia Republica Dominicana.","sameAs":["https:\/\/higuey.info\/news"]}]}},"_links":{"self":[{"href":"https:\/\/higuey.info\/news\/wp-json\/wp\/v2\/posts\/10715","targetHints":{"allow":["GET"]}}],"collection":[{"href":"https:\/\/higuey.info\/news\/wp-json\/wp\/v2\/posts"}],"about":[{"href":"https:\/\/higuey.info\/news\/wp-json\/wp\/v2\/types\/post"}],"author":[{"embeddable":true,"href":"https:\/\/higuey.info\/news\/wp-json\/wp\/v2\/users\/1"}],"replies":[{"embeddable":true,"href":"https:\/\/higuey.info\/news\/wp-json\/wp\/v2\/comments?post=10715"}],"version-history":[{"count":12,"href":"https:\/\/higuey.info\/news\/wp-json\/wp\/v2\/posts\/10715\/revisions"}],"predecessor-version":[{"id":17855,"href":"https:\/\/higuey.info\/news\/wp-json\/wp\/v2\/posts\/10715\/revisions\/17855"}],"wp:featuredmedia":[{"embeddable":true,"href":"https:\/\/higuey.info\/news\/wp-json\/wp\/v2\/media\/10688"}],"wp:attachment":[{"href":"https:\/\/higuey.info\/news\/wp-json\/wp\/v2\/media?parent=10715"}],"wp:term":[{"taxonomy":"category","embeddable":true,"href":"https:\/\/higuey.info\/news\/wp-json\/wp\/v2\/categories?post=10715"},{"taxonomy":"post_tag","embeddable":true,"href":"https:\/\/higuey.info\/news\/wp-json\/wp\/v2\/tags?post=10715"}],"curies":[{"name":"wp","href":"https:\/\/api.w.org\/{rel}","templated":true}]}}