{"id":10975,"date":"2018-06-19T21:31:14","date_gmt":"2018-06-19T21:31:14","guid":{"rendered":"https:\/\/higuey.info\/news\/news\/?p=10975"},"modified":"2020-11-21T04:31:12","modified_gmt":"2020-11-21T04:31:12","slug":"abogado-dice-henry-mato-a-anneris-poseido-por-un-espiritu-extrano","status":"publish","type":"post","link":"https:\/\/higuey.info\/news\/abogado-dice-henry-mato-a-anneris-poseido-por-un-espiritu-extrano\/","title":{"rendered":"Abogado dice Henry mat\u00f3 a Anneris \u00abpose\u00eddo por un esp\u00edritu extra\u00f1o\u00bb"},"content":{"rendered":"<div id=\"ArticleAuthorDiv\" class=\"article-body-author\"><b>Ram\u00f3n Cruz Benz\u00e1n<\/b><\/div>\n<div id=\"ArticleSourceDiv\" class=\"article-body-author\"><b>Santo Domingo\u00a0<\/b><\/div>\n<div>Listin Diario<\/div>\n<div id=\"ArticleBody\">\n<p>[&#8212;]El abogado del imputado <strong>Henry Daniel Lorenzo Ortiz<\/strong>, asesino confeso de <strong>Anneris Pe\u00f1a P\u00e9rez<\/strong>, asegur\u00f3 que su cliente \u00abestaba pose\u00eddo por un esp\u00edritu extra\u00f1o\u00bb.<\/p>\n<p><a href=\"https:\/\/higuey.info\/news\/wp-content\/uploads\/2018\/06\/abogado-dice-henry-mato-a-anneris-poseido-por-un-espiritu-extrano.jpeg\"><img loading=\"lazy\" decoding=\"async\" class=\"alignleft  wp-image-10976\" src=\"https:\/\/higuey.info\/news\/wp-content\/uploads\/2018\/06\/abogado-dice-henry-mato-a-anneris-poseido-por-un-espiritu-extrano-300x188.jpeg\" alt=\"\" width=\"274\" height=\"172\" srcset=\"https:\/\/higuey.info\/news\/wp-content\/uploads\/2018\/06\/abogado-dice-henry-mato-a-anneris-poseido-por-un-espiritu-extrano-300x188.jpeg 300w, https:\/\/higuey.info\/news\/wp-content\/uploads\/2018\/06\/abogado-dice-henry-mato-a-anneris-poseido-por-un-espiritu-extrano-768x480.jpeg 768w, https:\/\/higuey.info\/news\/wp-content\/uploads\/2018\/06\/abogado-dice-henry-mato-a-anneris-poseido-por-un-espiritu-extrano-550x344.jpeg 550w, https:\/\/higuey.info\/news\/wp-content\/uploads\/2018\/06\/abogado-dice-henry-mato-a-anneris-poseido-por-un-espiritu-extrano-120x76.jpeg 120w, https:\/\/higuey.info\/news\/wp-content\/uploads\/2018\/06\/abogado-dice-henry-mato-a-anneris-poseido-por-un-espiritu-extrano-274x173.jpeg 274w, https:\/\/higuey.info\/news\/wp-content\/uploads\/2018\/06\/abogado-dice-henry-mato-a-anneris-poseido-por-un-espiritu-extrano-308x192.jpeg 308w, https:\/\/higuey.info\/news\/wp-content\/uploads\/2018\/06\/abogado-dice-henry-mato-a-anneris-poseido-por-un-espiritu-extrano-610x380.jpeg 610w, https:\/\/higuey.info\/news\/wp-content\/uploads\/2018\/06\/abogado-dice-henry-mato-a-anneris-poseido-por-un-espiritu-extrano-822x512.jpeg 822w, https:\/\/higuey.info\/news\/wp-content\/uploads\/2018\/06\/abogado-dice-henry-mato-a-anneris-poseido-por-un-espiritu-extrano-900x563.jpeg 900w, https:\/\/higuey.info\/news\/wp-content\/uploads\/2018\/06\/abogado-dice-henry-mato-a-anneris-poseido-por-un-espiritu-extrano.jpeg 1280w\" sizes=\"auto, (max-width: 274px) 100vw, 274px\" \/><\/a>Henry Acosta Quin, empero reus\u00f3 referirse en qu\u00e9 consist\u00eda ese \u00abesp\u00edritu extra\u00f1o\u00bb cuando los medios le preguntaron si su defendido cometi\u00f3 el crimen bajo efectos de alguna droga.[&#8212;]<\/p>\n<p><a href=\"https:\/\/higuey.info\/news\/tag\/annery\/\"><strong>Anneris fue asesinada la semana pasada en una joyer\u00eda del Paseo Comercial Conde despu\u00e9s del mediod\u00eda.<\/strong><\/a><\/p>\n<p>\u201cMi cliente al momento de cometer el hecho estaba pose\u00eddo por un esp\u00edritu extra\u00f1o\u201d, coment\u00f3 el abogado momentos en que sal\u00eda del juzgado de atenci\u00f3n permiten del Distrito Nacional, donde acudi\u00f3 a indagar a ver si el Ministerio P\u00fablico hab\u00eda solicitado medida coerci\u00f3n.<\/p>\n<p>Se espera que sea esta tarde cuando el Ministerio P\u00fablico deposite ante un tribunal la solicitud de <a href=\"https:\/\/higuey.info\/news\/un-ano-de-prision-preventiva-a-joven-acusado-de-asesinar-empleada-de-una-joyeria\/\"><strong>prisi\u00f3n preventiva en contra del imputado<\/strong><\/a> que se encuentra recluido en la c\u00e1rcel preventiva del Palcio de Justicia de Ciudad Nueva.<\/p>\n<\/div>\n<div class=\"panel panel-default\">\n<div class=\"panel-body\"><\/div>\n<\/div>\n","protected":false},"excerpt":{"rendered":"<p>Mi cliente al momento de cometer el hecho estaba pose\u00eddo por un esp\u00edritu extra\u00f1o\u201d, coment\u00f3 el abogado momentos en que sal\u00eda del juzgado de atenci\u00f3n permiten del Distrito Nacional, donde acudi\u00f3 a indagar a ver si el Ministerio P\u00fablico hab\u00eda solicitado medida coerci\u00f3n.<\/p>\n","protected":false},"author":1,"featured_media":10976,"comment_status":"open","ping_status":"open","sticky":false,"template":"","format":"video","meta":{"footnotes":""},"categories":[40],"tags":[6598,6588,2129,181,193,792,201,180,517],"class_list":["post-10975","post","type-post","status-publish","format-video","has-post-thumbnail","hentry","category-la-republica","tag-anneris","tag-annery","tag-crimen","tag-daniel","tag-henry","tag-lorenzo","tag-ortiz","tag-pena","tag-perez","post_format-post-format-video"],"yoast_head":"<!-- This site is optimized with the Yoast SEO plugin v27.5 - https:\/\/yoast.com\/product\/yoast-seo-wordpress\/ -->\n<title>Abogado dice Henry mat\u00f3 a Anneris &quot;pose\u00eddo por un esp\u00edritu extra\u00f1o&quot; - Higuey.Info<\/title>\n<meta name=\"description\" content=\"Mi cliente al momento de cometer el hecho estaba pose\u00eddo por un esp\u00edritu extra\u00f1o\u201d, coment\u00f3 el abogado momentos en que sal\u00eda del juzgado de atenci\u00f3n permiten del Distrito Nacional, donde acudi\u00f3 a indagar a ver si el Ministerio P\u00fablico hab\u00eda solicitado medida coerci\u00f3n.\" \/>\n<meta name=\"robots\" content=\"index, follow, max-snippet:-1, max-image-preview:large, max-video-preview:-1\" \/>\n<link rel=\"canonical\" href=\"https:\/\/higuey.info\/news\/abogado-dice-henry-mato-a-anneris-poseido-por-un-espiritu-extrano\/\" \/>\n<meta property=\"og:locale\" content=\"es_ES\" \/>\n<meta property=\"og:type\" content=\"article\" \/>\n<meta property=\"og:title\" content=\"Abogado dice Henry mat\u00f3 a Anneris &quot;pose\u00eddo por un esp\u00edritu extra\u00f1o&quot; - Higuey.Info\" \/>\n<meta property=\"og:description\" content=\"Mi cliente al momento de cometer el hecho estaba pose\u00eddo por un esp\u00edritu extra\u00f1o\u201d, coment\u00f3 el abogado momentos en que sal\u00eda del juzgado de atenci\u00f3n permiten del Distrito Nacional, donde acudi\u00f3 a indagar a ver si el Ministerio P\u00fablico hab\u00eda solicitado medida coerci\u00f3n.\" \/>\n<meta property=\"og:url\" content=\"https:\/\/higuey.info\/news\/abogado-dice-henry-mato-a-anneris-poseido-por-un-espiritu-extrano\/\" \/>\n<meta property=\"og:site_name\" content=\"Hig\u00fcey.Info\" \/>\n<meta property=\"article:published_time\" content=\"2018-06-19T21:31:14+00:00\" \/>\n<meta property=\"article:modified_time\" content=\"2020-11-21T04:31:12+00:00\" \/>\n<meta property=\"og:image\" content=\"https:\/\/higuey.info\/news\/wp-content\/uploads\/2018\/06\/abogado-dice-henry-mato-a-anneris-poseido-por-un-espiritu-extrano.jpeg\" \/>\n\t<meta property=\"og:image:width\" content=\"1280\" \/>\n\t<meta property=\"og:image:height\" content=\"800\" \/>\n\t<meta property=\"og:image:type\" content=\"image\/jpeg\" \/>\n<meta name=\"author\" content=\"higuey.info\" \/>\n<meta name=\"twitter:card\" content=\"summary_large_image\" \/>\n<meta name=\"twitter:label1\" content=\"Escrito por\" \/>\n\t<meta name=\"twitter:data1\" content=\"higuey.info\" \/>\n\t<meta name=\"twitter:label2\" content=\"Tiempo de lectura\" \/>\n\t<meta name=\"twitter:data2\" content=\"1 minuto\" \/>\n<script type=\"application\/ld+json\" class=\"yoast-schema-graph\">{\"@context\":\"https:\\\/\\\/schema.org\",\"@graph\":[{\"@type\":\"Article\",\"@id\":\"https:\\\/\\\/higuey.info\\\/news\\\/abogado-dice-henry-mato-a-anneris-poseido-por-un-espiritu-extrano\\\/#article\",\"isPartOf\":{\"@id\":\"https:\\\/\\\/higuey.info\\\/news\\\/abogado-dice-henry-mato-a-anneris-poseido-por-un-espiritu-extrano\\\/\"},\"author\":{\"name\":\"higuey.info\",\"@id\":\"https:\\\/\\\/higuey.info\\\/news\\\/#\\\/schema\\\/person\\\/274b1e73c44a5e7d852529cd974f389f\"},\"headline\":\"Abogado dice Henry mat\u00f3 a Anneris \u00abpose\u00eddo por un esp\u00edritu extra\u00f1o\u00bb\",\"datePublished\":\"2018-06-19T21:31:14+00:00\",\"dateModified\":\"2020-11-21T04:31:12+00:00\",\"mainEntityOfPage\":{\"@id\":\"https:\\\/\\\/higuey.info\\\/news\\\/abogado-dice-henry-mato-a-anneris-poseido-por-un-espiritu-extrano\\\/\"},\"wordCount\":196,\"commentCount\":0,\"publisher\":{\"@id\":\"https:\\\/\\\/higuey.info\\\/news\\\/#organization\"},\"image\":{\"@id\":\"https:\\\/\\\/higuey.info\\\/news\\\/abogado-dice-henry-mato-a-anneris-poseido-por-un-espiritu-extrano\\\/#primaryimage\"},\"thumbnailUrl\":\"https:\\\/\\\/higuey.info\\\/news\\\/wp-content\\\/uploads\\\/2018\\\/06\\\/abogado-dice-henry-mato-a-anneris-poseido-por-un-espiritu-extrano.jpeg\",\"keywords\":[\"Anneris\",\"Annery\",\"Crimen\",\"Daniel\",\"Henry\",\"Lorenzo\",\"Ortiz\",\"Pe\u00f1a\",\"P\u00e9rez\"],\"articleSection\":[\"La Republica\"],\"inLanguage\":\"es\",\"potentialAction\":[{\"@type\":\"CommentAction\",\"name\":\"Comment\",\"target\":[\"https:\\\/\\\/higuey.info\\\/news\\\/abogado-dice-henry-mato-a-anneris-poseido-por-un-espiritu-extrano\\\/#respond\"]}]},{\"@type\":\"WebPage\",\"@id\":\"https:\\\/\\\/higuey.info\\\/news\\\/abogado-dice-henry-mato-a-anneris-poseido-por-un-espiritu-extrano\\\/\",\"url\":\"https:\\\/\\\/higuey.info\\\/news\\\/abogado-dice-henry-mato-a-anneris-poseido-por-un-espiritu-extrano\\\/\",\"name\":\"Abogado dice Henry mat\u00f3 a Anneris \\\"pose\u00eddo por un esp\u00edritu extra\u00f1o\\\" - Higuey.Info\",\"isPartOf\":{\"@id\":\"https:\\\/\\\/higuey.info\\\/news\\\/#website\"},\"primaryImageOfPage\":{\"@id\":\"https:\\\/\\\/higuey.info\\\/news\\\/abogado-dice-henry-mato-a-anneris-poseido-por-un-espiritu-extrano\\\/#primaryimage\"},\"image\":{\"@id\":\"https:\\\/\\\/higuey.info\\\/news\\\/abogado-dice-henry-mato-a-anneris-poseido-por-un-espiritu-extrano\\\/#primaryimage\"},\"thumbnailUrl\":\"https:\\\/\\\/higuey.info\\\/news\\\/wp-content\\\/uploads\\\/2018\\\/06\\\/abogado-dice-henry-mato-a-anneris-poseido-por-un-espiritu-extrano.jpeg\",\"datePublished\":\"2018-06-19T21:31:14+00:00\",\"dateModified\":\"2020-11-21T04:31:12+00:00\",\"description\":\"Mi cliente al momento de cometer el hecho estaba pose\u00eddo por un esp\u00edritu extra\u00f1o\u201d, coment\u00f3 el abogado momentos en que sal\u00eda del juzgado de atenci\u00f3n permiten del Distrito Nacional, donde acudi\u00f3 a indagar a ver si el Ministerio P\u00fablico hab\u00eda solicitado medida coerci\u00f3n.\",\"breadcrumb\":{\"@id\":\"https:\\\/\\\/higuey.info\\\/news\\\/abogado-dice-henry-mato-a-anneris-poseido-por-un-espiritu-extrano\\\/#breadcrumb\"},\"inLanguage\":\"es\",\"potentialAction\":[{\"@type\":\"ReadAction\",\"target\":[\"https:\\\/\\\/higuey.info\\\/news\\\/abogado-dice-henry-mato-a-anneris-poseido-por-un-espiritu-extrano\\\/\"]}]},{\"@type\":\"ImageObject\",\"inLanguage\":\"es\",\"@id\":\"https:\\\/\\\/higuey.info\\\/news\\\/abogado-dice-henry-mato-a-anneris-poseido-por-un-espiritu-extrano\\\/#primaryimage\",\"url\":\"https:\\\/\\\/higuey.info\\\/news\\\/wp-content\\\/uploads\\\/2018\\\/06\\\/abogado-dice-henry-mato-a-anneris-poseido-por-un-espiritu-extrano.jpeg\",\"contentUrl\":\"https:\\\/\\\/higuey.info\\\/news\\\/wp-content\\\/uploads\\\/2018\\\/06\\\/abogado-dice-henry-mato-a-anneris-poseido-por-un-espiritu-extrano.jpeg\",\"width\":\"1280\",\"height\":\"800\"},{\"@type\":\"BreadcrumbList\",\"@id\":\"https:\\\/\\\/higuey.info\\\/news\\\/abogado-dice-henry-mato-a-anneris-poseido-por-un-espiritu-extrano\\\/#breadcrumb\",\"itemListElement\":[{\"@type\":\"ListItem\",\"position\":1,\"name\":\"Portada\",\"item\":\"https:\\\/\\\/higuey.info\\\/news\\\/\"},{\"@type\":\"ListItem\",\"position\":2,\"name\":\"Abogado dice Henry mat\u00f3 a Anneris \u00abpose\u00eddo por un esp\u00edritu extra\u00f1o\u00bb\"}]},{\"@type\":\"WebSite\",\"@id\":\"https:\\\/\\\/higuey.info\\\/news\\\/#website\",\"url\":\"https:\\\/\\\/higuey.info\\\/news\\\/\",\"name\":\"Hig\u00fcey.Info\",\"description\":\"Noticias de Hig\u00fcey La Altagracia Rep\u00fablica Dominicana.\",\"publisher\":{\"@id\":\"https:\\\/\\\/higuey.info\\\/news\\\/#organization\"},\"potentialAction\":[{\"@type\":\"SearchAction\",\"target\":{\"@type\":\"EntryPoint\",\"urlTemplate\":\"https:\\\/\\\/higuey.info\\\/news\\\/?s={search_term_string}\"},\"query-input\":{\"@type\":\"PropertyValueSpecification\",\"valueRequired\":true,\"valueName\":\"search_term_string\"}}],\"inLanguage\":\"es\"},{\"@type\":\"Organization\",\"@id\":\"https:\\\/\\\/higuey.info\\\/news\\\/#organization\",\"name\":\"Hig\u00fcey.Info\",\"url\":\"https:\\\/\\\/higuey.info\\\/news\\\/\",\"logo\":{\"@type\":\"ImageObject\",\"inLanguage\":\"es\",\"@id\":\"https:\\\/\\\/higuey.info\\\/news\\\/#\\\/schema\\\/logo\\\/image\\\/\",\"url\":\"https:\\\/\\\/higuey.info\\\/news\\\/wp-content\\\/uploads\\\/2015\\\/11\\\/logof.jpg\",\"contentUrl\":\"https:\\\/\\\/higuey.info\\\/news\\\/wp-content\\\/uploads\\\/2015\\\/11\\\/logof.jpg\",\"width\":248,\"height\":90,\"caption\":\"Hig\u00fcey.Info\"},\"image\":{\"@id\":\"https:\\\/\\\/higuey.info\\\/news\\\/#\\\/schema\\\/logo\\\/image\\\/\"}},{\"@type\":\"Person\",\"@id\":\"https:\\\/\\\/higuey.info\\\/news\\\/#\\\/schema\\\/person\\\/274b1e73c44a5e7d852529cd974f389f\",\"name\":\"higuey.info\",\"image\":{\"@type\":\"ImageObject\",\"inLanguage\":\"es\",\"@id\":\"https:\\\/\\\/secure.gravatar.com\\\/avatar\\\/baaa13fb48787405f1f95c6405f1f193ab4cefad2554d219db78e9a57688ba88?s=96&d=wavatar&r=g\",\"url\":\"https:\\\/\\\/secure.gravatar.com\\\/avatar\\\/baaa13fb48787405f1f95c6405f1f193ab4cefad2554d219db78e9a57688ba88?s=96&d=wavatar&r=g\",\"contentUrl\":\"https:\\\/\\\/secure.gravatar.com\\\/avatar\\\/baaa13fb48787405f1f95c6405f1f193ab4cefad2554d219db78e9a57688ba88?s=96&d=wavatar&r=g\",\"caption\":\"higuey.info\"},\"description\":\"Higuey Info | Portal informativo numero uno de la ciudad de Higuey, Todas las Noticias de Higuey La Altagracia Republica Dominicana.\",\"sameAs\":[\"https:\\\/\\\/higuey.info\\\/news\"]}]}<\/script>\n<!-- \/ Yoast SEO plugin. -->","yoast_head_json":{"title":"Abogado dice Henry mat\u00f3 a Anneris \"pose\u00eddo por un esp\u00edritu extra\u00f1o\" - Higuey.Info","description":"Mi cliente al momento de cometer el hecho estaba pose\u00eddo por un esp\u00edritu extra\u00f1o\u201d, coment\u00f3 el abogado momentos en que sal\u00eda del juzgado de atenci\u00f3n permiten del Distrito Nacional, donde acudi\u00f3 a indagar a ver si el Ministerio P\u00fablico hab\u00eda solicitado medida coerci\u00f3n.","robots":{"index":"index","follow":"follow","max-snippet":"max-snippet:-1","max-image-preview":"max-image-preview:large","max-video-preview":"max-video-preview:-1"},"canonical":"https:\/\/higuey.info\/news\/abogado-dice-henry-mato-a-anneris-poseido-por-un-espiritu-extrano\/","og_locale":"es_ES","og_type":"article","og_title":"Abogado dice Henry mat\u00f3 a Anneris \"pose\u00eddo por un esp\u00edritu extra\u00f1o\" - Higuey.Info","og_description":"Mi cliente al momento de cometer el hecho estaba pose\u00eddo por un esp\u00edritu extra\u00f1o\u201d, coment\u00f3 el abogado momentos en que sal\u00eda del juzgado de atenci\u00f3n permiten del Distrito Nacional, donde acudi\u00f3 a indagar a ver si el Ministerio P\u00fablico hab\u00eda solicitado medida coerci\u00f3n.","og_url":"https:\/\/higuey.info\/news\/abogado-dice-henry-mato-a-anneris-poseido-por-un-espiritu-extrano\/","og_site_name":"Hig\u00fcey.Info","article_published_time":"2018-06-19T21:31:14+00:00","article_modified_time":"2020-11-21T04:31:12+00:00","og_image":[{"width":1280,"height":800,"url":"https:\/\/higuey.info\/news\/wp-content\/uploads\/2018\/06\/abogado-dice-henry-mato-a-anneris-poseido-por-un-espiritu-extrano.jpeg","type":"image\/jpeg"}],"author":"higuey.info","twitter_card":"summary_large_image","twitter_misc":{"Escrito por":"higuey.info","Tiempo de lectura":"1 minuto"},"schema":{"@context":"https:\/\/schema.org","@graph":[{"@type":"Article","@id":"https:\/\/higuey.info\/news\/abogado-dice-henry-mato-a-anneris-poseido-por-un-espiritu-extrano\/#article","isPartOf":{"@id":"https:\/\/higuey.info\/news\/abogado-dice-henry-mato-a-anneris-poseido-por-un-espiritu-extrano\/"},"author":{"name":"higuey.info","@id":"https:\/\/higuey.info\/news\/#\/schema\/person\/274b1e73c44a5e7d852529cd974f389f"},"headline":"Abogado dice Henry mat\u00f3 a Anneris \u00abpose\u00eddo por un esp\u00edritu extra\u00f1o\u00bb","datePublished":"2018-06-19T21:31:14+00:00","dateModified":"2020-11-21T04:31:12+00:00","mainEntityOfPage":{"@id":"https:\/\/higuey.info\/news\/abogado-dice-henry-mato-a-anneris-poseido-por-un-espiritu-extrano\/"},"wordCount":196,"commentCount":0,"publisher":{"@id":"https:\/\/higuey.info\/news\/#organization"},"image":{"@id":"https:\/\/higuey.info\/news\/abogado-dice-henry-mato-a-anneris-poseido-por-un-espiritu-extrano\/#primaryimage"},"thumbnailUrl":"https:\/\/higuey.info\/news\/wp-content\/uploads\/2018\/06\/abogado-dice-henry-mato-a-anneris-poseido-por-un-espiritu-extrano.jpeg","keywords":["Anneris","Annery","Crimen","Daniel","Henry","Lorenzo","Ortiz","Pe\u00f1a","P\u00e9rez"],"articleSection":["La Republica"],"inLanguage":"es","potentialAction":[{"@type":"CommentAction","name":"Comment","target":["https:\/\/higuey.info\/news\/abogado-dice-henry-mato-a-anneris-poseido-por-un-espiritu-extrano\/#respond"]}]},{"@type":"WebPage","@id":"https:\/\/higuey.info\/news\/abogado-dice-henry-mato-a-anneris-poseido-por-un-espiritu-extrano\/","url":"https:\/\/higuey.info\/news\/abogado-dice-henry-mato-a-anneris-poseido-por-un-espiritu-extrano\/","name":"Abogado dice Henry mat\u00f3 a Anneris \"pose\u00eddo por un esp\u00edritu extra\u00f1o\" - Higuey.Info","isPartOf":{"@id":"https:\/\/higuey.info\/news\/#website"},"primaryImageOfPage":{"@id":"https:\/\/higuey.info\/news\/abogado-dice-henry-mato-a-anneris-poseido-por-un-espiritu-extrano\/#primaryimage"},"image":{"@id":"https:\/\/higuey.info\/news\/abogado-dice-henry-mato-a-anneris-poseido-por-un-espiritu-extrano\/#primaryimage"},"thumbnailUrl":"https:\/\/higuey.info\/news\/wp-content\/uploads\/2018\/06\/abogado-dice-henry-mato-a-anneris-poseido-por-un-espiritu-extrano.jpeg","datePublished":"2018-06-19T21:31:14+00:00","dateModified":"2020-11-21T04:31:12+00:00","description":"Mi cliente al momento de cometer el hecho estaba pose\u00eddo por un esp\u00edritu extra\u00f1o\u201d, coment\u00f3 el abogado momentos en que sal\u00eda del juzgado de atenci\u00f3n permiten del Distrito Nacional, donde acudi\u00f3 a indagar a ver si el Ministerio P\u00fablico hab\u00eda solicitado medida coerci\u00f3n.","breadcrumb":{"@id":"https:\/\/higuey.info\/news\/abogado-dice-henry-mato-a-anneris-poseido-por-un-espiritu-extrano\/#breadcrumb"},"inLanguage":"es","potentialAction":[{"@type":"ReadAction","target":["https:\/\/higuey.info\/news\/abogado-dice-henry-mato-a-anneris-poseido-por-un-espiritu-extrano\/"]}]},{"@type":"ImageObject","inLanguage":"es","@id":"https:\/\/higuey.info\/news\/abogado-dice-henry-mato-a-anneris-poseido-por-un-espiritu-extrano\/#primaryimage","url":"https:\/\/higuey.info\/news\/wp-content\/uploads\/2018\/06\/abogado-dice-henry-mato-a-anneris-poseido-por-un-espiritu-extrano.jpeg","contentUrl":"https:\/\/higuey.info\/news\/wp-content\/uploads\/2018\/06\/abogado-dice-henry-mato-a-anneris-poseido-por-un-espiritu-extrano.jpeg","width":"1280","height":"800"},{"@type":"BreadcrumbList","@id":"https:\/\/higuey.info\/news\/abogado-dice-henry-mato-a-anneris-poseido-por-un-espiritu-extrano\/#breadcrumb","itemListElement":[{"@type":"ListItem","position":1,"name":"Portada","item":"https:\/\/higuey.info\/news\/"},{"@type":"ListItem","position":2,"name":"Abogado dice Henry mat\u00f3 a Anneris \u00abpose\u00eddo por un esp\u00edritu extra\u00f1o\u00bb"}]},{"@type":"WebSite","@id":"https:\/\/higuey.info\/news\/#website","url":"https:\/\/higuey.info\/news\/","name":"Hig\u00fcey.Info","description":"Noticias de Hig\u00fcey La Altagracia Rep\u00fablica Dominicana.","publisher":{"@id":"https:\/\/higuey.info\/news\/#organization"},"potentialAction":[{"@type":"SearchAction","target":{"@type":"EntryPoint","urlTemplate":"https:\/\/higuey.info\/news\/?s={search_term_string}"},"query-input":{"@type":"PropertyValueSpecification","valueRequired":true,"valueName":"search_term_string"}}],"inLanguage":"es"},{"@type":"Organization","@id":"https:\/\/higuey.info\/news\/#organization","name":"Hig\u00fcey.Info","url":"https:\/\/higuey.info\/news\/","logo":{"@type":"ImageObject","inLanguage":"es","@id":"https:\/\/higuey.info\/news\/#\/schema\/logo\/image\/","url":"https:\/\/higuey.info\/news\/wp-content\/uploads\/2015\/11\/logof.jpg","contentUrl":"https:\/\/higuey.info\/news\/wp-content\/uploads\/2015\/11\/logof.jpg","width":248,"height":90,"caption":"Hig\u00fcey.Info"},"image":{"@id":"https:\/\/higuey.info\/news\/#\/schema\/logo\/image\/"}},{"@type":"Person","@id":"https:\/\/higuey.info\/news\/#\/schema\/person\/274b1e73c44a5e7d852529cd974f389f","name":"higuey.info","image":{"@type":"ImageObject","inLanguage":"es","@id":"https:\/\/secure.gravatar.com\/avatar\/baaa13fb48787405f1f95c6405f1f193ab4cefad2554d219db78e9a57688ba88?s=96&d=wavatar&r=g","url":"https:\/\/secure.gravatar.com\/avatar\/baaa13fb48787405f1f95c6405f1f193ab4cefad2554d219db78e9a57688ba88?s=96&d=wavatar&r=g","contentUrl":"https:\/\/secure.gravatar.com\/avatar\/baaa13fb48787405f1f95c6405f1f193ab4cefad2554d219db78e9a57688ba88?s=96&d=wavatar&r=g","caption":"higuey.info"},"description":"Higuey Info | Portal informativo numero uno de la ciudad de Higuey, Todas las Noticias de Higuey La Altagracia Republica Dominicana.","sameAs":["https:\/\/higuey.info\/news"]}]}},"_links":{"self":[{"href":"https:\/\/higuey.info\/news\/wp-json\/wp\/v2\/posts\/10975","targetHints":{"allow":["GET"]}}],"collection":[{"href":"https:\/\/higuey.info\/news\/wp-json\/wp\/v2\/posts"}],"about":[{"href":"https:\/\/higuey.info\/news\/wp-json\/wp\/v2\/types\/post"}],"author":[{"embeddable":true,"href":"https:\/\/higuey.info\/news\/wp-json\/wp\/v2\/users\/1"}],"replies":[{"embeddable":true,"href":"https:\/\/higuey.info\/news\/wp-json\/wp\/v2\/comments?post=10975"}],"version-history":[{"count":8,"href":"https:\/\/higuey.info\/news\/wp-json\/wp\/v2\/posts\/10975\/revisions"}],"predecessor-version":[{"id":15887,"href":"https:\/\/higuey.info\/news\/wp-json\/wp\/v2\/posts\/10975\/revisions\/15887"}],"wp:featuredmedia":[{"embeddable":true,"href":"https:\/\/higuey.info\/news\/wp-json\/wp\/v2\/media\/10976"}],"wp:attachment":[{"href":"https:\/\/higuey.info\/news\/wp-json\/wp\/v2\/media?parent=10975"}],"wp:term":[{"taxonomy":"category","embeddable":true,"href":"https:\/\/higuey.info\/news\/wp-json\/wp\/v2\/categories?post=10975"},{"taxonomy":"post_tag","embeddable":true,"href":"https:\/\/higuey.info\/news\/wp-json\/wp\/v2\/tags?post=10975"}],"curies":[{"name":"wp","href":"https:\/\/api.w.org\/{rel}","templated":true}]}}