{"id":11313,"date":"2018-06-26T21:45:12","date_gmt":"2018-06-26T21:45:12","guid":{"rendered":"https:\/\/higuey.info\/news\/news\/?p=11313"},"modified":"2018-06-26T21:49:31","modified_gmt":"2018-06-26T21:49:31","slug":"el-chapo-no-se-declarara-culpable-ni-cooperara-dice-su-defensa","status":"publish","type":"post","link":"https:\/\/higuey.info\/news\/el-chapo-no-se-declarara-culpable-ni-cooperara-dice-su-defensa\/","title":{"rendered":"El Chapo\u00bb no se declarar\u00e1 culpable ni cooperar\u00e1, dice su defensa."},"content":{"rendered":"<p><span id=\"ctl14_lblMostra\"><strong>[&#8212;]NUEVA YORK.-<\/strong>\u00a0Joaqu\u00edn \u201cEl Chapo\u201d Guzm\u00e1n no se declarar\u00e1 culpable ni va a cooperar con las autoridades, dijo hoy su defensa legal, al subrayar que el jefe narcotraficante est\u00e1 dispuesto a ir al juicio a partir del pr\u00f3ximo 5 de septiembre.<\/span><\/p>\n<p>[&#8212;]\u201cEl se\u00f1or Guzm\u00e1n no se va a declarar culpable y no va a colaborar con las autoridades. Cuando sea el juicio, va a haber un juicio\u201d, dijo a los periodistas su abogado, Eduardo Balarezo, tras la vista judicial celebrada este martes.<\/p>\n<p>El Chapo, vestido de uniforme azul y quien permaneci\u00f3 pendiente durante la vista del lugar donde permanec\u00edan sentadas su esposa, Emma Coronel Aispuro, y sus dos ni\u00f1as, acudi\u00f3 a un tribunal en Brooklyn como parte del proceso que enfrenta por 17 delitos como l\u00edder del c\u00e1rtel de Sinaloa, entre ellos tr\u00e1fico de drogas, uso ilegal de armas y blanqueo de dinero.<\/p>\n<p>Durante la audiencia, la defensa del \u201cChapo\u201d ratific\u00f3 su pedido de que el juicio sea trasladado desde Brooklyn a Manhattan, donde este permanece encarcelado.<\/p>\n<p>\u201cLa corte en Manhattan est\u00e1 al ladito de la c\u00e1rcel\u201d, justific\u00f3 Balarezo.<\/p>\n<p>El letrado se quej\u00f3 del \u201ccirco\u201d que supone el dispositivo de seguridad dispuesto por las autoridades para el traslado de su cliente.<\/p>\n<p>\u201cCada vez que (Guzm\u00e1n) viene a la corte lo traen como en diez carros blindados, con luces, ambulancias, es un circo, cierran el puente de Brooklyn cada d\u00eda\u201d, agreg\u00f3 el letrado, que invit\u00f3 a los periodistas a presenciar el operativo desplegado hoy, que oblig\u00f3 a cortar varios minutos el tr\u00e1fico en la parte posterior de la corte.<\/p>\n<p>\u201cCuando empiece el juicio van a tener que hacer eso diariamente venida y salida, va a ser una inconveniencia para el p\u00fablico, va a perjudicarle a \u00e9l porque la gente va a decir: \u2018mire c\u00f3mo manejan a esta persona, c\u00f3mo lo transportan porque es peligroso y hay que protegernos a nosotros&#8217;\u201d, sostuvo el defensor.<\/p>\n<p>El abogado asegur\u00f3 que el juez est\u00e1 considerando ese pedido.<\/p>\n<p>\u201cVa ser el mismo juez, los mismos fiscales, el mismo acusado, el mismo jurado, va a ser todo y s\u00f3lo se va a cambiar f\u00edsicamente de Brooklyn a Manhattan\u201d, apunt\u00f3 el letrado, quien agreg\u00f3 que su prioridad es que Guzm\u00e1n \u201cno sea perjudicado\u201d.<\/p>\n<p>La defensa anticip\u00f3 adem\u00e1s que en las pr\u00f3ximas horas presentar\u00e1 un escrito al juez en el que justificar\u00e1 su pedido para que la Fiscal\u00eda suministre una informaci\u00f3n que dijo poseer, seg\u00fan la cual su cliente no es el jefe del cartel de Sinaloa.<\/p>\n<p>\u201cLa mayor\u00eda de estas pruebas ellos las han tenido durante varios a\u00f1os y reci\u00e9n tres meses antes del juicio nos dicen que tienen la informaci\u00f3n, pero no dicen qu\u00e9 es la informaci\u00f3n, no nos dan detalles y no podemos usarla para defenderlo\u201d, se quej\u00f3 Balarezo.<\/p>\n<p>Seg\u00fan explic\u00f3 a los periodistas, \u201cmuchas de estas pruebas dicen o personas le han dicho a la Fiscal\u00eda que el se\u00f1or Guzm\u00e1n no era el jefe, que no es un jefe, que trabajaba debajo de otras personas\u201d.<\/p>\n<p>\u201cEso tiene que ver directamente con la acusaci\u00f3n principal que es participaci\u00f3n en una empresa criminal, eso es fundamental para la defensa de \u00e9l\u201d, sentenci\u00f3 Balarezo.<\/p>\n<p>Indic\u00f3 que \u201cel Gobierno tiene que probar de que \u00e9l era un l\u00edder\u201d, pero advirti\u00f3 que si tiene pruebas de que no lo era, \u201cel jurado tiene que escuchar esas pruebas\u201d.<\/p>\n<p>Adem\u00e1s, la defensa requiri\u00f3 se permita una tercera evaluaci\u00f3n sicol\u00f3gica a su cliente, esta vez para evaluar la dosis de medicamentos que recibe.<\/p>\n<p>Tambi\u00e9n en la audiencia se defini\u00f3 que a m\u00e1s tardar el pr\u00f3ximo 10 de agosto la defensa deber\u00e1 contar con la transcripci\u00f3n de las declaraciones de los testigos, y que cuatro d\u00edas despu\u00e9s, el 14, se celebrar\u00e1 una nueva vista judicial.<\/p>\n<p>\u201cTodas las grabaciones son en espa\u00f1ol y tienes que presentarlas al jurado. El jurado no va a entender espa\u00f1ol, entonces tienes que transcribir las grabaciones a espa\u00f1ol y traducirlas a ingl\u00e9s y queremos estar seguros de que est\u00e9n correctas\u201d, explic\u00f3 Balarezo a Efe sobre su pedido de contar con los testimonios.<\/p>\n<p>Balarezo confirm\u00f3 igualmente que el comienzo del juicio est\u00e1 previsto para el 5 de septiembre, aunque no descart\u00f3 pedir un aplazamiento.<\/p>\n<p>\u201cNosotros queremos ir a juicio el 5 de septiembre, estamos preparados para hacer lo posible por el se\u00f1or Guzm\u00e1n y \u00e9l tambi\u00e9n quiere terminar con eso\u201d, sostuvo.<\/p>\n","protected":false},"excerpt":{"rendered":"<p>[&#8212;]NUEVA YORK.-\u00a0Joaqu\u00edn \u201cEl Chapo\u201d Guzm\u00e1n no se declarar\u00e1 culpable ni va a cooperar con las autoridades, dijo hoy su defensa legal, al subrayar que el jefe narcotraficante est\u00e1 dispuesto a ir al juicio a partir del pr\u00f3ximo 5 de septiembre. [&#8212;]\u201cEl se\u00f1or Guzm\u00e1n no se va a declarar culpable y no va a colaborar con&#8230;<\/p>\n","protected":false},"author":1,"featured_media":11314,"comment_status":"open","ping_status":"open","sticky":false,"template":"","format":"standard","meta":{"footnotes":""},"categories":[14],"tags":[6757,6758,206,6665,3632,200,6759,1134],"class_list":["post-11313","post","type-post","status-publish","format-standard","has-post-thumbnail","hentry","category-el-mundo","tag-capo","tag-chapo","tag-guzman","tag-juicio","tag-loera","tag-manuel","tag-sinaloa","tag-trafico"],"yoast_head":"<!-- This site is optimized with the Yoast SEO plugin v27.5 - https:\/\/yoast.com\/product\/yoast-seo-wordpress\/ -->\n<title>El Chapo&quot; no se declarar\u00e1 culpable ni cooperar\u00e1, dice su defensa. - Higuey.Info<\/title>\n<meta name=\"description\" content=\"NUEVA YORK.-\u00a0Joaqu\u00edn \u201cEl Chapo\u201d Guzm\u00e1n no se declarar\u00e1 culpable ni va a cooperar con las autoridades, dijo hoy su defensa legal, al subrayar que el jefe\" \/>\n<meta name=\"robots\" content=\"index, follow, max-snippet:-1, max-image-preview:large, max-video-preview:-1\" \/>\n<link rel=\"canonical\" href=\"https:\/\/higuey.info\/news\/el-chapo-no-se-declarara-culpable-ni-cooperara-dice-su-defensa\/\" \/>\n<meta property=\"og:locale\" content=\"es_ES\" \/>\n<meta property=\"og:type\" content=\"article\" \/>\n<meta property=\"og:title\" content=\"El Chapo&quot; no se declarar\u00e1 culpable ni cooperar\u00e1, dice su defensa. - Higuey.Info\" \/>\n<meta property=\"og:description\" content=\"NUEVA YORK.-\u00a0Joaqu\u00edn \u201cEl Chapo\u201d Guzm\u00e1n no se declarar\u00e1 culpable ni va a cooperar con las autoridades, dijo hoy su defensa legal, al subrayar que el jefe\" \/>\n<meta property=\"og:url\" content=\"https:\/\/higuey.info\/news\/el-chapo-no-se-declarara-culpable-ni-cooperara-dice-su-defensa\/\" \/>\n<meta property=\"og:site_name\" content=\"Hig\u00fcey.Info\" \/>\n<meta property=\"article:published_time\" content=\"2018-06-26T21:45:12+00:00\" \/>\n<meta property=\"article:modified_time\" content=\"2018-06-26T21:49:31+00:00\" \/>\n<meta property=\"og:image\" content=\"https:\/\/higuey.info\/news\/wp-content\/uploads\/2018\/06\/Chapo.jpg\" \/>\n\t<meta property=\"og:image:width\" content=\"1280\" \/>\n\t<meta property=\"og:image:height\" content=\"800\" \/>\n\t<meta property=\"og:image:type\" content=\"image\/jpeg\" \/>\n<meta name=\"author\" content=\"higuey.info\" \/>\n<meta name=\"twitter:card\" content=\"summary_large_image\" \/>\n<meta name=\"twitter:label1\" content=\"Escrito por\" \/>\n\t<meta name=\"twitter:data1\" content=\"higuey.info\" \/>\n\t<meta name=\"twitter:label2\" content=\"Tiempo de lectura\" \/>\n\t<meta name=\"twitter:data2\" content=\"4 minutos\" \/>\n<script type=\"application\/ld+json\" class=\"yoast-schema-graph\">{\"@context\":\"https:\\\/\\\/schema.org\",\"@graph\":[{\"@type\":\"Article\",\"@id\":\"https:\\\/\\\/higuey.info\\\/news\\\/el-chapo-no-se-declarara-culpable-ni-cooperara-dice-su-defensa\\\/#article\",\"isPartOf\":{\"@id\":\"https:\\\/\\\/higuey.info\\\/news\\\/el-chapo-no-se-declarara-culpable-ni-cooperara-dice-su-defensa\\\/\"},\"author\":{\"name\":\"higuey.info\",\"@id\":\"https:\\\/\\\/higuey.info\\\/news\\\/#\\\/schema\\\/person\\\/274b1e73c44a5e7d852529cd974f389f\"},\"headline\":\"El Chapo\u00bb no se declarar\u00e1 culpable ni cooperar\u00e1, dice su defensa.\",\"datePublished\":\"2018-06-26T21:45:12+00:00\",\"dateModified\":\"2018-06-26T21:49:31+00:00\",\"mainEntityOfPage\":{\"@id\":\"https:\\\/\\\/higuey.info\\\/news\\\/el-chapo-no-se-declarara-culpable-ni-cooperara-dice-su-defensa\\\/\"},\"wordCount\":772,\"commentCount\":0,\"publisher\":{\"@id\":\"https:\\\/\\\/higuey.info\\\/news\\\/#organization\"},\"image\":{\"@id\":\"https:\\\/\\\/higuey.info\\\/news\\\/el-chapo-no-se-declarara-culpable-ni-cooperara-dice-su-defensa\\\/#primaryimage\"},\"thumbnailUrl\":\"https:\\\/\\\/higuey.info\\\/news\\\/wp-content\\\/uploads\\\/2018\\\/06\\\/Chapo.jpg\",\"keywords\":[\"Capo\",\"Chapo\",\"Guzm\u00e1n\",\"Juicio\",\"Loera\",\"Manuel\",\"Sinaloa\",\"trafico\"],\"articleSection\":[\"El mundo\"],\"inLanguage\":\"es\",\"potentialAction\":[{\"@type\":\"CommentAction\",\"name\":\"Comment\",\"target\":[\"https:\\\/\\\/higuey.info\\\/news\\\/el-chapo-no-se-declarara-culpable-ni-cooperara-dice-su-defensa\\\/#respond\"]}]},{\"@type\":\"WebPage\",\"@id\":\"https:\\\/\\\/higuey.info\\\/news\\\/el-chapo-no-se-declarara-culpable-ni-cooperara-dice-su-defensa\\\/\",\"url\":\"https:\\\/\\\/higuey.info\\\/news\\\/el-chapo-no-se-declarara-culpable-ni-cooperara-dice-su-defensa\\\/\",\"name\":\"El Chapo\\\" no se declarar\u00e1 culpable ni cooperar\u00e1, dice su defensa. - Higuey.Info\",\"isPartOf\":{\"@id\":\"https:\\\/\\\/higuey.info\\\/news\\\/#website\"},\"primaryImageOfPage\":{\"@id\":\"https:\\\/\\\/higuey.info\\\/news\\\/el-chapo-no-se-declarara-culpable-ni-cooperara-dice-su-defensa\\\/#primaryimage\"},\"image\":{\"@id\":\"https:\\\/\\\/higuey.info\\\/news\\\/el-chapo-no-se-declarara-culpable-ni-cooperara-dice-su-defensa\\\/#primaryimage\"},\"thumbnailUrl\":\"https:\\\/\\\/higuey.info\\\/news\\\/wp-content\\\/uploads\\\/2018\\\/06\\\/Chapo.jpg\",\"datePublished\":\"2018-06-26T21:45:12+00:00\",\"dateModified\":\"2018-06-26T21:49:31+00:00\",\"description\":\"NUEVA YORK.-\u00a0Joaqu\u00edn \u201cEl Chapo\u201d Guzm\u00e1n no se declarar\u00e1 culpable ni va a cooperar con las autoridades, dijo hoy su defensa legal, al subrayar que el jefe\",\"breadcrumb\":{\"@id\":\"https:\\\/\\\/higuey.info\\\/news\\\/el-chapo-no-se-declarara-culpable-ni-cooperara-dice-su-defensa\\\/#breadcrumb\"},\"inLanguage\":\"es\",\"potentialAction\":[{\"@type\":\"ReadAction\",\"target\":[\"https:\\\/\\\/higuey.info\\\/news\\\/el-chapo-no-se-declarara-culpable-ni-cooperara-dice-su-defensa\\\/\"]}]},{\"@type\":\"ImageObject\",\"inLanguage\":\"es\",\"@id\":\"https:\\\/\\\/higuey.info\\\/news\\\/el-chapo-no-se-declarara-culpable-ni-cooperara-dice-su-defensa\\\/#primaryimage\",\"url\":\"https:\\\/\\\/higuey.info\\\/news\\\/wp-content\\\/uploads\\\/2018\\\/06\\\/Chapo.jpg\",\"contentUrl\":\"https:\\\/\\\/higuey.info\\\/news\\\/wp-content\\\/uploads\\\/2018\\\/06\\\/Chapo.jpg\",\"width\":\"1280\",\"height\":\"800\"},{\"@type\":\"BreadcrumbList\",\"@id\":\"https:\\\/\\\/higuey.info\\\/news\\\/el-chapo-no-se-declarara-culpable-ni-cooperara-dice-su-defensa\\\/#breadcrumb\",\"itemListElement\":[{\"@type\":\"ListItem\",\"position\":1,\"name\":\"Portada\",\"item\":\"https:\\\/\\\/higuey.info\\\/news\\\/\"},{\"@type\":\"ListItem\",\"position\":2,\"name\":\"El Chapo\u00bb no se declarar\u00e1 culpable ni cooperar\u00e1, dice su defensa.\"}]},{\"@type\":\"WebSite\",\"@id\":\"https:\\\/\\\/higuey.info\\\/news\\\/#website\",\"url\":\"https:\\\/\\\/higuey.info\\\/news\\\/\",\"name\":\"Hig\u00fcey.Info\",\"description\":\"Noticias de Hig\u00fcey La Altagracia Rep\u00fablica Dominicana.\",\"publisher\":{\"@id\":\"https:\\\/\\\/higuey.info\\\/news\\\/#organization\"},\"potentialAction\":[{\"@type\":\"SearchAction\",\"target\":{\"@type\":\"EntryPoint\",\"urlTemplate\":\"https:\\\/\\\/higuey.info\\\/news\\\/?s={search_term_string}\"},\"query-input\":{\"@type\":\"PropertyValueSpecification\",\"valueRequired\":true,\"valueName\":\"search_term_string\"}}],\"inLanguage\":\"es\"},{\"@type\":\"Organization\",\"@id\":\"https:\\\/\\\/higuey.info\\\/news\\\/#organization\",\"name\":\"Hig\u00fcey.Info\",\"url\":\"https:\\\/\\\/higuey.info\\\/news\\\/\",\"logo\":{\"@type\":\"ImageObject\",\"inLanguage\":\"es\",\"@id\":\"https:\\\/\\\/higuey.info\\\/news\\\/#\\\/schema\\\/logo\\\/image\\\/\",\"url\":\"https:\\\/\\\/higuey.info\\\/news\\\/wp-content\\\/uploads\\\/2015\\\/11\\\/logof.jpg\",\"contentUrl\":\"https:\\\/\\\/higuey.info\\\/news\\\/wp-content\\\/uploads\\\/2015\\\/11\\\/logof.jpg\",\"width\":248,\"height\":90,\"caption\":\"Hig\u00fcey.Info\"},\"image\":{\"@id\":\"https:\\\/\\\/higuey.info\\\/news\\\/#\\\/schema\\\/logo\\\/image\\\/\"}},{\"@type\":\"Person\",\"@id\":\"https:\\\/\\\/higuey.info\\\/news\\\/#\\\/schema\\\/person\\\/274b1e73c44a5e7d852529cd974f389f\",\"name\":\"higuey.info\",\"image\":{\"@type\":\"ImageObject\",\"inLanguage\":\"es\",\"@id\":\"https:\\\/\\\/secure.gravatar.com\\\/avatar\\\/baaa13fb48787405f1f95c6405f1f193ab4cefad2554d219db78e9a57688ba88?s=96&d=wavatar&r=g\",\"url\":\"https:\\\/\\\/secure.gravatar.com\\\/avatar\\\/baaa13fb48787405f1f95c6405f1f193ab4cefad2554d219db78e9a57688ba88?s=96&d=wavatar&r=g\",\"contentUrl\":\"https:\\\/\\\/secure.gravatar.com\\\/avatar\\\/baaa13fb48787405f1f95c6405f1f193ab4cefad2554d219db78e9a57688ba88?s=96&d=wavatar&r=g\",\"caption\":\"higuey.info\"},\"description\":\"Higuey Info | Portal informativo numero uno de la ciudad de Higuey, Todas las Noticias de Higuey La Altagracia Republica Dominicana.\",\"sameAs\":[\"https:\\\/\\\/higuey.info\\\/news\"]}]}<\/script>\n<!-- \/ Yoast SEO plugin. -->","yoast_head_json":{"title":"El Chapo\" no se declarar\u00e1 culpable ni cooperar\u00e1, dice su defensa. - Higuey.Info","description":"NUEVA YORK.-\u00a0Joaqu\u00edn \u201cEl Chapo\u201d Guzm\u00e1n no se declarar\u00e1 culpable ni va a cooperar con las autoridades, dijo hoy su defensa legal, al subrayar que el jefe","robots":{"index":"index","follow":"follow","max-snippet":"max-snippet:-1","max-image-preview":"max-image-preview:large","max-video-preview":"max-video-preview:-1"},"canonical":"https:\/\/higuey.info\/news\/el-chapo-no-se-declarara-culpable-ni-cooperara-dice-su-defensa\/","og_locale":"es_ES","og_type":"article","og_title":"El Chapo\" no se declarar\u00e1 culpable ni cooperar\u00e1, dice su defensa. - Higuey.Info","og_description":"NUEVA YORK.-\u00a0Joaqu\u00edn \u201cEl Chapo\u201d Guzm\u00e1n no se declarar\u00e1 culpable ni va a cooperar con las autoridades, dijo hoy su defensa legal, al subrayar que el jefe","og_url":"https:\/\/higuey.info\/news\/el-chapo-no-se-declarara-culpable-ni-cooperara-dice-su-defensa\/","og_site_name":"Hig\u00fcey.Info","article_published_time":"2018-06-26T21:45:12+00:00","article_modified_time":"2018-06-26T21:49:31+00:00","og_image":[{"width":1280,"height":800,"url":"https:\/\/higuey.info\/news\/wp-content\/uploads\/2018\/06\/Chapo.jpg","type":"image\/jpeg"}],"author":"higuey.info","twitter_card":"summary_large_image","twitter_misc":{"Escrito por":"higuey.info","Tiempo de lectura":"4 minutos"},"schema":{"@context":"https:\/\/schema.org","@graph":[{"@type":"Article","@id":"https:\/\/higuey.info\/news\/el-chapo-no-se-declarara-culpable-ni-cooperara-dice-su-defensa\/#article","isPartOf":{"@id":"https:\/\/higuey.info\/news\/el-chapo-no-se-declarara-culpable-ni-cooperara-dice-su-defensa\/"},"author":{"name":"higuey.info","@id":"https:\/\/higuey.info\/news\/#\/schema\/person\/274b1e73c44a5e7d852529cd974f389f"},"headline":"El Chapo\u00bb no se declarar\u00e1 culpable ni cooperar\u00e1, dice su defensa.","datePublished":"2018-06-26T21:45:12+00:00","dateModified":"2018-06-26T21:49:31+00:00","mainEntityOfPage":{"@id":"https:\/\/higuey.info\/news\/el-chapo-no-se-declarara-culpable-ni-cooperara-dice-su-defensa\/"},"wordCount":772,"commentCount":0,"publisher":{"@id":"https:\/\/higuey.info\/news\/#organization"},"image":{"@id":"https:\/\/higuey.info\/news\/el-chapo-no-se-declarara-culpable-ni-cooperara-dice-su-defensa\/#primaryimage"},"thumbnailUrl":"https:\/\/higuey.info\/news\/wp-content\/uploads\/2018\/06\/Chapo.jpg","keywords":["Capo","Chapo","Guzm\u00e1n","Juicio","Loera","Manuel","Sinaloa","trafico"],"articleSection":["El mundo"],"inLanguage":"es","potentialAction":[{"@type":"CommentAction","name":"Comment","target":["https:\/\/higuey.info\/news\/el-chapo-no-se-declarara-culpable-ni-cooperara-dice-su-defensa\/#respond"]}]},{"@type":"WebPage","@id":"https:\/\/higuey.info\/news\/el-chapo-no-se-declarara-culpable-ni-cooperara-dice-su-defensa\/","url":"https:\/\/higuey.info\/news\/el-chapo-no-se-declarara-culpable-ni-cooperara-dice-su-defensa\/","name":"El Chapo\" no se declarar\u00e1 culpable ni cooperar\u00e1, dice su defensa. - Higuey.Info","isPartOf":{"@id":"https:\/\/higuey.info\/news\/#website"},"primaryImageOfPage":{"@id":"https:\/\/higuey.info\/news\/el-chapo-no-se-declarara-culpable-ni-cooperara-dice-su-defensa\/#primaryimage"},"image":{"@id":"https:\/\/higuey.info\/news\/el-chapo-no-se-declarara-culpable-ni-cooperara-dice-su-defensa\/#primaryimage"},"thumbnailUrl":"https:\/\/higuey.info\/news\/wp-content\/uploads\/2018\/06\/Chapo.jpg","datePublished":"2018-06-26T21:45:12+00:00","dateModified":"2018-06-26T21:49:31+00:00","description":"NUEVA YORK.-\u00a0Joaqu\u00edn \u201cEl Chapo\u201d Guzm\u00e1n no se declarar\u00e1 culpable ni va a cooperar con las autoridades, dijo hoy su defensa legal, al subrayar que el jefe","breadcrumb":{"@id":"https:\/\/higuey.info\/news\/el-chapo-no-se-declarara-culpable-ni-cooperara-dice-su-defensa\/#breadcrumb"},"inLanguage":"es","potentialAction":[{"@type":"ReadAction","target":["https:\/\/higuey.info\/news\/el-chapo-no-se-declarara-culpable-ni-cooperara-dice-su-defensa\/"]}]},{"@type":"ImageObject","inLanguage":"es","@id":"https:\/\/higuey.info\/news\/el-chapo-no-se-declarara-culpable-ni-cooperara-dice-su-defensa\/#primaryimage","url":"https:\/\/higuey.info\/news\/wp-content\/uploads\/2018\/06\/Chapo.jpg","contentUrl":"https:\/\/higuey.info\/news\/wp-content\/uploads\/2018\/06\/Chapo.jpg","width":"1280","height":"800"},{"@type":"BreadcrumbList","@id":"https:\/\/higuey.info\/news\/el-chapo-no-se-declarara-culpable-ni-cooperara-dice-su-defensa\/#breadcrumb","itemListElement":[{"@type":"ListItem","position":1,"name":"Portada","item":"https:\/\/higuey.info\/news\/"},{"@type":"ListItem","position":2,"name":"El Chapo\u00bb no se declarar\u00e1 culpable ni cooperar\u00e1, dice su defensa."}]},{"@type":"WebSite","@id":"https:\/\/higuey.info\/news\/#website","url":"https:\/\/higuey.info\/news\/","name":"Hig\u00fcey.Info","description":"Noticias de Hig\u00fcey La Altagracia Rep\u00fablica Dominicana.","publisher":{"@id":"https:\/\/higuey.info\/news\/#organization"},"potentialAction":[{"@type":"SearchAction","target":{"@type":"EntryPoint","urlTemplate":"https:\/\/higuey.info\/news\/?s={search_term_string}"},"query-input":{"@type":"PropertyValueSpecification","valueRequired":true,"valueName":"search_term_string"}}],"inLanguage":"es"},{"@type":"Organization","@id":"https:\/\/higuey.info\/news\/#organization","name":"Hig\u00fcey.Info","url":"https:\/\/higuey.info\/news\/","logo":{"@type":"ImageObject","inLanguage":"es","@id":"https:\/\/higuey.info\/news\/#\/schema\/logo\/image\/","url":"https:\/\/higuey.info\/news\/wp-content\/uploads\/2015\/11\/logof.jpg","contentUrl":"https:\/\/higuey.info\/news\/wp-content\/uploads\/2015\/11\/logof.jpg","width":248,"height":90,"caption":"Hig\u00fcey.Info"},"image":{"@id":"https:\/\/higuey.info\/news\/#\/schema\/logo\/image\/"}},{"@type":"Person","@id":"https:\/\/higuey.info\/news\/#\/schema\/person\/274b1e73c44a5e7d852529cd974f389f","name":"higuey.info","image":{"@type":"ImageObject","inLanguage":"es","@id":"https:\/\/secure.gravatar.com\/avatar\/baaa13fb48787405f1f95c6405f1f193ab4cefad2554d219db78e9a57688ba88?s=96&d=wavatar&r=g","url":"https:\/\/secure.gravatar.com\/avatar\/baaa13fb48787405f1f95c6405f1f193ab4cefad2554d219db78e9a57688ba88?s=96&d=wavatar&r=g","contentUrl":"https:\/\/secure.gravatar.com\/avatar\/baaa13fb48787405f1f95c6405f1f193ab4cefad2554d219db78e9a57688ba88?s=96&d=wavatar&r=g","caption":"higuey.info"},"description":"Higuey Info | Portal informativo numero uno de la ciudad de Higuey, Todas las Noticias de Higuey La Altagracia Republica Dominicana.","sameAs":["https:\/\/higuey.info\/news"]}]}},"_links":{"self":[{"href":"https:\/\/higuey.info\/news\/wp-json\/wp\/v2\/posts\/11313","targetHints":{"allow":["GET"]}}],"collection":[{"href":"https:\/\/higuey.info\/news\/wp-json\/wp\/v2\/posts"}],"about":[{"href":"https:\/\/higuey.info\/news\/wp-json\/wp\/v2\/types\/post"}],"author":[{"embeddable":true,"href":"https:\/\/higuey.info\/news\/wp-json\/wp\/v2\/users\/1"}],"replies":[{"embeddable":true,"href":"https:\/\/higuey.info\/news\/wp-json\/wp\/v2\/comments?post=11313"}],"version-history":[{"count":1,"href":"https:\/\/higuey.info\/news\/wp-json\/wp\/v2\/posts\/11313\/revisions"}],"predecessor-version":[{"id":11315,"href":"https:\/\/higuey.info\/news\/wp-json\/wp\/v2\/posts\/11313\/revisions\/11315"}],"wp:featuredmedia":[{"embeddable":true,"href":"https:\/\/higuey.info\/news\/wp-json\/wp\/v2\/media\/11314"}],"wp:attachment":[{"href":"https:\/\/higuey.info\/news\/wp-json\/wp\/v2\/media?parent=11313"}],"wp:term":[{"taxonomy":"category","embeddable":true,"href":"https:\/\/higuey.info\/news\/wp-json\/wp\/v2\/categories?post=11313"},{"taxonomy":"post_tag","embeddable":true,"href":"https:\/\/higuey.info\/news\/wp-json\/wp\/v2\/tags?post=11313"}],"curies":[{"name":"wp","href":"https:\/\/api.w.org\/{rel}","templated":true}]}}