{"id":11687,"date":"2018-07-09T22:07:24","date_gmt":"2018-07-09T22:07:24","guid":{"rendered":"https:\/\/higuey.info\/news\/news\/?p=11687"},"modified":"2020-11-21T14:46:36","modified_gmt":"2020-11-21T14:46:36","slug":"beryl-afecta-a-puerto-rico-y-empieza-a-incidir-en-region-este-de-rd","status":"publish","type":"post","link":"https:\/\/higuey.info\/news\/beryl-afecta-a-puerto-rico-y-empieza-a-incidir-en-region-este-de-rd\/","title":{"rendered":"Beryl afecta a Puerto Rico y empieza a incidir en regi\u00f3n este de RD."},"content":{"rendered":"<div id=\"ArticleSourceDiv\" class=\"article-body-author\"><b>[&#8212;] Santo Domingo<\/b><\/div>\n<div id=\"ArticleBody\">\n<p>Los remanentes de la activa <strong>onda tropical Beryl<\/strong> empiezan a afectar el territorio nacional, sobre todo en la parte este.<\/p>\n<p>Las provincias que primero han recibido las lluvias son <strong>Hig\u00fcey y Saman\u00e1<\/strong>, pero a medida que avancen las horas otras provincias continuar\u00e1n siendo afectadas. \u00a0[ad id=\u00bb11330&#8243;]<\/p>\n<p>En tanto que en <strong>Puerto Rico<\/strong>, el fen\u00f3meno ocasiona la tade de este lunes fuertes tronadas y vientos con r\u00e1fagas de hasta 50 millas por hora en la mitad este de la isla del encanto, seg\u00fan inform\u00f3 el Servicio Nacional de <strong>Meteorolog\u00eda<\/strong> en <strong>San Juan<\/strong>.<\/p>\n<p>En el pa\u00eds, el Centro de Operaciones de Emergencia (<a href=\"https:\/\/higuey.info\/news\/?s=COE\"><strong>COE<\/strong><\/a>) emiti\u00f3 nivel de alerta verde para 15 provincias: S<strong>\u00e1nchez Ram\u00edrez, San Crist\u00f3bal, Mar\u00eda Trinidad S\u00e1nchez, Hermanas Mirabal, Hato Mayor, el Gran Santo Domingo, Duarte (en especial el Bajo Yuna), La Vega, Monse\u00f1or Nouel, Monte Plata, San Pedro de Macor\u00eds, El Seibo, La Altagracia, Saman\u00e1 y La Romana<\/strong>.[&#8212;]<\/p>\n<p>De acuerdo al pron\u00f3stico de la Oficina Nacional de Meteorolog\u00eda, en el transcurso de la tarde y noche se producir\u00e1n nublados frecuentes acompa\u00f1ados de aguaceros siendo de moderados a fuertes en ocasiones con tormentas el\u00e9ctricas y r\u00e1fagas de viento en gran parte del pa\u00eds, esper\u00e1ndose con mayor incidencia hacia las regiones este, noreste, sureste, cordillera Central y la zona fronteriza.<\/p>\n<p>Seg\u00fan<strong> Onamet<\/strong>, para ma\u00f1ana continuar\u00e1n los nublados con aguaceros siendo ocasionalmente fuertes acompa\u00f1ados de tormentas el\u00e9ctricas y r\u00e1fagas de viento en la mayor\u00eda de las provincias de la Rep\u00fablica Dominicana.<\/p>\n<\/div>\n","protected":false},"excerpt":{"rendered":"<p>En tanto que en Puerto Rico, el fen\u00f3meno ocasiona la tade de este lunes fuertes tronadas y vientos con r\u00e1fagas de hasta 50 millas por hora en la mitad este de la isla del encanto, seg\u00fan inform\u00f3 el Servicio Nacional de Meteorolog\u00eda en San Juan.\u00a0<\/p>\n","protected":false},"author":1,"featured_media":11688,"comment_status":"open","ping_status":"open","sticky":false,"template":"","format":"standard","meta":{"footnotes":""},"categories":[6669,6694,4],"tags":[6973,1797,1628,1301,2505,6970,214,3361,1798,6972,6971],"class_list":["post-11687","post","type-post","status-publish","format-standard","has-post-thumbnail","hentry","category-clima","category-destacado","category-higuey","tag-beryl","tag-coe","tag-mal-tiempo","tag-meteorologia","tag-onamet","tag-onda-tropical-beryl","tag-puerto-rico","tag-san-juan","tag-tormenta","tag-tronadas","tag-vientos"],"yoast_head":"<!-- This site is optimized with the Yoast SEO plugin v27.5 - https:\/\/yoast.com\/product\/yoast-seo-wordpress\/ -->\n<title>Beryl afecta a Puerto Rico y empieza a incidir en regi\u00f3n este de RD. - Higuey.Info<\/title>\n<meta name=\"description\" content=\"En tanto que en Puerto Rico, el fen\u00f3meno ocasiona la tade de este lunes fuertes tronadas y vientos con r\u00e1fagas de hasta 50 millas por hora en la mitad este de la isla del encanto, seg\u00fan inform\u00f3 el Servicio Nacional de Meteorolog\u00eda en San Juan.\u00a0\" \/>\n<meta name=\"robots\" content=\"index, follow, max-snippet:-1, max-image-preview:large, max-video-preview:-1\" \/>\n<link rel=\"canonical\" href=\"https:\/\/higuey.info\/news\/beryl-afecta-a-puerto-rico-y-empieza-a-incidir-en-region-este-de-rd\/\" \/>\n<meta property=\"og:locale\" content=\"es_ES\" \/>\n<meta property=\"og:type\" content=\"article\" \/>\n<meta property=\"og:title\" content=\"Beryl afecta a Puerto Rico y empieza a incidir en regi\u00f3n este de RD. - Higuey.Info\" \/>\n<meta property=\"og:description\" content=\"En tanto que en Puerto Rico, el fen\u00f3meno ocasiona la tade de este lunes fuertes tronadas y vientos con r\u00e1fagas de hasta 50 millas por hora en la mitad este de la isla del encanto, seg\u00fan inform\u00f3 el Servicio Nacional de Meteorolog\u00eda en San Juan.\u00a0\" \/>\n<meta property=\"og:url\" content=\"https:\/\/higuey.info\/news\/beryl-afecta-a-puerto-rico-y-empieza-a-incidir-en-region-este-de-rd\/\" \/>\n<meta property=\"og:site_name\" content=\"Hig\u00fcey.Info\" \/>\n<meta property=\"article:published_time\" content=\"2018-07-09T22:07:24+00:00\" \/>\n<meta property=\"article:modified_time\" content=\"2020-11-21T14:46:36+00:00\" \/>\n<meta property=\"og:image\" content=\"https:\/\/higuey.info\/news\/wp-content\/uploads\/2018\/07\/coe.jpg\" \/>\n\t<meta property=\"og:image:width\" content=\"1280\" \/>\n\t<meta property=\"og:image:height\" content=\"800\" \/>\n\t<meta property=\"og:image:type\" content=\"image\/jpeg\" \/>\n<meta name=\"author\" content=\"higuey.info\" \/>\n<meta name=\"twitter:card\" content=\"summary_large_image\" \/>\n<meta name=\"twitter:label1\" content=\"Escrito por\" \/>\n\t<meta name=\"twitter:data1\" content=\"higuey.info\" \/>\n\t<meta name=\"twitter:label2\" content=\"Tiempo de lectura\" \/>\n\t<meta name=\"twitter:data2\" content=\"1 minuto\" \/>\n<script type=\"application\/ld+json\" class=\"yoast-schema-graph\">{\"@context\":\"https:\\\/\\\/schema.org\",\"@graph\":[{\"@type\":\"Article\",\"@id\":\"https:\\\/\\\/higuey.info\\\/news\\\/beryl-afecta-a-puerto-rico-y-empieza-a-incidir-en-region-este-de-rd\\\/#article\",\"isPartOf\":{\"@id\":\"https:\\\/\\\/higuey.info\\\/news\\\/beryl-afecta-a-puerto-rico-y-empieza-a-incidir-en-region-este-de-rd\\\/\"},\"author\":{\"name\":\"higuey.info\",\"@id\":\"https:\\\/\\\/higuey.info\\\/news\\\/#\\\/schema\\\/person\\\/274b1e73c44a5e7d852529cd974f389f\"},\"headline\":\"Beryl afecta a Puerto Rico y empieza a incidir en regi\u00f3n este de RD.\",\"datePublished\":\"2018-07-09T22:07:24+00:00\",\"dateModified\":\"2020-11-21T14:46:36+00:00\",\"mainEntityOfPage\":{\"@id\":\"https:\\\/\\\/higuey.info\\\/news\\\/beryl-afecta-a-puerto-rico-y-empieza-a-incidir-en-region-este-de-rd\\\/\"},\"wordCount\":285,\"commentCount\":0,\"publisher\":{\"@id\":\"https:\\\/\\\/higuey.info\\\/news\\\/#organization\"},\"image\":{\"@id\":\"https:\\\/\\\/higuey.info\\\/news\\\/beryl-afecta-a-puerto-rico-y-empieza-a-incidir-en-region-este-de-rd\\\/#primaryimage\"},\"thumbnailUrl\":\"https:\\\/\\\/higuey.info\\\/news\\\/wp-content\\\/uploads\\\/2018\\\/07\\\/coe.jpg\",\"keywords\":[\"Beryl\",\"COE\",\"Mal tiempo\",\"meteorologia\",\"ONAMET\",\"onda tropical Beryl\",\"Puerto Rico\",\"San Juan\",\"Tormenta\",\"Tronadas\",\"Vientos\"],\"articleSection\":[\"Clima\",\"Destacado\",\"Higuey\"],\"inLanguage\":\"es\",\"potentialAction\":[{\"@type\":\"CommentAction\",\"name\":\"Comment\",\"target\":[\"https:\\\/\\\/higuey.info\\\/news\\\/beryl-afecta-a-puerto-rico-y-empieza-a-incidir-en-region-este-de-rd\\\/#respond\"]}]},{\"@type\":\"WebPage\",\"@id\":\"https:\\\/\\\/higuey.info\\\/news\\\/beryl-afecta-a-puerto-rico-y-empieza-a-incidir-en-region-este-de-rd\\\/\",\"url\":\"https:\\\/\\\/higuey.info\\\/news\\\/beryl-afecta-a-puerto-rico-y-empieza-a-incidir-en-region-este-de-rd\\\/\",\"name\":\"Beryl afecta a Puerto Rico y empieza a incidir en regi\u00f3n este de RD. - Higuey.Info\",\"isPartOf\":{\"@id\":\"https:\\\/\\\/higuey.info\\\/news\\\/#website\"},\"primaryImageOfPage\":{\"@id\":\"https:\\\/\\\/higuey.info\\\/news\\\/beryl-afecta-a-puerto-rico-y-empieza-a-incidir-en-region-este-de-rd\\\/#primaryimage\"},\"image\":{\"@id\":\"https:\\\/\\\/higuey.info\\\/news\\\/beryl-afecta-a-puerto-rico-y-empieza-a-incidir-en-region-este-de-rd\\\/#primaryimage\"},\"thumbnailUrl\":\"https:\\\/\\\/higuey.info\\\/news\\\/wp-content\\\/uploads\\\/2018\\\/07\\\/coe.jpg\",\"datePublished\":\"2018-07-09T22:07:24+00:00\",\"dateModified\":\"2020-11-21T14:46:36+00:00\",\"description\":\"En tanto que en Puerto Rico, el fen\u00f3meno ocasiona la tade de este lunes fuertes tronadas y vientos con r\u00e1fagas de hasta 50 millas por hora en la mitad este de la isla del encanto, seg\u00fan inform\u00f3 el Servicio Nacional de Meteorolog\u00eda en San Juan.\u00a0\",\"breadcrumb\":{\"@id\":\"https:\\\/\\\/higuey.info\\\/news\\\/beryl-afecta-a-puerto-rico-y-empieza-a-incidir-en-region-este-de-rd\\\/#breadcrumb\"},\"inLanguage\":\"es\",\"potentialAction\":[{\"@type\":\"ReadAction\",\"target\":[\"https:\\\/\\\/higuey.info\\\/news\\\/beryl-afecta-a-puerto-rico-y-empieza-a-incidir-en-region-este-de-rd\\\/\"]}]},{\"@type\":\"ImageObject\",\"inLanguage\":\"es\",\"@id\":\"https:\\\/\\\/higuey.info\\\/news\\\/beryl-afecta-a-puerto-rico-y-empieza-a-incidir-en-region-este-de-rd\\\/#primaryimage\",\"url\":\"https:\\\/\\\/higuey.info\\\/news\\\/wp-content\\\/uploads\\\/2018\\\/07\\\/coe.jpg\",\"contentUrl\":\"https:\\\/\\\/higuey.info\\\/news\\\/wp-content\\\/uploads\\\/2018\\\/07\\\/coe.jpg\",\"width\":\"1280\",\"height\":\"800\"},{\"@type\":\"BreadcrumbList\",\"@id\":\"https:\\\/\\\/higuey.info\\\/news\\\/beryl-afecta-a-puerto-rico-y-empieza-a-incidir-en-region-este-de-rd\\\/#breadcrumb\",\"itemListElement\":[{\"@type\":\"ListItem\",\"position\":1,\"name\":\"Portada\",\"item\":\"https:\\\/\\\/higuey.info\\\/news\\\/\"},{\"@type\":\"ListItem\",\"position\":2,\"name\":\"Beryl afecta a Puerto Rico y empieza a incidir en regi\u00f3n este de RD.\"}]},{\"@type\":\"WebSite\",\"@id\":\"https:\\\/\\\/higuey.info\\\/news\\\/#website\",\"url\":\"https:\\\/\\\/higuey.info\\\/news\\\/\",\"name\":\"Hig\u00fcey.Info\",\"description\":\"Noticias de Hig\u00fcey La Altagracia Rep\u00fablica Dominicana.\",\"publisher\":{\"@id\":\"https:\\\/\\\/higuey.info\\\/news\\\/#organization\"},\"potentialAction\":[{\"@type\":\"SearchAction\",\"target\":{\"@type\":\"EntryPoint\",\"urlTemplate\":\"https:\\\/\\\/higuey.info\\\/news\\\/?s={search_term_string}\"},\"query-input\":{\"@type\":\"PropertyValueSpecification\",\"valueRequired\":true,\"valueName\":\"search_term_string\"}}],\"inLanguage\":\"es\"},{\"@type\":\"Organization\",\"@id\":\"https:\\\/\\\/higuey.info\\\/news\\\/#organization\",\"name\":\"Hig\u00fcey.Info\",\"url\":\"https:\\\/\\\/higuey.info\\\/news\\\/\",\"logo\":{\"@type\":\"ImageObject\",\"inLanguage\":\"es\",\"@id\":\"https:\\\/\\\/higuey.info\\\/news\\\/#\\\/schema\\\/logo\\\/image\\\/\",\"url\":\"https:\\\/\\\/higuey.info\\\/news\\\/wp-content\\\/uploads\\\/2015\\\/11\\\/logof.jpg\",\"contentUrl\":\"https:\\\/\\\/higuey.info\\\/news\\\/wp-content\\\/uploads\\\/2015\\\/11\\\/logof.jpg\",\"width\":248,\"height\":90,\"caption\":\"Hig\u00fcey.Info\"},\"image\":{\"@id\":\"https:\\\/\\\/higuey.info\\\/news\\\/#\\\/schema\\\/logo\\\/image\\\/\"}},{\"@type\":\"Person\",\"@id\":\"https:\\\/\\\/higuey.info\\\/news\\\/#\\\/schema\\\/person\\\/274b1e73c44a5e7d852529cd974f389f\",\"name\":\"higuey.info\",\"image\":{\"@type\":\"ImageObject\",\"inLanguage\":\"es\",\"@id\":\"https:\\\/\\\/secure.gravatar.com\\\/avatar\\\/baaa13fb48787405f1f95c6405f1f193ab4cefad2554d219db78e9a57688ba88?s=96&d=wavatar&r=g\",\"url\":\"https:\\\/\\\/secure.gravatar.com\\\/avatar\\\/baaa13fb48787405f1f95c6405f1f193ab4cefad2554d219db78e9a57688ba88?s=96&d=wavatar&r=g\",\"contentUrl\":\"https:\\\/\\\/secure.gravatar.com\\\/avatar\\\/baaa13fb48787405f1f95c6405f1f193ab4cefad2554d219db78e9a57688ba88?s=96&d=wavatar&r=g\",\"caption\":\"higuey.info\"},\"description\":\"Higuey Info | Portal informativo numero uno de la ciudad de Higuey, Todas las Noticias de Higuey La Altagracia Republica Dominicana.\",\"sameAs\":[\"https:\\\/\\\/higuey.info\\\/news\"]}]}<\/script>\n<!-- \/ Yoast SEO plugin. -->","yoast_head_json":{"title":"Beryl afecta a Puerto Rico y empieza a incidir en regi\u00f3n este de RD. - Higuey.Info","description":"En tanto que en Puerto Rico, el fen\u00f3meno ocasiona la tade de este lunes fuertes tronadas y vientos con r\u00e1fagas de hasta 50 millas por hora en la mitad este de la isla del encanto, seg\u00fan inform\u00f3 el Servicio Nacional de Meteorolog\u00eda en San Juan.\u00a0","robots":{"index":"index","follow":"follow","max-snippet":"max-snippet:-1","max-image-preview":"max-image-preview:large","max-video-preview":"max-video-preview:-1"},"canonical":"https:\/\/higuey.info\/news\/beryl-afecta-a-puerto-rico-y-empieza-a-incidir-en-region-este-de-rd\/","og_locale":"es_ES","og_type":"article","og_title":"Beryl afecta a Puerto Rico y empieza a incidir en regi\u00f3n este de RD. - Higuey.Info","og_description":"En tanto que en Puerto Rico, el fen\u00f3meno ocasiona la tade de este lunes fuertes tronadas y vientos con r\u00e1fagas de hasta 50 millas por hora en la mitad este de la isla del encanto, seg\u00fan inform\u00f3 el Servicio Nacional de Meteorolog\u00eda en San Juan.\u00a0","og_url":"https:\/\/higuey.info\/news\/beryl-afecta-a-puerto-rico-y-empieza-a-incidir-en-region-este-de-rd\/","og_site_name":"Hig\u00fcey.Info","article_published_time":"2018-07-09T22:07:24+00:00","article_modified_time":"2020-11-21T14:46:36+00:00","og_image":[{"width":1280,"height":800,"url":"https:\/\/higuey.info\/news\/wp-content\/uploads\/2018\/07\/coe.jpg","type":"image\/jpeg"}],"author":"higuey.info","twitter_card":"summary_large_image","twitter_misc":{"Escrito por":"higuey.info","Tiempo de lectura":"1 minuto"},"schema":{"@context":"https:\/\/schema.org","@graph":[{"@type":"Article","@id":"https:\/\/higuey.info\/news\/beryl-afecta-a-puerto-rico-y-empieza-a-incidir-en-region-este-de-rd\/#article","isPartOf":{"@id":"https:\/\/higuey.info\/news\/beryl-afecta-a-puerto-rico-y-empieza-a-incidir-en-region-este-de-rd\/"},"author":{"name":"higuey.info","@id":"https:\/\/higuey.info\/news\/#\/schema\/person\/274b1e73c44a5e7d852529cd974f389f"},"headline":"Beryl afecta a Puerto Rico y empieza a incidir en regi\u00f3n este de RD.","datePublished":"2018-07-09T22:07:24+00:00","dateModified":"2020-11-21T14:46:36+00:00","mainEntityOfPage":{"@id":"https:\/\/higuey.info\/news\/beryl-afecta-a-puerto-rico-y-empieza-a-incidir-en-region-este-de-rd\/"},"wordCount":285,"commentCount":0,"publisher":{"@id":"https:\/\/higuey.info\/news\/#organization"},"image":{"@id":"https:\/\/higuey.info\/news\/beryl-afecta-a-puerto-rico-y-empieza-a-incidir-en-region-este-de-rd\/#primaryimage"},"thumbnailUrl":"https:\/\/higuey.info\/news\/wp-content\/uploads\/2018\/07\/coe.jpg","keywords":["Beryl","COE","Mal tiempo","meteorologia","ONAMET","onda tropical Beryl","Puerto Rico","San Juan","Tormenta","Tronadas","Vientos"],"articleSection":["Clima","Destacado","Higuey"],"inLanguage":"es","potentialAction":[{"@type":"CommentAction","name":"Comment","target":["https:\/\/higuey.info\/news\/beryl-afecta-a-puerto-rico-y-empieza-a-incidir-en-region-este-de-rd\/#respond"]}]},{"@type":"WebPage","@id":"https:\/\/higuey.info\/news\/beryl-afecta-a-puerto-rico-y-empieza-a-incidir-en-region-este-de-rd\/","url":"https:\/\/higuey.info\/news\/beryl-afecta-a-puerto-rico-y-empieza-a-incidir-en-region-este-de-rd\/","name":"Beryl afecta a Puerto Rico y empieza a incidir en regi\u00f3n este de RD. - Higuey.Info","isPartOf":{"@id":"https:\/\/higuey.info\/news\/#website"},"primaryImageOfPage":{"@id":"https:\/\/higuey.info\/news\/beryl-afecta-a-puerto-rico-y-empieza-a-incidir-en-region-este-de-rd\/#primaryimage"},"image":{"@id":"https:\/\/higuey.info\/news\/beryl-afecta-a-puerto-rico-y-empieza-a-incidir-en-region-este-de-rd\/#primaryimage"},"thumbnailUrl":"https:\/\/higuey.info\/news\/wp-content\/uploads\/2018\/07\/coe.jpg","datePublished":"2018-07-09T22:07:24+00:00","dateModified":"2020-11-21T14:46:36+00:00","description":"En tanto que en Puerto Rico, el fen\u00f3meno ocasiona la tade de este lunes fuertes tronadas y vientos con r\u00e1fagas de hasta 50 millas por hora en la mitad este de la isla del encanto, seg\u00fan inform\u00f3 el Servicio Nacional de Meteorolog\u00eda en San Juan.\u00a0","breadcrumb":{"@id":"https:\/\/higuey.info\/news\/beryl-afecta-a-puerto-rico-y-empieza-a-incidir-en-region-este-de-rd\/#breadcrumb"},"inLanguage":"es","potentialAction":[{"@type":"ReadAction","target":["https:\/\/higuey.info\/news\/beryl-afecta-a-puerto-rico-y-empieza-a-incidir-en-region-este-de-rd\/"]}]},{"@type":"ImageObject","inLanguage":"es","@id":"https:\/\/higuey.info\/news\/beryl-afecta-a-puerto-rico-y-empieza-a-incidir-en-region-este-de-rd\/#primaryimage","url":"https:\/\/higuey.info\/news\/wp-content\/uploads\/2018\/07\/coe.jpg","contentUrl":"https:\/\/higuey.info\/news\/wp-content\/uploads\/2018\/07\/coe.jpg","width":"1280","height":"800"},{"@type":"BreadcrumbList","@id":"https:\/\/higuey.info\/news\/beryl-afecta-a-puerto-rico-y-empieza-a-incidir-en-region-este-de-rd\/#breadcrumb","itemListElement":[{"@type":"ListItem","position":1,"name":"Portada","item":"https:\/\/higuey.info\/news\/"},{"@type":"ListItem","position":2,"name":"Beryl afecta a Puerto Rico y empieza a incidir en regi\u00f3n este de RD."}]},{"@type":"WebSite","@id":"https:\/\/higuey.info\/news\/#website","url":"https:\/\/higuey.info\/news\/","name":"Hig\u00fcey.Info","description":"Noticias de Hig\u00fcey La Altagracia Rep\u00fablica Dominicana.","publisher":{"@id":"https:\/\/higuey.info\/news\/#organization"},"potentialAction":[{"@type":"SearchAction","target":{"@type":"EntryPoint","urlTemplate":"https:\/\/higuey.info\/news\/?s={search_term_string}"},"query-input":{"@type":"PropertyValueSpecification","valueRequired":true,"valueName":"search_term_string"}}],"inLanguage":"es"},{"@type":"Organization","@id":"https:\/\/higuey.info\/news\/#organization","name":"Hig\u00fcey.Info","url":"https:\/\/higuey.info\/news\/","logo":{"@type":"ImageObject","inLanguage":"es","@id":"https:\/\/higuey.info\/news\/#\/schema\/logo\/image\/","url":"https:\/\/higuey.info\/news\/wp-content\/uploads\/2015\/11\/logof.jpg","contentUrl":"https:\/\/higuey.info\/news\/wp-content\/uploads\/2015\/11\/logof.jpg","width":248,"height":90,"caption":"Hig\u00fcey.Info"},"image":{"@id":"https:\/\/higuey.info\/news\/#\/schema\/logo\/image\/"}},{"@type":"Person","@id":"https:\/\/higuey.info\/news\/#\/schema\/person\/274b1e73c44a5e7d852529cd974f389f","name":"higuey.info","image":{"@type":"ImageObject","inLanguage":"es","@id":"https:\/\/secure.gravatar.com\/avatar\/baaa13fb48787405f1f95c6405f1f193ab4cefad2554d219db78e9a57688ba88?s=96&d=wavatar&r=g","url":"https:\/\/secure.gravatar.com\/avatar\/baaa13fb48787405f1f95c6405f1f193ab4cefad2554d219db78e9a57688ba88?s=96&d=wavatar&r=g","contentUrl":"https:\/\/secure.gravatar.com\/avatar\/baaa13fb48787405f1f95c6405f1f193ab4cefad2554d219db78e9a57688ba88?s=96&d=wavatar&r=g","caption":"higuey.info"},"description":"Higuey Info | Portal informativo numero uno de la ciudad de Higuey, Todas las Noticias de Higuey La Altagracia Republica Dominicana.","sameAs":["https:\/\/higuey.info\/news"]}]}},"_links":{"self":[{"href":"https:\/\/higuey.info\/news\/wp-json\/wp\/v2\/posts\/11687","targetHints":{"allow":["GET"]}}],"collection":[{"href":"https:\/\/higuey.info\/news\/wp-json\/wp\/v2\/posts"}],"about":[{"href":"https:\/\/higuey.info\/news\/wp-json\/wp\/v2\/types\/post"}],"author":[{"embeddable":true,"href":"https:\/\/higuey.info\/news\/wp-json\/wp\/v2\/users\/1"}],"replies":[{"embeddable":true,"href":"https:\/\/higuey.info\/news\/wp-json\/wp\/v2\/comments?post=11687"}],"version-history":[{"count":2,"href":"https:\/\/higuey.info\/news\/wp-json\/wp\/v2\/posts\/11687\/revisions"}],"predecessor-version":[{"id":16932,"href":"https:\/\/higuey.info\/news\/wp-json\/wp\/v2\/posts\/11687\/revisions\/16932"}],"wp:featuredmedia":[{"embeddable":true,"href":"https:\/\/higuey.info\/news\/wp-json\/wp\/v2\/media\/11688"}],"wp:attachment":[{"href":"https:\/\/higuey.info\/news\/wp-json\/wp\/v2\/media?parent=11687"}],"wp:term":[{"taxonomy":"category","embeddable":true,"href":"https:\/\/higuey.info\/news\/wp-json\/wp\/v2\/categories?post=11687"},{"taxonomy":"post_tag","embeddable":true,"href":"https:\/\/higuey.info\/news\/wp-json\/wp\/v2\/tags?post=11687"}],"curies":[{"name":"wp","href":"https:\/\/api.w.org\/{rel}","templated":true}]}}