{"id":12222,"date":"2018-07-26T03:25:59","date_gmt":"2018-07-26T03:25:59","guid":{"rendered":"https:\/\/higuey.info\/news\/news\/?p=12222"},"modified":"2020-11-21T04:20:25","modified_gmt":"2020-11-21T04:20:25","slug":"don-ruben-dario-habla-de-las-posibilidad-de-que-ciertas-autoridades-vengan-a-la-ciudad-manana","status":"publish","type":"post","link":"https:\/\/higuey.info\/news\/don-ruben-dario-habla-de-las-posibilidad-de-que-ciertas-autoridades-vengan-a-la-ciudad-manana\/","title":{"rendered":"Don Ruben Dario habla de las posibilidad de que el Ministro Administrativo de la Presidencia vengan a la ciudad ma\u00f1ana."},"content":{"rendered":"<p><strong>Ruben Dario &#8211; Visi\u00f3n 20\/20<\/strong><\/p>\n<p>[&#8212;]Se cree ma\u00f1ana viene a tratar de calmar los \u00e1nimos y hablar con la Federacion, el Ministro Administrativo de la Presidencia y cercano al presidente Medina, el Lic. <strong>Jos\u00e9 Ram\u00f3n Peralta<\/strong>.\u00a0[&#8212;]<\/p>\n<p>A QUE VIENE? Y ahora? Hasta lo mucho, Dios lo ve.\u00a0 [ad id=\u00bb11330&#8243;]<\/p>\n<div class=\"text_exposed_show\">\n<figure id=\"attachment_12194\" aria-describedby=\"caption-attachment-12194\" style=\"width: 270px\" class=\"wp-caption alignleft\"><a href=\"https:\/\/higuey.info\/news\/tag\/huelgahiguey2018\/\"><img loading=\"lazy\" decoding=\"async\" class=\" wp-image-12194\" src=\"https:\/\/higuey.info\/news\/wp-content\/uploads\/2018\/07\/HuelgaHiguey-300x188.jpg\" alt=\"\" width=\"270\" height=\"169\" srcset=\"https:\/\/higuey.info\/news\/wp-content\/uploads\/2018\/07\/HuelgaHiguey-300x188.jpg 300w, https:\/\/higuey.info\/news\/wp-content\/uploads\/2018\/07\/HuelgaHiguey-768x480.jpg 768w, https:\/\/higuey.info\/news\/wp-content\/uploads\/2018\/07\/HuelgaHiguey-120x76.jpg 120w, https:\/\/higuey.info\/news\/wp-content\/uploads\/2018\/07\/HuelgaHiguey-274x173.jpg 274w, https:\/\/higuey.info\/news\/wp-content\/uploads\/2018\/07\/HuelgaHiguey-308x192.jpg 308w, https:\/\/higuey.info\/news\/wp-content\/uploads\/2018\/07\/HuelgaHiguey-610x380.jpg 610w, https:\/\/higuey.info\/news\/wp-content\/uploads\/2018\/07\/HuelgaHiguey-822x512.jpg 822w, https:\/\/higuey.info\/news\/wp-content\/uploads\/2018\/07\/HuelgaHiguey-900x563.jpg 900w, https:\/\/higuey.info\/news\/wp-content\/uploads\/2018\/07\/HuelgaHiguey.jpg 1280w\" sizes=\"auto, (max-width: 270px) 100vw, 270px\" \/><\/a><figcaption id=\"caption-attachment-12194\" class=\"wp-caption-text\">Clic en esta imagen para conocer paso a paso el acontecer del llamado a paro (Huelga)<\/figcaption><\/figure>\n<p>\u201cLe quisiera decir al Gobernador: Hermano G\u00fcilamo, no se ponga de relajo. A usted mismo y dem\u00e1s autoridades nuestras, le han hecho quedar mal.<\/p>\n<p>A los Confederados: Sean transparentes, no afecten su imagen en estos posibles di\u00e1logos con autoridades\u201d.<\/p>\n<p>&nbsp;<\/p>\n<\/div>\n","protected":false},"excerpt":{"rendered":"<p>Se cree ma\u00f1ana viene a tratar de calmar los \u00e1nimos y hablar con la Federacion, el Ministro Administrativo de la Presidencia y cercano al presidente Medina, el Lic. Jos\u00e9 Ram\u00f3n Peralta<\/p>\n","protected":false},"author":1,"featured_media":12178,"comment_status":"open","ping_status":"open","sticky":false,"template":"","format":"video","meta":{"footnotes":""},"categories":[6694,4,6995],"tags":[82,7300,7302,7312,171,81,7261,2150,2148],"class_list":["post-12222","post","type-post","status-publish","format-video","has-post-thumbnail","hentry","category-destacado","category-higuey","category-la-altagracia","tag-huelga","tag-huelgahiguey","tag-huelgahiguey2018","tag-jose-ramon-peralta","tag-medina","tag-paro","tag-protestas","tag-reclamaciones","tag-reclamos","post_format-post-format-video"],"yoast_head":"<!-- This site is optimized with the Yoast SEO plugin v27.5 - https:\/\/yoast.com\/product\/yoast-seo-wordpress\/ -->\n<title>Don Ruben Dario habla de las posibilidad de que el Ministro Administrativo de la Presidencia vengan a la ciudad ma\u00f1ana. - Higuey.Info<\/title>\n<meta name=\"description\" content=\"Se cree ma\u00f1ana viene a tratar de calmar los \u00e1nimos y hablar con la Federacion, el Ministro Administrativo de la Presidencia y cercano al presidente Medina, el Lic. Jos\u00e9 Ram\u00f3n Peralta\" \/>\n<meta name=\"robots\" content=\"index, follow, max-snippet:-1, max-image-preview:large, max-video-preview:-1\" \/>\n<link rel=\"canonical\" href=\"https:\/\/higuey.info\/news\/don-ruben-dario-habla-de-las-posibilidad-de-que-ciertas-autoridades-vengan-a-la-ciudad-manana\/\" \/>\n<meta property=\"og:locale\" content=\"es_ES\" \/>\n<meta property=\"og:type\" content=\"article\" \/>\n<meta property=\"og:title\" content=\"Don Ruben Dario habla de las posibilidad de que el Ministro Administrativo de la Presidencia vengan a la ciudad ma\u00f1ana. - Higuey.Info\" \/>\n<meta property=\"og:description\" content=\"Se cree ma\u00f1ana viene a tratar de calmar los \u00e1nimos y hablar con la Federacion, el Ministro Administrativo de la Presidencia y cercano al presidente Medina, el Lic. Jos\u00e9 Ram\u00f3n Peralta\" \/>\n<meta property=\"og:url\" content=\"https:\/\/higuey.info\/news\/don-ruben-dario-habla-de-las-posibilidad-de-que-ciertas-autoridades-vengan-a-la-ciudad-manana\/\" \/>\n<meta property=\"og:site_name\" content=\"Hig\u00fcey.Info\" \/>\n<meta property=\"article:published_time\" content=\"2018-07-26T03:25:59+00:00\" \/>\n<meta property=\"article:modified_time\" content=\"2020-11-21T04:20:25+00:00\" \/>\n<meta property=\"og:image\" content=\"https:\/\/higuey.info\/news\/wp-content\/uploads\/2018\/07\/vision2020.jpg\" \/>\n\t<meta property=\"og:image:width\" content=\"1280\" \/>\n\t<meta property=\"og:image:height\" content=\"800\" \/>\n\t<meta property=\"og:image:type\" content=\"image\/jpeg\" \/>\n<meta name=\"author\" content=\"higuey.info\" \/>\n<meta name=\"twitter:card\" content=\"summary_large_image\" \/>\n<meta name=\"twitter:label1\" content=\"Escrito por\" \/>\n\t<meta name=\"twitter:data1\" content=\"higuey.info\" \/>\n\t<meta name=\"twitter:label2\" content=\"Tiempo de lectura\" \/>\n\t<meta name=\"twitter:data2\" content=\"1 minuto\" \/>\n<script type=\"application\/ld+json\" class=\"yoast-schema-graph\">{\"@context\":\"https:\\\/\\\/schema.org\",\"@graph\":[{\"@type\":\"Article\",\"@id\":\"https:\\\/\\\/higuey.info\\\/news\\\/don-ruben-dario-habla-de-las-posibilidad-de-que-ciertas-autoridades-vengan-a-la-ciudad-manana\\\/#article\",\"isPartOf\":{\"@id\":\"https:\\\/\\\/higuey.info\\\/news\\\/don-ruben-dario-habla-de-las-posibilidad-de-que-ciertas-autoridades-vengan-a-la-ciudad-manana\\\/\"},\"author\":{\"name\":\"higuey.info\",\"@id\":\"https:\\\/\\\/higuey.info\\\/news\\\/#\\\/schema\\\/person\\\/274b1e73c44a5e7d852529cd974f389f\"},\"headline\":\"Don Ruben Dario habla de las posibilidad de que el Ministro Administrativo de la Presidencia vengan a la ciudad ma\u00f1ana.\",\"datePublished\":\"2018-07-26T03:25:59+00:00\",\"dateModified\":\"2020-11-21T04:20:25+00:00\",\"mainEntityOfPage\":{\"@id\":\"https:\\\/\\\/higuey.info\\\/news\\\/don-ruben-dario-habla-de-las-posibilidad-de-que-ciertas-autoridades-vengan-a-la-ciudad-manana\\\/\"},\"wordCount\":140,\"commentCount\":0,\"publisher\":{\"@id\":\"https:\\\/\\\/higuey.info\\\/news\\\/#organization\"},\"image\":{\"@id\":\"https:\\\/\\\/higuey.info\\\/news\\\/don-ruben-dario-habla-de-las-posibilidad-de-que-ciertas-autoridades-vengan-a-la-ciudad-manana\\\/#primaryimage\"},\"thumbnailUrl\":\"https:\\\/\\\/higuey.info\\\/news\\\/wp-content\\\/uploads\\\/2018\\\/07\\\/vision2020.jpg\",\"keywords\":[\"huelga\",\"HuelgaHiguey\",\"HuelgaHiguey2018\",\"Jos\u00e9 Ram\u00f3n Peralta\",\"Medina\",\"paro\",\"Protestas\",\"Reclamaciones\",\"Reclamos\"],\"articleSection\":[\"Destacado\",\"Higuey\",\"La Altagracia\"],\"inLanguage\":\"es\",\"potentialAction\":[{\"@type\":\"CommentAction\",\"name\":\"Comment\",\"target\":[\"https:\\\/\\\/higuey.info\\\/news\\\/don-ruben-dario-habla-de-las-posibilidad-de-que-ciertas-autoridades-vengan-a-la-ciudad-manana\\\/#respond\"]}]},{\"@type\":\"WebPage\",\"@id\":\"https:\\\/\\\/higuey.info\\\/news\\\/don-ruben-dario-habla-de-las-posibilidad-de-que-ciertas-autoridades-vengan-a-la-ciudad-manana\\\/\",\"url\":\"https:\\\/\\\/higuey.info\\\/news\\\/don-ruben-dario-habla-de-las-posibilidad-de-que-ciertas-autoridades-vengan-a-la-ciudad-manana\\\/\",\"name\":\"Don Ruben Dario habla de las posibilidad de que el Ministro Administrativo de la Presidencia vengan a la ciudad ma\u00f1ana. - Higuey.Info\",\"isPartOf\":{\"@id\":\"https:\\\/\\\/higuey.info\\\/news\\\/#website\"},\"primaryImageOfPage\":{\"@id\":\"https:\\\/\\\/higuey.info\\\/news\\\/don-ruben-dario-habla-de-las-posibilidad-de-que-ciertas-autoridades-vengan-a-la-ciudad-manana\\\/#primaryimage\"},\"image\":{\"@id\":\"https:\\\/\\\/higuey.info\\\/news\\\/don-ruben-dario-habla-de-las-posibilidad-de-que-ciertas-autoridades-vengan-a-la-ciudad-manana\\\/#primaryimage\"},\"thumbnailUrl\":\"https:\\\/\\\/higuey.info\\\/news\\\/wp-content\\\/uploads\\\/2018\\\/07\\\/vision2020.jpg\",\"datePublished\":\"2018-07-26T03:25:59+00:00\",\"dateModified\":\"2020-11-21T04:20:25+00:00\",\"description\":\"Se cree ma\u00f1ana viene a tratar de calmar los \u00e1nimos y hablar con la Federacion, el Ministro Administrativo de la Presidencia y cercano al presidente Medina, el Lic. Jos\u00e9 Ram\u00f3n Peralta\",\"breadcrumb\":{\"@id\":\"https:\\\/\\\/higuey.info\\\/news\\\/don-ruben-dario-habla-de-las-posibilidad-de-que-ciertas-autoridades-vengan-a-la-ciudad-manana\\\/#breadcrumb\"},\"inLanguage\":\"es\",\"potentialAction\":[{\"@type\":\"ReadAction\",\"target\":[\"https:\\\/\\\/higuey.info\\\/news\\\/don-ruben-dario-habla-de-las-posibilidad-de-que-ciertas-autoridades-vengan-a-la-ciudad-manana\\\/\"]}]},{\"@type\":\"ImageObject\",\"inLanguage\":\"es\",\"@id\":\"https:\\\/\\\/higuey.info\\\/news\\\/don-ruben-dario-habla-de-las-posibilidad-de-que-ciertas-autoridades-vengan-a-la-ciudad-manana\\\/#primaryimage\",\"url\":\"https:\\\/\\\/higuey.info\\\/news\\\/wp-content\\\/uploads\\\/2018\\\/07\\\/vision2020.jpg\",\"contentUrl\":\"https:\\\/\\\/higuey.info\\\/news\\\/wp-content\\\/uploads\\\/2018\\\/07\\\/vision2020.jpg\",\"width\":\"1280\",\"height\":\"800\"},{\"@type\":\"BreadcrumbList\",\"@id\":\"https:\\\/\\\/higuey.info\\\/news\\\/don-ruben-dario-habla-de-las-posibilidad-de-que-ciertas-autoridades-vengan-a-la-ciudad-manana\\\/#breadcrumb\",\"itemListElement\":[{\"@type\":\"ListItem\",\"position\":1,\"name\":\"Portada\",\"item\":\"https:\\\/\\\/higuey.info\\\/news\\\/\"},{\"@type\":\"ListItem\",\"position\":2,\"name\":\"Don Ruben Dario habla de las posibilidad de que el Ministro Administrativo de la Presidencia vengan a la ciudad ma\u00f1ana.\"}]},{\"@type\":\"WebSite\",\"@id\":\"https:\\\/\\\/higuey.info\\\/news\\\/#website\",\"url\":\"https:\\\/\\\/higuey.info\\\/news\\\/\",\"name\":\"Hig\u00fcey.Info\",\"description\":\"Noticias de Hig\u00fcey La Altagracia Rep\u00fablica Dominicana.\",\"publisher\":{\"@id\":\"https:\\\/\\\/higuey.info\\\/news\\\/#organization\"},\"potentialAction\":[{\"@type\":\"SearchAction\",\"target\":{\"@type\":\"EntryPoint\",\"urlTemplate\":\"https:\\\/\\\/higuey.info\\\/news\\\/?s={search_term_string}\"},\"query-input\":{\"@type\":\"PropertyValueSpecification\",\"valueRequired\":true,\"valueName\":\"search_term_string\"}}],\"inLanguage\":\"es\"},{\"@type\":\"Organization\",\"@id\":\"https:\\\/\\\/higuey.info\\\/news\\\/#organization\",\"name\":\"Hig\u00fcey.Info\",\"url\":\"https:\\\/\\\/higuey.info\\\/news\\\/\",\"logo\":{\"@type\":\"ImageObject\",\"inLanguage\":\"es\",\"@id\":\"https:\\\/\\\/higuey.info\\\/news\\\/#\\\/schema\\\/logo\\\/image\\\/\",\"url\":\"https:\\\/\\\/higuey.info\\\/news\\\/wp-content\\\/uploads\\\/2015\\\/11\\\/logof.jpg\",\"contentUrl\":\"https:\\\/\\\/higuey.info\\\/news\\\/wp-content\\\/uploads\\\/2015\\\/11\\\/logof.jpg\",\"width\":248,\"height\":90,\"caption\":\"Hig\u00fcey.Info\"},\"image\":{\"@id\":\"https:\\\/\\\/higuey.info\\\/news\\\/#\\\/schema\\\/logo\\\/image\\\/\"}},{\"@type\":\"Person\",\"@id\":\"https:\\\/\\\/higuey.info\\\/news\\\/#\\\/schema\\\/person\\\/274b1e73c44a5e7d852529cd974f389f\",\"name\":\"higuey.info\",\"image\":{\"@type\":\"ImageObject\",\"inLanguage\":\"es\",\"@id\":\"https:\\\/\\\/secure.gravatar.com\\\/avatar\\\/baaa13fb48787405f1f95c6405f1f193ab4cefad2554d219db78e9a57688ba88?s=96&d=wavatar&r=g\",\"url\":\"https:\\\/\\\/secure.gravatar.com\\\/avatar\\\/baaa13fb48787405f1f95c6405f1f193ab4cefad2554d219db78e9a57688ba88?s=96&d=wavatar&r=g\",\"contentUrl\":\"https:\\\/\\\/secure.gravatar.com\\\/avatar\\\/baaa13fb48787405f1f95c6405f1f193ab4cefad2554d219db78e9a57688ba88?s=96&d=wavatar&r=g\",\"caption\":\"higuey.info\"},\"description\":\"Higuey Info | Portal informativo numero uno de la ciudad de Higuey, Todas las Noticias de Higuey La Altagracia Republica Dominicana.\",\"sameAs\":[\"https:\\\/\\\/higuey.info\\\/news\"]}]}<\/script>\n<!-- \/ Yoast SEO plugin. -->","yoast_head_json":{"title":"Don Ruben Dario habla de las posibilidad de que el Ministro Administrativo de la Presidencia vengan a la ciudad ma\u00f1ana. - Higuey.Info","description":"Se cree ma\u00f1ana viene a tratar de calmar los \u00e1nimos y hablar con la Federacion, el Ministro Administrativo de la Presidencia y cercano al presidente Medina, el Lic. Jos\u00e9 Ram\u00f3n Peralta","robots":{"index":"index","follow":"follow","max-snippet":"max-snippet:-1","max-image-preview":"max-image-preview:large","max-video-preview":"max-video-preview:-1"},"canonical":"https:\/\/higuey.info\/news\/don-ruben-dario-habla-de-las-posibilidad-de-que-ciertas-autoridades-vengan-a-la-ciudad-manana\/","og_locale":"es_ES","og_type":"article","og_title":"Don Ruben Dario habla de las posibilidad de que el Ministro Administrativo de la Presidencia vengan a la ciudad ma\u00f1ana. - Higuey.Info","og_description":"Se cree ma\u00f1ana viene a tratar de calmar los \u00e1nimos y hablar con la Federacion, el Ministro Administrativo de la Presidencia y cercano al presidente Medina, el Lic. Jos\u00e9 Ram\u00f3n Peralta","og_url":"https:\/\/higuey.info\/news\/don-ruben-dario-habla-de-las-posibilidad-de-que-ciertas-autoridades-vengan-a-la-ciudad-manana\/","og_site_name":"Hig\u00fcey.Info","article_published_time":"2018-07-26T03:25:59+00:00","article_modified_time":"2020-11-21T04:20:25+00:00","og_image":[{"width":1280,"height":800,"url":"https:\/\/higuey.info\/news\/wp-content\/uploads\/2018\/07\/vision2020.jpg","type":"image\/jpeg"}],"author":"higuey.info","twitter_card":"summary_large_image","twitter_misc":{"Escrito por":"higuey.info","Tiempo de lectura":"1 minuto"},"schema":{"@context":"https:\/\/schema.org","@graph":[{"@type":"Article","@id":"https:\/\/higuey.info\/news\/don-ruben-dario-habla-de-las-posibilidad-de-que-ciertas-autoridades-vengan-a-la-ciudad-manana\/#article","isPartOf":{"@id":"https:\/\/higuey.info\/news\/don-ruben-dario-habla-de-las-posibilidad-de-que-ciertas-autoridades-vengan-a-la-ciudad-manana\/"},"author":{"name":"higuey.info","@id":"https:\/\/higuey.info\/news\/#\/schema\/person\/274b1e73c44a5e7d852529cd974f389f"},"headline":"Don Ruben Dario habla de las posibilidad de que el Ministro Administrativo de la Presidencia vengan a la ciudad ma\u00f1ana.","datePublished":"2018-07-26T03:25:59+00:00","dateModified":"2020-11-21T04:20:25+00:00","mainEntityOfPage":{"@id":"https:\/\/higuey.info\/news\/don-ruben-dario-habla-de-las-posibilidad-de-que-ciertas-autoridades-vengan-a-la-ciudad-manana\/"},"wordCount":140,"commentCount":0,"publisher":{"@id":"https:\/\/higuey.info\/news\/#organization"},"image":{"@id":"https:\/\/higuey.info\/news\/don-ruben-dario-habla-de-las-posibilidad-de-que-ciertas-autoridades-vengan-a-la-ciudad-manana\/#primaryimage"},"thumbnailUrl":"https:\/\/higuey.info\/news\/wp-content\/uploads\/2018\/07\/vision2020.jpg","keywords":["huelga","HuelgaHiguey","HuelgaHiguey2018","Jos\u00e9 Ram\u00f3n Peralta","Medina","paro","Protestas","Reclamaciones","Reclamos"],"articleSection":["Destacado","Higuey","La Altagracia"],"inLanguage":"es","potentialAction":[{"@type":"CommentAction","name":"Comment","target":["https:\/\/higuey.info\/news\/don-ruben-dario-habla-de-las-posibilidad-de-que-ciertas-autoridades-vengan-a-la-ciudad-manana\/#respond"]}]},{"@type":"WebPage","@id":"https:\/\/higuey.info\/news\/don-ruben-dario-habla-de-las-posibilidad-de-que-ciertas-autoridades-vengan-a-la-ciudad-manana\/","url":"https:\/\/higuey.info\/news\/don-ruben-dario-habla-de-las-posibilidad-de-que-ciertas-autoridades-vengan-a-la-ciudad-manana\/","name":"Don Ruben Dario habla de las posibilidad de que el Ministro Administrativo de la Presidencia vengan a la ciudad ma\u00f1ana. - Higuey.Info","isPartOf":{"@id":"https:\/\/higuey.info\/news\/#website"},"primaryImageOfPage":{"@id":"https:\/\/higuey.info\/news\/don-ruben-dario-habla-de-las-posibilidad-de-que-ciertas-autoridades-vengan-a-la-ciudad-manana\/#primaryimage"},"image":{"@id":"https:\/\/higuey.info\/news\/don-ruben-dario-habla-de-las-posibilidad-de-que-ciertas-autoridades-vengan-a-la-ciudad-manana\/#primaryimage"},"thumbnailUrl":"https:\/\/higuey.info\/news\/wp-content\/uploads\/2018\/07\/vision2020.jpg","datePublished":"2018-07-26T03:25:59+00:00","dateModified":"2020-11-21T04:20:25+00:00","description":"Se cree ma\u00f1ana viene a tratar de calmar los \u00e1nimos y hablar con la Federacion, el Ministro Administrativo de la Presidencia y cercano al presidente Medina, el Lic. Jos\u00e9 Ram\u00f3n Peralta","breadcrumb":{"@id":"https:\/\/higuey.info\/news\/don-ruben-dario-habla-de-las-posibilidad-de-que-ciertas-autoridades-vengan-a-la-ciudad-manana\/#breadcrumb"},"inLanguage":"es","potentialAction":[{"@type":"ReadAction","target":["https:\/\/higuey.info\/news\/don-ruben-dario-habla-de-las-posibilidad-de-que-ciertas-autoridades-vengan-a-la-ciudad-manana\/"]}]},{"@type":"ImageObject","inLanguage":"es","@id":"https:\/\/higuey.info\/news\/don-ruben-dario-habla-de-las-posibilidad-de-que-ciertas-autoridades-vengan-a-la-ciudad-manana\/#primaryimage","url":"https:\/\/higuey.info\/news\/wp-content\/uploads\/2018\/07\/vision2020.jpg","contentUrl":"https:\/\/higuey.info\/news\/wp-content\/uploads\/2018\/07\/vision2020.jpg","width":"1280","height":"800"},{"@type":"BreadcrumbList","@id":"https:\/\/higuey.info\/news\/don-ruben-dario-habla-de-las-posibilidad-de-que-ciertas-autoridades-vengan-a-la-ciudad-manana\/#breadcrumb","itemListElement":[{"@type":"ListItem","position":1,"name":"Portada","item":"https:\/\/higuey.info\/news\/"},{"@type":"ListItem","position":2,"name":"Don Ruben Dario habla de las posibilidad de que el Ministro Administrativo de la Presidencia vengan a la ciudad ma\u00f1ana."}]},{"@type":"WebSite","@id":"https:\/\/higuey.info\/news\/#website","url":"https:\/\/higuey.info\/news\/","name":"Hig\u00fcey.Info","description":"Noticias de Hig\u00fcey La Altagracia Rep\u00fablica Dominicana.","publisher":{"@id":"https:\/\/higuey.info\/news\/#organization"},"potentialAction":[{"@type":"SearchAction","target":{"@type":"EntryPoint","urlTemplate":"https:\/\/higuey.info\/news\/?s={search_term_string}"},"query-input":{"@type":"PropertyValueSpecification","valueRequired":true,"valueName":"search_term_string"}}],"inLanguage":"es"},{"@type":"Organization","@id":"https:\/\/higuey.info\/news\/#organization","name":"Hig\u00fcey.Info","url":"https:\/\/higuey.info\/news\/","logo":{"@type":"ImageObject","inLanguage":"es","@id":"https:\/\/higuey.info\/news\/#\/schema\/logo\/image\/","url":"https:\/\/higuey.info\/news\/wp-content\/uploads\/2015\/11\/logof.jpg","contentUrl":"https:\/\/higuey.info\/news\/wp-content\/uploads\/2015\/11\/logof.jpg","width":248,"height":90,"caption":"Hig\u00fcey.Info"},"image":{"@id":"https:\/\/higuey.info\/news\/#\/schema\/logo\/image\/"}},{"@type":"Person","@id":"https:\/\/higuey.info\/news\/#\/schema\/person\/274b1e73c44a5e7d852529cd974f389f","name":"higuey.info","image":{"@type":"ImageObject","inLanguage":"es","@id":"https:\/\/secure.gravatar.com\/avatar\/baaa13fb48787405f1f95c6405f1f193ab4cefad2554d219db78e9a57688ba88?s=96&d=wavatar&r=g","url":"https:\/\/secure.gravatar.com\/avatar\/baaa13fb48787405f1f95c6405f1f193ab4cefad2554d219db78e9a57688ba88?s=96&d=wavatar&r=g","contentUrl":"https:\/\/secure.gravatar.com\/avatar\/baaa13fb48787405f1f95c6405f1f193ab4cefad2554d219db78e9a57688ba88?s=96&d=wavatar&r=g","caption":"higuey.info"},"description":"Higuey Info | Portal informativo numero uno de la ciudad de Higuey, Todas las Noticias de Higuey La Altagracia Republica Dominicana.","sameAs":["https:\/\/higuey.info\/news"]}]}},"_links":{"self":[{"href":"https:\/\/higuey.info\/news\/wp-json\/wp\/v2\/posts\/12222","targetHints":{"allow":["GET"]}}],"collection":[{"href":"https:\/\/higuey.info\/news\/wp-json\/wp\/v2\/posts"}],"about":[{"href":"https:\/\/higuey.info\/news\/wp-json\/wp\/v2\/types\/post"}],"author":[{"embeddable":true,"href":"https:\/\/higuey.info\/news\/wp-json\/wp\/v2\/users\/1"}],"replies":[{"embeddable":true,"href":"https:\/\/higuey.info\/news\/wp-json\/wp\/v2\/comments?post=12222"}],"version-history":[{"count":5,"href":"https:\/\/higuey.info\/news\/wp-json\/wp\/v2\/posts\/12222\/revisions"}],"predecessor-version":[{"id":15289,"href":"https:\/\/higuey.info\/news\/wp-json\/wp\/v2\/posts\/12222\/revisions\/15289"}],"wp:featuredmedia":[{"embeddable":true,"href":"https:\/\/higuey.info\/news\/wp-json\/wp\/v2\/media\/12178"}],"wp:attachment":[{"href":"https:\/\/higuey.info\/news\/wp-json\/wp\/v2\/media?parent=12222"}],"wp:term":[{"taxonomy":"category","embeddable":true,"href":"https:\/\/higuey.info\/news\/wp-json\/wp\/v2\/categories?post=12222"},{"taxonomy":"post_tag","embeddable":true,"href":"https:\/\/higuey.info\/news\/wp-json\/wp\/v2\/tags?post=12222"}],"curies":[{"name":"wp","href":"https:\/\/api.w.org\/{rel}","templated":true}]}}