{"id":12233,"date":"2018-07-26T13:48:08","date_gmt":"2018-07-26T13:48:08","guid":{"rendered":"https:\/\/higuey.info\/news\/news\/?p=12233"},"modified":"2020-11-21T04:21:05","modified_gmt":"2020-11-21T04:21:05","slug":"negocios-y-transporte-totalmente-paralizado-en-esta-ciudad-en-apoyo-al-paro-de-12-horas","status":"publish","type":"post","link":"https:\/\/higuey.info\/news\/negocios-y-transporte-totalmente-paralizado-en-esta-ciudad-en-apoyo-al-paro-de-12-horas\/","title":{"rendered":"Negocios y transporte totalmente paralizado en esta ciudad en apoyo al paro de 12 horas."},"content":{"rendered":"<p><b>Por Manuel Antonio Vega\/ Franklin Cordero<\/b><br \/>\n<b><\/b><b>Franklin Cordero &#8211; Noticias<\/b><\/p>\n<div><b>[&#8212;]<\/b><\/div>\n<div>\n<p><a href=\"https:\/\/higuey.info\/news\/wp-content\/uploads\/2018\/07\/empleados.jpg\"><img loading=\"lazy\" decoding=\"async\" class=\"alignleft wp-image-12237\" src=\"https:\/\/higuey.info\/news\/wp-content\/uploads\/2018\/07\/empleados-300x278.jpg\" alt=\"\" width=\"215\" height=\"199\" srcset=\"https:\/\/higuey.info\/news\/wp-content\/uploads\/2018\/07\/empleados-300x278.jpg 300w, https:\/\/higuey.info\/news\/wp-content\/uploads\/2018\/07\/empleados.jpg 400w\" sizes=\"auto, (max-width: 215px) 100vw, 215px\" \/><\/a><\/p>\n<p><b>HIG\u00dcEY, Rep\u00fablica Dominicana<\/b>.-Cientos de trabajadores hoteleros han confrontado dificultades desde la madrugada de este jueves para llegar a <a href=\"https:\/\/higuey.info\/news\/category\/la-republica\/la-altagracia\/higuey\/mi-comunidad\/bavaro\/\"><strong>B\u00e1varo<\/strong><\/a> y <a href=\"https:\/\/higuey.info\/news\/category\/la-republica\/la-altagracia\/higuey\/mi-comunidad\/punta-cana\/\"><strong>Punta Cana<\/strong><\/a> por la paralizaci\u00f3n del tr\u00e1nsito y las actividades comerciales en este municipio, a causa de los constantes apagones y las demandas de obras sociales.<\/p>\n<\/div>\n<div><\/div>\n<div><a href=\"https:\/\/higuey.info\/news\/atencion-el-paro-es-positivo-para-manana\/\"><strong>La convocatoria del paro la hizo la Coalici\u00f3n de Organizaciones y la Federaci\u00f3n de Juntas de Vecinos de Hig\u00fcey.<\/strong><\/a><\/div>\n<div><\/div>\n<div>El transporte p\u00fablico y tur\u00edstico y las actividades comerciales era totalmente nulas a las 8:00 de la ma\u00f1ana.<\/div>\n<div><\/div>\n<div>Los empleados salieron a las paradas de guagua, pero permanecen varados.\u00a0 \u00a0<b>[&#8212;]<\/b><\/div>\n<div><strong>Julio C\u00e9sar Cedano<\/strong>, presidente de la Confederaci\u00f3n de Juntas de Vecinos y vocero de la Coalici\u00f3n de las Organizaciones Sindicales de Hig\u00fcey, advirti\u00f3 que la huelga podr\u00eda prolongarse por m\u00e1s de 12 horas si <strong>EdeEste<\/strong> no ofrece m\u00e1s horas de energ\u00eda el\u00e9ctrica.<\/div>\n<div>\n<div>Asegura que en este municipio colaps\u00f3 el programa 24 horas de luz.\u00a0 [ad id=\u00bb11330&#8243;]<\/div>\n<div>\n<div id='gallery-1' class='gallery galleryid-12233 gallery-columns-4 gallery-size-thumbnail'><figure class='gallery-item'>\n\t\t\t<div class='gallery-icon landscape'>\n\t\t\t\t<a href='https:\/\/higuey.info\/news\/negocios-y-transporte-totalmente-paralizado-en-esta-ciudad-en-apoyo-al-paro-de-12-horas\/empleados\/'><img loading=\"lazy\" decoding=\"async\" width=\"150\" height=\"150\" src=\"https:\/\/higuey.info\/news\/wp-content\/uploads\/2018\/07\/empleados-150x150.jpg\" class=\"attachment-thumbnail size-thumbnail\" alt=\"\" srcset=\"https:\/\/higuey.info\/news\/wp-content\/uploads\/2018\/07\/empleados-150x150.jpg 150w, https:\/\/higuey.info\/news\/wp-content\/uploads\/2018\/07\/empleados-144x144.jpg 144w\" sizes=\"auto, (max-width: 150px) 100vw, 150px\" \/><\/a>\n\t\t\t<\/div><\/figure><figure class='gallery-item'>\n\t\t\t<div class='gallery-icon portrait'>\n\t\t\t\t<a href='https:\/\/higuey.info\/news\/negocios-y-transporte-totalmente-paralizado-en-esta-ciudad-en-apoyo-al-paro-de-12-horas\/37910588_10217174787869851_232059402285219840_n\/'><img loading=\"lazy\" decoding=\"async\" width=\"150\" height=\"150\" src=\"https:\/\/higuey.info\/news\/wp-content\/uploads\/2018\/07\/37910588_10217174787869851_232059402285219840_n-150x150.jpg\" class=\"attachment-thumbnail size-thumbnail\" alt=\"\" srcset=\"https:\/\/higuey.info\/news\/wp-content\/uploads\/2018\/07\/37910588_10217174787869851_232059402285219840_n-150x150.jpg 150w, https:\/\/higuey.info\/news\/wp-content\/uploads\/2018\/07\/37910588_10217174787869851_232059402285219840_n-144x144.jpg 144w\" sizes=\"auto, (max-width: 150px) 100vw, 150px\" \/><\/a>\n\t\t\t<\/div><\/figure><figure class='gallery-item'>\n\t\t\t<div class='gallery-icon landscape'>\n\t\t\t\t<a href='https:\/\/higuey.info\/news\/negocios-y-transporte-totalmente-paralizado-en-esta-ciudad-en-apoyo-al-paro-de-12-horas\/villacerro\/'><img loading=\"lazy\" decoding=\"async\" width=\"150\" height=\"150\" src=\"https:\/\/higuey.info\/news\/wp-content\/uploads\/2018\/07\/villacerro-150x150.jpg\" class=\"attachment-thumbnail size-thumbnail\" alt=\"\" srcset=\"https:\/\/higuey.info\/news\/wp-content\/uploads\/2018\/07\/villacerro-150x150.jpg 150w, https:\/\/higuey.info\/news\/wp-content\/uploads\/2018\/07\/villacerro-144x144.jpg 144w\" sizes=\"auto, (max-width: 150px) 100vw, 150px\" \/><\/a>\n\t\t\t<\/div><\/figure><figure class='gallery-item'>\n\t\t\t<div class='gallery-icon portrait'>\n\t\t\t\t<a href='https:\/\/higuey.info\/news\/negocios-y-transporte-totalmente-paralizado-en-esta-ciudad-en-apoyo-al-paro-de-12-horas\/37763552_10217174787469841_1381761566910709760_n\/'><img loading=\"lazy\" decoding=\"async\" width=\"150\" height=\"150\" src=\"https:\/\/higuey.info\/news\/wp-content\/uploads\/2018\/07\/37763552_10217174787469841_1381761566910709760_n-150x150.jpg\" class=\"attachment-thumbnail size-thumbnail\" alt=\"\" srcset=\"https:\/\/higuey.info\/news\/wp-content\/uploads\/2018\/07\/37763552_10217174787469841_1381761566910709760_n-150x150.jpg 150w, https:\/\/higuey.info\/news\/wp-content\/uploads\/2018\/07\/37763552_10217174787469841_1381761566910709760_n-144x144.jpg 144w\" sizes=\"auto, (max-width: 150px) 100vw, 150px\" \/><\/a>\n\t\t\t<\/div><\/figure><figure class='gallery-item'>\n\t\t\t<div class='gallery-icon landscape'>\n\t\t\t\t<a href='https:\/\/higuey.info\/news\/negocios-y-transporte-totalmente-paralizado-en-esta-ciudad-en-apoyo-al-paro-de-12-horas\/elbaron\/'><img loading=\"lazy\" decoding=\"async\" width=\"150\" height=\"150\" src=\"https:\/\/higuey.info\/news\/wp-content\/uploads\/2018\/07\/elbaron-150x150.jpg\" class=\"attachment-thumbnail size-thumbnail\" alt=\"\" srcset=\"https:\/\/higuey.info\/news\/wp-content\/uploads\/2018\/07\/elbaron-150x150.jpg 150w, https:\/\/higuey.info\/news\/wp-content\/uploads\/2018\/07\/elbaron-144x144.jpg 144w\" sizes=\"auto, (max-width: 150px) 100vw, 150px\" \/><\/a>\n\t\t\t<\/div><\/figure><figure class='gallery-item'>\n\t\t\t<div class='gallery-icon portrait'>\n\t\t\t\t<a href='https:\/\/higuey.info\/news\/negocios-y-transporte-totalmente-paralizado-en-esta-ciudad-en-apoyo-al-paro-de-12-horas\/37929961_10217174787109832_152266658046541824_n\/'><img loading=\"lazy\" decoding=\"async\" width=\"150\" height=\"150\" src=\"https:\/\/higuey.info\/news\/wp-content\/uploads\/2018\/07\/37929961_10217174787109832_152266658046541824_n-150x150.jpg\" class=\"attachment-thumbnail size-thumbnail\" alt=\"\" srcset=\"https:\/\/higuey.info\/news\/wp-content\/uploads\/2018\/07\/37929961_10217174787109832_152266658046541824_n-150x150.jpg 150w, https:\/\/higuey.info\/news\/wp-content\/uploads\/2018\/07\/37929961_10217174787109832_152266658046541824_n-144x144.jpg 144w\" sizes=\"auto, (max-width: 150px) 100vw, 150px\" \/><\/a>\n\t\t\t<\/div><\/figure><figure class='gallery-item'>\n\t\t\t<div class='gallery-icon landscape'>\n\t\t\t\t<a href='https:\/\/higuey.info\/news\/negocios-y-transporte-totalmente-paralizado-en-esta-ciudad-en-apoyo-al-paro-de-12-horas\/elbebo\/'><img loading=\"lazy\" decoding=\"async\" width=\"150\" height=\"150\" src=\"https:\/\/higuey.info\/news\/wp-content\/uploads\/2018\/07\/elbebo-150x150.jpg\" class=\"attachment-thumbnail size-thumbnail\" alt=\"\" srcset=\"https:\/\/higuey.info\/news\/wp-content\/uploads\/2018\/07\/elbebo-150x150.jpg 150w, https:\/\/higuey.info\/news\/wp-content\/uploads\/2018\/07\/elbebo-144x144.jpg 144w\" sizes=\"auto, (max-width: 150px) 100vw, 150px\" \/><\/a>\n\t\t\t<\/div><\/figure>\n\t\t<\/div>\n\n<\/div>\n<div><\/div>\n<div><b>Se la buscan<\/b><\/div>\n<div>En <strong>La Romana<\/strong>, algunos choferes del transporte urbano han puesto a su disposici\u00f3n las unidades para el traslado de pasajeros hacia Hig\u00fbey, cobrando hasta 350 pesos, seg\u00fan report\u00f3 al programa Desayuno Musical de la 107.5 FM.<\/div>\n<div><\/div>\n<div>\n<p>Los dirigentes comunitarios se han mantenido en pie de lucha desde hace varios meses, reclamando el cese de los apagones y la soluci\u00f3n de otros males sociales.<\/p>\n<p>El centro de la Universidad Aut\u00f3noma de Santo Domingo (<strong>UASD<\/strong>) en Hig\u00fbey suspendi\u00f3 la docencia este jueves.<\/p>\n<\/div>\n<\/div>\n","protected":false},"excerpt":{"rendered":"<p>Julio C\u00e9sar Cedano, presidente de la Confederaci\u00f3n de Juntas de Vecinos y vocero de la Coalici\u00f3n de las Organizaciones Sindicales de Hig\u00fcey, advirti\u00f3 que la huelga podr\u00eda prolongarse por m\u00e1s de 12 horas si EdeEste no ofrece m\u00e1s horas de energ\u00eda el\u00e9ctrica.<br \/>\nAsegura que en este municipio colaps\u00f3 el programa 24 horas de luz.<\/p>\n","protected":false},"author":1,"featured_media":12238,"comment_status":"open","ping_status":"open","sticky":false,"template":"","format":"standard","meta":{"footnotes":""},"categories":[841,6694,4,6995,6960,1212,41],"tags":[90,82,7300,7302,4791,330,81,7261,2150,2148,86],"class_list":["post-12233","post","type-post","status-publish","format-standard","has-post-thumbnail","hentry","category-bavaro","category-destacado","category-higuey","category-la-altagracia","category-la-romana","category-mi-comunidad","category-punta-cana","tag-edeeste","tag-huelga","tag-huelgahiguey","tag-huelgahiguey2018","tag-julio-cesar-cedano","tag-la-romana","tag-paro","tag-protestas","tag-reclamaciones","tag-reclamos","tag-uasd"],"yoast_head":"<!-- This site is optimized with the Yoast SEO plugin v27.5 - https:\/\/yoast.com\/product\/yoast-seo-wordpress\/ -->\n<title>Negocios y transporte totalmente paralizado en esta ciudad en apoyo al paro de 12 horas. - Higuey.Info<\/title>\n<meta name=\"description\" content=\"Julio C\u00e9sar Cedano, presidente de la Confederaci\u00f3n de Juntas de Vecinos y vocero de la Coalici\u00f3n de las Organizaciones Sindicales de Hig\u00fcey, advirti\u00f3 que la huelga podr\u00eda prolongarse por m\u00e1s de 12 horas si EdeEste no ofrece m\u00e1s horas de energ\u00eda el\u00e9ctrica. Asegura que en este municipio colaps\u00f3 el programa 24 horas de luz.\" \/>\n<meta name=\"robots\" content=\"index, follow, max-snippet:-1, max-image-preview:large, max-video-preview:-1\" \/>\n<link rel=\"canonical\" href=\"https:\/\/higuey.info\/news\/negocios-y-transporte-totalmente-paralizado-en-esta-ciudad-en-apoyo-al-paro-de-12-horas\/\" \/>\n<meta property=\"og:locale\" content=\"es_ES\" \/>\n<meta property=\"og:type\" content=\"article\" \/>\n<meta property=\"og:title\" content=\"Negocios y transporte totalmente paralizado en esta ciudad en apoyo al paro de 12 horas. - Higuey.Info\" \/>\n<meta property=\"og:description\" content=\"Julio C\u00e9sar Cedano, presidente de la Confederaci\u00f3n de Juntas de Vecinos y vocero de la Coalici\u00f3n de las Organizaciones Sindicales de Hig\u00fcey, advirti\u00f3 que la huelga podr\u00eda prolongarse por m\u00e1s de 12 horas si EdeEste no ofrece m\u00e1s horas de energ\u00eda el\u00e9ctrica. Asegura que en este municipio colaps\u00f3 el programa 24 horas de luz.\" \/>\n<meta property=\"og:url\" content=\"https:\/\/higuey.info\/news\/negocios-y-transporte-totalmente-paralizado-en-esta-ciudad-en-apoyo-al-paro-de-12-horas\/\" \/>\n<meta property=\"og:site_name\" content=\"Hig\u00fcey.Info\" \/>\n<meta property=\"article:published_time\" content=\"2018-07-26T13:48:08+00:00\" \/>\n<meta property=\"article:modified_time\" content=\"2020-11-21T04:21:05+00:00\" \/>\n<meta property=\"og:image\" content=\"https:\/\/higuey.info\/news\/wp-content\/uploads\/2018\/07\/villacerro.jpg\" \/>\n\t<meta property=\"og:image:width\" content=\"1280\" \/>\n\t<meta property=\"og:image:height\" content=\"800\" \/>\n\t<meta property=\"og:image:type\" content=\"image\/jpeg\" \/>\n<meta name=\"author\" content=\"higuey.info\" \/>\n<meta name=\"twitter:card\" content=\"summary_large_image\" \/>\n<meta name=\"twitter:label1\" content=\"Escrito por\" \/>\n\t<meta name=\"twitter:data1\" content=\"higuey.info\" \/>\n\t<meta name=\"twitter:label2\" content=\"Tiempo de lectura\" \/>\n\t<meta name=\"twitter:data2\" content=\"1 minuto\" \/>\n<script type=\"application\/ld+json\" class=\"yoast-schema-graph\">{\"@context\":\"https:\\\/\\\/schema.org\",\"@graph\":[{\"@type\":\"Article\",\"@id\":\"https:\\\/\\\/higuey.info\\\/news\\\/negocios-y-transporte-totalmente-paralizado-en-esta-ciudad-en-apoyo-al-paro-de-12-horas\\\/#article\",\"isPartOf\":{\"@id\":\"https:\\\/\\\/higuey.info\\\/news\\\/negocios-y-transporte-totalmente-paralizado-en-esta-ciudad-en-apoyo-al-paro-de-12-horas\\\/\"},\"author\":{\"name\":\"higuey.info\",\"@id\":\"https:\\\/\\\/higuey.info\\\/news\\\/#\\\/schema\\\/person\\\/274b1e73c44a5e7d852529cd974f389f\"},\"headline\":\"Negocios y transporte totalmente paralizado en esta ciudad en apoyo al paro de 12 horas.\",\"datePublished\":\"2018-07-26T13:48:08+00:00\",\"dateModified\":\"2020-11-21T04:21:05+00:00\",\"mainEntityOfPage\":{\"@id\":\"https:\\\/\\\/higuey.info\\\/news\\\/negocios-y-transporte-totalmente-paralizado-en-esta-ciudad-en-apoyo-al-paro-de-12-horas\\\/\"},\"wordCount\":286,\"commentCount\":0,\"publisher\":{\"@id\":\"https:\\\/\\\/higuey.info\\\/news\\\/#organization\"},\"image\":{\"@id\":\"https:\\\/\\\/higuey.info\\\/news\\\/negocios-y-transporte-totalmente-paralizado-en-esta-ciudad-en-apoyo-al-paro-de-12-horas\\\/#primaryimage\"},\"thumbnailUrl\":\"https:\\\/\\\/higuey.info\\\/news\\\/wp-content\\\/uploads\\\/2018\\\/07\\\/villacerro.jpg\",\"keywords\":[\"EDEESTE\",\"huelga\",\"HuelgaHiguey\",\"HuelgaHiguey2018\",\"Julio Cesar Cedano\",\"La Romana\",\"paro\",\"Protestas\",\"Reclamaciones\",\"Reclamos\",\"UASD\"],\"articleSection\":[\"B\u00e1varo\",\"Destacado\",\"Higuey\",\"La Altagracia\",\"La Romana\",\"Mi comunidad\",\"Punta Cana\"],\"inLanguage\":\"es\",\"potentialAction\":[{\"@type\":\"CommentAction\",\"name\":\"Comment\",\"target\":[\"https:\\\/\\\/higuey.info\\\/news\\\/negocios-y-transporte-totalmente-paralizado-en-esta-ciudad-en-apoyo-al-paro-de-12-horas\\\/#respond\"]}]},{\"@type\":\"WebPage\",\"@id\":\"https:\\\/\\\/higuey.info\\\/news\\\/negocios-y-transporte-totalmente-paralizado-en-esta-ciudad-en-apoyo-al-paro-de-12-horas\\\/\",\"url\":\"https:\\\/\\\/higuey.info\\\/news\\\/negocios-y-transporte-totalmente-paralizado-en-esta-ciudad-en-apoyo-al-paro-de-12-horas\\\/\",\"name\":\"Negocios y transporte totalmente paralizado en esta ciudad en apoyo al paro de 12 horas. - Higuey.Info\",\"isPartOf\":{\"@id\":\"https:\\\/\\\/higuey.info\\\/news\\\/#website\"},\"primaryImageOfPage\":{\"@id\":\"https:\\\/\\\/higuey.info\\\/news\\\/negocios-y-transporte-totalmente-paralizado-en-esta-ciudad-en-apoyo-al-paro-de-12-horas\\\/#primaryimage\"},\"image\":{\"@id\":\"https:\\\/\\\/higuey.info\\\/news\\\/negocios-y-transporte-totalmente-paralizado-en-esta-ciudad-en-apoyo-al-paro-de-12-horas\\\/#primaryimage\"},\"thumbnailUrl\":\"https:\\\/\\\/higuey.info\\\/news\\\/wp-content\\\/uploads\\\/2018\\\/07\\\/villacerro.jpg\",\"datePublished\":\"2018-07-26T13:48:08+00:00\",\"dateModified\":\"2020-11-21T04:21:05+00:00\",\"description\":\"Julio C\u00e9sar Cedano, presidente de la Confederaci\u00f3n de Juntas de Vecinos y vocero de la Coalici\u00f3n de las Organizaciones Sindicales de Hig\u00fcey, advirti\u00f3 que la huelga podr\u00eda prolongarse por m\u00e1s de 12 horas si EdeEste no ofrece m\u00e1s horas de energ\u00eda el\u00e9ctrica. Asegura que en este municipio colaps\u00f3 el programa 24 horas de luz.\",\"breadcrumb\":{\"@id\":\"https:\\\/\\\/higuey.info\\\/news\\\/negocios-y-transporte-totalmente-paralizado-en-esta-ciudad-en-apoyo-al-paro-de-12-horas\\\/#breadcrumb\"},\"inLanguage\":\"es\",\"potentialAction\":[{\"@type\":\"ReadAction\",\"target\":[\"https:\\\/\\\/higuey.info\\\/news\\\/negocios-y-transporte-totalmente-paralizado-en-esta-ciudad-en-apoyo-al-paro-de-12-horas\\\/\"]}]},{\"@type\":\"ImageObject\",\"inLanguage\":\"es\",\"@id\":\"https:\\\/\\\/higuey.info\\\/news\\\/negocios-y-transporte-totalmente-paralizado-en-esta-ciudad-en-apoyo-al-paro-de-12-horas\\\/#primaryimage\",\"url\":\"https:\\\/\\\/higuey.info\\\/news\\\/wp-content\\\/uploads\\\/2018\\\/07\\\/villacerro.jpg\",\"contentUrl\":\"https:\\\/\\\/higuey.info\\\/news\\\/wp-content\\\/uploads\\\/2018\\\/07\\\/villacerro.jpg\",\"width\":\"1280\",\"height\":\"800\"},{\"@type\":\"BreadcrumbList\",\"@id\":\"https:\\\/\\\/higuey.info\\\/news\\\/negocios-y-transporte-totalmente-paralizado-en-esta-ciudad-en-apoyo-al-paro-de-12-horas\\\/#breadcrumb\",\"itemListElement\":[{\"@type\":\"ListItem\",\"position\":1,\"name\":\"Portada\",\"item\":\"https:\\\/\\\/higuey.info\\\/news\\\/\"},{\"@type\":\"ListItem\",\"position\":2,\"name\":\"Negocios y transporte totalmente paralizado en esta ciudad en apoyo al paro de 12 horas.\"}]},{\"@type\":\"WebSite\",\"@id\":\"https:\\\/\\\/higuey.info\\\/news\\\/#website\",\"url\":\"https:\\\/\\\/higuey.info\\\/news\\\/\",\"name\":\"Hig\u00fcey.Info\",\"description\":\"Noticias de Hig\u00fcey La Altagracia Rep\u00fablica Dominicana.\",\"publisher\":{\"@id\":\"https:\\\/\\\/higuey.info\\\/news\\\/#organization\"},\"potentialAction\":[{\"@type\":\"SearchAction\",\"target\":{\"@type\":\"EntryPoint\",\"urlTemplate\":\"https:\\\/\\\/higuey.info\\\/news\\\/?s={search_term_string}\"},\"query-input\":{\"@type\":\"PropertyValueSpecification\",\"valueRequired\":true,\"valueName\":\"search_term_string\"}}],\"inLanguage\":\"es\"},{\"@type\":\"Organization\",\"@id\":\"https:\\\/\\\/higuey.info\\\/news\\\/#organization\",\"name\":\"Hig\u00fcey.Info\",\"url\":\"https:\\\/\\\/higuey.info\\\/news\\\/\",\"logo\":{\"@type\":\"ImageObject\",\"inLanguage\":\"es\",\"@id\":\"https:\\\/\\\/higuey.info\\\/news\\\/#\\\/schema\\\/logo\\\/image\\\/\",\"url\":\"https:\\\/\\\/higuey.info\\\/news\\\/wp-content\\\/uploads\\\/2015\\\/11\\\/logof.jpg\",\"contentUrl\":\"https:\\\/\\\/higuey.info\\\/news\\\/wp-content\\\/uploads\\\/2015\\\/11\\\/logof.jpg\",\"width\":248,\"height\":90,\"caption\":\"Hig\u00fcey.Info\"},\"image\":{\"@id\":\"https:\\\/\\\/higuey.info\\\/news\\\/#\\\/schema\\\/logo\\\/image\\\/\"}},{\"@type\":\"Person\",\"@id\":\"https:\\\/\\\/higuey.info\\\/news\\\/#\\\/schema\\\/person\\\/274b1e73c44a5e7d852529cd974f389f\",\"name\":\"higuey.info\",\"image\":{\"@type\":\"ImageObject\",\"inLanguage\":\"es\",\"@id\":\"https:\\\/\\\/secure.gravatar.com\\\/avatar\\\/baaa13fb48787405f1f95c6405f1f193ab4cefad2554d219db78e9a57688ba88?s=96&d=wavatar&r=g\",\"url\":\"https:\\\/\\\/secure.gravatar.com\\\/avatar\\\/baaa13fb48787405f1f95c6405f1f193ab4cefad2554d219db78e9a57688ba88?s=96&d=wavatar&r=g\",\"contentUrl\":\"https:\\\/\\\/secure.gravatar.com\\\/avatar\\\/baaa13fb48787405f1f95c6405f1f193ab4cefad2554d219db78e9a57688ba88?s=96&d=wavatar&r=g\",\"caption\":\"higuey.info\"},\"description\":\"Higuey Info | Portal informativo numero uno de la ciudad de Higuey, Todas las Noticias de Higuey La Altagracia Republica Dominicana.\",\"sameAs\":[\"https:\\\/\\\/higuey.info\\\/news\"]}]}<\/script>\n<!-- \/ Yoast SEO plugin. -->","yoast_head_json":{"title":"Negocios y transporte totalmente paralizado en esta ciudad en apoyo al paro de 12 horas. - Higuey.Info","description":"Julio C\u00e9sar Cedano, presidente de la Confederaci\u00f3n de Juntas de Vecinos y vocero de la Coalici\u00f3n de las Organizaciones Sindicales de Hig\u00fcey, advirti\u00f3 que la huelga podr\u00eda prolongarse por m\u00e1s de 12 horas si EdeEste no ofrece m\u00e1s horas de energ\u00eda el\u00e9ctrica. Asegura que en este municipio colaps\u00f3 el programa 24 horas de luz.","robots":{"index":"index","follow":"follow","max-snippet":"max-snippet:-1","max-image-preview":"max-image-preview:large","max-video-preview":"max-video-preview:-1"},"canonical":"https:\/\/higuey.info\/news\/negocios-y-transporte-totalmente-paralizado-en-esta-ciudad-en-apoyo-al-paro-de-12-horas\/","og_locale":"es_ES","og_type":"article","og_title":"Negocios y transporte totalmente paralizado en esta ciudad en apoyo al paro de 12 horas. - Higuey.Info","og_description":"Julio C\u00e9sar Cedano, presidente de la Confederaci\u00f3n de Juntas de Vecinos y vocero de la Coalici\u00f3n de las Organizaciones Sindicales de Hig\u00fcey, advirti\u00f3 que la huelga podr\u00eda prolongarse por m\u00e1s de 12 horas si EdeEste no ofrece m\u00e1s horas de energ\u00eda el\u00e9ctrica. Asegura que en este municipio colaps\u00f3 el programa 24 horas de luz.","og_url":"https:\/\/higuey.info\/news\/negocios-y-transporte-totalmente-paralizado-en-esta-ciudad-en-apoyo-al-paro-de-12-horas\/","og_site_name":"Hig\u00fcey.Info","article_published_time":"2018-07-26T13:48:08+00:00","article_modified_time":"2020-11-21T04:21:05+00:00","og_image":[{"width":1280,"height":800,"url":"https:\/\/higuey.info\/news\/wp-content\/uploads\/2018\/07\/villacerro.jpg","type":"image\/jpeg"}],"author":"higuey.info","twitter_card":"summary_large_image","twitter_misc":{"Escrito por":"higuey.info","Tiempo de lectura":"1 minuto"},"schema":{"@context":"https:\/\/schema.org","@graph":[{"@type":"Article","@id":"https:\/\/higuey.info\/news\/negocios-y-transporte-totalmente-paralizado-en-esta-ciudad-en-apoyo-al-paro-de-12-horas\/#article","isPartOf":{"@id":"https:\/\/higuey.info\/news\/negocios-y-transporte-totalmente-paralizado-en-esta-ciudad-en-apoyo-al-paro-de-12-horas\/"},"author":{"name":"higuey.info","@id":"https:\/\/higuey.info\/news\/#\/schema\/person\/274b1e73c44a5e7d852529cd974f389f"},"headline":"Negocios y transporte totalmente paralizado en esta ciudad en apoyo al paro de 12 horas.","datePublished":"2018-07-26T13:48:08+00:00","dateModified":"2020-11-21T04:21:05+00:00","mainEntityOfPage":{"@id":"https:\/\/higuey.info\/news\/negocios-y-transporte-totalmente-paralizado-en-esta-ciudad-en-apoyo-al-paro-de-12-horas\/"},"wordCount":286,"commentCount":0,"publisher":{"@id":"https:\/\/higuey.info\/news\/#organization"},"image":{"@id":"https:\/\/higuey.info\/news\/negocios-y-transporte-totalmente-paralizado-en-esta-ciudad-en-apoyo-al-paro-de-12-horas\/#primaryimage"},"thumbnailUrl":"https:\/\/higuey.info\/news\/wp-content\/uploads\/2018\/07\/villacerro.jpg","keywords":["EDEESTE","huelga","HuelgaHiguey","HuelgaHiguey2018","Julio Cesar Cedano","La Romana","paro","Protestas","Reclamaciones","Reclamos","UASD"],"articleSection":["B\u00e1varo","Destacado","Higuey","La Altagracia","La Romana","Mi comunidad","Punta Cana"],"inLanguage":"es","potentialAction":[{"@type":"CommentAction","name":"Comment","target":["https:\/\/higuey.info\/news\/negocios-y-transporte-totalmente-paralizado-en-esta-ciudad-en-apoyo-al-paro-de-12-horas\/#respond"]}]},{"@type":"WebPage","@id":"https:\/\/higuey.info\/news\/negocios-y-transporte-totalmente-paralizado-en-esta-ciudad-en-apoyo-al-paro-de-12-horas\/","url":"https:\/\/higuey.info\/news\/negocios-y-transporte-totalmente-paralizado-en-esta-ciudad-en-apoyo-al-paro-de-12-horas\/","name":"Negocios y transporte totalmente paralizado en esta ciudad en apoyo al paro de 12 horas. - Higuey.Info","isPartOf":{"@id":"https:\/\/higuey.info\/news\/#website"},"primaryImageOfPage":{"@id":"https:\/\/higuey.info\/news\/negocios-y-transporte-totalmente-paralizado-en-esta-ciudad-en-apoyo-al-paro-de-12-horas\/#primaryimage"},"image":{"@id":"https:\/\/higuey.info\/news\/negocios-y-transporte-totalmente-paralizado-en-esta-ciudad-en-apoyo-al-paro-de-12-horas\/#primaryimage"},"thumbnailUrl":"https:\/\/higuey.info\/news\/wp-content\/uploads\/2018\/07\/villacerro.jpg","datePublished":"2018-07-26T13:48:08+00:00","dateModified":"2020-11-21T04:21:05+00:00","description":"Julio C\u00e9sar Cedano, presidente de la Confederaci\u00f3n de Juntas de Vecinos y vocero de la Coalici\u00f3n de las Organizaciones Sindicales de Hig\u00fcey, advirti\u00f3 que la huelga podr\u00eda prolongarse por m\u00e1s de 12 horas si EdeEste no ofrece m\u00e1s horas de energ\u00eda el\u00e9ctrica. Asegura que en este municipio colaps\u00f3 el programa 24 horas de luz.","breadcrumb":{"@id":"https:\/\/higuey.info\/news\/negocios-y-transporte-totalmente-paralizado-en-esta-ciudad-en-apoyo-al-paro-de-12-horas\/#breadcrumb"},"inLanguage":"es","potentialAction":[{"@type":"ReadAction","target":["https:\/\/higuey.info\/news\/negocios-y-transporte-totalmente-paralizado-en-esta-ciudad-en-apoyo-al-paro-de-12-horas\/"]}]},{"@type":"ImageObject","inLanguage":"es","@id":"https:\/\/higuey.info\/news\/negocios-y-transporte-totalmente-paralizado-en-esta-ciudad-en-apoyo-al-paro-de-12-horas\/#primaryimage","url":"https:\/\/higuey.info\/news\/wp-content\/uploads\/2018\/07\/villacerro.jpg","contentUrl":"https:\/\/higuey.info\/news\/wp-content\/uploads\/2018\/07\/villacerro.jpg","width":"1280","height":"800"},{"@type":"BreadcrumbList","@id":"https:\/\/higuey.info\/news\/negocios-y-transporte-totalmente-paralizado-en-esta-ciudad-en-apoyo-al-paro-de-12-horas\/#breadcrumb","itemListElement":[{"@type":"ListItem","position":1,"name":"Portada","item":"https:\/\/higuey.info\/news\/"},{"@type":"ListItem","position":2,"name":"Negocios y transporte totalmente paralizado en esta ciudad en apoyo al paro de 12 horas."}]},{"@type":"WebSite","@id":"https:\/\/higuey.info\/news\/#website","url":"https:\/\/higuey.info\/news\/","name":"Hig\u00fcey.Info","description":"Noticias de Hig\u00fcey La Altagracia Rep\u00fablica Dominicana.","publisher":{"@id":"https:\/\/higuey.info\/news\/#organization"},"potentialAction":[{"@type":"SearchAction","target":{"@type":"EntryPoint","urlTemplate":"https:\/\/higuey.info\/news\/?s={search_term_string}"},"query-input":{"@type":"PropertyValueSpecification","valueRequired":true,"valueName":"search_term_string"}}],"inLanguage":"es"},{"@type":"Organization","@id":"https:\/\/higuey.info\/news\/#organization","name":"Hig\u00fcey.Info","url":"https:\/\/higuey.info\/news\/","logo":{"@type":"ImageObject","inLanguage":"es","@id":"https:\/\/higuey.info\/news\/#\/schema\/logo\/image\/","url":"https:\/\/higuey.info\/news\/wp-content\/uploads\/2015\/11\/logof.jpg","contentUrl":"https:\/\/higuey.info\/news\/wp-content\/uploads\/2015\/11\/logof.jpg","width":248,"height":90,"caption":"Hig\u00fcey.Info"},"image":{"@id":"https:\/\/higuey.info\/news\/#\/schema\/logo\/image\/"}},{"@type":"Person","@id":"https:\/\/higuey.info\/news\/#\/schema\/person\/274b1e73c44a5e7d852529cd974f389f","name":"higuey.info","image":{"@type":"ImageObject","inLanguage":"es","@id":"https:\/\/secure.gravatar.com\/avatar\/baaa13fb48787405f1f95c6405f1f193ab4cefad2554d219db78e9a57688ba88?s=96&d=wavatar&r=g","url":"https:\/\/secure.gravatar.com\/avatar\/baaa13fb48787405f1f95c6405f1f193ab4cefad2554d219db78e9a57688ba88?s=96&d=wavatar&r=g","contentUrl":"https:\/\/secure.gravatar.com\/avatar\/baaa13fb48787405f1f95c6405f1f193ab4cefad2554d219db78e9a57688ba88?s=96&d=wavatar&r=g","caption":"higuey.info"},"description":"Higuey Info | Portal informativo numero uno de la ciudad de Higuey, Todas las Noticias de Higuey La Altagracia Republica Dominicana.","sameAs":["https:\/\/higuey.info\/news"]}]}},"_links":{"self":[{"href":"https:\/\/higuey.info\/news\/wp-json\/wp\/v2\/posts\/12233","targetHints":{"allow":["GET"]}}],"collection":[{"href":"https:\/\/higuey.info\/news\/wp-json\/wp\/v2\/posts"}],"about":[{"href":"https:\/\/higuey.info\/news\/wp-json\/wp\/v2\/types\/post"}],"author":[{"embeddable":true,"href":"https:\/\/higuey.info\/news\/wp-json\/wp\/v2\/users\/1"}],"replies":[{"embeddable":true,"href":"https:\/\/higuey.info\/news\/wp-json\/wp\/v2\/comments?post=12233"}],"version-history":[{"count":12,"href":"https:\/\/higuey.info\/news\/wp-json\/wp\/v2\/posts\/12233\/revisions"}],"predecessor-version":[{"id":15400,"href":"https:\/\/higuey.info\/news\/wp-json\/wp\/v2\/posts\/12233\/revisions\/15400"}],"wp:featuredmedia":[{"embeddable":true,"href":"https:\/\/higuey.info\/news\/wp-json\/wp\/v2\/media\/12238"}],"wp:attachment":[{"href":"https:\/\/higuey.info\/news\/wp-json\/wp\/v2\/media?parent=12233"}],"wp:term":[{"taxonomy":"category","embeddable":true,"href":"https:\/\/higuey.info\/news\/wp-json\/wp\/v2\/categories?post=12233"},{"taxonomy":"post_tag","embeddable":true,"href":"https:\/\/higuey.info\/news\/wp-json\/wp\/v2\/tags?post=12233"}],"curies":[{"name":"wp","href":"https:\/\/api.w.org\/{rel}","templated":true}]}}