{"id":12263,"date":"2018-07-26T23:23:15","date_gmt":"2018-07-26T23:23:15","guid":{"rendered":"https:\/\/higuey.info\/news\/news\/?p=12263"},"modified":"2020-11-21T04:25:03","modified_gmt":"2020-11-21T04:25:03","slug":"llamado-a-huelga-queda-levantado-luego-de-liberacion-de-presos","status":"publish","type":"post","link":"https:\/\/higuey.info\/news\/llamado-a-huelga-queda-levantado-luego-de-liberacion-de-presos\/","title":{"rendered":"Llamado a Huelga queda levantado luego de liberaci\u00f3n de presos."},"content":{"rendered":"<p>[&#8212;]<\/p>\n<p><strong>Diario Libre<\/strong><\/p>\n<p>Hig\u00fcey.- Con un saldo de una persona herida a perdigonazos y m\u00e1s de 69 apresadas fue levantado el llamado paro c\u00edvico realizado por organizaciones comunitarias y sindicales, en contra de los apagones y en reclamo de obras sociales, en esta ciudad.<span id=\"more-8430\"><\/span><\/p>\n<p>Luego de la liberaci\u00f3n de m\u00e1s de 69 detenidos, qued\u00f3 levantada a la 6:00 de la tarde, dejando claro los organizadores que continuar\u00e1n la lucha por la consecuci\u00f3n de las obras demandadas y el cese de los apagones.<\/p>\n<p>La jornada de protesta dej\u00f3 sin tr\u00e1fico de veh\u00edculos<\/p>\n<p>y de motores desde primeras horas de la ma\u00f1ana las calles de esta ciudad, mientras que las actividades comerciales, el transporte y la docencia en la Universidad Aut\u00f3noma de Santo Domingo (<strong>UASD<\/strong>), fueron suspendidas.<\/p>\n<p>[ad id=\u00bb11330&#8243;]<\/p>\n<h3 style=\"text-align: center;\"><a href=\"https:\/\/higuey.info\/news\/tag\/huelgahiguey2018\/\"><strong>Conozca todo sobre el llamado a paro en la altagracia el d\u00eda de hoy siguiendo este enlace\u00a0<\/strong><\/a><\/h3>\n<figure id=\"attachment_12261\" aria-describedby=\"caption-attachment-12261\" style=\"width: 238px\" class=\"wp-caption alignleft\"><a href=\"https:\/\/higuey.info\/news\/comunitarios-estiman-paro-habria-sido-exitoso-en-un-95-por-ciento\/\"><img loading=\"lazy\" decoding=\"async\" class=\" wp-image-12261\" src=\"https:\/\/higuey.info\/news\/wp-content\/uploads\/2018\/07\/coalicion-300x188.jpg\" alt=\"\" width=\"238\" height=\"149\" srcset=\"https:\/\/higuey.info\/news\/wp-content\/uploads\/2018\/07\/coalicion-300x188.jpg 300w, https:\/\/higuey.info\/news\/wp-content\/uploads\/2018\/07\/coalicion-768x480.jpg 768w, https:\/\/higuey.info\/news\/wp-content\/uploads\/2018\/07\/coalicion-120x76.jpg 120w, https:\/\/higuey.info\/news\/wp-content\/uploads\/2018\/07\/coalicion-274x173.jpg 274w, https:\/\/higuey.info\/news\/wp-content\/uploads\/2018\/07\/coalicion-308x192.jpg 308w, https:\/\/higuey.info\/news\/wp-content\/uploads\/2018\/07\/coalicion-610x380.jpg 610w, https:\/\/higuey.info\/news\/wp-content\/uploads\/2018\/07\/coalicion-822x512.jpg 822w, https:\/\/higuey.info\/news\/wp-content\/uploads\/2018\/07\/coalicion-900x563.jpg 900w, https:\/\/higuey.info\/news\/wp-content\/uploads\/2018\/07\/coalicion.jpg 1280w\" sizes=\"auto, (max-width: 238px) 100vw, 238px\" \/><\/a><figcaption id=\"caption-attachment-12261\" class=\"wp-caption-text\">Comunitarios estiman paro habr\u00eda sido exitoso en un 95 por ciento.<\/figcaption><\/figure>\n<p>La protesta en fue convocada por la Federaci\u00f3n de Juntas de Vecinos de La Altagracia en demanda de que el Gobierno resuelva los problemas de la provincia y, principalmente, la empresa distribuidora de electricidad <strong>Edeeste<\/strong>, cese los apagones.<\/p>\n<p>Las manifestaciones se concentraron en los sectores <a href=\"https:\/\/higuey.info\/news\/category\/la-republica\/la-altagracia\/higuey\/mi-barrio\/la-malena-mi-barrio\/\"><strong>La Malena<\/strong> <\/a>y <a href=\"https:\/\/higuey.info\/news\/category\/la-republica\/la-altagracia\/higuey\/mi-barrio\/villa-cerro\/\"><strong>Villa Cerro<\/strong><\/a>, donde fueron apresados manifestantes que apoyaban el paro c\u00edvico.<\/p>\n<p>La huelga solo tuvo efecto en m\u00e1s de un 90 % en el municipio de Salvale\u00f3n de Hig\u00fcey, mientras que en la zona tur\u00edstica de <a href=\"https:\/\/higuey.info\/news\/category\/la-republica\/la-altagracia\/higuey\/mi-comunidad\/beron\/\"><strong>Ver\u00f3n<\/strong><\/a>&#8211;<a href=\"https:\/\/higuey.info\/news\/category\/la-republica\/la-altagracia\/higuey\/mi-comunidad\/punta-cana\/\"><strong>Punta Cana<\/strong><\/a> el comercio y el transporte se desarroll\u00f3 con normalidad.\u00a0 [&#8212;]<\/p>\n<p><strong>Demandas<\/strong><br \/>\nLos convocantes reclaman la terminaci\u00f3n del acueducto para Hig\u00fcey, mejoramiento del servicio de electricidad, reparaci\u00f3n de carreteras y caminos vecinales, que el Gobierno no privatice la playa de <a href=\"https:\/\/higuey.info\/news\/category\/la-republica\/la-altagracia\/higuey\/mi-comunidad\/el-macao\/\"><strong>Macao<\/strong><\/a>, construcci\u00f3n de un hospital para Ver\u00f3n, entre otras necesidades.<\/p>\n<p><strong>Julio C\u00e9sar Cedano<\/strong>, presidente de la Confederaci\u00f3n de Juntas de Vecinos, acot\u00f3 que la Federaci\u00f3n y la Coalici\u00f3n se mantienen firmes con las demandas hasta que el gobierno central y el municipal puedan darle respuestas a la provincia La Altagracia de los males que les acogotan.<\/p>\n","protected":false},"excerpt":{"rendered":"<p>La protesta en fue convocada por la Federaci\u00f3n de Juntas de Vecinos de La Altagracia en demanda de que el Gobierno resuelva los problemas de la provincia y, principalmente, la empresa distribuidora de electricidad Edeeste, cese los apagones.<\/p>\n","protected":false},"author":1,"featured_media":12264,"comment_status":"open","ping_status":"open","sticky":false,"template":"","format":"standard","meta":{"footnotes":""},"categories":[6694,4,6995,1211,1212],"tags":[90,82,7300,7302,4791,81,7261,2150,2148,86],"class_list":["post-12263","post","type-post","status-publish","format-standard","has-post-thumbnail","hentry","category-destacado","category-higuey","category-la-altagracia","category-mi-barrio","category-mi-comunidad","tag-edeeste","tag-huelga","tag-huelgahiguey","tag-huelgahiguey2018","tag-julio-cesar-cedano","tag-paro","tag-protestas","tag-reclamaciones","tag-reclamos","tag-uasd"],"yoast_head":"<!-- This site is optimized with the Yoast SEO plugin v27.5 - https:\/\/yoast.com\/product\/yoast-seo-wordpress\/ -->\n<title>Llamado a Huelga queda levantado luego de liberaci\u00f3n de presos. - Higuey.Info<\/title>\n<meta name=\"description\" content=\"La protesta en fue convocada por la Federaci\u00f3n de Juntas de Vecinos de La Altagracia en demanda de que el Gobierno resuelva los problemas de la provincia y, principalmente, la empresa distribuidora de electricidad Edeeste, cese los apagones.\" \/>\n<meta name=\"robots\" content=\"index, follow, max-snippet:-1, max-image-preview:large, max-video-preview:-1\" \/>\n<link rel=\"canonical\" href=\"https:\/\/higuey.info\/news\/llamado-a-huelga-queda-levantado-luego-de-liberacion-de-presos\/\" \/>\n<meta property=\"og:locale\" content=\"es_ES\" \/>\n<meta property=\"og:type\" content=\"article\" \/>\n<meta property=\"og:title\" content=\"Llamado a Huelga queda levantado luego de liberaci\u00f3n de presos. - Higuey.Info\" \/>\n<meta property=\"og:description\" content=\"La protesta en fue convocada por la Federaci\u00f3n de Juntas de Vecinos de La Altagracia en demanda de que el Gobierno resuelva los problemas de la provincia y, principalmente, la empresa distribuidora de electricidad Edeeste, cese los apagones.\" \/>\n<meta property=\"og:url\" content=\"https:\/\/higuey.info\/news\/llamado-a-huelga-queda-levantado-luego-de-liberacion-de-presos\/\" \/>\n<meta property=\"og:site_name\" content=\"Hig\u00fcey.Info\" \/>\n<meta property=\"article:published_time\" content=\"2018-07-26T23:23:15+00:00\" \/>\n<meta property=\"article:modified_time\" content=\"2020-11-21T04:25:03+00:00\" \/>\n<meta property=\"og:image\" content=\"https:\/\/higuey.info\/news\/wp-content\/uploads\/2018\/07\/Huelga-Higuey.jpg\" \/>\n\t<meta property=\"og:image:width\" content=\"1280\" \/>\n\t<meta property=\"og:image:height\" content=\"800\" \/>\n\t<meta property=\"og:image:type\" content=\"image\/jpeg\" \/>\n<meta name=\"author\" content=\"higuey.info\" \/>\n<meta name=\"twitter:card\" content=\"summary_large_image\" \/>\n<meta name=\"twitter:label1\" content=\"Escrito por\" \/>\n\t<meta name=\"twitter:data1\" content=\"higuey.info\" \/>\n\t<meta name=\"twitter:label2\" content=\"Tiempo de lectura\" \/>\n\t<meta name=\"twitter:data2\" content=\"2 minutos\" \/>\n<script type=\"application\/ld+json\" class=\"yoast-schema-graph\">{\"@context\":\"https:\\\/\\\/schema.org\",\"@graph\":[{\"@type\":\"Article\",\"@id\":\"https:\\\/\\\/higuey.info\\\/news\\\/llamado-a-huelga-queda-levantado-luego-de-liberacion-de-presos\\\/#article\",\"isPartOf\":{\"@id\":\"https:\\\/\\\/higuey.info\\\/news\\\/llamado-a-huelga-queda-levantado-luego-de-liberacion-de-presos\\\/\"},\"author\":{\"name\":\"higuey.info\",\"@id\":\"https:\\\/\\\/higuey.info\\\/news\\\/#\\\/schema\\\/person\\\/274b1e73c44a5e7d852529cd974f389f\"},\"headline\":\"Llamado a Huelga queda levantado luego de liberaci\u00f3n de presos.\",\"datePublished\":\"2018-07-26T23:23:15+00:00\",\"dateModified\":\"2020-11-21T04:25:03+00:00\",\"mainEntityOfPage\":{\"@id\":\"https:\\\/\\\/higuey.info\\\/news\\\/llamado-a-huelga-queda-levantado-luego-de-liberacion-de-presos\\\/\"},\"wordCount\":380,\"commentCount\":0,\"publisher\":{\"@id\":\"https:\\\/\\\/higuey.info\\\/news\\\/#organization\"},\"image\":{\"@id\":\"https:\\\/\\\/higuey.info\\\/news\\\/llamado-a-huelga-queda-levantado-luego-de-liberacion-de-presos\\\/#primaryimage\"},\"thumbnailUrl\":\"https:\\\/\\\/higuey.info\\\/news\\\/wp-content\\\/uploads\\\/2018\\\/07\\\/Huelga-Higuey.jpg\",\"keywords\":[\"EDEESTE\",\"huelga\",\"HuelgaHiguey\",\"HuelgaHiguey2018\",\"Julio Cesar Cedano\",\"paro\",\"Protestas\",\"Reclamaciones\",\"Reclamos\",\"UASD\"],\"articleSection\":[\"Destacado\",\"Higuey\",\"La Altagracia\",\"Mi barrio\",\"Mi comunidad\"],\"inLanguage\":\"es\",\"potentialAction\":[{\"@type\":\"CommentAction\",\"name\":\"Comment\",\"target\":[\"https:\\\/\\\/higuey.info\\\/news\\\/llamado-a-huelga-queda-levantado-luego-de-liberacion-de-presos\\\/#respond\"]}]},{\"@type\":\"WebPage\",\"@id\":\"https:\\\/\\\/higuey.info\\\/news\\\/llamado-a-huelga-queda-levantado-luego-de-liberacion-de-presos\\\/\",\"url\":\"https:\\\/\\\/higuey.info\\\/news\\\/llamado-a-huelga-queda-levantado-luego-de-liberacion-de-presos\\\/\",\"name\":\"Llamado a Huelga queda levantado luego de liberaci\u00f3n de presos. - Higuey.Info\",\"isPartOf\":{\"@id\":\"https:\\\/\\\/higuey.info\\\/news\\\/#website\"},\"primaryImageOfPage\":{\"@id\":\"https:\\\/\\\/higuey.info\\\/news\\\/llamado-a-huelga-queda-levantado-luego-de-liberacion-de-presos\\\/#primaryimage\"},\"image\":{\"@id\":\"https:\\\/\\\/higuey.info\\\/news\\\/llamado-a-huelga-queda-levantado-luego-de-liberacion-de-presos\\\/#primaryimage\"},\"thumbnailUrl\":\"https:\\\/\\\/higuey.info\\\/news\\\/wp-content\\\/uploads\\\/2018\\\/07\\\/Huelga-Higuey.jpg\",\"datePublished\":\"2018-07-26T23:23:15+00:00\",\"dateModified\":\"2020-11-21T04:25:03+00:00\",\"description\":\"La protesta en fue convocada por la Federaci\u00f3n de Juntas de Vecinos de La Altagracia en demanda de que el Gobierno resuelva los problemas de la provincia y, principalmente, la empresa distribuidora de electricidad Edeeste, cese los apagones.\",\"breadcrumb\":{\"@id\":\"https:\\\/\\\/higuey.info\\\/news\\\/llamado-a-huelga-queda-levantado-luego-de-liberacion-de-presos\\\/#breadcrumb\"},\"inLanguage\":\"es\",\"potentialAction\":[{\"@type\":\"ReadAction\",\"target\":[\"https:\\\/\\\/higuey.info\\\/news\\\/llamado-a-huelga-queda-levantado-luego-de-liberacion-de-presos\\\/\"]}]},{\"@type\":\"ImageObject\",\"inLanguage\":\"es\",\"@id\":\"https:\\\/\\\/higuey.info\\\/news\\\/llamado-a-huelga-queda-levantado-luego-de-liberacion-de-presos\\\/#primaryimage\",\"url\":\"https:\\\/\\\/higuey.info\\\/news\\\/wp-content\\\/uploads\\\/2018\\\/07\\\/Huelga-Higuey.jpg\",\"contentUrl\":\"https:\\\/\\\/higuey.info\\\/news\\\/wp-content\\\/uploads\\\/2018\\\/07\\\/Huelga-Higuey.jpg\",\"width\":\"1280\",\"height\":\"800\"},{\"@type\":\"BreadcrumbList\",\"@id\":\"https:\\\/\\\/higuey.info\\\/news\\\/llamado-a-huelga-queda-levantado-luego-de-liberacion-de-presos\\\/#breadcrumb\",\"itemListElement\":[{\"@type\":\"ListItem\",\"position\":1,\"name\":\"Portada\",\"item\":\"https:\\\/\\\/higuey.info\\\/news\\\/\"},{\"@type\":\"ListItem\",\"position\":2,\"name\":\"Llamado a Huelga queda levantado luego de liberaci\u00f3n de presos.\"}]},{\"@type\":\"WebSite\",\"@id\":\"https:\\\/\\\/higuey.info\\\/news\\\/#website\",\"url\":\"https:\\\/\\\/higuey.info\\\/news\\\/\",\"name\":\"Hig\u00fcey.Info\",\"description\":\"Noticias de Hig\u00fcey La Altagracia Rep\u00fablica Dominicana.\",\"publisher\":{\"@id\":\"https:\\\/\\\/higuey.info\\\/news\\\/#organization\"},\"potentialAction\":[{\"@type\":\"SearchAction\",\"target\":{\"@type\":\"EntryPoint\",\"urlTemplate\":\"https:\\\/\\\/higuey.info\\\/news\\\/?s={search_term_string}\"},\"query-input\":{\"@type\":\"PropertyValueSpecification\",\"valueRequired\":true,\"valueName\":\"search_term_string\"}}],\"inLanguage\":\"es\"},{\"@type\":\"Organization\",\"@id\":\"https:\\\/\\\/higuey.info\\\/news\\\/#organization\",\"name\":\"Hig\u00fcey.Info\",\"url\":\"https:\\\/\\\/higuey.info\\\/news\\\/\",\"logo\":{\"@type\":\"ImageObject\",\"inLanguage\":\"es\",\"@id\":\"https:\\\/\\\/higuey.info\\\/news\\\/#\\\/schema\\\/logo\\\/image\\\/\",\"url\":\"https:\\\/\\\/higuey.info\\\/news\\\/wp-content\\\/uploads\\\/2015\\\/11\\\/logof.jpg\",\"contentUrl\":\"https:\\\/\\\/higuey.info\\\/news\\\/wp-content\\\/uploads\\\/2015\\\/11\\\/logof.jpg\",\"width\":248,\"height\":90,\"caption\":\"Hig\u00fcey.Info\"},\"image\":{\"@id\":\"https:\\\/\\\/higuey.info\\\/news\\\/#\\\/schema\\\/logo\\\/image\\\/\"}},{\"@type\":\"Person\",\"@id\":\"https:\\\/\\\/higuey.info\\\/news\\\/#\\\/schema\\\/person\\\/274b1e73c44a5e7d852529cd974f389f\",\"name\":\"higuey.info\",\"image\":{\"@type\":\"ImageObject\",\"inLanguage\":\"es\",\"@id\":\"https:\\\/\\\/secure.gravatar.com\\\/avatar\\\/baaa13fb48787405f1f95c6405f1f193ab4cefad2554d219db78e9a57688ba88?s=96&d=wavatar&r=g\",\"url\":\"https:\\\/\\\/secure.gravatar.com\\\/avatar\\\/baaa13fb48787405f1f95c6405f1f193ab4cefad2554d219db78e9a57688ba88?s=96&d=wavatar&r=g\",\"contentUrl\":\"https:\\\/\\\/secure.gravatar.com\\\/avatar\\\/baaa13fb48787405f1f95c6405f1f193ab4cefad2554d219db78e9a57688ba88?s=96&d=wavatar&r=g\",\"caption\":\"higuey.info\"},\"description\":\"Higuey Info | Portal informativo numero uno de la ciudad de Higuey, Todas las Noticias de Higuey La Altagracia Republica Dominicana.\",\"sameAs\":[\"https:\\\/\\\/higuey.info\\\/news\"]}]}<\/script>\n<!-- \/ Yoast SEO plugin. -->","yoast_head_json":{"title":"Llamado a Huelga queda levantado luego de liberaci\u00f3n de presos. - Higuey.Info","description":"La protesta en fue convocada por la Federaci\u00f3n de Juntas de Vecinos de La Altagracia en demanda de que el Gobierno resuelva los problemas de la provincia y, principalmente, la empresa distribuidora de electricidad Edeeste, cese los apagones.","robots":{"index":"index","follow":"follow","max-snippet":"max-snippet:-1","max-image-preview":"max-image-preview:large","max-video-preview":"max-video-preview:-1"},"canonical":"https:\/\/higuey.info\/news\/llamado-a-huelga-queda-levantado-luego-de-liberacion-de-presos\/","og_locale":"es_ES","og_type":"article","og_title":"Llamado a Huelga queda levantado luego de liberaci\u00f3n de presos. - Higuey.Info","og_description":"La protesta en fue convocada por la Federaci\u00f3n de Juntas de Vecinos de La Altagracia en demanda de que el Gobierno resuelva los problemas de la provincia y, principalmente, la empresa distribuidora de electricidad Edeeste, cese los apagones.","og_url":"https:\/\/higuey.info\/news\/llamado-a-huelga-queda-levantado-luego-de-liberacion-de-presos\/","og_site_name":"Hig\u00fcey.Info","article_published_time":"2018-07-26T23:23:15+00:00","article_modified_time":"2020-11-21T04:25:03+00:00","og_image":[{"width":1280,"height":800,"url":"https:\/\/higuey.info\/news\/wp-content\/uploads\/2018\/07\/Huelga-Higuey.jpg","type":"image\/jpeg"}],"author":"higuey.info","twitter_card":"summary_large_image","twitter_misc":{"Escrito por":"higuey.info","Tiempo de lectura":"2 minutos"},"schema":{"@context":"https:\/\/schema.org","@graph":[{"@type":"Article","@id":"https:\/\/higuey.info\/news\/llamado-a-huelga-queda-levantado-luego-de-liberacion-de-presos\/#article","isPartOf":{"@id":"https:\/\/higuey.info\/news\/llamado-a-huelga-queda-levantado-luego-de-liberacion-de-presos\/"},"author":{"name":"higuey.info","@id":"https:\/\/higuey.info\/news\/#\/schema\/person\/274b1e73c44a5e7d852529cd974f389f"},"headline":"Llamado a Huelga queda levantado luego de liberaci\u00f3n de presos.","datePublished":"2018-07-26T23:23:15+00:00","dateModified":"2020-11-21T04:25:03+00:00","mainEntityOfPage":{"@id":"https:\/\/higuey.info\/news\/llamado-a-huelga-queda-levantado-luego-de-liberacion-de-presos\/"},"wordCount":380,"commentCount":0,"publisher":{"@id":"https:\/\/higuey.info\/news\/#organization"},"image":{"@id":"https:\/\/higuey.info\/news\/llamado-a-huelga-queda-levantado-luego-de-liberacion-de-presos\/#primaryimage"},"thumbnailUrl":"https:\/\/higuey.info\/news\/wp-content\/uploads\/2018\/07\/Huelga-Higuey.jpg","keywords":["EDEESTE","huelga","HuelgaHiguey","HuelgaHiguey2018","Julio Cesar Cedano","paro","Protestas","Reclamaciones","Reclamos","UASD"],"articleSection":["Destacado","Higuey","La Altagracia","Mi barrio","Mi comunidad"],"inLanguage":"es","potentialAction":[{"@type":"CommentAction","name":"Comment","target":["https:\/\/higuey.info\/news\/llamado-a-huelga-queda-levantado-luego-de-liberacion-de-presos\/#respond"]}]},{"@type":"WebPage","@id":"https:\/\/higuey.info\/news\/llamado-a-huelga-queda-levantado-luego-de-liberacion-de-presos\/","url":"https:\/\/higuey.info\/news\/llamado-a-huelga-queda-levantado-luego-de-liberacion-de-presos\/","name":"Llamado a Huelga queda levantado luego de liberaci\u00f3n de presos. - Higuey.Info","isPartOf":{"@id":"https:\/\/higuey.info\/news\/#website"},"primaryImageOfPage":{"@id":"https:\/\/higuey.info\/news\/llamado-a-huelga-queda-levantado-luego-de-liberacion-de-presos\/#primaryimage"},"image":{"@id":"https:\/\/higuey.info\/news\/llamado-a-huelga-queda-levantado-luego-de-liberacion-de-presos\/#primaryimage"},"thumbnailUrl":"https:\/\/higuey.info\/news\/wp-content\/uploads\/2018\/07\/Huelga-Higuey.jpg","datePublished":"2018-07-26T23:23:15+00:00","dateModified":"2020-11-21T04:25:03+00:00","description":"La protesta en fue convocada por la Federaci\u00f3n de Juntas de Vecinos de La Altagracia en demanda de que el Gobierno resuelva los problemas de la provincia y, principalmente, la empresa distribuidora de electricidad Edeeste, cese los apagones.","breadcrumb":{"@id":"https:\/\/higuey.info\/news\/llamado-a-huelga-queda-levantado-luego-de-liberacion-de-presos\/#breadcrumb"},"inLanguage":"es","potentialAction":[{"@type":"ReadAction","target":["https:\/\/higuey.info\/news\/llamado-a-huelga-queda-levantado-luego-de-liberacion-de-presos\/"]}]},{"@type":"ImageObject","inLanguage":"es","@id":"https:\/\/higuey.info\/news\/llamado-a-huelga-queda-levantado-luego-de-liberacion-de-presos\/#primaryimage","url":"https:\/\/higuey.info\/news\/wp-content\/uploads\/2018\/07\/Huelga-Higuey.jpg","contentUrl":"https:\/\/higuey.info\/news\/wp-content\/uploads\/2018\/07\/Huelga-Higuey.jpg","width":"1280","height":"800"},{"@type":"BreadcrumbList","@id":"https:\/\/higuey.info\/news\/llamado-a-huelga-queda-levantado-luego-de-liberacion-de-presos\/#breadcrumb","itemListElement":[{"@type":"ListItem","position":1,"name":"Portada","item":"https:\/\/higuey.info\/news\/"},{"@type":"ListItem","position":2,"name":"Llamado a Huelga queda levantado luego de liberaci\u00f3n de presos."}]},{"@type":"WebSite","@id":"https:\/\/higuey.info\/news\/#website","url":"https:\/\/higuey.info\/news\/","name":"Hig\u00fcey.Info","description":"Noticias de Hig\u00fcey La Altagracia Rep\u00fablica Dominicana.","publisher":{"@id":"https:\/\/higuey.info\/news\/#organization"},"potentialAction":[{"@type":"SearchAction","target":{"@type":"EntryPoint","urlTemplate":"https:\/\/higuey.info\/news\/?s={search_term_string}"},"query-input":{"@type":"PropertyValueSpecification","valueRequired":true,"valueName":"search_term_string"}}],"inLanguage":"es"},{"@type":"Organization","@id":"https:\/\/higuey.info\/news\/#organization","name":"Hig\u00fcey.Info","url":"https:\/\/higuey.info\/news\/","logo":{"@type":"ImageObject","inLanguage":"es","@id":"https:\/\/higuey.info\/news\/#\/schema\/logo\/image\/","url":"https:\/\/higuey.info\/news\/wp-content\/uploads\/2015\/11\/logof.jpg","contentUrl":"https:\/\/higuey.info\/news\/wp-content\/uploads\/2015\/11\/logof.jpg","width":248,"height":90,"caption":"Hig\u00fcey.Info"},"image":{"@id":"https:\/\/higuey.info\/news\/#\/schema\/logo\/image\/"}},{"@type":"Person","@id":"https:\/\/higuey.info\/news\/#\/schema\/person\/274b1e73c44a5e7d852529cd974f389f","name":"higuey.info","image":{"@type":"ImageObject","inLanguage":"es","@id":"https:\/\/secure.gravatar.com\/avatar\/baaa13fb48787405f1f95c6405f1f193ab4cefad2554d219db78e9a57688ba88?s=96&d=wavatar&r=g","url":"https:\/\/secure.gravatar.com\/avatar\/baaa13fb48787405f1f95c6405f1f193ab4cefad2554d219db78e9a57688ba88?s=96&d=wavatar&r=g","contentUrl":"https:\/\/secure.gravatar.com\/avatar\/baaa13fb48787405f1f95c6405f1f193ab4cefad2554d219db78e9a57688ba88?s=96&d=wavatar&r=g","caption":"higuey.info"},"description":"Higuey Info | Portal informativo numero uno de la ciudad de Higuey, Todas las Noticias de Higuey La Altagracia Republica Dominicana.","sameAs":["https:\/\/higuey.info\/news"]}]}},"_links":{"self":[{"href":"https:\/\/higuey.info\/news\/wp-json\/wp\/v2\/posts\/12263","targetHints":{"allow":["GET"]}}],"collection":[{"href":"https:\/\/higuey.info\/news\/wp-json\/wp\/v2\/posts"}],"about":[{"href":"https:\/\/higuey.info\/news\/wp-json\/wp\/v2\/types\/post"}],"author":[{"embeddable":true,"href":"https:\/\/higuey.info\/news\/wp-json\/wp\/v2\/users\/1"}],"replies":[{"embeddable":true,"href":"https:\/\/higuey.info\/news\/wp-json\/wp\/v2\/comments?post=12263"}],"version-history":[{"count":13,"href":"https:\/\/higuey.info\/news\/wp-json\/wp\/v2\/posts\/12263\/revisions"}],"predecessor-version":[{"id":15697,"href":"https:\/\/higuey.info\/news\/wp-json\/wp\/v2\/posts\/12263\/revisions\/15697"}],"wp:featuredmedia":[{"embeddable":true,"href":"https:\/\/higuey.info\/news\/wp-json\/wp\/v2\/media\/12264"}],"wp:attachment":[{"href":"https:\/\/higuey.info\/news\/wp-json\/wp\/v2\/media?parent=12263"}],"wp:term":[{"taxonomy":"category","embeddable":true,"href":"https:\/\/higuey.info\/news\/wp-json\/wp\/v2\/categories?post=12263"},{"taxonomy":"post_tag","embeddable":true,"href":"https:\/\/higuey.info\/news\/wp-json\/wp\/v2\/tags?post=12263"}],"curies":[{"name":"wp","href":"https:\/\/api.w.org\/{rel}","templated":true}]}}