{"id":12271,"date":"2018-07-27T22:30:59","date_gmt":"2018-07-27T22:30:59","guid":{"rendered":"https:\/\/higuey.info\/news\/news\/?p=12271"},"modified":"2020-11-21T04:21:05","modified_gmt":"2020-11-21T04:21:05","slug":"higuey-en-protesta-por-los-apagones-y-reclamo-de-obras-sociales-inconclusas","status":"publish","type":"post","link":"https:\/\/higuey.info\/news\/higuey-en-protesta-por-los-apagones-y-reclamo-de-obras-sociales-inconclusas\/","title":{"rendered":"Resumen de la protesta de ayer &#8211; Hig\u00fcey en protesta por los apagones y reclamo de obras sociales inconclusas."},"content":{"rendered":"<div id=\"ArticleAuthorDiv\" class=\"article-body-author\"><b>Florentino Dur\u00e1n<\/b><\/div>\n<div id=\"ArticleSourceDiv\" class=\"article-body-author\"><b>Listin Diario<\/b><\/div>\n<div id=\"ArticleBody\">\n<p>[&#8212;]Una paralizaci\u00f3n del transporte y el comercio se registr\u00f3\u00a0 ayer en el municipio de Hig\u00fcey, como parte de una jornada de protestas en contra de los apagones y en demanda de obras para la poblaci\u00f3n.<\/p>\n<p>Las protestas coordinadas por la Coalici\u00f3n de Organizaciones y la Federaci\u00f3n de Juntas de Vecinos dej\u00f3 sin posibilidad de desplazarse a centenares de trabajadores de la zona hotelera, que no pudieron utilizar el transporte p\u00fablico.<\/p>\n<div id=\"FIOnDemandWrapper_fiInstance_101888_1_782601\" class=\"FIOnDemandWrapper\">\n<div class=\"apd_static_banner \">[ad id=\u00bb11330&#8243;]<\/div>\n<blockquote>\n<div style=\"text-align: center;\"><a href=\"https:\/\/higuey.info\/news\/tag\/huelgahiguey2018\/\"><strong>Si desea saber todo lo que sucedi\u00f3 en el d\u00eda de ayer con el llamado a paro por 12 horas en la Altagracia favor seguir este enlace.<\/strong><\/a><\/div>\n<\/blockquote>\n<\/div>\n<p>Como parte de las acciones hubo incendios de neum\u00e1ticos en algunos sectores desde la noche anterior, en medio del aumento del patrullaje de la Polic\u00eda Nacional y el Ej\u00e9rcito.<\/p>\n<p>El presidente de la entidad convocante, <strong>Julio C\u00e9sar Cedano<\/strong>, dijo temprano en la ma\u00f1ana que el llamado fue por 12 horas, aunque pudiera extenderse, sino se atienden las demandas, especialmente respecto a la tanda de apagones que afecta immisericordemente a la ciudad, a pesar de que se estrena el programa 24 horas.\u00a0[&#8212;]<\/p>\n<p>La situaci\u00f3n en torno al transporte afect\u00f3 el movimiento de pasajeros, adem\u00e1s de <a href=\"https:\/\/higuey.info\/news\/category\/la-republica\/la-altagracia\/higuey\/mi-comunidad\/bavaro\/\"><strong>B\u00e1varo<\/strong><\/a>&#8211;<a href=\"https:\/\/higuey.info\/news\/category\/la-republica\/la-altagracia\/higuey\/mi-comunidad\/punta-cana\/\"><strong>Punta Cana<\/strong><\/a> hacia <strong>La Romana<\/strong> y el municipio San Rafael del Yuma. Los empleados salieron a las paradas de guagua, pero quedaron varados desde las primeras horas de la ma\u00f1ana. Tambi\u00e9n afect\u00f3 la docencia en centros educativos, especialmente en el Centro Universitario Regional del Este (CURE).<\/p>\n<\/div>\n","protected":false},"excerpt":{"rendered":"<p>Las protestas coordinadas por la Coalici\u00f3n de Organizaciones y la Federaci\u00f3n de Juntas de Vecinos dej\u00f3 sin posibilidad de desplazarse a centenares de trabajadores de la zona hotelera, que no pudieron utilizar el transporte p\u00fablico.<\/p>\n","protected":false},"author":1,"featured_media":12264,"comment_status":"open","ping_status":"open","sticky":false,"template":"","format":"standard","meta":{"footnotes":""},"categories":[841,6694,4,6995,6960,1212,41],"tags":[82,7300,7302,4791,330,81,7261,2150,2148],"class_list":["post-12271","post","type-post","status-publish","format-standard","has-post-thumbnail","hentry","category-bavaro","category-destacado","category-higuey","category-la-altagracia","category-la-romana","category-mi-comunidad","category-punta-cana","tag-huelga","tag-huelgahiguey","tag-huelgahiguey2018","tag-julio-cesar-cedano","tag-la-romana","tag-paro","tag-protestas","tag-reclamaciones","tag-reclamos"],"yoast_head":"<!-- This site is optimized with the Yoast SEO plugin v27.5 - https:\/\/yoast.com\/product\/yoast-seo-wordpress\/ -->\n<title>Resumen de la protesta de ayer - Hig\u00fcey en protesta por los apagones y reclamo de obras sociales inconclusas. - Higuey.Info<\/title>\n<meta name=\"description\" content=\"Las protestas coordinadas por la Coalici\u00f3n de Organizaciones y la Federaci\u00f3n de Juntas de Vecinos dej\u00f3 sin posibilidad de desplazarse a centenares de trabajadores de la zona hotelera, que no pudieron utilizar el transporte p\u00fablico.\" \/>\n<meta name=\"robots\" content=\"index, follow, max-snippet:-1, max-image-preview:large, max-video-preview:-1\" \/>\n<link rel=\"canonical\" href=\"https:\/\/higuey.info\/news\/higuey-en-protesta-por-los-apagones-y-reclamo-de-obras-sociales-inconclusas\/\" \/>\n<meta property=\"og:locale\" content=\"es_ES\" \/>\n<meta property=\"og:type\" content=\"article\" \/>\n<meta property=\"og:title\" content=\"Resumen de la protesta de ayer - Hig\u00fcey en protesta por los apagones y reclamo de obras sociales inconclusas. - Higuey.Info\" \/>\n<meta property=\"og:description\" content=\"Las protestas coordinadas por la Coalici\u00f3n de Organizaciones y la Federaci\u00f3n de Juntas de Vecinos dej\u00f3 sin posibilidad de desplazarse a centenares de trabajadores de la zona hotelera, que no pudieron utilizar el transporte p\u00fablico.\" \/>\n<meta property=\"og:url\" content=\"https:\/\/higuey.info\/news\/higuey-en-protesta-por-los-apagones-y-reclamo-de-obras-sociales-inconclusas\/\" \/>\n<meta property=\"og:site_name\" content=\"Hig\u00fcey.Info\" \/>\n<meta property=\"article:published_time\" content=\"2018-07-27T22:30:59+00:00\" \/>\n<meta property=\"article:modified_time\" content=\"2020-11-21T04:21:05+00:00\" \/>\n<meta property=\"og:image\" content=\"https:\/\/higuey.info\/news\/wp-content\/uploads\/2018\/07\/Huelga-Higuey.jpg\" \/>\n\t<meta property=\"og:image:width\" content=\"1280\" \/>\n\t<meta property=\"og:image:height\" content=\"800\" \/>\n\t<meta property=\"og:image:type\" content=\"image\/jpeg\" \/>\n<meta name=\"author\" content=\"higuey.info\" \/>\n<meta name=\"twitter:card\" content=\"summary_large_image\" \/>\n<meta name=\"twitter:label1\" content=\"Escrito por\" \/>\n\t<meta name=\"twitter:data1\" content=\"higuey.info\" \/>\n\t<meta name=\"twitter:label2\" content=\"Tiempo de lectura\" \/>\n\t<meta name=\"twitter:data2\" content=\"1 minuto\" \/>\n<script type=\"application\/ld+json\" class=\"yoast-schema-graph\">{\"@context\":\"https:\\\/\\\/schema.org\",\"@graph\":[{\"@type\":\"Article\",\"@id\":\"https:\\\/\\\/higuey.info\\\/news\\\/higuey-en-protesta-por-los-apagones-y-reclamo-de-obras-sociales-inconclusas\\\/#article\",\"isPartOf\":{\"@id\":\"https:\\\/\\\/higuey.info\\\/news\\\/higuey-en-protesta-por-los-apagones-y-reclamo-de-obras-sociales-inconclusas\\\/\"},\"author\":{\"name\":\"higuey.info\",\"@id\":\"https:\\\/\\\/higuey.info\\\/news\\\/#\\\/schema\\\/person\\\/274b1e73c44a5e7d852529cd974f389f\"},\"headline\":\"Resumen de la protesta de ayer &#8211; Hig\u00fcey en protesta por los apagones y reclamo de obras sociales inconclusas.\",\"datePublished\":\"2018-07-27T22:30:59+00:00\",\"dateModified\":\"2020-11-21T04:21:05+00:00\",\"mainEntityOfPage\":{\"@id\":\"https:\\\/\\\/higuey.info\\\/news\\\/higuey-en-protesta-por-los-apagones-y-reclamo-de-obras-sociales-inconclusas\\\/\"},\"wordCount\":282,\"commentCount\":0,\"publisher\":{\"@id\":\"https:\\\/\\\/higuey.info\\\/news\\\/#organization\"},\"image\":{\"@id\":\"https:\\\/\\\/higuey.info\\\/news\\\/higuey-en-protesta-por-los-apagones-y-reclamo-de-obras-sociales-inconclusas\\\/#primaryimage\"},\"thumbnailUrl\":\"https:\\\/\\\/higuey.info\\\/news\\\/wp-content\\\/uploads\\\/2018\\\/07\\\/Huelga-Higuey.jpg\",\"keywords\":[\"huelga\",\"HuelgaHiguey\",\"HuelgaHiguey2018\",\"Julio Cesar Cedano\",\"La Romana\",\"paro\",\"Protestas\",\"Reclamaciones\",\"Reclamos\"],\"articleSection\":[\"B\u00e1varo\",\"Destacado\",\"Higuey\",\"La Altagracia\",\"La Romana\",\"Mi comunidad\",\"Punta Cana\"],\"inLanguage\":\"es\",\"potentialAction\":[{\"@type\":\"CommentAction\",\"name\":\"Comment\",\"target\":[\"https:\\\/\\\/higuey.info\\\/news\\\/higuey-en-protesta-por-los-apagones-y-reclamo-de-obras-sociales-inconclusas\\\/#respond\"]}]},{\"@type\":\"WebPage\",\"@id\":\"https:\\\/\\\/higuey.info\\\/news\\\/higuey-en-protesta-por-los-apagones-y-reclamo-de-obras-sociales-inconclusas\\\/\",\"url\":\"https:\\\/\\\/higuey.info\\\/news\\\/higuey-en-protesta-por-los-apagones-y-reclamo-de-obras-sociales-inconclusas\\\/\",\"name\":\"Resumen de la protesta de ayer - Hig\u00fcey en protesta por los apagones y reclamo de obras sociales inconclusas. - Higuey.Info\",\"isPartOf\":{\"@id\":\"https:\\\/\\\/higuey.info\\\/news\\\/#website\"},\"primaryImageOfPage\":{\"@id\":\"https:\\\/\\\/higuey.info\\\/news\\\/higuey-en-protesta-por-los-apagones-y-reclamo-de-obras-sociales-inconclusas\\\/#primaryimage\"},\"image\":{\"@id\":\"https:\\\/\\\/higuey.info\\\/news\\\/higuey-en-protesta-por-los-apagones-y-reclamo-de-obras-sociales-inconclusas\\\/#primaryimage\"},\"thumbnailUrl\":\"https:\\\/\\\/higuey.info\\\/news\\\/wp-content\\\/uploads\\\/2018\\\/07\\\/Huelga-Higuey.jpg\",\"datePublished\":\"2018-07-27T22:30:59+00:00\",\"dateModified\":\"2020-11-21T04:21:05+00:00\",\"description\":\"Las protestas coordinadas por la Coalici\u00f3n de Organizaciones y la Federaci\u00f3n de Juntas de Vecinos dej\u00f3 sin posibilidad de desplazarse a centenares de trabajadores de la zona hotelera, que no pudieron utilizar el transporte p\u00fablico.\",\"breadcrumb\":{\"@id\":\"https:\\\/\\\/higuey.info\\\/news\\\/higuey-en-protesta-por-los-apagones-y-reclamo-de-obras-sociales-inconclusas\\\/#breadcrumb\"},\"inLanguage\":\"es\",\"potentialAction\":[{\"@type\":\"ReadAction\",\"target\":[\"https:\\\/\\\/higuey.info\\\/news\\\/higuey-en-protesta-por-los-apagones-y-reclamo-de-obras-sociales-inconclusas\\\/\"]}]},{\"@type\":\"ImageObject\",\"inLanguage\":\"es\",\"@id\":\"https:\\\/\\\/higuey.info\\\/news\\\/higuey-en-protesta-por-los-apagones-y-reclamo-de-obras-sociales-inconclusas\\\/#primaryimage\",\"url\":\"https:\\\/\\\/higuey.info\\\/news\\\/wp-content\\\/uploads\\\/2018\\\/07\\\/Huelga-Higuey.jpg\",\"contentUrl\":\"https:\\\/\\\/higuey.info\\\/news\\\/wp-content\\\/uploads\\\/2018\\\/07\\\/Huelga-Higuey.jpg\",\"width\":\"1280\",\"height\":\"800\"},{\"@type\":\"BreadcrumbList\",\"@id\":\"https:\\\/\\\/higuey.info\\\/news\\\/higuey-en-protesta-por-los-apagones-y-reclamo-de-obras-sociales-inconclusas\\\/#breadcrumb\",\"itemListElement\":[{\"@type\":\"ListItem\",\"position\":1,\"name\":\"Portada\",\"item\":\"https:\\\/\\\/higuey.info\\\/news\\\/\"},{\"@type\":\"ListItem\",\"position\":2,\"name\":\"Resumen de la protesta de ayer &#8211; Hig\u00fcey en protesta por los apagones y reclamo de obras sociales inconclusas.\"}]},{\"@type\":\"WebSite\",\"@id\":\"https:\\\/\\\/higuey.info\\\/news\\\/#website\",\"url\":\"https:\\\/\\\/higuey.info\\\/news\\\/\",\"name\":\"Hig\u00fcey.Info\",\"description\":\"Noticias de Hig\u00fcey La Altagracia Rep\u00fablica Dominicana.\",\"publisher\":{\"@id\":\"https:\\\/\\\/higuey.info\\\/news\\\/#organization\"},\"potentialAction\":[{\"@type\":\"SearchAction\",\"target\":{\"@type\":\"EntryPoint\",\"urlTemplate\":\"https:\\\/\\\/higuey.info\\\/news\\\/?s={search_term_string}\"},\"query-input\":{\"@type\":\"PropertyValueSpecification\",\"valueRequired\":true,\"valueName\":\"search_term_string\"}}],\"inLanguage\":\"es\"},{\"@type\":\"Organization\",\"@id\":\"https:\\\/\\\/higuey.info\\\/news\\\/#organization\",\"name\":\"Hig\u00fcey.Info\",\"url\":\"https:\\\/\\\/higuey.info\\\/news\\\/\",\"logo\":{\"@type\":\"ImageObject\",\"inLanguage\":\"es\",\"@id\":\"https:\\\/\\\/higuey.info\\\/news\\\/#\\\/schema\\\/logo\\\/image\\\/\",\"url\":\"https:\\\/\\\/higuey.info\\\/news\\\/wp-content\\\/uploads\\\/2015\\\/11\\\/logof.jpg\",\"contentUrl\":\"https:\\\/\\\/higuey.info\\\/news\\\/wp-content\\\/uploads\\\/2015\\\/11\\\/logof.jpg\",\"width\":248,\"height\":90,\"caption\":\"Hig\u00fcey.Info\"},\"image\":{\"@id\":\"https:\\\/\\\/higuey.info\\\/news\\\/#\\\/schema\\\/logo\\\/image\\\/\"}},{\"@type\":\"Person\",\"@id\":\"https:\\\/\\\/higuey.info\\\/news\\\/#\\\/schema\\\/person\\\/274b1e73c44a5e7d852529cd974f389f\",\"name\":\"higuey.info\",\"image\":{\"@type\":\"ImageObject\",\"inLanguage\":\"es\",\"@id\":\"https:\\\/\\\/secure.gravatar.com\\\/avatar\\\/baaa13fb48787405f1f95c6405f1f193ab4cefad2554d219db78e9a57688ba88?s=96&d=wavatar&r=g\",\"url\":\"https:\\\/\\\/secure.gravatar.com\\\/avatar\\\/baaa13fb48787405f1f95c6405f1f193ab4cefad2554d219db78e9a57688ba88?s=96&d=wavatar&r=g\",\"contentUrl\":\"https:\\\/\\\/secure.gravatar.com\\\/avatar\\\/baaa13fb48787405f1f95c6405f1f193ab4cefad2554d219db78e9a57688ba88?s=96&d=wavatar&r=g\",\"caption\":\"higuey.info\"},\"description\":\"Higuey Info | Portal informativo numero uno de la ciudad de Higuey, Todas las Noticias de Higuey La Altagracia Republica Dominicana.\",\"sameAs\":[\"https:\\\/\\\/higuey.info\\\/news\"]}]}<\/script>\n<!-- \/ Yoast SEO plugin. -->","yoast_head_json":{"title":"Resumen de la protesta de ayer - Hig\u00fcey en protesta por los apagones y reclamo de obras sociales inconclusas. - Higuey.Info","description":"Las protestas coordinadas por la Coalici\u00f3n de Organizaciones y la Federaci\u00f3n de Juntas de Vecinos dej\u00f3 sin posibilidad de desplazarse a centenares de trabajadores de la zona hotelera, que no pudieron utilizar el transporte p\u00fablico.","robots":{"index":"index","follow":"follow","max-snippet":"max-snippet:-1","max-image-preview":"max-image-preview:large","max-video-preview":"max-video-preview:-1"},"canonical":"https:\/\/higuey.info\/news\/higuey-en-protesta-por-los-apagones-y-reclamo-de-obras-sociales-inconclusas\/","og_locale":"es_ES","og_type":"article","og_title":"Resumen de la protesta de ayer - Hig\u00fcey en protesta por los apagones y reclamo de obras sociales inconclusas. - Higuey.Info","og_description":"Las protestas coordinadas por la Coalici\u00f3n de Organizaciones y la Federaci\u00f3n de Juntas de Vecinos dej\u00f3 sin posibilidad de desplazarse a centenares de trabajadores de la zona hotelera, que no pudieron utilizar el transporte p\u00fablico.","og_url":"https:\/\/higuey.info\/news\/higuey-en-protesta-por-los-apagones-y-reclamo-de-obras-sociales-inconclusas\/","og_site_name":"Hig\u00fcey.Info","article_published_time":"2018-07-27T22:30:59+00:00","article_modified_time":"2020-11-21T04:21:05+00:00","og_image":[{"width":1280,"height":800,"url":"https:\/\/higuey.info\/news\/wp-content\/uploads\/2018\/07\/Huelga-Higuey.jpg","type":"image\/jpeg"}],"author":"higuey.info","twitter_card":"summary_large_image","twitter_misc":{"Escrito por":"higuey.info","Tiempo de lectura":"1 minuto"},"schema":{"@context":"https:\/\/schema.org","@graph":[{"@type":"Article","@id":"https:\/\/higuey.info\/news\/higuey-en-protesta-por-los-apagones-y-reclamo-de-obras-sociales-inconclusas\/#article","isPartOf":{"@id":"https:\/\/higuey.info\/news\/higuey-en-protesta-por-los-apagones-y-reclamo-de-obras-sociales-inconclusas\/"},"author":{"name":"higuey.info","@id":"https:\/\/higuey.info\/news\/#\/schema\/person\/274b1e73c44a5e7d852529cd974f389f"},"headline":"Resumen de la protesta de ayer &#8211; Hig\u00fcey en protesta por los apagones y reclamo de obras sociales inconclusas.","datePublished":"2018-07-27T22:30:59+00:00","dateModified":"2020-11-21T04:21:05+00:00","mainEntityOfPage":{"@id":"https:\/\/higuey.info\/news\/higuey-en-protesta-por-los-apagones-y-reclamo-de-obras-sociales-inconclusas\/"},"wordCount":282,"commentCount":0,"publisher":{"@id":"https:\/\/higuey.info\/news\/#organization"},"image":{"@id":"https:\/\/higuey.info\/news\/higuey-en-protesta-por-los-apagones-y-reclamo-de-obras-sociales-inconclusas\/#primaryimage"},"thumbnailUrl":"https:\/\/higuey.info\/news\/wp-content\/uploads\/2018\/07\/Huelga-Higuey.jpg","keywords":["huelga","HuelgaHiguey","HuelgaHiguey2018","Julio Cesar Cedano","La Romana","paro","Protestas","Reclamaciones","Reclamos"],"articleSection":["B\u00e1varo","Destacado","Higuey","La Altagracia","La Romana","Mi comunidad","Punta Cana"],"inLanguage":"es","potentialAction":[{"@type":"CommentAction","name":"Comment","target":["https:\/\/higuey.info\/news\/higuey-en-protesta-por-los-apagones-y-reclamo-de-obras-sociales-inconclusas\/#respond"]}]},{"@type":"WebPage","@id":"https:\/\/higuey.info\/news\/higuey-en-protesta-por-los-apagones-y-reclamo-de-obras-sociales-inconclusas\/","url":"https:\/\/higuey.info\/news\/higuey-en-protesta-por-los-apagones-y-reclamo-de-obras-sociales-inconclusas\/","name":"Resumen de la protesta de ayer - Hig\u00fcey en protesta por los apagones y reclamo de obras sociales inconclusas. - Higuey.Info","isPartOf":{"@id":"https:\/\/higuey.info\/news\/#website"},"primaryImageOfPage":{"@id":"https:\/\/higuey.info\/news\/higuey-en-protesta-por-los-apagones-y-reclamo-de-obras-sociales-inconclusas\/#primaryimage"},"image":{"@id":"https:\/\/higuey.info\/news\/higuey-en-protesta-por-los-apagones-y-reclamo-de-obras-sociales-inconclusas\/#primaryimage"},"thumbnailUrl":"https:\/\/higuey.info\/news\/wp-content\/uploads\/2018\/07\/Huelga-Higuey.jpg","datePublished":"2018-07-27T22:30:59+00:00","dateModified":"2020-11-21T04:21:05+00:00","description":"Las protestas coordinadas por la Coalici\u00f3n de Organizaciones y la Federaci\u00f3n de Juntas de Vecinos dej\u00f3 sin posibilidad de desplazarse a centenares de trabajadores de la zona hotelera, que no pudieron utilizar el transporte p\u00fablico.","breadcrumb":{"@id":"https:\/\/higuey.info\/news\/higuey-en-protesta-por-los-apagones-y-reclamo-de-obras-sociales-inconclusas\/#breadcrumb"},"inLanguage":"es","potentialAction":[{"@type":"ReadAction","target":["https:\/\/higuey.info\/news\/higuey-en-protesta-por-los-apagones-y-reclamo-de-obras-sociales-inconclusas\/"]}]},{"@type":"ImageObject","inLanguage":"es","@id":"https:\/\/higuey.info\/news\/higuey-en-protesta-por-los-apagones-y-reclamo-de-obras-sociales-inconclusas\/#primaryimage","url":"https:\/\/higuey.info\/news\/wp-content\/uploads\/2018\/07\/Huelga-Higuey.jpg","contentUrl":"https:\/\/higuey.info\/news\/wp-content\/uploads\/2018\/07\/Huelga-Higuey.jpg","width":"1280","height":"800"},{"@type":"BreadcrumbList","@id":"https:\/\/higuey.info\/news\/higuey-en-protesta-por-los-apagones-y-reclamo-de-obras-sociales-inconclusas\/#breadcrumb","itemListElement":[{"@type":"ListItem","position":1,"name":"Portada","item":"https:\/\/higuey.info\/news\/"},{"@type":"ListItem","position":2,"name":"Resumen de la protesta de ayer &#8211; Hig\u00fcey en protesta por los apagones y reclamo de obras sociales inconclusas."}]},{"@type":"WebSite","@id":"https:\/\/higuey.info\/news\/#website","url":"https:\/\/higuey.info\/news\/","name":"Hig\u00fcey.Info","description":"Noticias de Hig\u00fcey La Altagracia Rep\u00fablica Dominicana.","publisher":{"@id":"https:\/\/higuey.info\/news\/#organization"},"potentialAction":[{"@type":"SearchAction","target":{"@type":"EntryPoint","urlTemplate":"https:\/\/higuey.info\/news\/?s={search_term_string}"},"query-input":{"@type":"PropertyValueSpecification","valueRequired":true,"valueName":"search_term_string"}}],"inLanguage":"es"},{"@type":"Organization","@id":"https:\/\/higuey.info\/news\/#organization","name":"Hig\u00fcey.Info","url":"https:\/\/higuey.info\/news\/","logo":{"@type":"ImageObject","inLanguage":"es","@id":"https:\/\/higuey.info\/news\/#\/schema\/logo\/image\/","url":"https:\/\/higuey.info\/news\/wp-content\/uploads\/2015\/11\/logof.jpg","contentUrl":"https:\/\/higuey.info\/news\/wp-content\/uploads\/2015\/11\/logof.jpg","width":248,"height":90,"caption":"Hig\u00fcey.Info"},"image":{"@id":"https:\/\/higuey.info\/news\/#\/schema\/logo\/image\/"}},{"@type":"Person","@id":"https:\/\/higuey.info\/news\/#\/schema\/person\/274b1e73c44a5e7d852529cd974f389f","name":"higuey.info","image":{"@type":"ImageObject","inLanguage":"es","@id":"https:\/\/secure.gravatar.com\/avatar\/baaa13fb48787405f1f95c6405f1f193ab4cefad2554d219db78e9a57688ba88?s=96&d=wavatar&r=g","url":"https:\/\/secure.gravatar.com\/avatar\/baaa13fb48787405f1f95c6405f1f193ab4cefad2554d219db78e9a57688ba88?s=96&d=wavatar&r=g","contentUrl":"https:\/\/secure.gravatar.com\/avatar\/baaa13fb48787405f1f95c6405f1f193ab4cefad2554d219db78e9a57688ba88?s=96&d=wavatar&r=g","caption":"higuey.info"},"description":"Higuey Info | Portal informativo numero uno de la ciudad de Higuey, Todas las Noticias de Higuey La Altagracia Republica Dominicana.","sameAs":["https:\/\/higuey.info\/news"]}]}},"_links":{"self":[{"href":"https:\/\/higuey.info\/news\/wp-json\/wp\/v2\/posts\/12271","targetHints":{"allow":["GET"]}}],"collection":[{"href":"https:\/\/higuey.info\/news\/wp-json\/wp\/v2\/posts"}],"about":[{"href":"https:\/\/higuey.info\/news\/wp-json\/wp\/v2\/types\/post"}],"author":[{"embeddable":true,"href":"https:\/\/higuey.info\/news\/wp-json\/wp\/v2\/users\/1"}],"replies":[{"embeddable":true,"href":"https:\/\/higuey.info\/news\/wp-json\/wp\/v2\/comments?post=12271"}],"version-history":[{"count":5,"href":"https:\/\/higuey.info\/news\/wp-json\/wp\/v2\/posts\/12271\/revisions"}],"predecessor-version":[{"id":15403,"href":"https:\/\/higuey.info\/news\/wp-json\/wp\/v2\/posts\/12271\/revisions\/15403"}],"wp:featuredmedia":[{"embeddable":true,"href":"https:\/\/higuey.info\/news\/wp-json\/wp\/v2\/media\/12264"}],"wp:attachment":[{"href":"https:\/\/higuey.info\/news\/wp-json\/wp\/v2\/media?parent=12271"}],"wp:term":[{"taxonomy":"category","embeddable":true,"href":"https:\/\/higuey.info\/news\/wp-json\/wp\/v2\/categories?post=12271"},{"taxonomy":"post_tag","embeddable":true,"href":"https:\/\/higuey.info\/news\/wp-json\/wp\/v2\/tags?post=12271"}],"curies":[{"name":"wp","href":"https:\/\/api.w.org\/{rel}","templated":true}]}}