{"id":12294,"date":"2018-07-28T20:09:12","date_gmt":"2018-07-28T20:09:12","guid":{"rendered":"https:\/\/higuey.info\/news\/news\/?p=12294"},"modified":"2020-11-21T18:06:42","modified_gmt":"2020-11-21T18:06:42","slug":"ayuntamiento-de-veron-punta-cana-prepara-calles-de-distintos-barrios-para-asfaltado","status":"publish","type":"post","link":"https:\/\/higuey.info\/news\/ayuntamiento-de-veron-punta-cana-prepara-calles-de-distintos-barrios-para-asfaltado\/","title":{"rendered":"Ayuntamiento de Ver\u00f3n Punta Cana prepara calles de distintos barrios para asfaltado."},"content":{"rendered":"<p>[&#8212;]<\/p>\n<p><strong>Por Amos Nu\u00f1ez<\/strong><\/p>\n<p>En la ma\u00f1ana de hoy el Ayuntamiento del Distrito Tur\u00edstico <a href=\"https:\/\/higuey.info\/news\/category\/la-republica\/la-altagracia\/higuey\/mi-comunidad\/beron\/\"><strong>Ver\u00f3n<\/strong> <\/a><a href=\"https:\/\/higuey.info\/news\/category\/la-republica\/la-altagracia\/higuey\/mi-comunidad\/punta-cana\/\"><strong>Punta Cana<\/strong><\/a>, contin\u00faa preparando las calles de los distintos barrios que necesitan el preciado asfalto. Los barrios que hoy se contin\u00faan impregnando y preparando con aceras y contenes son el sector <strong>G\u00e9nesis y Los Manantiales<\/strong>.\u00a0[ad id=\u00bb11330&#8243;]<\/p>\n<figure id=\"attachment_8799\" aria-describedby=\"caption-attachment-8799\" style=\"width: 242px\" class=\"wp-caption alignleft\"><a href=\"https:\/\/higuey.info\/news\/el-ayuntamiento-veron-punta-cana-inaugura-plaza-de-hermandad-internacional\/\"><img loading=\"lazy\" decoding=\"async\" class=\" wp-image-8799\" src=\"https:\/\/higuey.info\/news\/wp-content\/uploads\/2018\/03\/El-ayuntamiento-Ver&oacute;n-Punta-Cana-Inaugura-plaza-de-hermandad-internacional.-300x200.jpg\" alt=\"\" width=\"242\" height=\"161\" \/><\/a><figcaption id=\"caption-attachment-8799\" class=\"wp-caption-text\">El ayuntamiento Ver\u00f3n Punta Cana Inaugura plaza de hermandad internacional.<\/figcaption><\/figure>\n<p>Recordemos que la semana pasada el primer ejecutivo de La Ciudad Tur\u00edstica,\u00a0 <a href=\"https:\/\/higuey.info\/news\/?s=Manolito+Ram%C3%ADrez\"><strong>Manolito Ram\u00edrez<\/strong><\/a>, orden\u00f3 la pavimentaci\u00f3n de los barrios ya Preparados como <strong>Cristinita y Don Polo<\/strong>; en los cuales se est\u00e1 colocando el oro negro que da plusval\u00eda a las propiedades del lugar.<\/p>\n<p>Gracias al Excelent\u00edsimo Presidente <a href=\"https:\/\/higuey.info\/news\/?s=Danilo+Medina\"><strong>Danilo Medina<\/strong><\/a> y al Ministro de Obras P\u00fablicas <strong>Gonzalo Castillo<\/strong> por atender mi deseo de asfaltar El Distrito completo -Expres\u00f3 hoy s\u00e1bado Manolito, mientras supervisa una ensarta de obras en toda la zona.[&#8212;]<\/p>\n<p>Dir. Relaciones P\u00fablicas<br \/>\nAyuntamiento Distrito Municipal Tur\u00edstico Ver\u00f3n-Punta Cana<\/p>\n","protected":false},"excerpt":{"rendered":"<p>Recordemos que la semana pasada el primer ejecutivo de La Ciudad Tur\u00edstica, Manolito Ram\u00edrez, orden\u00f3 la pavimentaci\u00f3n de los barrios ya Preparados como Cristinita y Don Polo; en los cuales se est\u00e1 colocando el oro negro que da plusval\u00eda a las propiedades del lugar.<\/p>\n","protected":false},"author":1,"featured_media":12295,"comment_status":"open","ping_status":"open","sticky":false,"template":"","format":"standard","meta":{"footnotes":""},"categories":[6694,4,6995,1212,41,1361],"tags":[7341,38,1255,37,7211,4793,7339,4999,7340,7337,7338],"class_list":["post-12294","post","type-post","status-publish","format-standard","has-post-thumbnail","hentry","category-destacado","category-higuey","category-la-altagracia","category-mi-comunidad","category-punta-cana","category-beron","tag-arreglos","tag-asfaltado","tag-ayuntamiento","tag-calles","tag-cristinita","tag-danilo-medina","tag-don-polo","tag-genesis","tag-gonzalo-castillo","tag-los-manantiales","tag-manolito-ramirez"],"yoast_head":"<!-- This site is optimized with the Yoast SEO plugin v27.5 - https:\/\/yoast.com\/product\/yoast-seo-wordpress\/ -->\n<title>Ayuntamiento de Ver\u00f3n Punta Cana prepara calles de distintos barrios para asfaltado. - Higuey.Info<\/title>\n<meta name=\"description\" content=\"Recordemos que la semana pasada el primer ejecutivo de La Ciudad Tur\u00edstica, Manolito Ram\u00edrez, orden\u00f3 la pavimentaci\u00f3n de los barrios ya Preparados como Cristinita y Don Polo; en los cuales se est\u00e1 colocando el oro negro que da plusval\u00eda a las propiedades del lugar.\" \/>\n<meta name=\"robots\" content=\"index, follow, max-snippet:-1, max-image-preview:large, max-video-preview:-1\" \/>\n<link rel=\"canonical\" href=\"https:\/\/higuey.info\/news\/ayuntamiento-de-veron-punta-cana-prepara-calles-de-distintos-barrios-para-asfaltado\/\" \/>\n<meta property=\"og:locale\" content=\"es_ES\" \/>\n<meta property=\"og:type\" content=\"article\" \/>\n<meta property=\"og:title\" content=\"Ayuntamiento de Ver\u00f3n Punta Cana prepara calles de distintos barrios para asfaltado. - Higuey.Info\" \/>\n<meta property=\"og:description\" content=\"Recordemos que la semana pasada el primer ejecutivo de La Ciudad Tur\u00edstica, Manolito Ram\u00edrez, orden\u00f3 la pavimentaci\u00f3n de los barrios ya Preparados como Cristinita y Don Polo; en los cuales se est\u00e1 colocando el oro negro que da plusval\u00eda a las propiedades del lugar.\" \/>\n<meta property=\"og:url\" content=\"https:\/\/higuey.info\/news\/ayuntamiento-de-veron-punta-cana-prepara-calles-de-distintos-barrios-para-asfaltado\/\" \/>\n<meta property=\"og:site_name\" content=\"Hig\u00fcey.Info\" \/>\n<meta property=\"article:published_time\" content=\"2018-07-28T20:09:12+00:00\" \/>\n<meta property=\"article:modified_time\" content=\"2020-11-21T18:06:42+00:00\" \/>\n<meta property=\"og:image\" content=\"https:\/\/higuey.info\/news\/wp-content\/uploads\/2018\/07\/MANOLITO-VERON.jpg\" \/>\n\t<meta property=\"og:image:width\" content=\"1280\" \/>\n\t<meta property=\"og:image:height\" content=\"800\" \/>\n\t<meta property=\"og:image:type\" content=\"image\/jpeg\" \/>\n<meta name=\"author\" content=\"higuey.info\" \/>\n<meta name=\"twitter:card\" content=\"summary_large_image\" \/>\n<meta name=\"twitter:label1\" content=\"Escrito por\" \/>\n\t<meta name=\"twitter:data1\" content=\"higuey.info\" \/>\n\t<meta name=\"twitter:label2\" content=\"Tiempo de lectura\" \/>\n\t<meta name=\"twitter:data2\" content=\"1 minuto\" \/>\n<script type=\"application\/ld+json\" class=\"yoast-schema-graph\">{\"@context\":\"https:\\\/\\\/schema.org\",\"@graph\":[{\"@type\":\"Article\",\"@id\":\"https:\\\/\\\/higuey.info\\\/news\\\/ayuntamiento-de-veron-punta-cana-prepara-calles-de-distintos-barrios-para-asfaltado\\\/#article\",\"isPartOf\":{\"@id\":\"https:\\\/\\\/higuey.info\\\/news\\\/ayuntamiento-de-veron-punta-cana-prepara-calles-de-distintos-barrios-para-asfaltado\\\/\"},\"author\":{\"name\":\"higuey.info\",\"@id\":\"https:\\\/\\\/higuey.info\\\/news\\\/#\\\/schema\\\/person\\\/274b1e73c44a5e7d852529cd974f389f\"},\"headline\":\"Ayuntamiento de Ver\u00f3n Punta Cana prepara calles de distintos barrios para asfaltado.\",\"datePublished\":\"2018-07-28T20:09:12+00:00\",\"dateModified\":\"2020-11-21T18:06:42+00:00\",\"mainEntityOfPage\":{\"@id\":\"https:\\\/\\\/higuey.info\\\/news\\\/ayuntamiento-de-veron-punta-cana-prepara-calles-de-distintos-barrios-para-asfaltado\\\/\"},\"wordCount\":191,\"commentCount\":0,\"publisher\":{\"@id\":\"https:\\\/\\\/higuey.info\\\/news\\\/#organization\"},\"image\":{\"@id\":\"https:\\\/\\\/higuey.info\\\/news\\\/ayuntamiento-de-veron-punta-cana-prepara-calles-de-distintos-barrios-para-asfaltado\\\/#primaryimage\"},\"thumbnailUrl\":\"https:\\\/\\\/higuey.info\\\/news\\\/wp-content\\\/uploads\\\/2018\\\/07\\\/MANOLITO-VERON.jpg\",\"keywords\":[\"Arreglos\",\"asfaltado\",\"Ayuntamiento\",\"calles\",\"Cristinita\",\"Danilo Medina\",\"Don Polo\",\"G\u00e9nesis\",\"Gonzalo Castillo\",\"Los Manantiales\",\"Manolito Ram\u00edrez\"],\"articleSection\":[\"Destacado\",\"Higuey\",\"La Altagracia\",\"Mi comunidad\",\"Punta Cana\",\"Ver\u00f3n\"],\"inLanguage\":\"es\",\"potentialAction\":[{\"@type\":\"CommentAction\",\"name\":\"Comment\",\"target\":[\"https:\\\/\\\/higuey.info\\\/news\\\/ayuntamiento-de-veron-punta-cana-prepara-calles-de-distintos-barrios-para-asfaltado\\\/#respond\"]}]},{\"@type\":\"WebPage\",\"@id\":\"https:\\\/\\\/higuey.info\\\/news\\\/ayuntamiento-de-veron-punta-cana-prepara-calles-de-distintos-barrios-para-asfaltado\\\/\",\"url\":\"https:\\\/\\\/higuey.info\\\/news\\\/ayuntamiento-de-veron-punta-cana-prepara-calles-de-distintos-barrios-para-asfaltado\\\/\",\"name\":\"Ayuntamiento de Ver\u00f3n Punta Cana prepara calles de distintos barrios para asfaltado. - Higuey.Info\",\"isPartOf\":{\"@id\":\"https:\\\/\\\/higuey.info\\\/news\\\/#website\"},\"primaryImageOfPage\":{\"@id\":\"https:\\\/\\\/higuey.info\\\/news\\\/ayuntamiento-de-veron-punta-cana-prepara-calles-de-distintos-barrios-para-asfaltado\\\/#primaryimage\"},\"image\":{\"@id\":\"https:\\\/\\\/higuey.info\\\/news\\\/ayuntamiento-de-veron-punta-cana-prepara-calles-de-distintos-barrios-para-asfaltado\\\/#primaryimage\"},\"thumbnailUrl\":\"https:\\\/\\\/higuey.info\\\/news\\\/wp-content\\\/uploads\\\/2018\\\/07\\\/MANOLITO-VERON.jpg\",\"datePublished\":\"2018-07-28T20:09:12+00:00\",\"dateModified\":\"2020-11-21T18:06:42+00:00\",\"description\":\"Recordemos que la semana pasada el primer ejecutivo de La Ciudad Tur\u00edstica, Manolito Ram\u00edrez, orden\u00f3 la pavimentaci\u00f3n de los barrios ya Preparados como Cristinita y Don Polo; en los cuales se est\u00e1 colocando el oro negro que da plusval\u00eda a las propiedades del lugar.\",\"breadcrumb\":{\"@id\":\"https:\\\/\\\/higuey.info\\\/news\\\/ayuntamiento-de-veron-punta-cana-prepara-calles-de-distintos-barrios-para-asfaltado\\\/#breadcrumb\"},\"inLanguage\":\"es\",\"potentialAction\":[{\"@type\":\"ReadAction\",\"target\":[\"https:\\\/\\\/higuey.info\\\/news\\\/ayuntamiento-de-veron-punta-cana-prepara-calles-de-distintos-barrios-para-asfaltado\\\/\"]}]},{\"@type\":\"ImageObject\",\"inLanguage\":\"es\",\"@id\":\"https:\\\/\\\/higuey.info\\\/news\\\/ayuntamiento-de-veron-punta-cana-prepara-calles-de-distintos-barrios-para-asfaltado\\\/#primaryimage\",\"url\":\"https:\\\/\\\/higuey.info\\\/news\\\/wp-content\\\/uploads\\\/2018\\\/07\\\/MANOLITO-VERON.jpg\",\"contentUrl\":\"https:\\\/\\\/higuey.info\\\/news\\\/wp-content\\\/uploads\\\/2018\\\/07\\\/MANOLITO-VERON.jpg\",\"width\":\"1280\",\"height\":\"800\"},{\"@type\":\"BreadcrumbList\",\"@id\":\"https:\\\/\\\/higuey.info\\\/news\\\/ayuntamiento-de-veron-punta-cana-prepara-calles-de-distintos-barrios-para-asfaltado\\\/#breadcrumb\",\"itemListElement\":[{\"@type\":\"ListItem\",\"position\":1,\"name\":\"Portada\",\"item\":\"https:\\\/\\\/higuey.info\\\/news\\\/\"},{\"@type\":\"ListItem\",\"position\":2,\"name\":\"Ayuntamiento de Ver\u00f3n Punta Cana prepara calles de distintos barrios para asfaltado.\"}]},{\"@type\":\"WebSite\",\"@id\":\"https:\\\/\\\/higuey.info\\\/news\\\/#website\",\"url\":\"https:\\\/\\\/higuey.info\\\/news\\\/\",\"name\":\"Hig\u00fcey.Info\",\"description\":\"Noticias de Hig\u00fcey La Altagracia Rep\u00fablica Dominicana.\",\"publisher\":{\"@id\":\"https:\\\/\\\/higuey.info\\\/news\\\/#organization\"},\"potentialAction\":[{\"@type\":\"SearchAction\",\"target\":{\"@type\":\"EntryPoint\",\"urlTemplate\":\"https:\\\/\\\/higuey.info\\\/news\\\/?s={search_term_string}\"},\"query-input\":{\"@type\":\"PropertyValueSpecification\",\"valueRequired\":true,\"valueName\":\"search_term_string\"}}],\"inLanguage\":\"es\"},{\"@type\":\"Organization\",\"@id\":\"https:\\\/\\\/higuey.info\\\/news\\\/#organization\",\"name\":\"Hig\u00fcey.Info\",\"url\":\"https:\\\/\\\/higuey.info\\\/news\\\/\",\"logo\":{\"@type\":\"ImageObject\",\"inLanguage\":\"es\",\"@id\":\"https:\\\/\\\/higuey.info\\\/news\\\/#\\\/schema\\\/logo\\\/image\\\/\",\"url\":\"https:\\\/\\\/higuey.info\\\/news\\\/wp-content\\\/uploads\\\/2015\\\/11\\\/logof.jpg\",\"contentUrl\":\"https:\\\/\\\/higuey.info\\\/news\\\/wp-content\\\/uploads\\\/2015\\\/11\\\/logof.jpg\",\"width\":248,\"height\":90,\"caption\":\"Hig\u00fcey.Info\"},\"image\":{\"@id\":\"https:\\\/\\\/higuey.info\\\/news\\\/#\\\/schema\\\/logo\\\/image\\\/\"}},{\"@type\":\"Person\",\"@id\":\"https:\\\/\\\/higuey.info\\\/news\\\/#\\\/schema\\\/person\\\/274b1e73c44a5e7d852529cd974f389f\",\"name\":\"higuey.info\",\"image\":{\"@type\":\"ImageObject\",\"inLanguage\":\"es\",\"@id\":\"https:\\\/\\\/secure.gravatar.com\\\/avatar\\\/baaa13fb48787405f1f95c6405f1f193ab4cefad2554d219db78e9a57688ba88?s=96&d=wavatar&r=g\",\"url\":\"https:\\\/\\\/secure.gravatar.com\\\/avatar\\\/baaa13fb48787405f1f95c6405f1f193ab4cefad2554d219db78e9a57688ba88?s=96&d=wavatar&r=g\",\"contentUrl\":\"https:\\\/\\\/secure.gravatar.com\\\/avatar\\\/baaa13fb48787405f1f95c6405f1f193ab4cefad2554d219db78e9a57688ba88?s=96&d=wavatar&r=g\",\"caption\":\"higuey.info\"},\"description\":\"Higuey Info | Portal informativo numero uno de la ciudad de Higuey, Todas las Noticias de Higuey La Altagracia Republica Dominicana.\",\"sameAs\":[\"https:\\\/\\\/higuey.info\\\/news\"]}]}<\/script>\n<!-- \/ Yoast SEO plugin. -->","yoast_head_json":{"title":"Ayuntamiento de Ver\u00f3n Punta Cana prepara calles de distintos barrios para asfaltado. - Higuey.Info","description":"Recordemos que la semana pasada el primer ejecutivo de La Ciudad Tur\u00edstica, Manolito Ram\u00edrez, orden\u00f3 la pavimentaci\u00f3n de los barrios ya Preparados como Cristinita y Don Polo; en los cuales se est\u00e1 colocando el oro negro que da plusval\u00eda a las propiedades del lugar.","robots":{"index":"index","follow":"follow","max-snippet":"max-snippet:-1","max-image-preview":"max-image-preview:large","max-video-preview":"max-video-preview:-1"},"canonical":"https:\/\/higuey.info\/news\/ayuntamiento-de-veron-punta-cana-prepara-calles-de-distintos-barrios-para-asfaltado\/","og_locale":"es_ES","og_type":"article","og_title":"Ayuntamiento de Ver\u00f3n Punta Cana prepara calles de distintos barrios para asfaltado. - Higuey.Info","og_description":"Recordemos que la semana pasada el primer ejecutivo de La Ciudad Tur\u00edstica, Manolito Ram\u00edrez, orden\u00f3 la pavimentaci\u00f3n de los barrios ya Preparados como Cristinita y Don Polo; en los cuales se est\u00e1 colocando el oro negro que da plusval\u00eda a las propiedades del lugar.","og_url":"https:\/\/higuey.info\/news\/ayuntamiento-de-veron-punta-cana-prepara-calles-de-distintos-barrios-para-asfaltado\/","og_site_name":"Hig\u00fcey.Info","article_published_time":"2018-07-28T20:09:12+00:00","article_modified_time":"2020-11-21T18:06:42+00:00","og_image":[{"width":1280,"height":800,"url":"https:\/\/higuey.info\/news\/wp-content\/uploads\/2018\/07\/MANOLITO-VERON.jpg","type":"image\/jpeg"}],"author":"higuey.info","twitter_card":"summary_large_image","twitter_misc":{"Escrito por":"higuey.info","Tiempo de lectura":"1 minuto"},"schema":{"@context":"https:\/\/schema.org","@graph":[{"@type":"Article","@id":"https:\/\/higuey.info\/news\/ayuntamiento-de-veron-punta-cana-prepara-calles-de-distintos-barrios-para-asfaltado\/#article","isPartOf":{"@id":"https:\/\/higuey.info\/news\/ayuntamiento-de-veron-punta-cana-prepara-calles-de-distintos-barrios-para-asfaltado\/"},"author":{"name":"higuey.info","@id":"https:\/\/higuey.info\/news\/#\/schema\/person\/274b1e73c44a5e7d852529cd974f389f"},"headline":"Ayuntamiento de Ver\u00f3n Punta Cana prepara calles de distintos barrios para asfaltado.","datePublished":"2018-07-28T20:09:12+00:00","dateModified":"2020-11-21T18:06:42+00:00","mainEntityOfPage":{"@id":"https:\/\/higuey.info\/news\/ayuntamiento-de-veron-punta-cana-prepara-calles-de-distintos-barrios-para-asfaltado\/"},"wordCount":191,"commentCount":0,"publisher":{"@id":"https:\/\/higuey.info\/news\/#organization"},"image":{"@id":"https:\/\/higuey.info\/news\/ayuntamiento-de-veron-punta-cana-prepara-calles-de-distintos-barrios-para-asfaltado\/#primaryimage"},"thumbnailUrl":"https:\/\/higuey.info\/news\/wp-content\/uploads\/2018\/07\/MANOLITO-VERON.jpg","keywords":["Arreglos","asfaltado","Ayuntamiento","calles","Cristinita","Danilo Medina","Don Polo","G\u00e9nesis","Gonzalo Castillo","Los Manantiales","Manolito Ram\u00edrez"],"articleSection":["Destacado","Higuey","La Altagracia","Mi comunidad","Punta Cana","Ver\u00f3n"],"inLanguage":"es","potentialAction":[{"@type":"CommentAction","name":"Comment","target":["https:\/\/higuey.info\/news\/ayuntamiento-de-veron-punta-cana-prepara-calles-de-distintos-barrios-para-asfaltado\/#respond"]}]},{"@type":"WebPage","@id":"https:\/\/higuey.info\/news\/ayuntamiento-de-veron-punta-cana-prepara-calles-de-distintos-barrios-para-asfaltado\/","url":"https:\/\/higuey.info\/news\/ayuntamiento-de-veron-punta-cana-prepara-calles-de-distintos-barrios-para-asfaltado\/","name":"Ayuntamiento de Ver\u00f3n Punta Cana prepara calles de distintos barrios para asfaltado. - Higuey.Info","isPartOf":{"@id":"https:\/\/higuey.info\/news\/#website"},"primaryImageOfPage":{"@id":"https:\/\/higuey.info\/news\/ayuntamiento-de-veron-punta-cana-prepara-calles-de-distintos-barrios-para-asfaltado\/#primaryimage"},"image":{"@id":"https:\/\/higuey.info\/news\/ayuntamiento-de-veron-punta-cana-prepara-calles-de-distintos-barrios-para-asfaltado\/#primaryimage"},"thumbnailUrl":"https:\/\/higuey.info\/news\/wp-content\/uploads\/2018\/07\/MANOLITO-VERON.jpg","datePublished":"2018-07-28T20:09:12+00:00","dateModified":"2020-11-21T18:06:42+00:00","description":"Recordemos que la semana pasada el primer ejecutivo de La Ciudad Tur\u00edstica, Manolito Ram\u00edrez, orden\u00f3 la pavimentaci\u00f3n de los barrios ya Preparados como Cristinita y Don Polo; en los cuales se est\u00e1 colocando el oro negro que da plusval\u00eda a las propiedades del lugar.","breadcrumb":{"@id":"https:\/\/higuey.info\/news\/ayuntamiento-de-veron-punta-cana-prepara-calles-de-distintos-barrios-para-asfaltado\/#breadcrumb"},"inLanguage":"es","potentialAction":[{"@type":"ReadAction","target":["https:\/\/higuey.info\/news\/ayuntamiento-de-veron-punta-cana-prepara-calles-de-distintos-barrios-para-asfaltado\/"]}]},{"@type":"ImageObject","inLanguage":"es","@id":"https:\/\/higuey.info\/news\/ayuntamiento-de-veron-punta-cana-prepara-calles-de-distintos-barrios-para-asfaltado\/#primaryimage","url":"https:\/\/higuey.info\/news\/wp-content\/uploads\/2018\/07\/MANOLITO-VERON.jpg","contentUrl":"https:\/\/higuey.info\/news\/wp-content\/uploads\/2018\/07\/MANOLITO-VERON.jpg","width":"1280","height":"800"},{"@type":"BreadcrumbList","@id":"https:\/\/higuey.info\/news\/ayuntamiento-de-veron-punta-cana-prepara-calles-de-distintos-barrios-para-asfaltado\/#breadcrumb","itemListElement":[{"@type":"ListItem","position":1,"name":"Portada","item":"https:\/\/higuey.info\/news\/"},{"@type":"ListItem","position":2,"name":"Ayuntamiento de Ver\u00f3n Punta Cana prepara calles de distintos barrios para asfaltado."}]},{"@type":"WebSite","@id":"https:\/\/higuey.info\/news\/#website","url":"https:\/\/higuey.info\/news\/","name":"Hig\u00fcey.Info","description":"Noticias de Hig\u00fcey La Altagracia Rep\u00fablica Dominicana.","publisher":{"@id":"https:\/\/higuey.info\/news\/#organization"},"potentialAction":[{"@type":"SearchAction","target":{"@type":"EntryPoint","urlTemplate":"https:\/\/higuey.info\/news\/?s={search_term_string}"},"query-input":{"@type":"PropertyValueSpecification","valueRequired":true,"valueName":"search_term_string"}}],"inLanguage":"es"},{"@type":"Organization","@id":"https:\/\/higuey.info\/news\/#organization","name":"Hig\u00fcey.Info","url":"https:\/\/higuey.info\/news\/","logo":{"@type":"ImageObject","inLanguage":"es","@id":"https:\/\/higuey.info\/news\/#\/schema\/logo\/image\/","url":"https:\/\/higuey.info\/news\/wp-content\/uploads\/2015\/11\/logof.jpg","contentUrl":"https:\/\/higuey.info\/news\/wp-content\/uploads\/2015\/11\/logof.jpg","width":248,"height":90,"caption":"Hig\u00fcey.Info"},"image":{"@id":"https:\/\/higuey.info\/news\/#\/schema\/logo\/image\/"}},{"@type":"Person","@id":"https:\/\/higuey.info\/news\/#\/schema\/person\/274b1e73c44a5e7d852529cd974f389f","name":"higuey.info","image":{"@type":"ImageObject","inLanguage":"es","@id":"https:\/\/secure.gravatar.com\/avatar\/baaa13fb48787405f1f95c6405f1f193ab4cefad2554d219db78e9a57688ba88?s=96&d=wavatar&r=g","url":"https:\/\/secure.gravatar.com\/avatar\/baaa13fb48787405f1f95c6405f1f193ab4cefad2554d219db78e9a57688ba88?s=96&d=wavatar&r=g","contentUrl":"https:\/\/secure.gravatar.com\/avatar\/baaa13fb48787405f1f95c6405f1f193ab4cefad2554d219db78e9a57688ba88?s=96&d=wavatar&r=g","caption":"higuey.info"},"description":"Higuey Info | Portal informativo numero uno de la ciudad de Higuey, Todas las Noticias de Higuey La Altagracia Republica Dominicana.","sameAs":["https:\/\/higuey.info\/news"]}]}},"_links":{"self":[{"href":"https:\/\/higuey.info\/news\/wp-json\/wp\/v2\/posts\/12294","targetHints":{"allow":["GET"]}}],"collection":[{"href":"https:\/\/higuey.info\/news\/wp-json\/wp\/v2\/posts"}],"about":[{"href":"https:\/\/higuey.info\/news\/wp-json\/wp\/v2\/types\/post"}],"author":[{"embeddable":true,"href":"https:\/\/higuey.info\/news\/wp-json\/wp\/v2\/users\/1"}],"replies":[{"embeddable":true,"href":"https:\/\/higuey.info\/news\/wp-json\/wp\/v2\/comments?post=12294"}],"version-history":[{"count":11,"href":"https:\/\/higuey.info\/news\/wp-json\/wp\/v2\/posts\/12294\/revisions"}],"predecessor-version":[{"id":19159,"href":"https:\/\/higuey.info\/news\/wp-json\/wp\/v2\/posts\/12294\/revisions\/19159"}],"wp:featuredmedia":[{"embeddable":true,"href":"https:\/\/higuey.info\/news\/wp-json\/wp\/v2\/media\/12295"}],"wp:attachment":[{"href":"https:\/\/higuey.info\/news\/wp-json\/wp\/v2\/media?parent=12294"}],"wp:term":[{"taxonomy":"category","embeddable":true,"href":"https:\/\/higuey.info\/news\/wp-json\/wp\/v2\/categories?post=12294"},{"taxonomy":"post_tag","embeddable":true,"href":"https:\/\/higuey.info\/news\/wp-json\/wp\/v2\/tags?post=12294"}],"curies":[{"name":"wp","href":"https:\/\/api.w.org\/{rel}","templated":true}]}}