{"id":12487,"date":"2018-08-08T19:05:45","date_gmt":"2018-08-08T19:05:45","guid":{"rendered":"https:\/\/higuey.info\/news\/news\/?p=12487"},"modified":"2018-08-08T19:09:14","modified_gmt":"2018-08-08T19:09:14","slug":"crei-que-tenia-al-menos-15-la-excusa-del-sacerdote-que-abuso-de-una-nina-de-11","status":"publish","type":"post","link":"https:\/\/higuey.info\/news\/crei-que-tenia-al-menos-15-la-excusa-del-sacerdote-que-abuso-de-una-nina-de-11\/","title":{"rendered":"\u00abCre\u00ed que ten\u00eda al menos 15\u00bb: La excusa del sacerdote que abus\u00f3 de una ni\u00f1a de 11."},"content":{"rendered":"<p>\u00abEl diablo me ha puesto la zancadilla\u00bb, asegura este religioso al que encontraron en un coche con una menor.<\/p>\n<p>[&#8212;]El sacerdote italiano\u00a0<strong>Paolo Glaentzer<\/strong>, arrestado tras ser presuntamente sorprendido cuando trataba de\u00a0<strong>abusar\u00a0de una ni\u00f1a de 11 a\u00f1os<\/strong>\u00a0en un coche, ha alegado durante una entrevista que ha concedido al diario\u00a0<a href=\"https:\/\/corrierefiorentino.corriere.it\/firenze\/notizie\/cronaca\/18_luglio_28\/calenzano-colloquio-col-prete-pedofilo-scambio-d-affetto-a2fe7290-9239-11e8-83fa-75b5bda539b2.shtml?refresh_ce-cp\" target=\"_blank\" rel=\"noopener noreferrer\">Corriere Fiorentino<\/a>\u00a0que \u00abel diablo\u00bb\u00a0le puso \u00abuna zancadilla\u00bb.\u00a0\u00a0[ad id=\u00bb11330&#8243;]<\/p>\n<p>\u00abHay simpat\u00eda mutua con la ni\u00f1a, cuando me enter\u00e9 de que ten\u00eda 11 a\u00f1os&#8230; yo cre\u00ed que ten\u00eda al menos 15\u00bb, ha explicado el religioso de\u00a0<strong>70 a\u00f1os<\/strong>, quien\u00a0ha admitido que \u00abfue una estupidez por mi parte\u00bb y ha manifestado que \u00absiento mucho lo que sucedi\u00f3\u00bb.<\/p>\n<p>\u00abHe cometido un error, lo admito, Nuestro Se\u00f1or lo considerar\u00e1, \u00c9l es capaz de hacerlo\u00bb, ha declarado Glaentzer quien, a pesar de haber vivido \u00abmuchas situaciones que parec\u00edan no tener escapatoria\u00bb, considera que \u00abquiz\u00e1s esta sea una de las peores\u00bb, tiene \u00abplena confianza en <strong>Jes\u00fas y Mar\u00eda<\/strong>\u00ab.\u00a0[&#8212;]<\/p>\n<p>Este caso se suma a otros esc\u00e1ndalos recientes, como las acusaciones de pedofilia contra\u00a0el &#8216;n\u00famero tres&#8217; del <strong>Vaticano\u00a0<\/strong>o los\u00a0abusos\u00a0sufridos por m\u00e1s de medio millar de ni\u00f1os\u00a0en el coro dirigido por el hermano del papa<strong> Benedicto XVI<\/strong>.<\/p>\n","protected":false},"excerpt":{"rendered":"<p>\u00abHay simpat\u00eda mutua con la ni\u00f1a, cuando me enter\u00e9 de que ten\u00eda 11 a\u00f1os&#8230; yo cre\u00ed que ten\u00eda al menos 15\u00bb, ha explicado el religioso de\u00a070 a\u00f1os, quien\u00a0ha admitido que \u00abfue una estupidez por mi parte\u00bb y ha manifestado que \u00absiento mucho lo que sucedi\u00f3\u00bb.<\/p>\n","protected":false},"author":1,"featured_media":12489,"comment_status":"open","ping_status":"open","sticky":false,"template":"","format":"standard","meta":{"footnotes":""},"categories":[6694,14,7],"tags":[1037,7479,1641,7478,7477,1011,994],"class_list":["post-12487","post","type-post","status-publish","format-standard","has-post-thumbnail","hentry","category-destacado","category-el-mundo","category-religion","tag-abuso","tag-benedicto-xvi","tag-iglesia","tag-jesus-y-maria","tag-paolo-glaentzer","tag-vaticano","tag-violacion"],"yoast_head":"<!-- This site is optimized with the Yoast SEO plugin v27.5 - https:\/\/yoast.com\/product\/yoast-seo-wordpress\/ -->\n<title>&quot;Cre\u00ed que ten\u00eda al menos 15&quot;: La excusa del sacerdote que abus\u00f3 de una ni\u00f1a de 11. - Higuey.Info<\/title>\n<meta name=\"description\" content=\"&quot;Hay simpat\u00eda mutua con la ni\u00f1a, cuando me enter\u00e9 de que ten\u00eda 11 a\u00f1os... yo cre\u00ed que ten\u00eda al menos 15&quot;, ha explicado el religioso de\u00a070 a\u00f1os, quien\u00a0ha admitido que &quot;fue una estupidez por mi parte&quot; y ha manifestado que &quot;siento mucho lo que sucedi\u00f3&quot;.\" \/>\n<meta name=\"robots\" content=\"index, follow, max-snippet:-1, max-image-preview:large, max-video-preview:-1\" \/>\n<link rel=\"canonical\" href=\"https:\/\/higuey.info\/news\/crei-que-tenia-al-menos-15-la-excusa-del-sacerdote-que-abuso-de-una-nina-de-11\/\" \/>\n<meta property=\"og:locale\" content=\"es_ES\" \/>\n<meta property=\"og:type\" content=\"article\" \/>\n<meta property=\"og:title\" content=\"&quot;Cre\u00ed que ten\u00eda al menos 15&quot;: La excusa del sacerdote que abus\u00f3 de una ni\u00f1a de 11. - Higuey.Info\" \/>\n<meta property=\"og:description\" content=\"&quot;Hay simpat\u00eda mutua con la ni\u00f1a, cuando me enter\u00e9 de que ten\u00eda 11 a\u00f1os... yo cre\u00ed que ten\u00eda al menos 15&quot;, ha explicado el religioso de\u00a070 a\u00f1os, quien\u00a0ha admitido que &quot;fue una estupidez por mi parte&quot; y ha manifestado que &quot;siento mucho lo que sucedi\u00f3&quot;.\" \/>\n<meta property=\"og:url\" content=\"https:\/\/higuey.info\/news\/crei-que-tenia-al-menos-15-la-excusa-del-sacerdote-que-abuso-de-una-nina-de-11\/\" \/>\n<meta property=\"og:site_name\" content=\"Hig\u00fcey.Info\" \/>\n<meta property=\"article:published_time\" content=\"2018-08-08T19:05:45+00:00\" \/>\n<meta property=\"article:modified_time\" content=\"2018-08-08T19:09:14+00:00\" \/>\n<meta property=\"og:image\" content=\"https:\/\/higuey.info\/news\/wp-content\/uploads\/2018\/08\/CURA.jpg\" \/>\n\t<meta property=\"og:image:width\" content=\"1280\" \/>\n\t<meta property=\"og:image:height\" content=\"800\" \/>\n\t<meta property=\"og:image:type\" content=\"image\/jpeg\" \/>\n<meta name=\"author\" content=\"higuey.info\" \/>\n<meta name=\"twitter:card\" content=\"summary_large_image\" \/>\n<meta name=\"twitter:label1\" content=\"Escrito por\" \/>\n\t<meta name=\"twitter:data1\" content=\"higuey.info\" \/>\n\t<meta name=\"twitter:label2\" content=\"Tiempo de lectura\" \/>\n\t<meta name=\"twitter:data2\" content=\"1 minuto\" \/>\n<script type=\"application\/ld+json\" class=\"yoast-schema-graph\">{\"@context\":\"https:\\\/\\\/schema.org\",\"@graph\":[{\"@type\":\"Article\",\"@id\":\"https:\\\/\\\/higuey.info\\\/news\\\/crei-que-tenia-al-menos-15-la-excusa-del-sacerdote-que-abuso-de-una-nina-de-11\\\/#article\",\"isPartOf\":{\"@id\":\"https:\\\/\\\/higuey.info\\\/news\\\/crei-que-tenia-al-menos-15-la-excusa-del-sacerdote-que-abuso-de-una-nina-de-11\\\/\"},\"author\":{\"name\":\"higuey.info\",\"@id\":\"https:\\\/\\\/higuey.info\\\/news\\\/#\\\/schema\\\/person\\\/274b1e73c44a5e7d852529cd974f389f\"},\"headline\":\"\u00abCre\u00ed que ten\u00eda al menos 15\u00bb: La excusa del sacerdote que abus\u00f3 de una ni\u00f1a de 11.\",\"datePublished\":\"2018-08-08T19:05:45+00:00\",\"dateModified\":\"2018-08-08T19:09:14+00:00\",\"mainEntityOfPage\":{\"@id\":\"https:\\\/\\\/higuey.info\\\/news\\\/crei-que-tenia-al-menos-15-la-excusa-del-sacerdote-que-abuso-de-una-nina-de-11\\\/\"},\"wordCount\":230,\"commentCount\":0,\"publisher\":{\"@id\":\"https:\\\/\\\/higuey.info\\\/news\\\/#organization\"},\"image\":{\"@id\":\"https:\\\/\\\/higuey.info\\\/news\\\/crei-que-tenia-al-menos-15-la-excusa-del-sacerdote-que-abuso-de-una-nina-de-11\\\/#primaryimage\"},\"thumbnailUrl\":\"https:\\\/\\\/higuey.info\\\/news\\\/wp-content\\\/uploads\\\/2018\\\/08\\\/CURA.jpg\",\"keywords\":[\"abuso\",\"Benedicto XVI\",\"iglesia\",\"Jes\u00fas y Mar\u00eda\",\"Paolo Glaentzer\",\"Vaticano\",\"violacion\"],\"articleSection\":[\"Destacado\",\"El mundo\",\"Religion\"],\"inLanguage\":\"es\",\"potentialAction\":[{\"@type\":\"CommentAction\",\"name\":\"Comment\",\"target\":[\"https:\\\/\\\/higuey.info\\\/news\\\/crei-que-tenia-al-menos-15-la-excusa-del-sacerdote-que-abuso-de-una-nina-de-11\\\/#respond\"]}]},{\"@type\":\"WebPage\",\"@id\":\"https:\\\/\\\/higuey.info\\\/news\\\/crei-que-tenia-al-menos-15-la-excusa-del-sacerdote-que-abuso-de-una-nina-de-11\\\/\",\"url\":\"https:\\\/\\\/higuey.info\\\/news\\\/crei-que-tenia-al-menos-15-la-excusa-del-sacerdote-que-abuso-de-una-nina-de-11\\\/\",\"name\":\"\\\"Cre\u00ed que ten\u00eda al menos 15\\\": La excusa del sacerdote que abus\u00f3 de una ni\u00f1a de 11. - Higuey.Info\",\"isPartOf\":{\"@id\":\"https:\\\/\\\/higuey.info\\\/news\\\/#website\"},\"primaryImageOfPage\":{\"@id\":\"https:\\\/\\\/higuey.info\\\/news\\\/crei-que-tenia-al-menos-15-la-excusa-del-sacerdote-que-abuso-de-una-nina-de-11\\\/#primaryimage\"},\"image\":{\"@id\":\"https:\\\/\\\/higuey.info\\\/news\\\/crei-que-tenia-al-menos-15-la-excusa-del-sacerdote-que-abuso-de-una-nina-de-11\\\/#primaryimage\"},\"thumbnailUrl\":\"https:\\\/\\\/higuey.info\\\/news\\\/wp-content\\\/uploads\\\/2018\\\/08\\\/CURA.jpg\",\"datePublished\":\"2018-08-08T19:05:45+00:00\",\"dateModified\":\"2018-08-08T19:09:14+00:00\",\"description\":\"\\\"Hay simpat\u00eda mutua con la ni\u00f1a, cuando me enter\u00e9 de que ten\u00eda 11 a\u00f1os... yo cre\u00ed que ten\u00eda al menos 15\\\", ha explicado el religioso de\u00a070 a\u00f1os, quien\u00a0ha admitido que \\\"fue una estupidez por mi parte\\\" y ha manifestado que \\\"siento mucho lo que sucedi\u00f3\\\".\",\"breadcrumb\":{\"@id\":\"https:\\\/\\\/higuey.info\\\/news\\\/crei-que-tenia-al-menos-15-la-excusa-del-sacerdote-que-abuso-de-una-nina-de-11\\\/#breadcrumb\"},\"inLanguage\":\"es\",\"potentialAction\":[{\"@type\":\"ReadAction\",\"target\":[\"https:\\\/\\\/higuey.info\\\/news\\\/crei-que-tenia-al-menos-15-la-excusa-del-sacerdote-que-abuso-de-una-nina-de-11\\\/\"]}]},{\"@type\":\"ImageObject\",\"inLanguage\":\"es\",\"@id\":\"https:\\\/\\\/higuey.info\\\/news\\\/crei-que-tenia-al-menos-15-la-excusa-del-sacerdote-que-abuso-de-una-nina-de-11\\\/#primaryimage\",\"url\":\"https:\\\/\\\/higuey.info\\\/news\\\/wp-content\\\/uploads\\\/2018\\\/08\\\/CURA.jpg\",\"contentUrl\":\"https:\\\/\\\/higuey.info\\\/news\\\/wp-content\\\/uploads\\\/2018\\\/08\\\/CURA.jpg\",\"width\":\"1280\",\"height\":\"800\"},{\"@type\":\"BreadcrumbList\",\"@id\":\"https:\\\/\\\/higuey.info\\\/news\\\/crei-que-tenia-al-menos-15-la-excusa-del-sacerdote-que-abuso-de-una-nina-de-11\\\/#breadcrumb\",\"itemListElement\":[{\"@type\":\"ListItem\",\"position\":1,\"name\":\"Portada\",\"item\":\"https:\\\/\\\/higuey.info\\\/news\\\/\"},{\"@type\":\"ListItem\",\"position\":2,\"name\":\"\u00abCre\u00ed que ten\u00eda al menos 15\u00bb: La excusa del sacerdote que abus\u00f3 de una ni\u00f1a de 11.\"}]},{\"@type\":\"WebSite\",\"@id\":\"https:\\\/\\\/higuey.info\\\/news\\\/#website\",\"url\":\"https:\\\/\\\/higuey.info\\\/news\\\/\",\"name\":\"Hig\u00fcey.Info\",\"description\":\"Noticias de Hig\u00fcey La Altagracia Rep\u00fablica Dominicana.\",\"publisher\":{\"@id\":\"https:\\\/\\\/higuey.info\\\/news\\\/#organization\"},\"potentialAction\":[{\"@type\":\"SearchAction\",\"target\":{\"@type\":\"EntryPoint\",\"urlTemplate\":\"https:\\\/\\\/higuey.info\\\/news\\\/?s={search_term_string}\"},\"query-input\":{\"@type\":\"PropertyValueSpecification\",\"valueRequired\":true,\"valueName\":\"search_term_string\"}}],\"inLanguage\":\"es\"},{\"@type\":\"Organization\",\"@id\":\"https:\\\/\\\/higuey.info\\\/news\\\/#organization\",\"name\":\"Hig\u00fcey.Info\",\"url\":\"https:\\\/\\\/higuey.info\\\/news\\\/\",\"logo\":{\"@type\":\"ImageObject\",\"inLanguage\":\"es\",\"@id\":\"https:\\\/\\\/higuey.info\\\/news\\\/#\\\/schema\\\/logo\\\/image\\\/\",\"url\":\"https:\\\/\\\/higuey.info\\\/news\\\/wp-content\\\/uploads\\\/2015\\\/11\\\/logof.jpg\",\"contentUrl\":\"https:\\\/\\\/higuey.info\\\/news\\\/wp-content\\\/uploads\\\/2015\\\/11\\\/logof.jpg\",\"width\":248,\"height\":90,\"caption\":\"Hig\u00fcey.Info\"},\"image\":{\"@id\":\"https:\\\/\\\/higuey.info\\\/news\\\/#\\\/schema\\\/logo\\\/image\\\/\"}},{\"@type\":\"Person\",\"@id\":\"https:\\\/\\\/higuey.info\\\/news\\\/#\\\/schema\\\/person\\\/274b1e73c44a5e7d852529cd974f389f\",\"name\":\"higuey.info\",\"image\":{\"@type\":\"ImageObject\",\"inLanguage\":\"es\",\"@id\":\"https:\\\/\\\/secure.gravatar.com\\\/avatar\\\/baaa13fb48787405f1f95c6405f1f193ab4cefad2554d219db78e9a57688ba88?s=96&d=wavatar&r=g\",\"url\":\"https:\\\/\\\/secure.gravatar.com\\\/avatar\\\/baaa13fb48787405f1f95c6405f1f193ab4cefad2554d219db78e9a57688ba88?s=96&d=wavatar&r=g\",\"contentUrl\":\"https:\\\/\\\/secure.gravatar.com\\\/avatar\\\/baaa13fb48787405f1f95c6405f1f193ab4cefad2554d219db78e9a57688ba88?s=96&d=wavatar&r=g\",\"caption\":\"higuey.info\"},\"description\":\"Higuey Info | Portal informativo numero uno de la ciudad de Higuey, Todas las Noticias de Higuey La Altagracia Republica Dominicana.\",\"sameAs\":[\"https:\\\/\\\/higuey.info\\\/news\"]}]}<\/script>\n<!-- \/ Yoast SEO plugin. -->","yoast_head_json":{"title":"\"Cre\u00ed que ten\u00eda al menos 15\": La excusa del sacerdote que abus\u00f3 de una ni\u00f1a de 11. - Higuey.Info","description":"\"Hay simpat\u00eda mutua con la ni\u00f1a, cuando me enter\u00e9 de que ten\u00eda 11 a\u00f1os... yo cre\u00ed que ten\u00eda al menos 15\", ha explicado el religioso de\u00a070 a\u00f1os, quien\u00a0ha admitido que \"fue una estupidez por mi parte\" y ha manifestado que \"siento mucho lo que sucedi\u00f3\".","robots":{"index":"index","follow":"follow","max-snippet":"max-snippet:-1","max-image-preview":"max-image-preview:large","max-video-preview":"max-video-preview:-1"},"canonical":"https:\/\/higuey.info\/news\/crei-que-tenia-al-menos-15-la-excusa-del-sacerdote-que-abuso-de-una-nina-de-11\/","og_locale":"es_ES","og_type":"article","og_title":"\"Cre\u00ed que ten\u00eda al menos 15\": La excusa del sacerdote que abus\u00f3 de una ni\u00f1a de 11. - Higuey.Info","og_description":"\"Hay simpat\u00eda mutua con la ni\u00f1a, cuando me enter\u00e9 de que ten\u00eda 11 a\u00f1os... yo cre\u00ed que ten\u00eda al menos 15\", ha explicado el religioso de\u00a070 a\u00f1os, quien\u00a0ha admitido que \"fue una estupidez por mi parte\" y ha manifestado que \"siento mucho lo que sucedi\u00f3\".","og_url":"https:\/\/higuey.info\/news\/crei-que-tenia-al-menos-15-la-excusa-del-sacerdote-que-abuso-de-una-nina-de-11\/","og_site_name":"Hig\u00fcey.Info","article_published_time":"2018-08-08T19:05:45+00:00","article_modified_time":"2018-08-08T19:09:14+00:00","og_image":[{"width":1280,"height":800,"url":"https:\/\/higuey.info\/news\/wp-content\/uploads\/2018\/08\/CURA.jpg","type":"image\/jpeg"}],"author":"higuey.info","twitter_card":"summary_large_image","twitter_misc":{"Escrito por":"higuey.info","Tiempo de lectura":"1 minuto"},"schema":{"@context":"https:\/\/schema.org","@graph":[{"@type":"Article","@id":"https:\/\/higuey.info\/news\/crei-que-tenia-al-menos-15-la-excusa-del-sacerdote-que-abuso-de-una-nina-de-11\/#article","isPartOf":{"@id":"https:\/\/higuey.info\/news\/crei-que-tenia-al-menos-15-la-excusa-del-sacerdote-que-abuso-de-una-nina-de-11\/"},"author":{"name":"higuey.info","@id":"https:\/\/higuey.info\/news\/#\/schema\/person\/274b1e73c44a5e7d852529cd974f389f"},"headline":"\u00abCre\u00ed que ten\u00eda al menos 15\u00bb: La excusa del sacerdote que abus\u00f3 de una ni\u00f1a de 11.","datePublished":"2018-08-08T19:05:45+00:00","dateModified":"2018-08-08T19:09:14+00:00","mainEntityOfPage":{"@id":"https:\/\/higuey.info\/news\/crei-que-tenia-al-menos-15-la-excusa-del-sacerdote-que-abuso-de-una-nina-de-11\/"},"wordCount":230,"commentCount":0,"publisher":{"@id":"https:\/\/higuey.info\/news\/#organization"},"image":{"@id":"https:\/\/higuey.info\/news\/crei-que-tenia-al-menos-15-la-excusa-del-sacerdote-que-abuso-de-una-nina-de-11\/#primaryimage"},"thumbnailUrl":"https:\/\/higuey.info\/news\/wp-content\/uploads\/2018\/08\/CURA.jpg","keywords":["abuso","Benedicto XVI","iglesia","Jes\u00fas y Mar\u00eda","Paolo Glaentzer","Vaticano","violacion"],"articleSection":["Destacado","El mundo","Religion"],"inLanguage":"es","potentialAction":[{"@type":"CommentAction","name":"Comment","target":["https:\/\/higuey.info\/news\/crei-que-tenia-al-menos-15-la-excusa-del-sacerdote-que-abuso-de-una-nina-de-11\/#respond"]}]},{"@type":"WebPage","@id":"https:\/\/higuey.info\/news\/crei-que-tenia-al-menos-15-la-excusa-del-sacerdote-que-abuso-de-una-nina-de-11\/","url":"https:\/\/higuey.info\/news\/crei-que-tenia-al-menos-15-la-excusa-del-sacerdote-que-abuso-de-una-nina-de-11\/","name":"\"Cre\u00ed que ten\u00eda al menos 15\": La excusa del sacerdote que abus\u00f3 de una ni\u00f1a de 11. - Higuey.Info","isPartOf":{"@id":"https:\/\/higuey.info\/news\/#website"},"primaryImageOfPage":{"@id":"https:\/\/higuey.info\/news\/crei-que-tenia-al-menos-15-la-excusa-del-sacerdote-que-abuso-de-una-nina-de-11\/#primaryimage"},"image":{"@id":"https:\/\/higuey.info\/news\/crei-que-tenia-al-menos-15-la-excusa-del-sacerdote-que-abuso-de-una-nina-de-11\/#primaryimage"},"thumbnailUrl":"https:\/\/higuey.info\/news\/wp-content\/uploads\/2018\/08\/CURA.jpg","datePublished":"2018-08-08T19:05:45+00:00","dateModified":"2018-08-08T19:09:14+00:00","description":"\"Hay simpat\u00eda mutua con la ni\u00f1a, cuando me enter\u00e9 de que ten\u00eda 11 a\u00f1os... yo cre\u00ed que ten\u00eda al menos 15\", ha explicado el religioso de\u00a070 a\u00f1os, quien\u00a0ha admitido que \"fue una estupidez por mi parte\" y ha manifestado que \"siento mucho lo que sucedi\u00f3\".","breadcrumb":{"@id":"https:\/\/higuey.info\/news\/crei-que-tenia-al-menos-15-la-excusa-del-sacerdote-que-abuso-de-una-nina-de-11\/#breadcrumb"},"inLanguage":"es","potentialAction":[{"@type":"ReadAction","target":["https:\/\/higuey.info\/news\/crei-que-tenia-al-menos-15-la-excusa-del-sacerdote-que-abuso-de-una-nina-de-11\/"]}]},{"@type":"ImageObject","inLanguage":"es","@id":"https:\/\/higuey.info\/news\/crei-que-tenia-al-menos-15-la-excusa-del-sacerdote-que-abuso-de-una-nina-de-11\/#primaryimage","url":"https:\/\/higuey.info\/news\/wp-content\/uploads\/2018\/08\/CURA.jpg","contentUrl":"https:\/\/higuey.info\/news\/wp-content\/uploads\/2018\/08\/CURA.jpg","width":"1280","height":"800"},{"@type":"BreadcrumbList","@id":"https:\/\/higuey.info\/news\/crei-que-tenia-al-menos-15-la-excusa-del-sacerdote-que-abuso-de-una-nina-de-11\/#breadcrumb","itemListElement":[{"@type":"ListItem","position":1,"name":"Portada","item":"https:\/\/higuey.info\/news\/"},{"@type":"ListItem","position":2,"name":"\u00abCre\u00ed que ten\u00eda al menos 15\u00bb: La excusa del sacerdote que abus\u00f3 de una ni\u00f1a de 11."}]},{"@type":"WebSite","@id":"https:\/\/higuey.info\/news\/#website","url":"https:\/\/higuey.info\/news\/","name":"Hig\u00fcey.Info","description":"Noticias de Hig\u00fcey La Altagracia Rep\u00fablica Dominicana.","publisher":{"@id":"https:\/\/higuey.info\/news\/#organization"},"potentialAction":[{"@type":"SearchAction","target":{"@type":"EntryPoint","urlTemplate":"https:\/\/higuey.info\/news\/?s={search_term_string}"},"query-input":{"@type":"PropertyValueSpecification","valueRequired":true,"valueName":"search_term_string"}}],"inLanguage":"es"},{"@type":"Organization","@id":"https:\/\/higuey.info\/news\/#organization","name":"Hig\u00fcey.Info","url":"https:\/\/higuey.info\/news\/","logo":{"@type":"ImageObject","inLanguage":"es","@id":"https:\/\/higuey.info\/news\/#\/schema\/logo\/image\/","url":"https:\/\/higuey.info\/news\/wp-content\/uploads\/2015\/11\/logof.jpg","contentUrl":"https:\/\/higuey.info\/news\/wp-content\/uploads\/2015\/11\/logof.jpg","width":248,"height":90,"caption":"Hig\u00fcey.Info"},"image":{"@id":"https:\/\/higuey.info\/news\/#\/schema\/logo\/image\/"}},{"@type":"Person","@id":"https:\/\/higuey.info\/news\/#\/schema\/person\/274b1e73c44a5e7d852529cd974f389f","name":"higuey.info","image":{"@type":"ImageObject","inLanguage":"es","@id":"https:\/\/secure.gravatar.com\/avatar\/baaa13fb48787405f1f95c6405f1f193ab4cefad2554d219db78e9a57688ba88?s=96&d=wavatar&r=g","url":"https:\/\/secure.gravatar.com\/avatar\/baaa13fb48787405f1f95c6405f1f193ab4cefad2554d219db78e9a57688ba88?s=96&d=wavatar&r=g","contentUrl":"https:\/\/secure.gravatar.com\/avatar\/baaa13fb48787405f1f95c6405f1f193ab4cefad2554d219db78e9a57688ba88?s=96&d=wavatar&r=g","caption":"higuey.info"},"description":"Higuey Info | Portal informativo numero uno de la ciudad de Higuey, Todas las Noticias de Higuey La Altagracia Republica Dominicana.","sameAs":["https:\/\/higuey.info\/news"]}]}},"_links":{"self":[{"href":"https:\/\/higuey.info\/news\/wp-json\/wp\/v2\/posts\/12487","targetHints":{"allow":["GET"]}}],"collection":[{"href":"https:\/\/higuey.info\/news\/wp-json\/wp\/v2\/posts"}],"about":[{"href":"https:\/\/higuey.info\/news\/wp-json\/wp\/v2\/types\/post"}],"author":[{"embeddable":true,"href":"https:\/\/higuey.info\/news\/wp-json\/wp\/v2\/users\/1"}],"replies":[{"embeddable":true,"href":"https:\/\/higuey.info\/news\/wp-json\/wp\/v2\/comments?post=12487"}],"version-history":[{"count":1,"href":"https:\/\/higuey.info\/news\/wp-json\/wp\/v2\/posts\/12487\/revisions"}],"predecessor-version":[{"id":12488,"href":"https:\/\/higuey.info\/news\/wp-json\/wp\/v2\/posts\/12487\/revisions\/12488"}],"wp:featuredmedia":[{"embeddable":true,"href":"https:\/\/higuey.info\/news\/wp-json\/wp\/v2\/media\/12489"}],"wp:attachment":[{"href":"https:\/\/higuey.info\/news\/wp-json\/wp\/v2\/media?parent=12487"}],"wp:term":[{"taxonomy":"category","embeddable":true,"href":"https:\/\/higuey.info\/news\/wp-json\/wp\/v2\/categories?post=12487"},{"taxonomy":"post_tag","embeddable":true,"href":"https:\/\/higuey.info\/news\/wp-json\/wp\/v2\/tags?post=12487"}],"curies":[{"name":"wp","href":"https:\/\/api.w.org\/{rel}","templated":true}]}}