{"id":12679,"date":"2018-08-20T18:20:39","date_gmt":"2018-08-20T18:20:39","guid":{"rendered":"https:\/\/higuey.info\/news\/news\/?p=12679"},"modified":"2020-11-21T04:19:00","modified_gmt":"2020-11-21T04:19:00","slug":"johnny-portorreal-retira-demanda-contra-periodista-anibelca-rosario","status":"publish","type":"post","link":"https:\/\/higuey.info\/news\/johnny-portorreal-retira-demanda-contra-periodista-anibelca-rosario\/","title":{"rendered":"Johnny Portorreal retira demanda contra periodista Anibelca Rosario."},"content":{"rendered":"<p>Santo Domingo\/Listin Diario<br \/>\n[&#8212;]El abogado <a href=\"https:\/\/higuey.info\/news\/?s=Johnny+Portorreal\"><strong>Johnny Portorreal<\/strong><\/a> retir\u00f3 la demanda por difamaci\u00f3n que hab\u00eda impuesto contra la periodista <strong>Anibelca Rosario<\/strong>, con lo que la comunicadora social entiende \u201cha ganado la verdad en Rep\u00fablica Dominicana\u201d.[ad id=\u00bb11330&#8243;]<\/p>\n<p><img loading=\"lazy\" decoding=\"async\" class=\"alignleft size-medium wp-image-12681\" src=\"https:\/\/higuey.info\/news\/wp-content\/uploads\/2018\/08\/Anibelca-rosario-300x197.jpeg\" alt=\"\" width=\"300\" height=\"197\" srcset=\"https:\/\/higuey.info\/news\/wp-content\/uploads\/2018\/08\/Anibelca-rosario-300x197.jpeg 300w, https:\/\/higuey.info\/news\/wp-content\/uploads\/2018\/08\/Anibelca-rosario-90x60.jpeg 90w, https:\/\/higuey.info\/news\/wp-content\/uploads\/2018\/08\/Anibelca-rosario.jpeg 680w\" sizes=\"auto, (max-width: 300px) 100vw, 300px\" \/>\u201c\u00a1Gan\u00f3 la raz\u00f3n! No ment\u00ed. Mi compromiso es con la verdad y el periodismo responsable. Desestimada ante la 8va Sala la querella en mi contra, interpuesta por Johnny Portorreal y Asoc\u201d, escribi\u00f3 en su cuenta en Twitter la periodista.<\/p>\n<p>Rosario abord\u00f3 en uno de sus comentarios en el programa \u201cEl Sol de la Ma\u00f1ana\u201d el caso de la supuesta herencia millonaria que \u201cgestiona\u201d el abogado Portorreal.<\/p>\n<p>Por este caso el abogado es investigado por la Fiscal\u00eda del Distrito Nacional. Hace una semana, el abogado intent\u00f3 salir del pa\u00eds con rumbo a Espa\u00f1a, intenci\u00f3n que no le fue permitida por las autoridades que lo trasladaron a la Fiscal\u00eda del Distrito Nacional para interrogarlo.<\/p>\n<p>\u201cAgradezco a quienes me dieron su respaldo y confiaron en m\u00ed. Gracias a colegas y amigos\u201d, insisti\u00f3 la periodista. \u201cHa ganado el periodismo, ha ganado la denuncia, la verdad. Las partes que me acusaban han retirado la acusaci\u00f3n\u201d, dijo al salir de la 8va. Sala Penal del Distrito Nacional.\u00a0[&#8212;]<\/p>\n<blockquote class=\"twitter-tweet\" data-lang=\"es\">\n<p dir=\"ltr\" lang=\"es\">Gan\u00f3 la raz\u00f3n! No ment\u00ed.<br \/>\nMi compromiso es con la verdad y el periodismo responsable.<br \/>\nDesestimada ante la 8va Sala la querella en mi contra, interpuesta por Johnny Portorreal y Asoc. Agradezco a quienes me dieron su respaldo y confiaron en mi. GRACIAS a colegas y amigos y <a href=\"https:\/\/twitter.com\/hashtag\/SNTP?src=hash&amp;ref_src=twsrc%5Etfw\">#SNTP<\/a><\/p>\n<p>\u2014 Anibelca Rosario (@AnibelcaRosario) <a href=\"https:\/\/twitter.com\/AnibelcaRosario\/status\/1031563569849147392?ref_src=twsrc%5Etfw\">20 de agosto de 2018<\/a><\/p><\/blockquote>\n<p><script async src=\"https:\/\/platform.twitter.com\/widgets.js\" charset=\"utf-8\"><\/script><\/p>\n","protected":false},"excerpt":{"rendered":"<p>Gan\u00f3 la raz\u00f3n! No ment\u00ed. Mi compromiso es con la verdad y el periodismo responsable. Desestimada ante la 8va Sala la querella en mi contra, interpuesta por Johnny Portorreal y Asoc\u201d, escribi\u00f3 en su cuenta en Twitter la periodista.<\/p>\n","protected":false},"author":1,"featured_media":11575,"comment_status":"open","ping_status":"open","sticky":false,"template":"","format":"standard","meta":{"footnotes":""},"categories":[6694,40],"tags":[7504,6473,1012,6026,6887,624],"class_list":["post-12679","post","type-post","status-publish","format-standard","has-post-thumbnail","hentry","category-destacado","category-la-republica","tag-anibelca-rosario","tag-demanda","tag-fraude","tag-herencia","tag-johnny-portorreal","tag-rosario"],"yoast_head":"<!-- This site is optimized with the Yoast SEO plugin v27.5 - https:\/\/yoast.com\/product\/yoast-seo-wordpress\/ -->\n<title>Johnny Portorreal retira demanda contra periodista Anibelca Rosario. - Higuey.Info<\/title>\n<meta name=\"description\" content=\"Gan\u00f3 la raz\u00f3n! No ment\u00ed. Mi compromiso es con la verdad y el periodismo responsable. Desestimada ante la 8va Sala la querella en mi contra, interpuesta por Johnny Portorreal y Asoc\u201d, escribi\u00f3 en su cuenta en Twitter la periodista.\" \/>\n<meta name=\"robots\" content=\"index, follow, max-snippet:-1, max-image-preview:large, max-video-preview:-1\" \/>\n<link rel=\"canonical\" href=\"https:\/\/higuey.info\/news\/johnny-portorreal-retira-demanda-contra-periodista-anibelca-rosario\/\" \/>\n<meta property=\"og:locale\" content=\"es_ES\" \/>\n<meta property=\"og:type\" content=\"article\" \/>\n<meta property=\"og:title\" content=\"Johnny Portorreal retira demanda contra periodista Anibelca Rosario. - Higuey.Info\" \/>\n<meta property=\"og:description\" content=\"Gan\u00f3 la raz\u00f3n! No ment\u00ed. Mi compromiso es con la verdad y el periodismo responsable. Desestimada ante la 8va Sala la querella en mi contra, interpuesta por Johnny Portorreal y Asoc\u201d, escribi\u00f3 en su cuenta en Twitter la periodista.\" \/>\n<meta property=\"og:url\" content=\"https:\/\/higuey.info\/news\/johnny-portorreal-retira-demanda-contra-periodista-anibelca-rosario\/\" \/>\n<meta property=\"og:site_name\" content=\"Hig\u00fcey.Info\" \/>\n<meta property=\"article:published_time\" content=\"2018-08-20T18:20:39+00:00\" \/>\n<meta property=\"article:modified_time\" content=\"2020-11-21T04:19:00+00:00\" \/>\n<meta property=\"og:image\" content=\"https:\/\/higuey.info\/news\/wp-content\/uploads\/2018\/07\/portorreal.jpg\" \/>\n\t<meta property=\"og:image:width\" content=\"1280\" \/>\n\t<meta property=\"og:image:height\" content=\"800\" \/>\n\t<meta property=\"og:image:type\" content=\"image\/jpeg\" \/>\n<meta name=\"author\" content=\"higuey.info\" \/>\n<meta name=\"twitter:card\" content=\"summary_large_image\" \/>\n<meta name=\"twitter:label1\" content=\"Escrito por\" \/>\n\t<meta name=\"twitter:data1\" content=\"higuey.info\" \/>\n\t<meta name=\"twitter:label2\" content=\"Tiempo de lectura\" \/>\n\t<meta name=\"twitter:data2\" content=\"1 minuto\" \/>\n<script type=\"application\/ld+json\" class=\"yoast-schema-graph\">{\"@context\":\"https:\\\/\\\/schema.org\",\"@graph\":[{\"@type\":\"Article\",\"@id\":\"https:\\\/\\\/higuey.info\\\/news\\\/johnny-portorreal-retira-demanda-contra-periodista-anibelca-rosario\\\/#article\",\"isPartOf\":{\"@id\":\"https:\\\/\\\/higuey.info\\\/news\\\/johnny-portorreal-retira-demanda-contra-periodista-anibelca-rosario\\\/\"},\"author\":{\"name\":\"higuey.info\",\"@id\":\"https:\\\/\\\/higuey.info\\\/news\\\/#\\\/schema\\\/person\\\/274b1e73c44a5e7d852529cd974f389f\"},\"headline\":\"Johnny Portorreal retira demanda contra periodista Anibelca Rosario.\",\"datePublished\":\"2018-08-20T18:20:39+00:00\",\"dateModified\":\"2020-11-21T04:19:00+00:00\",\"mainEntityOfPage\":{\"@id\":\"https:\\\/\\\/higuey.info\\\/news\\\/johnny-portorreal-retira-demanda-contra-periodista-anibelca-rosario\\\/\"},\"wordCount\":275,\"commentCount\":0,\"publisher\":{\"@id\":\"https:\\\/\\\/higuey.info\\\/news\\\/#organization\"},\"image\":{\"@id\":\"https:\\\/\\\/higuey.info\\\/news\\\/johnny-portorreal-retira-demanda-contra-periodista-anibelca-rosario\\\/#primaryimage\"},\"thumbnailUrl\":\"https:\\\/\\\/higuey.info\\\/news\\\/wp-content\\\/uploads\\\/2018\\\/07\\\/portorreal.jpg\",\"keywords\":[\"Anibelca Rosario\",\"Demanda\",\"fraude\",\"Herencia\",\"Johnny Portorreal\",\"Rosario\"],\"articleSection\":[\"Destacado\",\"La Republica\"],\"inLanguage\":\"es\",\"potentialAction\":[{\"@type\":\"CommentAction\",\"name\":\"Comment\",\"target\":[\"https:\\\/\\\/higuey.info\\\/news\\\/johnny-portorreal-retira-demanda-contra-periodista-anibelca-rosario\\\/#respond\"]}]},{\"@type\":\"WebPage\",\"@id\":\"https:\\\/\\\/higuey.info\\\/news\\\/johnny-portorreal-retira-demanda-contra-periodista-anibelca-rosario\\\/\",\"url\":\"https:\\\/\\\/higuey.info\\\/news\\\/johnny-portorreal-retira-demanda-contra-periodista-anibelca-rosario\\\/\",\"name\":\"Johnny Portorreal retira demanda contra periodista Anibelca Rosario. - Higuey.Info\",\"isPartOf\":{\"@id\":\"https:\\\/\\\/higuey.info\\\/news\\\/#website\"},\"primaryImageOfPage\":{\"@id\":\"https:\\\/\\\/higuey.info\\\/news\\\/johnny-portorreal-retira-demanda-contra-periodista-anibelca-rosario\\\/#primaryimage\"},\"image\":{\"@id\":\"https:\\\/\\\/higuey.info\\\/news\\\/johnny-portorreal-retira-demanda-contra-periodista-anibelca-rosario\\\/#primaryimage\"},\"thumbnailUrl\":\"https:\\\/\\\/higuey.info\\\/news\\\/wp-content\\\/uploads\\\/2018\\\/07\\\/portorreal.jpg\",\"datePublished\":\"2018-08-20T18:20:39+00:00\",\"dateModified\":\"2020-11-21T04:19:00+00:00\",\"description\":\"Gan\u00f3 la raz\u00f3n! No ment\u00ed. Mi compromiso es con la verdad y el periodismo responsable. Desestimada ante la 8va Sala la querella en mi contra, interpuesta por Johnny Portorreal y Asoc\u201d, escribi\u00f3 en su cuenta en Twitter la periodista.\",\"breadcrumb\":{\"@id\":\"https:\\\/\\\/higuey.info\\\/news\\\/johnny-portorreal-retira-demanda-contra-periodista-anibelca-rosario\\\/#breadcrumb\"},\"inLanguage\":\"es\",\"potentialAction\":[{\"@type\":\"ReadAction\",\"target\":[\"https:\\\/\\\/higuey.info\\\/news\\\/johnny-portorreal-retira-demanda-contra-periodista-anibelca-rosario\\\/\"]}]},{\"@type\":\"ImageObject\",\"inLanguage\":\"es\",\"@id\":\"https:\\\/\\\/higuey.info\\\/news\\\/johnny-portorreal-retira-demanda-contra-periodista-anibelca-rosario\\\/#primaryimage\",\"url\":\"https:\\\/\\\/higuey.info\\\/news\\\/wp-content\\\/uploads\\\/2018\\\/07\\\/portorreal.jpg\",\"contentUrl\":\"https:\\\/\\\/higuey.info\\\/news\\\/wp-content\\\/uploads\\\/2018\\\/07\\\/portorreal.jpg\",\"width\":\"1280\",\"height\":\"800\"},{\"@type\":\"BreadcrumbList\",\"@id\":\"https:\\\/\\\/higuey.info\\\/news\\\/johnny-portorreal-retira-demanda-contra-periodista-anibelca-rosario\\\/#breadcrumb\",\"itemListElement\":[{\"@type\":\"ListItem\",\"position\":1,\"name\":\"Portada\",\"item\":\"https:\\\/\\\/higuey.info\\\/news\\\/\"},{\"@type\":\"ListItem\",\"position\":2,\"name\":\"Johnny Portorreal retira demanda contra periodista Anibelca Rosario.\"}]},{\"@type\":\"WebSite\",\"@id\":\"https:\\\/\\\/higuey.info\\\/news\\\/#website\",\"url\":\"https:\\\/\\\/higuey.info\\\/news\\\/\",\"name\":\"Hig\u00fcey.Info\",\"description\":\"Noticias de Hig\u00fcey La Altagracia Rep\u00fablica Dominicana.\",\"publisher\":{\"@id\":\"https:\\\/\\\/higuey.info\\\/news\\\/#organization\"},\"potentialAction\":[{\"@type\":\"SearchAction\",\"target\":{\"@type\":\"EntryPoint\",\"urlTemplate\":\"https:\\\/\\\/higuey.info\\\/news\\\/?s={search_term_string}\"},\"query-input\":{\"@type\":\"PropertyValueSpecification\",\"valueRequired\":true,\"valueName\":\"search_term_string\"}}],\"inLanguage\":\"es\"},{\"@type\":\"Organization\",\"@id\":\"https:\\\/\\\/higuey.info\\\/news\\\/#organization\",\"name\":\"Hig\u00fcey.Info\",\"url\":\"https:\\\/\\\/higuey.info\\\/news\\\/\",\"logo\":{\"@type\":\"ImageObject\",\"inLanguage\":\"es\",\"@id\":\"https:\\\/\\\/higuey.info\\\/news\\\/#\\\/schema\\\/logo\\\/image\\\/\",\"url\":\"https:\\\/\\\/higuey.info\\\/news\\\/wp-content\\\/uploads\\\/2015\\\/11\\\/logof.jpg\",\"contentUrl\":\"https:\\\/\\\/higuey.info\\\/news\\\/wp-content\\\/uploads\\\/2015\\\/11\\\/logof.jpg\",\"width\":248,\"height\":90,\"caption\":\"Hig\u00fcey.Info\"},\"image\":{\"@id\":\"https:\\\/\\\/higuey.info\\\/news\\\/#\\\/schema\\\/logo\\\/image\\\/\"}},{\"@type\":\"Person\",\"@id\":\"https:\\\/\\\/higuey.info\\\/news\\\/#\\\/schema\\\/person\\\/274b1e73c44a5e7d852529cd974f389f\",\"name\":\"higuey.info\",\"image\":{\"@type\":\"ImageObject\",\"inLanguage\":\"es\",\"@id\":\"https:\\\/\\\/secure.gravatar.com\\\/avatar\\\/baaa13fb48787405f1f95c6405f1f193ab4cefad2554d219db78e9a57688ba88?s=96&d=wavatar&r=g\",\"url\":\"https:\\\/\\\/secure.gravatar.com\\\/avatar\\\/baaa13fb48787405f1f95c6405f1f193ab4cefad2554d219db78e9a57688ba88?s=96&d=wavatar&r=g\",\"contentUrl\":\"https:\\\/\\\/secure.gravatar.com\\\/avatar\\\/baaa13fb48787405f1f95c6405f1f193ab4cefad2554d219db78e9a57688ba88?s=96&d=wavatar&r=g\",\"caption\":\"higuey.info\"},\"description\":\"Higuey Info | Portal informativo numero uno de la ciudad de Higuey, Todas las Noticias de Higuey La Altagracia Republica Dominicana.\",\"sameAs\":[\"https:\\\/\\\/higuey.info\\\/news\"]}]}<\/script>\n<!-- \/ Yoast SEO plugin. -->","yoast_head_json":{"title":"Johnny Portorreal retira demanda contra periodista Anibelca Rosario. - Higuey.Info","description":"Gan\u00f3 la raz\u00f3n! No ment\u00ed. Mi compromiso es con la verdad y el periodismo responsable. Desestimada ante la 8va Sala la querella en mi contra, interpuesta por Johnny Portorreal y Asoc\u201d, escribi\u00f3 en su cuenta en Twitter la periodista.","robots":{"index":"index","follow":"follow","max-snippet":"max-snippet:-1","max-image-preview":"max-image-preview:large","max-video-preview":"max-video-preview:-1"},"canonical":"https:\/\/higuey.info\/news\/johnny-portorreal-retira-demanda-contra-periodista-anibelca-rosario\/","og_locale":"es_ES","og_type":"article","og_title":"Johnny Portorreal retira demanda contra periodista Anibelca Rosario. - Higuey.Info","og_description":"Gan\u00f3 la raz\u00f3n! No ment\u00ed. Mi compromiso es con la verdad y el periodismo responsable. Desestimada ante la 8va Sala la querella en mi contra, interpuesta por Johnny Portorreal y Asoc\u201d, escribi\u00f3 en su cuenta en Twitter la periodista.","og_url":"https:\/\/higuey.info\/news\/johnny-portorreal-retira-demanda-contra-periodista-anibelca-rosario\/","og_site_name":"Hig\u00fcey.Info","article_published_time":"2018-08-20T18:20:39+00:00","article_modified_time":"2020-11-21T04:19:00+00:00","og_image":[{"width":1280,"height":800,"url":"https:\/\/higuey.info\/news\/wp-content\/uploads\/2018\/07\/portorreal.jpg","type":"image\/jpeg"}],"author":"higuey.info","twitter_card":"summary_large_image","twitter_misc":{"Escrito por":"higuey.info","Tiempo de lectura":"1 minuto"},"schema":{"@context":"https:\/\/schema.org","@graph":[{"@type":"Article","@id":"https:\/\/higuey.info\/news\/johnny-portorreal-retira-demanda-contra-periodista-anibelca-rosario\/#article","isPartOf":{"@id":"https:\/\/higuey.info\/news\/johnny-portorreal-retira-demanda-contra-periodista-anibelca-rosario\/"},"author":{"name":"higuey.info","@id":"https:\/\/higuey.info\/news\/#\/schema\/person\/274b1e73c44a5e7d852529cd974f389f"},"headline":"Johnny Portorreal retira demanda contra periodista Anibelca Rosario.","datePublished":"2018-08-20T18:20:39+00:00","dateModified":"2020-11-21T04:19:00+00:00","mainEntityOfPage":{"@id":"https:\/\/higuey.info\/news\/johnny-portorreal-retira-demanda-contra-periodista-anibelca-rosario\/"},"wordCount":275,"commentCount":0,"publisher":{"@id":"https:\/\/higuey.info\/news\/#organization"},"image":{"@id":"https:\/\/higuey.info\/news\/johnny-portorreal-retira-demanda-contra-periodista-anibelca-rosario\/#primaryimage"},"thumbnailUrl":"https:\/\/higuey.info\/news\/wp-content\/uploads\/2018\/07\/portorreal.jpg","keywords":["Anibelca Rosario","Demanda","fraude","Herencia","Johnny Portorreal","Rosario"],"articleSection":["Destacado","La Republica"],"inLanguage":"es","potentialAction":[{"@type":"CommentAction","name":"Comment","target":["https:\/\/higuey.info\/news\/johnny-portorreal-retira-demanda-contra-periodista-anibelca-rosario\/#respond"]}]},{"@type":"WebPage","@id":"https:\/\/higuey.info\/news\/johnny-portorreal-retira-demanda-contra-periodista-anibelca-rosario\/","url":"https:\/\/higuey.info\/news\/johnny-portorreal-retira-demanda-contra-periodista-anibelca-rosario\/","name":"Johnny Portorreal retira demanda contra periodista Anibelca Rosario. - Higuey.Info","isPartOf":{"@id":"https:\/\/higuey.info\/news\/#website"},"primaryImageOfPage":{"@id":"https:\/\/higuey.info\/news\/johnny-portorreal-retira-demanda-contra-periodista-anibelca-rosario\/#primaryimage"},"image":{"@id":"https:\/\/higuey.info\/news\/johnny-portorreal-retira-demanda-contra-periodista-anibelca-rosario\/#primaryimage"},"thumbnailUrl":"https:\/\/higuey.info\/news\/wp-content\/uploads\/2018\/07\/portorreal.jpg","datePublished":"2018-08-20T18:20:39+00:00","dateModified":"2020-11-21T04:19:00+00:00","description":"Gan\u00f3 la raz\u00f3n! No ment\u00ed. Mi compromiso es con la verdad y el periodismo responsable. Desestimada ante la 8va Sala la querella en mi contra, interpuesta por Johnny Portorreal y Asoc\u201d, escribi\u00f3 en su cuenta en Twitter la periodista.","breadcrumb":{"@id":"https:\/\/higuey.info\/news\/johnny-portorreal-retira-demanda-contra-periodista-anibelca-rosario\/#breadcrumb"},"inLanguage":"es","potentialAction":[{"@type":"ReadAction","target":["https:\/\/higuey.info\/news\/johnny-portorreal-retira-demanda-contra-periodista-anibelca-rosario\/"]}]},{"@type":"ImageObject","inLanguage":"es","@id":"https:\/\/higuey.info\/news\/johnny-portorreal-retira-demanda-contra-periodista-anibelca-rosario\/#primaryimage","url":"https:\/\/higuey.info\/news\/wp-content\/uploads\/2018\/07\/portorreal.jpg","contentUrl":"https:\/\/higuey.info\/news\/wp-content\/uploads\/2018\/07\/portorreal.jpg","width":"1280","height":"800"},{"@type":"BreadcrumbList","@id":"https:\/\/higuey.info\/news\/johnny-portorreal-retira-demanda-contra-periodista-anibelca-rosario\/#breadcrumb","itemListElement":[{"@type":"ListItem","position":1,"name":"Portada","item":"https:\/\/higuey.info\/news\/"},{"@type":"ListItem","position":2,"name":"Johnny Portorreal retira demanda contra periodista Anibelca Rosario."}]},{"@type":"WebSite","@id":"https:\/\/higuey.info\/news\/#website","url":"https:\/\/higuey.info\/news\/","name":"Hig\u00fcey.Info","description":"Noticias de Hig\u00fcey La Altagracia Rep\u00fablica Dominicana.","publisher":{"@id":"https:\/\/higuey.info\/news\/#organization"},"potentialAction":[{"@type":"SearchAction","target":{"@type":"EntryPoint","urlTemplate":"https:\/\/higuey.info\/news\/?s={search_term_string}"},"query-input":{"@type":"PropertyValueSpecification","valueRequired":true,"valueName":"search_term_string"}}],"inLanguage":"es"},{"@type":"Organization","@id":"https:\/\/higuey.info\/news\/#organization","name":"Hig\u00fcey.Info","url":"https:\/\/higuey.info\/news\/","logo":{"@type":"ImageObject","inLanguage":"es","@id":"https:\/\/higuey.info\/news\/#\/schema\/logo\/image\/","url":"https:\/\/higuey.info\/news\/wp-content\/uploads\/2015\/11\/logof.jpg","contentUrl":"https:\/\/higuey.info\/news\/wp-content\/uploads\/2015\/11\/logof.jpg","width":248,"height":90,"caption":"Hig\u00fcey.Info"},"image":{"@id":"https:\/\/higuey.info\/news\/#\/schema\/logo\/image\/"}},{"@type":"Person","@id":"https:\/\/higuey.info\/news\/#\/schema\/person\/274b1e73c44a5e7d852529cd974f389f","name":"higuey.info","image":{"@type":"ImageObject","inLanguage":"es","@id":"https:\/\/secure.gravatar.com\/avatar\/baaa13fb48787405f1f95c6405f1f193ab4cefad2554d219db78e9a57688ba88?s=96&d=wavatar&r=g","url":"https:\/\/secure.gravatar.com\/avatar\/baaa13fb48787405f1f95c6405f1f193ab4cefad2554d219db78e9a57688ba88?s=96&d=wavatar&r=g","contentUrl":"https:\/\/secure.gravatar.com\/avatar\/baaa13fb48787405f1f95c6405f1f193ab4cefad2554d219db78e9a57688ba88?s=96&d=wavatar&r=g","caption":"higuey.info"},"description":"Higuey Info | Portal informativo numero uno de la ciudad de Higuey, Todas las Noticias de Higuey La Altagracia Republica Dominicana.","sameAs":["https:\/\/higuey.info\/news"]}]}},"_links":{"self":[{"href":"https:\/\/higuey.info\/news\/wp-json\/wp\/v2\/posts\/12679","targetHints":{"allow":["GET"]}}],"collection":[{"href":"https:\/\/higuey.info\/news\/wp-json\/wp\/v2\/posts"}],"about":[{"href":"https:\/\/higuey.info\/news\/wp-json\/wp\/v2\/types\/post"}],"author":[{"embeddable":true,"href":"https:\/\/higuey.info\/news\/wp-json\/wp\/v2\/users\/1"}],"replies":[{"embeddable":true,"href":"https:\/\/higuey.info\/news\/wp-json\/wp\/v2\/comments?post=12679"}],"version-history":[{"count":4,"href":"https:\/\/higuey.info\/news\/wp-json\/wp\/v2\/posts\/12679\/revisions"}],"predecessor-version":[{"id":15135,"href":"https:\/\/higuey.info\/news\/wp-json\/wp\/v2\/posts\/12679\/revisions\/15135"}],"wp:featuredmedia":[{"embeddable":true,"href":"https:\/\/higuey.info\/news\/wp-json\/wp\/v2\/media\/11575"}],"wp:attachment":[{"href":"https:\/\/higuey.info\/news\/wp-json\/wp\/v2\/media?parent=12679"}],"wp:term":[{"taxonomy":"category","embeddable":true,"href":"https:\/\/higuey.info\/news\/wp-json\/wp\/v2\/categories?post=12679"},{"taxonomy":"post_tag","embeddable":true,"href":"https:\/\/higuey.info\/news\/wp-json\/wp\/v2\/tags?post=12679"}],"curies":[{"name":"wp","href":"https:\/\/api.w.org\/{rel}","templated":true}]}}