{"id":13253,"date":"2018-09-11T15:20:34","date_gmt":"2018-09-11T15:20:34","guid":{"rendered":"https:\/\/higuey.info\/news\/news\/?p=13253"},"modified":"2018-09-11T15:22:42","modified_gmt":"2018-09-11T15:22:42","slug":"pn-apresa-a-dos-hombres-acusados-de-abuso-sexual-contra-ninas","status":"publish","type":"post","link":"https:\/\/higuey.info\/news\/pn-apresa-a-dos-hombres-acusados-de-abuso-sexual-contra-ninas\/","title":{"rendered":"PN Apresa a dos hombres acusados de abuso sexual contra ni\u00f1as."},"content":{"rendered":"<p style=\"box-sizing: border-box; margin: 0px 0px 22px; font-size: 18px; line-height: 1.375; font-family: 'Source Sans Pro', sans-serif; background-color: #ffffff;\"><span style=\"box-sizing: border-box; font-weight: bolder;\">[&#8212;]SANTIAGO, Rep\u00fablica Dominicana.-<\/span>\u00a0 La Polic\u00eda Nacional apres\u00f3 y envi\u00f3 a la acci\u00f3n de la justicia a dos hombres acusados de abuso sexual en perjuicio de dos ni\u00f1as menores de edad, en hechos que ocurridos por separados en las provincias <strong>Santiago y La Vega.<\/strong><\/p>\n<p style=\"box-sizing: border-box; margin: 0px 0px 22px; font-size: 18px; line-height: 1.375; font-family: 'Source Sans Pro', sans-serif; background-color: #ffffff;\">Los dos apresados fueron identificados como, <strong>Jos\u00e9 Rafael M\u00e9ndez N\u00fa\u00f1ez y Santos Mej\u00eda Fajardo<\/strong>, de 58 y 47 a\u00f1os, respectivamente.<\/p>\n<p style=\"box-sizing: border-box; margin: 0px 0px 22px; font-size: 18px; line-height: 1.375; font-family: 'Source Sans Pro', sans-serif; background-color: #ffffff;\">N\u00fa\u00f1ez fue detenido luego de ser acusado de <strong>violaci\u00f3n sexual<\/strong> contra una ni\u00f1a de 4 a\u00f1os de edad, hecho ocurrido en el barrio El Tabasco del sector Mella en el barrio de Cienfuegos de la ciudad de Santiago.[ad id=\u00bb11330&#8243;]<\/p>\n<p style=\"box-sizing: border-box; margin: 0px 0px 22px; font-size: 18px; line-height: 1.375; font-family: 'Source Sans Pro', sans-serif; background-color: #ffffff;\">En el lugar donde ocurri\u00f3 ese hecho, los moradores de all\u00ed trataron de linchar al acusado caus\u00e1ndole herida de arma blanca con un objeto punzante, sin embargo, agentes policiales intervinieron en la acci\u00f3n y arrestaron al hombre.<\/p>\n<p style=\"box-sizing: border-box; margin: 0px 0px 22px; font-size: 18px; line-height: 1.375; font-family: 'Source Sans Pro', sans-serif; background-color: #ffffff;\">Mientras que Mej\u00eda Fajardo fue arrestado mediante orden n\u00famero 1946-2018, acusado de abusar sexualmente tambi\u00e9n de una ni\u00f1a de 4 a\u00f1os de edad, por lo que fue inmediatamente sometido a la acci\u00f3n de la justicia.\u00a0[&#8212;]<\/p>\n<p style=\"box-sizing: border-box; margin: 0px 0px 22px; font-size: 18px; line-height: 1.375; font-family: 'Source Sans Pro', sans-serif; background-color: #ffffff;\">Los nombres de las dos infantes fueron reservados por la Polic\u00eda debido a razones legales.<\/p>\n<p style=\"box-sizing: border-box; margin: 0px 0px 22px; font-size: 18px; line-height: 1.375; font-family: 'Source Sans Pro', sans-serif; background-color: #ffffff;\">Se espera que en contra de los dos arrestados sean tomadas las medidas de coerci\u00f3n correspondientes.<\/p>\n","protected":false},"excerpt":{"rendered":"<p>La Polic\u00eda Nacional apres\u00f3 y envi\u00f3 a la acci\u00f3n de la justicia a dos hombres acusados de abuso sexual en perjuicio de dos ni\u00f1as menores de edad, en hechos que ocurridos por separados en las provincias Santiago y La Vega.<\/p>\n","protected":false},"author":1,"featured_media":12348,"comment_status":"open","ping_status":"open","sticky":false,"template":"","format":"standard","meta":{"footnotes":""},"categories":[6694,40,6996,7009,7010],"tags":[8069,1037,8066,269,8067,8068],"class_list":["post-13253","post","type-post","status-publish","format-standard","has-post-thumbnail","hentry","category-destacado","category-la-republica","category-la-vega","category-santiago","category-santiago-rodriguez","tag-1946-2018","tag-abuso","tag-jose-rafael-mendez-nunez","tag-menores","tag-santos-mejia-fajardo","tag-violacion-sexual"],"yoast_head":"<!-- This site is optimized with the Yoast SEO plugin v27.5 - https:\/\/yoast.com\/product\/yoast-seo-wordpress\/ -->\n<title>PN Apresa a dos hombres acusados de abuso sexual contra ni\u00f1as. - Higuey.Info<\/title>\n<meta name=\"description\" content=\"La Polic\u00eda Nacional apres\u00f3 y envi\u00f3 a la acci\u00f3n de la justicia a dos hombres acusados de abuso sexual en perjuicio de dos ni\u00f1as menores de edad, en hechos que ocurridos por separados en las provincias Santiago y La Vega.\" \/>\n<meta name=\"robots\" content=\"index, follow, max-snippet:-1, max-image-preview:large, max-video-preview:-1\" \/>\n<link rel=\"canonical\" href=\"https:\/\/higuey.info\/news\/pn-apresa-a-dos-hombres-acusados-de-abuso-sexual-contra-ninas\/\" \/>\n<meta property=\"og:locale\" content=\"es_ES\" \/>\n<meta property=\"og:type\" content=\"article\" \/>\n<meta property=\"og:title\" content=\"PN Apresa a dos hombres acusados de abuso sexual contra ni\u00f1as. - Higuey.Info\" \/>\n<meta property=\"og:description\" content=\"La Polic\u00eda Nacional apres\u00f3 y envi\u00f3 a la acci\u00f3n de la justicia a dos hombres acusados de abuso sexual en perjuicio de dos ni\u00f1as menores de edad, en hechos que ocurridos por separados en las provincias Santiago y La Vega.\" \/>\n<meta property=\"og:url\" content=\"https:\/\/higuey.info\/news\/pn-apresa-a-dos-hombres-acusados-de-abuso-sexual-contra-ninas\/\" \/>\n<meta property=\"og:site_name\" content=\"Hig\u00fcey.Info\" \/>\n<meta property=\"article:published_time\" content=\"2018-09-11T15:20:34+00:00\" \/>\n<meta property=\"article:modified_time\" content=\"2018-09-11T15:22:42+00:00\" \/>\n<meta property=\"og:image\" content=\"https:\/\/higuey.info\/news\/wp-content\/uploads\/2018\/07\/policia-informa.jpg\" \/>\n\t<meta property=\"og:image:width\" content=\"1280\" \/>\n\t<meta property=\"og:image:height\" content=\"800\" \/>\n\t<meta property=\"og:image:type\" content=\"image\/jpeg\" \/>\n<meta name=\"author\" content=\"higuey.info\" \/>\n<meta name=\"twitter:card\" content=\"summary_large_image\" \/>\n<meta name=\"twitter:label1\" content=\"Escrito por\" \/>\n\t<meta name=\"twitter:data1\" content=\"higuey.info\" \/>\n\t<meta name=\"twitter:label2\" content=\"Tiempo de lectura\" \/>\n\t<meta name=\"twitter:data2\" content=\"1 minuto\" \/>\n<script type=\"application\/ld+json\" class=\"yoast-schema-graph\">{\"@context\":\"https:\\\/\\\/schema.org\",\"@graph\":[{\"@type\":\"Article\",\"@id\":\"https:\\\/\\\/higuey.info\\\/news\\\/pn-apresa-a-dos-hombres-acusados-de-abuso-sexual-contra-ninas\\\/#article\",\"isPartOf\":{\"@id\":\"https:\\\/\\\/higuey.info\\\/news\\\/pn-apresa-a-dos-hombres-acusados-de-abuso-sexual-contra-ninas\\\/\"},\"author\":{\"name\":\"higuey.info\",\"@id\":\"https:\\\/\\\/higuey.info\\\/news\\\/#\\\/schema\\\/person\\\/274b1e73c44a5e7d852529cd974f389f\"},\"headline\":\"PN Apresa a dos hombres acusados de abuso sexual contra ni\u00f1as.\",\"datePublished\":\"2018-09-11T15:20:34+00:00\",\"dateModified\":\"2018-09-11T15:22:42+00:00\",\"mainEntityOfPage\":{\"@id\":\"https:\\\/\\\/higuey.info\\\/news\\\/pn-apresa-a-dos-hombres-acusados-de-abuso-sexual-contra-ninas\\\/\"},\"wordCount\":239,\"commentCount\":0,\"publisher\":{\"@id\":\"https:\\\/\\\/higuey.info\\\/news\\\/#organization\"},\"image\":{\"@id\":\"https:\\\/\\\/higuey.info\\\/news\\\/pn-apresa-a-dos-hombres-acusados-de-abuso-sexual-contra-ninas\\\/#primaryimage\"},\"thumbnailUrl\":\"https:\\\/\\\/higuey.info\\\/news\\\/wp-content\\\/uploads\\\/2018\\\/07\\\/policia-informa.jpg\",\"keywords\":[\"1946-2018\",\"abuso\",\"Jos\u00e9 Rafael M\u00e9ndez N\u00fa\u00f1ez\",\"menores\",\"Santos Mej\u00eda Fajardo\",\"Violaci\u00f3n sexual\"],\"articleSection\":[\"Destacado\",\"La Republica\",\"La Vega\",\"Santiago\",\"Santiago Rodr\u00edguez\"],\"inLanguage\":\"es\",\"potentialAction\":[{\"@type\":\"CommentAction\",\"name\":\"Comment\",\"target\":[\"https:\\\/\\\/higuey.info\\\/news\\\/pn-apresa-a-dos-hombres-acusados-de-abuso-sexual-contra-ninas\\\/#respond\"]}]},{\"@type\":\"WebPage\",\"@id\":\"https:\\\/\\\/higuey.info\\\/news\\\/pn-apresa-a-dos-hombres-acusados-de-abuso-sexual-contra-ninas\\\/\",\"url\":\"https:\\\/\\\/higuey.info\\\/news\\\/pn-apresa-a-dos-hombres-acusados-de-abuso-sexual-contra-ninas\\\/\",\"name\":\"PN Apresa a dos hombres acusados de abuso sexual contra ni\u00f1as. - Higuey.Info\",\"isPartOf\":{\"@id\":\"https:\\\/\\\/higuey.info\\\/news\\\/#website\"},\"primaryImageOfPage\":{\"@id\":\"https:\\\/\\\/higuey.info\\\/news\\\/pn-apresa-a-dos-hombres-acusados-de-abuso-sexual-contra-ninas\\\/#primaryimage\"},\"image\":{\"@id\":\"https:\\\/\\\/higuey.info\\\/news\\\/pn-apresa-a-dos-hombres-acusados-de-abuso-sexual-contra-ninas\\\/#primaryimage\"},\"thumbnailUrl\":\"https:\\\/\\\/higuey.info\\\/news\\\/wp-content\\\/uploads\\\/2018\\\/07\\\/policia-informa.jpg\",\"datePublished\":\"2018-09-11T15:20:34+00:00\",\"dateModified\":\"2018-09-11T15:22:42+00:00\",\"description\":\"La Polic\u00eda Nacional apres\u00f3 y envi\u00f3 a la acci\u00f3n de la justicia a dos hombres acusados de abuso sexual en perjuicio de dos ni\u00f1as menores de edad, en hechos que ocurridos por separados en las provincias Santiago y La Vega.\",\"breadcrumb\":{\"@id\":\"https:\\\/\\\/higuey.info\\\/news\\\/pn-apresa-a-dos-hombres-acusados-de-abuso-sexual-contra-ninas\\\/#breadcrumb\"},\"inLanguage\":\"es\",\"potentialAction\":[{\"@type\":\"ReadAction\",\"target\":[\"https:\\\/\\\/higuey.info\\\/news\\\/pn-apresa-a-dos-hombres-acusados-de-abuso-sexual-contra-ninas\\\/\"]}]},{\"@type\":\"ImageObject\",\"inLanguage\":\"es\",\"@id\":\"https:\\\/\\\/higuey.info\\\/news\\\/pn-apresa-a-dos-hombres-acusados-de-abuso-sexual-contra-ninas\\\/#primaryimage\",\"url\":\"https:\\\/\\\/higuey.info\\\/news\\\/wp-content\\\/uploads\\\/2018\\\/07\\\/policia-informa.jpg\",\"contentUrl\":\"https:\\\/\\\/higuey.info\\\/news\\\/wp-content\\\/uploads\\\/2018\\\/07\\\/policia-informa.jpg\",\"width\":\"1280\",\"height\":\"800\"},{\"@type\":\"BreadcrumbList\",\"@id\":\"https:\\\/\\\/higuey.info\\\/news\\\/pn-apresa-a-dos-hombres-acusados-de-abuso-sexual-contra-ninas\\\/#breadcrumb\",\"itemListElement\":[{\"@type\":\"ListItem\",\"position\":1,\"name\":\"Portada\",\"item\":\"https:\\\/\\\/higuey.info\\\/news\\\/\"},{\"@type\":\"ListItem\",\"position\":2,\"name\":\"PN Apresa a dos hombres acusados de abuso sexual contra ni\u00f1as.\"}]},{\"@type\":\"WebSite\",\"@id\":\"https:\\\/\\\/higuey.info\\\/news\\\/#website\",\"url\":\"https:\\\/\\\/higuey.info\\\/news\\\/\",\"name\":\"Hig\u00fcey.Info\",\"description\":\"Noticias de Hig\u00fcey La Altagracia Rep\u00fablica Dominicana.\",\"publisher\":{\"@id\":\"https:\\\/\\\/higuey.info\\\/news\\\/#organization\"},\"potentialAction\":[{\"@type\":\"SearchAction\",\"target\":{\"@type\":\"EntryPoint\",\"urlTemplate\":\"https:\\\/\\\/higuey.info\\\/news\\\/?s={search_term_string}\"},\"query-input\":{\"@type\":\"PropertyValueSpecification\",\"valueRequired\":true,\"valueName\":\"search_term_string\"}}],\"inLanguage\":\"es\"},{\"@type\":\"Organization\",\"@id\":\"https:\\\/\\\/higuey.info\\\/news\\\/#organization\",\"name\":\"Hig\u00fcey.Info\",\"url\":\"https:\\\/\\\/higuey.info\\\/news\\\/\",\"logo\":{\"@type\":\"ImageObject\",\"inLanguage\":\"es\",\"@id\":\"https:\\\/\\\/higuey.info\\\/news\\\/#\\\/schema\\\/logo\\\/image\\\/\",\"url\":\"https:\\\/\\\/higuey.info\\\/news\\\/wp-content\\\/uploads\\\/2015\\\/11\\\/logof.jpg\",\"contentUrl\":\"https:\\\/\\\/higuey.info\\\/news\\\/wp-content\\\/uploads\\\/2015\\\/11\\\/logof.jpg\",\"width\":248,\"height\":90,\"caption\":\"Hig\u00fcey.Info\"},\"image\":{\"@id\":\"https:\\\/\\\/higuey.info\\\/news\\\/#\\\/schema\\\/logo\\\/image\\\/\"}},{\"@type\":\"Person\",\"@id\":\"https:\\\/\\\/higuey.info\\\/news\\\/#\\\/schema\\\/person\\\/274b1e73c44a5e7d852529cd974f389f\",\"name\":\"higuey.info\",\"image\":{\"@type\":\"ImageObject\",\"inLanguage\":\"es\",\"@id\":\"https:\\\/\\\/secure.gravatar.com\\\/avatar\\\/baaa13fb48787405f1f95c6405f1f193ab4cefad2554d219db78e9a57688ba88?s=96&d=wavatar&r=g\",\"url\":\"https:\\\/\\\/secure.gravatar.com\\\/avatar\\\/baaa13fb48787405f1f95c6405f1f193ab4cefad2554d219db78e9a57688ba88?s=96&d=wavatar&r=g\",\"contentUrl\":\"https:\\\/\\\/secure.gravatar.com\\\/avatar\\\/baaa13fb48787405f1f95c6405f1f193ab4cefad2554d219db78e9a57688ba88?s=96&d=wavatar&r=g\",\"caption\":\"higuey.info\"},\"description\":\"Higuey Info | Portal informativo numero uno de la ciudad de Higuey, Todas las Noticias de Higuey La Altagracia Republica Dominicana.\",\"sameAs\":[\"https:\\\/\\\/higuey.info\\\/news\"]}]}<\/script>\n<!-- \/ Yoast SEO plugin. -->","yoast_head_json":{"title":"PN Apresa a dos hombres acusados de abuso sexual contra ni\u00f1as. - Higuey.Info","description":"La Polic\u00eda Nacional apres\u00f3 y envi\u00f3 a la acci\u00f3n de la justicia a dos hombres acusados de abuso sexual en perjuicio de dos ni\u00f1as menores de edad, en hechos que ocurridos por separados en las provincias Santiago y La Vega.","robots":{"index":"index","follow":"follow","max-snippet":"max-snippet:-1","max-image-preview":"max-image-preview:large","max-video-preview":"max-video-preview:-1"},"canonical":"https:\/\/higuey.info\/news\/pn-apresa-a-dos-hombres-acusados-de-abuso-sexual-contra-ninas\/","og_locale":"es_ES","og_type":"article","og_title":"PN Apresa a dos hombres acusados de abuso sexual contra ni\u00f1as. - Higuey.Info","og_description":"La Polic\u00eda Nacional apres\u00f3 y envi\u00f3 a la acci\u00f3n de la justicia a dos hombres acusados de abuso sexual en perjuicio de dos ni\u00f1as menores de edad, en hechos que ocurridos por separados en las provincias Santiago y La Vega.","og_url":"https:\/\/higuey.info\/news\/pn-apresa-a-dos-hombres-acusados-de-abuso-sexual-contra-ninas\/","og_site_name":"Hig\u00fcey.Info","article_published_time":"2018-09-11T15:20:34+00:00","article_modified_time":"2018-09-11T15:22:42+00:00","og_image":[{"width":1280,"height":800,"url":"https:\/\/higuey.info\/news\/wp-content\/uploads\/2018\/07\/policia-informa.jpg","type":"image\/jpeg"}],"author":"higuey.info","twitter_card":"summary_large_image","twitter_misc":{"Escrito por":"higuey.info","Tiempo de lectura":"1 minuto"},"schema":{"@context":"https:\/\/schema.org","@graph":[{"@type":"Article","@id":"https:\/\/higuey.info\/news\/pn-apresa-a-dos-hombres-acusados-de-abuso-sexual-contra-ninas\/#article","isPartOf":{"@id":"https:\/\/higuey.info\/news\/pn-apresa-a-dos-hombres-acusados-de-abuso-sexual-contra-ninas\/"},"author":{"name":"higuey.info","@id":"https:\/\/higuey.info\/news\/#\/schema\/person\/274b1e73c44a5e7d852529cd974f389f"},"headline":"PN Apresa a dos hombres acusados de abuso sexual contra ni\u00f1as.","datePublished":"2018-09-11T15:20:34+00:00","dateModified":"2018-09-11T15:22:42+00:00","mainEntityOfPage":{"@id":"https:\/\/higuey.info\/news\/pn-apresa-a-dos-hombres-acusados-de-abuso-sexual-contra-ninas\/"},"wordCount":239,"commentCount":0,"publisher":{"@id":"https:\/\/higuey.info\/news\/#organization"},"image":{"@id":"https:\/\/higuey.info\/news\/pn-apresa-a-dos-hombres-acusados-de-abuso-sexual-contra-ninas\/#primaryimage"},"thumbnailUrl":"https:\/\/higuey.info\/news\/wp-content\/uploads\/2018\/07\/policia-informa.jpg","keywords":["1946-2018","abuso","Jos\u00e9 Rafael M\u00e9ndez N\u00fa\u00f1ez","menores","Santos Mej\u00eda Fajardo","Violaci\u00f3n sexual"],"articleSection":["Destacado","La Republica","La Vega","Santiago","Santiago Rodr\u00edguez"],"inLanguage":"es","potentialAction":[{"@type":"CommentAction","name":"Comment","target":["https:\/\/higuey.info\/news\/pn-apresa-a-dos-hombres-acusados-de-abuso-sexual-contra-ninas\/#respond"]}]},{"@type":"WebPage","@id":"https:\/\/higuey.info\/news\/pn-apresa-a-dos-hombres-acusados-de-abuso-sexual-contra-ninas\/","url":"https:\/\/higuey.info\/news\/pn-apresa-a-dos-hombres-acusados-de-abuso-sexual-contra-ninas\/","name":"PN Apresa a dos hombres acusados de abuso sexual contra ni\u00f1as. - Higuey.Info","isPartOf":{"@id":"https:\/\/higuey.info\/news\/#website"},"primaryImageOfPage":{"@id":"https:\/\/higuey.info\/news\/pn-apresa-a-dos-hombres-acusados-de-abuso-sexual-contra-ninas\/#primaryimage"},"image":{"@id":"https:\/\/higuey.info\/news\/pn-apresa-a-dos-hombres-acusados-de-abuso-sexual-contra-ninas\/#primaryimage"},"thumbnailUrl":"https:\/\/higuey.info\/news\/wp-content\/uploads\/2018\/07\/policia-informa.jpg","datePublished":"2018-09-11T15:20:34+00:00","dateModified":"2018-09-11T15:22:42+00:00","description":"La Polic\u00eda Nacional apres\u00f3 y envi\u00f3 a la acci\u00f3n de la justicia a dos hombres acusados de abuso sexual en perjuicio de dos ni\u00f1as menores de edad, en hechos que ocurridos por separados en las provincias Santiago y La Vega.","breadcrumb":{"@id":"https:\/\/higuey.info\/news\/pn-apresa-a-dos-hombres-acusados-de-abuso-sexual-contra-ninas\/#breadcrumb"},"inLanguage":"es","potentialAction":[{"@type":"ReadAction","target":["https:\/\/higuey.info\/news\/pn-apresa-a-dos-hombres-acusados-de-abuso-sexual-contra-ninas\/"]}]},{"@type":"ImageObject","inLanguage":"es","@id":"https:\/\/higuey.info\/news\/pn-apresa-a-dos-hombres-acusados-de-abuso-sexual-contra-ninas\/#primaryimage","url":"https:\/\/higuey.info\/news\/wp-content\/uploads\/2018\/07\/policia-informa.jpg","contentUrl":"https:\/\/higuey.info\/news\/wp-content\/uploads\/2018\/07\/policia-informa.jpg","width":"1280","height":"800"},{"@type":"BreadcrumbList","@id":"https:\/\/higuey.info\/news\/pn-apresa-a-dos-hombres-acusados-de-abuso-sexual-contra-ninas\/#breadcrumb","itemListElement":[{"@type":"ListItem","position":1,"name":"Portada","item":"https:\/\/higuey.info\/news\/"},{"@type":"ListItem","position":2,"name":"PN Apresa a dos hombres acusados de abuso sexual contra ni\u00f1as."}]},{"@type":"WebSite","@id":"https:\/\/higuey.info\/news\/#website","url":"https:\/\/higuey.info\/news\/","name":"Hig\u00fcey.Info","description":"Noticias de Hig\u00fcey La Altagracia Rep\u00fablica Dominicana.","publisher":{"@id":"https:\/\/higuey.info\/news\/#organization"},"potentialAction":[{"@type":"SearchAction","target":{"@type":"EntryPoint","urlTemplate":"https:\/\/higuey.info\/news\/?s={search_term_string}"},"query-input":{"@type":"PropertyValueSpecification","valueRequired":true,"valueName":"search_term_string"}}],"inLanguage":"es"},{"@type":"Organization","@id":"https:\/\/higuey.info\/news\/#organization","name":"Hig\u00fcey.Info","url":"https:\/\/higuey.info\/news\/","logo":{"@type":"ImageObject","inLanguage":"es","@id":"https:\/\/higuey.info\/news\/#\/schema\/logo\/image\/","url":"https:\/\/higuey.info\/news\/wp-content\/uploads\/2015\/11\/logof.jpg","contentUrl":"https:\/\/higuey.info\/news\/wp-content\/uploads\/2015\/11\/logof.jpg","width":248,"height":90,"caption":"Hig\u00fcey.Info"},"image":{"@id":"https:\/\/higuey.info\/news\/#\/schema\/logo\/image\/"}},{"@type":"Person","@id":"https:\/\/higuey.info\/news\/#\/schema\/person\/274b1e73c44a5e7d852529cd974f389f","name":"higuey.info","image":{"@type":"ImageObject","inLanguage":"es","@id":"https:\/\/secure.gravatar.com\/avatar\/baaa13fb48787405f1f95c6405f1f193ab4cefad2554d219db78e9a57688ba88?s=96&d=wavatar&r=g","url":"https:\/\/secure.gravatar.com\/avatar\/baaa13fb48787405f1f95c6405f1f193ab4cefad2554d219db78e9a57688ba88?s=96&d=wavatar&r=g","contentUrl":"https:\/\/secure.gravatar.com\/avatar\/baaa13fb48787405f1f95c6405f1f193ab4cefad2554d219db78e9a57688ba88?s=96&d=wavatar&r=g","caption":"higuey.info"},"description":"Higuey Info | Portal informativo numero uno de la ciudad de Higuey, Todas las Noticias de Higuey La Altagracia Republica Dominicana.","sameAs":["https:\/\/higuey.info\/news"]}]}},"_links":{"self":[{"href":"https:\/\/higuey.info\/news\/wp-json\/wp\/v2\/posts\/13253","targetHints":{"allow":["GET"]}}],"collection":[{"href":"https:\/\/higuey.info\/news\/wp-json\/wp\/v2\/posts"}],"about":[{"href":"https:\/\/higuey.info\/news\/wp-json\/wp\/v2\/types\/post"}],"author":[{"embeddable":true,"href":"https:\/\/higuey.info\/news\/wp-json\/wp\/v2\/users\/1"}],"replies":[{"embeddable":true,"href":"https:\/\/higuey.info\/news\/wp-json\/wp\/v2\/comments?post=13253"}],"version-history":[{"count":1,"href":"https:\/\/higuey.info\/news\/wp-json\/wp\/v2\/posts\/13253\/revisions"}],"predecessor-version":[{"id":13254,"href":"https:\/\/higuey.info\/news\/wp-json\/wp\/v2\/posts\/13253\/revisions\/13254"}],"wp:featuredmedia":[{"embeddable":true,"href":"https:\/\/higuey.info\/news\/wp-json\/wp\/v2\/media\/12348"}],"wp:attachment":[{"href":"https:\/\/higuey.info\/news\/wp-json\/wp\/v2\/media?parent=13253"}],"wp:term":[{"taxonomy":"category","embeddable":true,"href":"https:\/\/higuey.info\/news\/wp-json\/wp\/v2\/categories?post=13253"},{"taxonomy":"post_tag","embeddable":true,"href":"https:\/\/higuey.info\/news\/wp-json\/wp\/v2\/tags?post=13253"}],"curies":[{"name":"wp","href":"https:\/\/api.w.org\/{rel}","templated":true}]}}