{"id":14183,"date":"2019-12-28T22:30:06","date_gmt":"2019-12-28T22:30:06","guid":{"rendered":"https:\/\/higuey.info\/news\/news\/?p=14183"},"modified":"2019-12-28T22:31:27","modified_gmt":"2019-12-28T22:31:27","slug":"murio-la-diputada-ines-brayan-tras-sufrir-un-infarto","status":"publish","type":"post","link":"https:\/\/higuey.info\/news\/murio-la-diputada-ines-brayan-tras-sufrir-un-infarto\/","title":{"rendered":"Muri\u00f3 la diputada In\u00e9s Brayan tras sufrir un infarto."},"content":{"rendered":"<div id=\"ArticleSourceDiv\" class=\"article-body-author\"><b>Santo Domingo, RD.<\/b><\/div>\n<div id=\"ArticleBody\">\n<p>La diputada reformista<strong> In\u00e9s Bryan<\/strong>, quien sufri\u00f3 un infarto en la ma\u00f1ana de este s\u00e1bado, muri\u00f3 cerca de las cinco de la tarde.<\/p>\n<p>La legisladora sufri\u00f3 el infarto cuando se encontraba en una tienda de <strong>Santo Domingo<\/strong>, junto a su esposo <strong>Juan Carlos Mart\u00ednez Estrella<\/strong>, y de ah\u00ed fue trasladada a la Cl\u00ednica Independencia desde donde fue llevada a <strong>Corazones Unidos<\/strong>, donde finalmente falleci\u00f3.<\/p>\n<p>La informaci\u00f3n fue confirmada al <strong>Listin Diario<\/strong> por el secretario de Comunicaciones del Partido Reformista Social Cristiano, <strong>Dioniosio Santana<\/strong>.<\/p>\n<p>Se dijo que Bryan que al momento de sufrir el infarto se encontraba en el centro comercial junto a Mart\u00ednez, comprando varios art\u00edculos comestibles para preparar canastas navide\u00f1as y ser repartidas entre sus seguidores en esta ciudad, \u00a0a prop\u00f3sito del per\u00edodo navide\u00f1o y de a\u00f1o nuevo.<\/p>\n<p>Su esposo <strong>Juancho Mart\u00ednez<\/strong> comparti\u00f3 un audio en las redes sociales donde solicitaba una cadena de oraci\u00f3n por la salud de su esposa<\/p>\n<p>Con voz entrecortada, Mart\u00ednez ped\u00eda la cadena de oraci\u00f3n, indicando que su esposa hab\u00eda sufrido un infarto.<\/p>\n<p>De inmediato se han producido reacciones en diferentes redes sociales manifestando muchos de ellos que Dios tiene el control de la situaci\u00f3n.<\/p>\n<p><strong>Legisladora<\/strong><\/p>\n<p>La diputada naci\u00f3 <strong>San Pedro de Macor\u00eds<\/strong>, en el Ingenio Porvenir. Hija de <strong>Alexander Bryan<\/strong> y <strong>Masiel Casey<\/strong>, es la segunda de tres hermanas: <strong>Emma<\/strong> y <strong>Juliana<\/strong>. Sus estudios primarios los realiz\u00f3 en la Escuela Primaria del Ingenio Porvenir, los estudios Secundarios en el Liceo de reforma Gast\u00f3n F. Deligne.<\/p>\n<p>Casada con el doctor Juan Mart\u00ednez Estrella, abogado y Presidente del Directorio Municipal del Partido reformista Social Cristiano en San Pedro de Macor\u00eds.<\/p>\n<p>Procre\u00f3 tres hijos: <strong>Carol Reyes Bryan<\/strong>, ingeniera industrial; <strong>Edgar Elvis Reyes Bryan<\/strong>, Lic. en Ciencias Naturales y <strong>Elvio Jos\u00e9 Reyes Bryan<\/strong>, mercad\u00f3logo.<\/p>\n<\/div>\n","protected":false},"excerpt":{"rendered":"<p>La diputada naci\u00f3 San Pedro de Macor\u00eds, en el Ingenio Porvenir. Hija de Alexander Bryan y Masiel Casey, es la segunda de tres hermanas: Emma y Juliana. Sus estudios primarios los realiz\u00f3 en la Escuela Primaria del Ingenio Porvenir, los estudios Secundarios en el Liceo de reforma Gast\u00f3n F. Deligne.<\/p>\n","protected":false},"author":1,"featured_media":14184,"comment_status":"open","ping_status":"open","sticky":false,"template":"","format":"standard","meta":{"footnotes":""},"categories":[2367,6694,40,6937,7007,7011],"tags":[8837,8841,8833,8835,8842,8843,8839,8831,8832,8836,8840,8834,8838,8844,121],"class_list":["post-14183","post","type-post","status-publish","format-standard","has-post-thumbnail","hentry","category-cementerio-virtual","category-destacado","category-la-republica","category-nacional","category-san-pedro-de-macoris","category-santo-domingo","tag-alexander-bryan","tag-carol-reyes-bryan","tag-corazones-unidos","tag-dioniosio-santana","tag-edgar-elvis-reyes-bryan","tag-elvio-jose-reyes-bryan","tag-emma","tag-ines-bryan","tag-juan-carlos-martinez-estrella","tag-juancho-martinez","tag-juliana","tag-listin-diario","tag-masiel-casey","tag-muere-diputada","tag-san-pedro-de-macoris"],"yoast_head":"<!-- This site is optimized with the Yoast SEO plugin v27.5 - https:\/\/yoast.com\/product\/yoast-seo-wordpress\/ -->\n<title>Muri\u00f3 la diputada In\u00e9s Brayan tras sufrir un infarto. - Higuey.Info<\/title>\n<meta name=\"description\" content=\"La diputada naci\u00f3 San Pedro de Macor\u00eds, en el Ingenio Porvenir. Hija de Alexander Bryan y Masiel Casey, es la segunda de tres hermanas: Emma y Juliana. Sus estudios primarios los realiz\u00f3 en la Escuela Primaria del Ingenio Porvenir, los estudios Secundarios en el Liceo de reforma Gast\u00f3n F. Deligne.\" \/>\n<meta name=\"robots\" content=\"index, follow, max-snippet:-1, max-image-preview:large, max-video-preview:-1\" \/>\n<link rel=\"canonical\" href=\"https:\/\/higuey.info\/news\/murio-la-diputada-ines-brayan-tras-sufrir-un-infarto\/\" \/>\n<meta property=\"og:locale\" content=\"es_ES\" \/>\n<meta property=\"og:type\" content=\"article\" \/>\n<meta property=\"og:title\" content=\"Muri\u00f3 la diputada In\u00e9s Brayan tras sufrir un infarto. - Higuey.Info\" \/>\n<meta property=\"og:description\" content=\"La diputada naci\u00f3 San Pedro de Macor\u00eds, en el Ingenio Porvenir. Hija de Alexander Bryan y Masiel Casey, es la segunda de tres hermanas: Emma y Juliana. Sus estudios primarios los realiz\u00f3 en la Escuela Primaria del Ingenio Porvenir, los estudios Secundarios en el Liceo de reforma Gast\u00f3n F. Deligne.\" \/>\n<meta property=\"og:url\" content=\"https:\/\/higuey.info\/news\/murio-la-diputada-ines-brayan-tras-sufrir-un-infarto\/\" \/>\n<meta property=\"og:site_name\" content=\"Hig\u00fcey.Info\" \/>\n<meta property=\"article:published_time\" content=\"2019-12-28T22:30:06+00:00\" \/>\n<meta property=\"article:modified_time\" content=\"2019-12-28T22:31:27+00:00\" \/>\n<meta property=\"og:image\" content=\"https:\/\/higuey.info\/news\/wp-content\/uploads\/2019\/12\/ines-brayan.jpeg\" \/>\n\t<meta property=\"og:image:width\" content=\"1280\" \/>\n\t<meta property=\"og:image:height\" content=\"800\" \/>\n\t<meta property=\"og:image:type\" content=\"image\/jpeg\" \/>\n<meta name=\"author\" content=\"higuey.info\" \/>\n<meta name=\"twitter:card\" content=\"summary_large_image\" \/>\n<meta name=\"twitter:label1\" content=\"Escrito por\" \/>\n\t<meta name=\"twitter:data1\" content=\"higuey.info\" \/>\n\t<meta name=\"twitter:label2\" content=\"Tiempo de lectura\" \/>\n\t<meta name=\"twitter:data2\" content=\"2 minutos\" \/>\n<script type=\"application\/ld+json\" class=\"yoast-schema-graph\">{\"@context\":\"https:\\\/\\\/schema.org\",\"@graph\":[{\"@type\":\"Article\",\"@id\":\"https:\\\/\\\/higuey.info\\\/news\\\/murio-la-diputada-ines-brayan-tras-sufrir-un-infarto\\\/#article\",\"isPartOf\":{\"@id\":\"https:\\\/\\\/higuey.info\\\/news\\\/murio-la-diputada-ines-brayan-tras-sufrir-un-infarto\\\/\"},\"author\":{\"name\":\"higuey.info\",\"@id\":\"https:\\\/\\\/higuey.info\\\/news\\\/#\\\/schema\\\/person\\\/274b1e73c44a5e7d852529cd974f389f\"},\"headline\":\"Muri\u00f3 la diputada In\u00e9s Brayan tras sufrir un infarto.\",\"datePublished\":\"2019-12-28T22:30:06+00:00\",\"dateModified\":\"2019-12-28T22:31:27+00:00\",\"mainEntityOfPage\":{\"@id\":\"https:\\\/\\\/higuey.info\\\/news\\\/murio-la-diputada-ines-brayan-tras-sufrir-un-infarto\\\/\"},\"wordCount\":325,\"commentCount\":0,\"publisher\":{\"@id\":\"https:\\\/\\\/higuey.info\\\/news\\\/#organization\"},\"image\":{\"@id\":\"https:\\\/\\\/higuey.info\\\/news\\\/murio-la-diputada-ines-brayan-tras-sufrir-un-infarto\\\/#primaryimage\"},\"thumbnailUrl\":\"https:\\\/\\\/higuey.info\\\/news\\\/wp-content\\\/uploads\\\/2019\\\/12\\\/ines-brayan.jpeg\",\"keywords\":[\"Alexander Bryan\",\"Carol Reyes Bryan\",\"Corazones Unidos\",\"Dioniosio Santana\",\"Edgar Elvis Reyes Bryan\",\"Elvio Jos\u00e9 Reyes Bryan\",\"Emma\",\"In\u00e9s Bryan\",\"Juan Carlos Mart\u00ednez Estrella\",\"Juancho Mart\u00ednez\",\"Juliana\",\"Listin Diario\",\"Masiel Casey\",\"Muere diputada\",\"San pedro de macoris\"],\"articleSection\":[\"Cementerio Virtual\",\"Destacado\",\"La Republica\",\"Nacional\",\"San Pedro de Macor\u00eds\",\"Santo Domingo\"],\"inLanguage\":\"es\",\"potentialAction\":[{\"@type\":\"CommentAction\",\"name\":\"Comment\",\"target\":[\"https:\\\/\\\/higuey.info\\\/news\\\/murio-la-diputada-ines-brayan-tras-sufrir-un-infarto\\\/#respond\"]}]},{\"@type\":\"WebPage\",\"@id\":\"https:\\\/\\\/higuey.info\\\/news\\\/murio-la-diputada-ines-brayan-tras-sufrir-un-infarto\\\/\",\"url\":\"https:\\\/\\\/higuey.info\\\/news\\\/murio-la-diputada-ines-brayan-tras-sufrir-un-infarto\\\/\",\"name\":\"Muri\u00f3 la diputada In\u00e9s Brayan tras sufrir un infarto. - Higuey.Info\",\"isPartOf\":{\"@id\":\"https:\\\/\\\/higuey.info\\\/news\\\/#website\"},\"primaryImageOfPage\":{\"@id\":\"https:\\\/\\\/higuey.info\\\/news\\\/murio-la-diputada-ines-brayan-tras-sufrir-un-infarto\\\/#primaryimage\"},\"image\":{\"@id\":\"https:\\\/\\\/higuey.info\\\/news\\\/murio-la-diputada-ines-brayan-tras-sufrir-un-infarto\\\/#primaryimage\"},\"thumbnailUrl\":\"https:\\\/\\\/higuey.info\\\/news\\\/wp-content\\\/uploads\\\/2019\\\/12\\\/ines-brayan.jpeg\",\"datePublished\":\"2019-12-28T22:30:06+00:00\",\"dateModified\":\"2019-12-28T22:31:27+00:00\",\"description\":\"La diputada naci\u00f3 San Pedro de Macor\u00eds, en el Ingenio Porvenir. Hija de Alexander Bryan y Masiel Casey, es la segunda de tres hermanas: Emma y Juliana. Sus estudios primarios los realiz\u00f3 en la Escuela Primaria del Ingenio Porvenir, los estudios Secundarios en el Liceo de reforma Gast\u00f3n F. Deligne.\",\"breadcrumb\":{\"@id\":\"https:\\\/\\\/higuey.info\\\/news\\\/murio-la-diputada-ines-brayan-tras-sufrir-un-infarto\\\/#breadcrumb\"},\"inLanguage\":\"es\",\"potentialAction\":[{\"@type\":\"ReadAction\",\"target\":[\"https:\\\/\\\/higuey.info\\\/news\\\/murio-la-diputada-ines-brayan-tras-sufrir-un-infarto\\\/\"]}]},{\"@type\":\"ImageObject\",\"inLanguage\":\"es\",\"@id\":\"https:\\\/\\\/higuey.info\\\/news\\\/murio-la-diputada-ines-brayan-tras-sufrir-un-infarto\\\/#primaryimage\",\"url\":\"https:\\\/\\\/higuey.info\\\/news\\\/wp-content\\\/uploads\\\/2019\\\/12\\\/ines-brayan.jpeg\",\"contentUrl\":\"https:\\\/\\\/higuey.info\\\/news\\\/wp-content\\\/uploads\\\/2019\\\/12\\\/ines-brayan.jpeg\",\"width\":1280,\"height\":800},{\"@type\":\"BreadcrumbList\",\"@id\":\"https:\\\/\\\/higuey.info\\\/news\\\/murio-la-diputada-ines-brayan-tras-sufrir-un-infarto\\\/#breadcrumb\",\"itemListElement\":[{\"@type\":\"ListItem\",\"position\":1,\"name\":\"Portada\",\"item\":\"https:\\\/\\\/higuey.info\\\/news\\\/\"},{\"@type\":\"ListItem\",\"position\":2,\"name\":\"Muri\u00f3 la diputada In\u00e9s Brayan tras sufrir un infarto.\"}]},{\"@type\":\"WebSite\",\"@id\":\"https:\\\/\\\/higuey.info\\\/news\\\/#website\",\"url\":\"https:\\\/\\\/higuey.info\\\/news\\\/\",\"name\":\"Hig\u00fcey.Info\",\"description\":\"Noticias de Hig\u00fcey La Altagracia Rep\u00fablica Dominicana.\",\"publisher\":{\"@id\":\"https:\\\/\\\/higuey.info\\\/news\\\/#organization\"},\"potentialAction\":[{\"@type\":\"SearchAction\",\"target\":{\"@type\":\"EntryPoint\",\"urlTemplate\":\"https:\\\/\\\/higuey.info\\\/news\\\/?s={search_term_string}\"},\"query-input\":{\"@type\":\"PropertyValueSpecification\",\"valueRequired\":true,\"valueName\":\"search_term_string\"}}],\"inLanguage\":\"es\"},{\"@type\":\"Organization\",\"@id\":\"https:\\\/\\\/higuey.info\\\/news\\\/#organization\",\"name\":\"Hig\u00fcey.Info\",\"url\":\"https:\\\/\\\/higuey.info\\\/news\\\/\",\"logo\":{\"@type\":\"ImageObject\",\"inLanguage\":\"es\",\"@id\":\"https:\\\/\\\/higuey.info\\\/news\\\/#\\\/schema\\\/logo\\\/image\\\/\",\"url\":\"https:\\\/\\\/higuey.info\\\/news\\\/wp-content\\\/uploads\\\/2015\\\/11\\\/logof.jpg\",\"contentUrl\":\"https:\\\/\\\/higuey.info\\\/news\\\/wp-content\\\/uploads\\\/2015\\\/11\\\/logof.jpg\",\"width\":248,\"height\":90,\"caption\":\"Hig\u00fcey.Info\"},\"image\":{\"@id\":\"https:\\\/\\\/higuey.info\\\/news\\\/#\\\/schema\\\/logo\\\/image\\\/\"}},{\"@type\":\"Person\",\"@id\":\"https:\\\/\\\/higuey.info\\\/news\\\/#\\\/schema\\\/person\\\/274b1e73c44a5e7d852529cd974f389f\",\"name\":\"higuey.info\",\"image\":{\"@type\":\"ImageObject\",\"inLanguage\":\"es\",\"@id\":\"https:\\\/\\\/secure.gravatar.com\\\/avatar\\\/baaa13fb48787405f1f95c6405f1f193ab4cefad2554d219db78e9a57688ba88?s=96&d=wavatar&r=g\",\"url\":\"https:\\\/\\\/secure.gravatar.com\\\/avatar\\\/baaa13fb48787405f1f95c6405f1f193ab4cefad2554d219db78e9a57688ba88?s=96&d=wavatar&r=g\",\"contentUrl\":\"https:\\\/\\\/secure.gravatar.com\\\/avatar\\\/baaa13fb48787405f1f95c6405f1f193ab4cefad2554d219db78e9a57688ba88?s=96&d=wavatar&r=g\",\"caption\":\"higuey.info\"},\"description\":\"Higuey Info | Portal informativo numero uno de la ciudad de Higuey, Todas las Noticias de Higuey La Altagracia Republica Dominicana.\",\"sameAs\":[\"https:\\\/\\\/higuey.info\\\/news\"]}]}<\/script>\n<!-- \/ Yoast SEO plugin. -->","yoast_head_json":{"title":"Muri\u00f3 la diputada In\u00e9s Brayan tras sufrir un infarto. - Higuey.Info","description":"La diputada naci\u00f3 San Pedro de Macor\u00eds, en el Ingenio Porvenir. Hija de Alexander Bryan y Masiel Casey, es la segunda de tres hermanas: Emma y Juliana. Sus estudios primarios los realiz\u00f3 en la Escuela Primaria del Ingenio Porvenir, los estudios Secundarios en el Liceo de reforma Gast\u00f3n F. Deligne.","robots":{"index":"index","follow":"follow","max-snippet":"max-snippet:-1","max-image-preview":"max-image-preview:large","max-video-preview":"max-video-preview:-1"},"canonical":"https:\/\/higuey.info\/news\/murio-la-diputada-ines-brayan-tras-sufrir-un-infarto\/","og_locale":"es_ES","og_type":"article","og_title":"Muri\u00f3 la diputada In\u00e9s Brayan tras sufrir un infarto. - Higuey.Info","og_description":"La diputada naci\u00f3 San Pedro de Macor\u00eds, en el Ingenio Porvenir. Hija de Alexander Bryan y Masiel Casey, es la segunda de tres hermanas: Emma y Juliana. Sus estudios primarios los realiz\u00f3 en la Escuela Primaria del Ingenio Porvenir, los estudios Secundarios en el Liceo de reforma Gast\u00f3n F. Deligne.","og_url":"https:\/\/higuey.info\/news\/murio-la-diputada-ines-brayan-tras-sufrir-un-infarto\/","og_site_name":"Hig\u00fcey.Info","article_published_time":"2019-12-28T22:30:06+00:00","article_modified_time":"2019-12-28T22:31:27+00:00","og_image":[{"width":1280,"height":800,"url":"https:\/\/higuey.info\/news\/wp-content\/uploads\/2019\/12\/ines-brayan.jpeg","type":"image\/jpeg"}],"author":"higuey.info","twitter_card":"summary_large_image","twitter_misc":{"Escrito por":"higuey.info","Tiempo de lectura":"2 minutos"},"schema":{"@context":"https:\/\/schema.org","@graph":[{"@type":"Article","@id":"https:\/\/higuey.info\/news\/murio-la-diputada-ines-brayan-tras-sufrir-un-infarto\/#article","isPartOf":{"@id":"https:\/\/higuey.info\/news\/murio-la-diputada-ines-brayan-tras-sufrir-un-infarto\/"},"author":{"name":"higuey.info","@id":"https:\/\/higuey.info\/news\/#\/schema\/person\/274b1e73c44a5e7d852529cd974f389f"},"headline":"Muri\u00f3 la diputada In\u00e9s Brayan tras sufrir un infarto.","datePublished":"2019-12-28T22:30:06+00:00","dateModified":"2019-12-28T22:31:27+00:00","mainEntityOfPage":{"@id":"https:\/\/higuey.info\/news\/murio-la-diputada-ines-brayan-tras-sufrir-un-infarto\/"},"wordCount":325,"commentCount":0,"publisher":{"@id":"https:\/\/higuey.info\/news\/#organization"},"image":{"@id":"https:\/\/higuey.info\/news\/murio-la-diputada-ines-brayan-tras-sufrir-un-infarto\/#primaryimage"},"thumbnailUrl":"https:\/\/higuey.info\/news\/wp-content\/uploads\/2019\/12\/ines-brayan.jpeg","keywords":["Alexander Bryan","Carol Reyes Bryan","Corazones Unidos","Dioniosio Santana","Edgar Elvis Reyes Bryan","Elvio Jos\u00e9 Reyes Bryan","Emma","In\u00e9s Bryan","Juan Carlos Mart\u00ednez Estrella","Juancho Mart\u00ednez","Juliana","Listin Diario","Masiel Casey","Muere diputada","San pedro de macoris"],"articleSection":["Cementerio Virtual","Destacado","La Republica","Nacional","San Pedro de Macor\u00eds","Santo Domingo"],"inLanguage":"es","potentialAction":[{"@type":"CommentAction","name":"Comment","target":["https:\/\/higuey.info\/news\/murio-la-diputada-ines-brayan-tras-sufrir-un-infarto\/#respond"]}]},{"@type":"WebPage","@id":"https:\/\/higuey.info\/news\/murio-la-diputada-ines-brayan-tras-sufrir-un-infarto\/","url":"https:\/\/higuey.info\/news\/murio-la-diputada-ines-brayan-tras-sufrir-un-infarto\/","name":"Muri\u00f3 la diputada In\u00e9s Brayan tras sufrir un infarto. - Higuey.Info","isPartOf":{"@id":"https:\/\/higuey.info\/news\/#website"},"primaryImageOfPage":{"@id":"https:\/\/higuey.info\/news\/murio-la-diputada-ines-brayan-tras-sufrir-un-infarto\/#primaryimage"},"image":{"@id":"https:\/\/higuey.info\/news\/murio-la-diputada-ines-brayan-tras-sufrir-un-infarto\/#primaryimage"},"thumbnailUrl":"https:\/\/higuey.info\/news\/wp-content\/uploads\/2019\/12\/ines-brayan.jpeg","datePublished":"2019-12-28T22:30:06+00:00","dateModified":"2019-12-28T22:31:27+00:00","description":"La diputada naci\u00f3 San Pedro de Macor\u00eds, en el Ingenio Porvenir. Hija de Alexander Bryan y Masiel Casey, es la segunda de tres hermanas: Emma y Juliana. Sus estudios primarios los realiz\u00f3 en la Escuela Primaria del Ingenio Porvenir, los estudios Secundarios en el Liceo de reforma Gast\u00f3n F. Deligne.","breadcrumb":{"@id":"https:\/\/higuey.info\/news\/murio-la-diputada-ines-brayan-tras-sufrir-un-infarto\/#breadcrumb"},"inLanguage":"es","potentialAction":[{"@type":"ReadAction","target":["https:\/\/higuey.info\/news\/murio-la-diputada-ines-brayan-tras-sufrir-un-infarto\/"]}]},{"@type":"ImageObject","inLanguage":"es","@id":"https:\/\/higuey.info\/news\/murio-la-diputada-ines-brayan-tras-sufrir-un-infarto\/#primaryimage","url":"https:\/\/higuey.info\/news\/wp-content\/uploads\/2019\/12\/ines-brayan.jpeg","contentUrl":"https:\/\/higuey.info\/news\/wp-content\/uploads\/2019\/12\/ines-brayan.jpeg","width":1280,"height":800},{"@type":"BreadcrumbList","@id":"https:\/\/higuey.info\/news\/murio-la-diputada-ines-brayan-tras-sufrir-un-infarto\/#breadcrumb","itemListElement":[{"@type":"ListItem","position":1,"name":"Portada","item":"https:\/\/higuey.info\/news\/"},{"@type":"ListItem","position":2,"name":"Muri\u00f3 la diputada In\u00e9s Brayan tras sufrir un infarto."}]},{"@type":"WebSite","@id":"https:\/\/higuey.info\/news\/#website","url":"https:\/\/higuey.info\/news\/","name":"Hig\u00fcey.Info","description":"Noticias de Hig\u00fcey La Altagracia Rep\u00fablica Dominicana.","publisher":{"@id":"https:\/\/higuey.info\/news\/#organization"},"potentialAction":[{"@type":"SearchAction","target":{"@type":"EntryPoint","urlTemplate":"https:\/\/higuey.info\/news\/?s={search_term_string}"},"query-input":{"@type":"PropertyValueSpecification","valueRequired":true,"valueName":"search_term_string"}}],"inLanguage":"es"},{"@type":"Organization","@id":"https:\/\/higuey.info\/news\/#organization","name":"Hig\u00fcey.Info","url":"https:\/\/higuey.info\/news\/","logo":{"@type":"ImageObject","inLanguage":"es","@id":"https:\/\/higuey.info\/news\/#\/schema\/logo\/image\/","url":"https:\/\/higuey.info\/news\/wp-content\/uploads\/2015\/11\/logof.jpg","contentUrl":"https:\/\/higuey.info\/news\/wp-content\/uploads\/2015\/11\/logof.jpg","width":248,"height":90,"caption":"Hig\u00fcey.Info"},"image":{"@id":"https:\/\/higuey.info\/news\/#\/schema\/logo\/image\/"}},{"@type":"Person","@id":"https:\/\/higuey.info\/news\/#\/schema\/person\/274b1e73c44a5e7d852529cd974f389f","name":"higuey.info","image":{"@type":"ImageObject","inLanguage":"es","@id":"https:\/\/secure.gravatar.com\/avatar\/baaa13fb48787405f1f95c6405f1f193ab4cefad2554d219db78e9a57688ba88?s=96&d=wavatar&r=g","url":"https:\/\/secure.gravatar.com\/avatar\/baaa13fb48787405f1f95c6405f1f193ab4cefad2554d219db78e9a57688ba88?s=96&d=wavatar&r=g","contentUrl":"https:\/\/secure.gravatar.com\/avatar\/baaa13fb48787405f1f95c6405f1f193ab4cefad2554d219db78e9a57688ba88?s=96&d=wavatar&r=g","caption":"higuey.info"},"description":"Higuey Info | Portal informativo numero uno de la ciudad de Higuey, Todas las Noticias de Higuey La Altagracia Republica Dominicana.","sameAs":["https:\/\/higuey.info\/news"]}]}},"_links":{"self":[{"href":"https:\/\/higuey.info\/news\/wp-json\/wp\/v2\/posts\/14183","targetHints":{"allow":["GET"]}}],"collection":[{"href":"https:\/\/higuey.info\/news\/wp-json\/wp\/v2\/posts"}],"about":[{"href":"https:\/\/higuey.info\/news\/wp-json\/wp\/v2\/types\/post"}],"author":[{"embeddable":true,"href":"https:\/\/higuey.info\/news\/wp-json\/wp\/v2\/users\/1"}],"replies":[{"embeddable":true,"href":"https:\/\/higuey.info\/news\/wp-json\/wp\/v2\/comments?post=14183"}],"version-history":[{"count":2,"href":"https:\/\/higuey.info\/news\/wp-json\/wp\/v2\/posts\/14183\/revisions"}],"predecessor-version":[{"id":14186,"href":"https:\/\/higuey.info\/news\/wp-json\/wp\/v2\/posts\/14183\/revisions\/14186"}],"wp:featuredmedia":[{"embeddable":true,"href":"https:\/\/higuey.info\/news\/wp-json\/wp\/v2\/media\/14184"}],"wp:attachment":[{"href":"https:\/\/higuey.info\/news\/wp-json\/wp\/v2\/media?parent=14183"}],"wp:term":[{"taxonomy":"category","embeddable":true,"href":"https:\/\/higuey.info\/news\/wp-json\/wp\/v2\/categories?post=14183"},{"taxonomy":"post_tag","embeddable":true,"href":"https:\/\/higuey.info\/news\/wp-json\/wp\/v2\/tags?post=14183"}],"curies":[{"name":"wp","href":"https:\/\/api.w.org\/{rel}","templated":true}]}}