{"id":14591,"date":"2020-06-12T20:32:11","date_gmt":"2020-06-12T20:32:11","guid":{"rendered":"https:\/\/higuey.info\/news\/news\/?p=14591"},"modified":"2020-11-21T04:20:27","modified_gmt":"2020-11-21T04:20:27","slug":"apresan-al-acusado-de-matar-a-dos-empleados-del-cabildo-de-la-otra-banda-en-higuey","status":"publish","type":"post","link":"https:\/\/higuey.info\/news\/apresan-al-acusado-de-matar-a-dos-empleados-del-cabildo-de-la-otra-banda-en-higuey\/","title":{"rendered":"Apresan al acusado de matar a dos empleados del cabildo de La Otra Banda, en Hig\u00fcey."},"content":{"rendered":"<div>[ad id=\u00bb11330&#8243;]<\/div>\n<div id=\"ArticleAuthorDiv\" class=\"article-body-author\"><b>Florentino Duran<\/b><\/div>\n<div id=\"ArticleSourceDiv\" class=\"article-body-author\"><b>Hig\u00fcey<\/b><\/div>\n<div id=\"ArticleBody\">\n<p>El acusado de dar muerte a dos empleados y herir un regidor del Distrito Municipal <a href=\"https:\/\/higuey.info\/news\/category\/la-republica\/la-altagracia\/higuey\/mi-comunidad\/otra-banda-mi-campo\/\"><strong>La Otra Banda<\/strong><\/a>, <strong>Lu\u00eds Alberto Corniel Feliz<\/strong> alias <strong>David<\/strong>, fue capturado anoche por agentes policiales cuando se desplazaba por la carretera de Guayacanes, cerca de Boca Chica.<\/p>\n<p><strong>Raisa N\u00fa\u00f1ez,<\/strong> vocera del comando regional Este de la Polic\u00eda, dijo que Corniel Feliz se desplazaba en un carro.[ad id=\u00bb11330&#8243;]<\/p>\n<figure id=\"attachment_14586\" aria-describedby=\"caption-attachment-14586\" style=\"width: 291px\" class=\"wp-caption alignleft\"><img loading=\"lazy\" decoding=\"async\" class=\" wp-image-14586\" src=\"https:\/\/higuey.info\/news\/wp-content\/uploads\/2020\/06\/Luis-Corniel-Feliz-Pineda-150x150.jpeg\" alt=\"\" width=\"291\" height=\"291\" \/><figcaption id=\"caption-attachment-14586\" class=\"wp-caption-text\">Luis Corniel Feliz Pineda<\/figcaption><\/figure>\n<p>La Polic\u00eda dijo que el sujeto ser\u00e1 puesto a disposici\u00f3n de la justicia y este viernes se ofrecer\u00e1n m\u00e1s detalles sobre el caso.\u00a0<strong>No se detall\u00f3 si fue recuperado el dinero del \u00b4tumbe\u00b4<\/strong>\u00a0destinado originalmente a la compra de un cami\u00f3n recolector de basura para el cabildo de La Otra Banda.<\/p>\n<p>De acuerdo a la versi\u00f3n de un sobreviviente, el hecho se trat\u00f3 de un \u00b4tumbe\u00b4, donde\u00a0<strong>el acusado habr\u00eda sustra\u00eddo m\u00e1s de 400 mil pesos<\/strong>\u00a0que cargaban en efectivo para la compra del veh\u00edculo, del cual, supuestamente, ya se hab\u00edan adelantado la suma de 150 mil pesos.<\/p>\n<p><strong>Los fallecidos fueron identificados como Marino Mart\u00ednez, de 62 a\u00f1os, y Marino De Jes\u00fas Taveras Altagracia, de 52,<\/strong>\u00a0mientras que el herido responde al nombre de <strong>Ruddy Mart\u00ednez Mart\u00ednez<\/strong>, de 52 a\u00f1os de edad, quien fue operado y se encuentra en un centro de salud de La Romana.<\/p>\n<p>El doble crimen y las heridas al regidor fueron realizadas cuando se dirig\u00edan hacia Santo Domingo a realizar un negocio de veh\u00edculo.<\/p>\n<p>El suceso ocurri\u00f3, luego que David pidiera detener la yipeta Hiunday\u00a0 Tucson, en la que se trasladaban, a unos 500 metros del aeropuerto de La Romana, cuando se acercaron a un carro, alegando que sus ocupantes eran sus amigos, momento que aprovech\u00f3 para desenfundar\u00a0 y disparar contra los tres y emprender la huida en el referido veh\u00edculo.<\/p>\n<p>Las autoridades al hacer el levantamiento de los fallecidos encontr\u00f3 en el bolsillo de Marino Rodr\u00edguez la suma de RD$832 pesos y un celular y en el de Marino Taveras RD$3 mil pesos y un celular, mientras que otros 200 pesos y un proyectil fue el hallazgo en el piso del veh\u00edculo.<\/p>\n<\/div>\n","protected":false},"excerpt":{"rendered":"<p>Los fallecidos fueron identificados como Marino Mart\u00ednez, de 62 a\u00f1os, y Marino De Jes\u00fas Taveras Altagracia, de 52,\u00a0mientras que el herido responde al nombre de Ruddy Mart\u00ednez Mart\u00ednez, de 52 a\u00f1os de edad, quien fue operado y se encuentra en un centro de salud de La Romana.<\/p>\n","protected":false},"author":1,"featured_media":7723,"comment_status":"open","ping_status":"open","sticky":false,"template":"","format":"standard","meta":{"footnotes":""},"categories":[6694,4,6995],"tags":[832,9191,9192,9181,8431,9183],"class_list":["post-14591","post","type-post","status-publish","format-standard","has-post-thumbnail","hentry","category-destacado","category-higuey","category-la-altagracia","tag-david","tag-luis-alberto-corniel-feliz","tag-marino-de-jesus-taveras-altagracia","tag-marino-martinez","tag-raisa-nunez","tag-ruddy-martinez"],"yoast_head":"<!-- This site is optimized with the Yoast SEO plugin v27.5 - https:\/\/yoast.com\/product\/yoast-seo-wordpress\/ -->\n<title>Apresan al acusado de matar a dos empleados del cabildo de La Otra Banda, en Hig\u00fcey. - Higuey.Info<\/title>\n<meta name=\"description\" content=\"Los fallecidos fueron identificados como Marino Mart\u00ednez, de 62 a\u00f1os, y Marino De Jes\u00fas Taveras Altagracia, de 52,\u00a0mientras que el herido responde al nombre de Ruddy Mart\u00ednez Mart\u00ednez, de 52 a\u00f1os de edad, quien fue operado y se encuentra en un centro de salud de La Romana.\" \/>\n<meta name=\"robots\" content=\"index, follow, max-snippet:-1, max-image-preview:large, max-video-preview:-1\" \/>\n<link rel=\"canonical\" href=\"https:\/\/higuey.info\/news\/apresan-al-acusado-de-matar-a-dos-empleados-del-cabildo-de-la-otra-banda-en-higuey\/\" \/>\n<meta property=\"og:locale\" content=\"es_ES\" \/>\n<meta property=\"og:type\" content=\"article\" \/>\n<meta property=\"og:title\" content=\"Apresan al acusado de matar a dos empleados del cabildo de La Otra Banda, en Hig\u00fcey. - Higuey.Info\" \/>\n<meta property=\"og:description\" content=\"Los fallecidos fueron identificados como Marino Mart\u00ednez, de 62 a\u00f1os, y Marino De Jes\u00fas Taveras Altagracia, de 52,\u00a0mientras que el herido responde al nombre de Ruddy Mart\u00ednez Mart\u00ednez, de 52 a\u00f1os de edad, quien fue operado y se encuentra en un centro de salud de La Romana.\" \/>\n<meta property=\"og:url\" content=\"https:\/\/higuey.info\/news\/apresan-al-acusado-de-matar-a-dos-empleados-del-cabildo-de-la-otra-banda-en-higuey\/\" \/>\n<meta property=\"og:site_name\" content=\"Hig\u00fcey.Info\" \/>\n<meta property=\"article:published_time\" content=\"2020-06-12T20:32:11+00:00\" \/>\n<meta property=\"article:modified_time\" content=\"2020-11-21T04:20:27+00:00\" \/>\n<meta property=\"og:image\" content=\"https:\/\/higuey.info\/news\/wp-content\/uploads\/2016\/07\/REJAS.jpg\" \/>\n\t<meta property=\"og:image:width\" content=\"1200\" \/>\n\t<meta property=\"og:image:height\" content=\"556\" \/>\n\t<meta property=\"og:image:type\" content=\"image\/jpeg\" \/>\n<meta name=\"author\" content=\"higuey.info\" \/>\n<meta name=\"twitter:card\" content=\"summary_large_image\" \/>\n<meta name=\"twitter:label1\" content=\"Escrito por\" \/>\n\t<meta name=\"twitter:data1\" content=\"higuey.info\" \/>\n\t<meta name=\"twitter:label2\" content=\"Tiempo de lectura\" \/>\n\t<meta name=\"twitter:data2\" content=\"2 minutos\" \/>\n<script type=\"application\/ld+json\" class=\"yoast-schema-graph\">{\"@context\":\"https:\\\/\\\/schema.org\",\"@graph\":[{\"@type\":\"Article\",\"@id\":\"https:\\\/\\\/higuey.info\\\/news\\\/apresan-al-acusado-de-matar-a-dos-empleados-del-cabildo-de-la-otra-banda-en-higuey\\\/#article\",\"isPartOf\":{\"@id\":\"https:\\\/\\\/higuey.info\\\/news\\\/apresan-al-acusado-de-matar-a-dos-empleados-del-cabildo-de-la-otra-banda-en-higuey\\\/\"},\"author\":{\"name\":\"higuey.info\",\"@id\":\"https:\\\/\\\/higuey.info\\\/news\\\/#\\\/schema\\\/person\\\/274b1e73c44a5e7d852529cd974f389f\"},\"headline\":\"Apresan al acusado de matar a dos empleados del cabildo de La Otra Banda, en Hig\u00fcey.\",\"datePublished\":\"2020-06-12T20:32:11+00:00\",\"dateModified\":\"2020-11-21T04:20:27+00:00\",\"mainEntityOfPage\":{\"@id\":\"https:\\\/\\\/higuey.info\\\/news\\\/apresan-al-acusado-de-matar-a-dos-empleados-del-cabildo-de-la-otra-banda-en-higuey\\\/\"},\"wordCount\":392,\"commentCount\":0,\"publisher\":{\"@id\":\"https:\\\/\\\/higuey.info\\\/news\\\/#organization\"},\"image\":{\"@id\":\"https:\\\/\\\/higuey.info\\\/news\\\/apresan-al-acusado-de-matar-a-dos-empleados-del-cabildo-de-la-otra-banda-en-higuey\\\/#primaryimage\"},\"thumbnailUrl\":\"https:\\\/\\\/higuey.info\\\/news\\\/wp-content\\\/uploads\\\/2016\\\/07\\\/REJAS.jpg\",\"keywords\":[\"David\",\"Lu\u00eds Alberto Corniel Feliz\",\"Marino De Jes\u00fas Taveras Altagracia\",\"Marino Mart\u00ednez\",\"Raisa N\u00fa\u00f1ez\",\"Ruddy Mart\u00ednez\"],\"articleSection\":[\"Destacado\",\"Higuey\",\"La Altagracia\"],\"inLanguage\":\"es\",\"potentialAction\":[{\"@type\":\"CommentAction\",\"name\":\"Comment\",\"target\":[\"https:\\\/\\\/higuey.info\\\/news\\\/apresan-al-acusado-de-matar-a-dos-empleados-del-cabildo-de-la-otra-banda-en-higuey\\\/#respond\"]}]},{\"@type\":\"WebPage\",\"@id\":\"https:\\\/\\\/higuey.info\\\/news\\\/apresan-al-acusado-de-matar-a-dos-empleados-del-cabildo-de-la-otra-banda-en-higuey\\\/\",\"url\":\"https:\\\/\\\/higuey.info\\\/news\\\/apresan-al-acusado-de-matar-a-dos-empleados-del-cabildo-de-la-otra-banda-en-higuey\\\/\",\"name\":\"Apresan al acusado de matar a dos empleados del cabildo de La Otra Banda, en Hig\u00fcey. - Higuey.Info\",\"isPartOf\":{\"@id\":\"https:\\\/\\\/higuey.info\\\/news\\\/#website\"},\"primaryImageOfPage\":{\"@id\":\"https:\\\/\\\/higuey.info\\\/news\\\/apresan-al-acusado-de-matar-a-dos-empleados-del-cabildo-de-la-otra-banda-en-higuey\\\/#primaryimage\"},\"image\":{\"@id\":\"https:\\\/\\\/higuey.info\\\/news\\\/apresan-al-acusado-de-matar-a-dos-empleados-del-cabildo-de-la-otra-banda-en-higuey\\\/#primaryimage\"},\"thumbnailUrl\":\"https:\\\/\\\/higuey.info\\\/news\\\/wp-content\\\/uploads\\\/2016\\\/07\\\/REJAS.jpg\",\"datePublished\":\"2020-06-12T20:32:11+00:00\",\"dateModified\":\"2020-11-21T04:20:27+00:00\",\"description\":\"Los fallecidos fueron identificados como Marino Mart\u00ednez, de 62 a\u00f1os, y Marino De Jes\u00fas Taveras Altagracia, de 52,\u00a0mientras que el herido responde al nombre de Ruddy Mart\u00ednez Mart\u00ednez, de 52 a\u00f1os de edad, quien fue operado y se encuentra en un centro de salud de La Romana.\",\"breadcrumb\":{\"@id\":\"https:\\\/\\\/higuey.info\\\/news\\\/apresan-al-acusado-de-matar-a-dos-empleados-del-cabildo-de-la-otra-banda-en-higuey\\\/#breadcrumb\"},\"inLanguage\":\"es\",\"potentialAction\":[{\"@type\":\"ReadAction\",\"target\":[\"https:\\\/\\\/higuey.info\\\/news\\\/apresan-al-acusado-de-matar-a-dos-empleados-del-cabildo-de-la-otra-banda-en-higuey\\\/\"]}]},{\"@type\":\"ImageObject\",\"inLanguage\":\"es\",\"@id\":\"https:\\\/\\\/higuey.info\\\/news\\\/apresan-al-acusado-de-matar-a-dos-empleados-del-cabildo-de-la-otra-banda-en-higuey\\\/#primaryimage\",\"url\":\"https:\\\/\\\/higuey.info\\\/news\\\/wp-content\\\/uploads\\\/2016\\\/07\\\/REJAS.jpg\",\"contentUrl\":\"https:\\\/\\\/higuey.info\\\/news\\\/wp-content\\\/uploads\\\/2016\\\/07\\\/REJAS.jpg\",\"width\":1200,\"height\":556},{\"@type\":\"BreadcrumbList\",\"@id\":\"https:\\\/\\\/higuey.info\\\/news\\\/apresan-al-acusado-de-matar-a-dos-empleados-del-cabildo-de-la-otra-banda-en-higuey\\\/#breadcrumb\",\"itemListElement\":[{\"@type\":\"ListItem\",\"position\":1,\"name\":\"Portada\",\"item\":\"https:\\\/\\\/higuey.info\\\/news\\\/\"},{\"@type\":\"ListItem\",\"position\":2,\"name\":\"Apresan al acusado de matar a dos empleados del cabildo de La Otra Banda, en Hig\u00fcey.\"}]},{\"@type\":\"WebSite\",\"@id\":\"https:\\\/\\\/higuey.info\\\/news\\\/#website\",\"url\":\"https:\\\/\\\/higuey.info\\\/news\\\/\",\"name\":\"Hig\u00fcey.Info\",\"description\":\"Noticias de Hig\u00fcey La Altagracia Rep\u00fablica Dominicana.\",\"publisher\":{\"@id\":\"https:\\\/\\\/higuey.info\\\/news\\\/#organization\"},\"potentialAction\":[{\"@type\":\"SearchAction\",\"target\":{\"@type\":\"EntryPoint\",\"urlTemplate\":\"https:\\\/\\\/higuey.info\\\/news\\\/?s={search_term_string}\"},\"query-input\":{\"@type\":\"PropertyValueSpecification\",\"valueRequired\":true,\"valueName\":\"search_term_string\"}}],\"inLanguage\":\"es\"},{\"@type\":\"Organization\",\"@id\":\"https:\\\/\\\/higuey.info\\\/news\\\/#organization\",\"name\":\"Hig\u00fcey.Info\",\"url\":\"https:\\\/\\\/higuey.info\\\/news\\\/\",\"logo\":{\"@type\":\"ImageObject\",\"inLanguage\":\"es\",\"@id\":\"https:\\\/\\\/higuey.info\\\/news\\\/#\\\/schema\\\/logo\\\/image\\\/\",\"url\":\"https:\\\/\\\/higuey.info\\\/news\\\/wp-content\\\/uploads\\\/2015\\\/11\\\/logof.jpg\",\"contentUrl\":\"https:\\\/\\\/higuey.info\\\/news\\\/wp-content\\\/uploads\\\/2015\\\/11\\\/logof.jpg\",\"width\":248,\"height\":90,\"caption\":\"Hig\u00fcey.Info\"},\"image\":{\"@id\":\"https:\\\/\\\/higuey.info\\\/news\\\/#\\\/schema\\\/logo\\\/image\\\/\"}},{\"@type\":\"Person\",\"@id\":\"https:\\\/\\\/higuey.info\\\/news\\\/#\\\/schema\\\/person\\\/274b1e73c44a5e7d852529cd974f389f\",\"name\":\"higuey.info\",\"image\":{\"@type\":\"ImageObject\",\"inLanguage\":\"es\",\"@id\":\"https:\\\/\\\/secure.gravatar.com\\\/avatar\\\/baaa13fb48787405f1f95c6405f1f193ab4cefad2554d219db78e9a57688ba88?s=96&d=wavatar&r=g\",\"url\":\"https:\\\/\\\/secure.gravatar.com\\\/avatar\\\/baaa13fb48787405f1f95c6405f1f193ab4cefad2554d219db78e9a57688ba88?s=96&d=wavatar&r=g\",\"contentUrl\":\"https:\\\/\\\/secure.gravatar.com\\\/avatar\\\/baaa13fb48787405f1f95c6405f1f193ab4cefad2554d219db78e9a57688ba88?s=96&d=wavatar&r=g\",\"caption\":\"higuey.info\"},\"description\":\"Higuey Info | Portal informativo numero uno de la ciudad de Higuey, Todas las Noticias de Higuey La Altagracia Republica Dominicana.\",\"sameAs\":[\"https:\\\/\\\/higuey.info\\\/news\"]}]}<\/script>\n<!-- \/ Yoast SEO plugin. -->","yoast_head_json":{"title":"Apresan al acusado de matar a dos empleados del cabildo de La Otra Banda, en Hig\u00fcey. - Higuey.Info","description":"Los fallecidos fueron identificados como Marino Mart\u00ednez, de 62 a\u00f1os, y Marino De Jes\u00fas Taveras Altagracia, de 52,\u00a0mientras que el herido responde al nombre de Ruddy Mart\u00ednez Mart\u00ednez, de 52 a\u00f1os de edad, quien fue operado y se encuentra en un centro de salud de La Romana.","robots":{"index":"index","follow":"follow","max-snippet":"max-snippet:-1","max-image-preview":"max-image-preview:large","max-video-preview":"max-video-preview:-1"},"canonical":"https:\/\/higuey.info\/news\/apresan-al-acusado-de-matar-a-dos-empleados-del-cabildo-de-la-otra-banda-en-higuey\/","og_locale":"es_ES","og_type":"article","og_title":"Apresan al acusado de matar a dos empleados del cabildo de La Otra Banda, en Hig\u00fcey. - Higuey.Info","og_description":"Los fallecidos fueron identificados como Marino Mart\u00ednez, de 62 a\u00f1os, y Marino De Jes\u00fas Taveras Altagracia, de 52,\u00a0mientras que el herido responde al nombre de Ruddy Mart\u00ednez Mart\u00ednez, de 52 a\u00f1os de edad, quien fue operado y se encuentra en un centro de salud de La Romana.","og_url":"https:\/\/higuey.info\/news\/apresan-al-acusado-de-matar-a-dos-empleados-del-cabildo-de-la-otra-banda-en-higuey\/","og_site_name":"Hig\u00fcey.Info","article_published_time":"2020-06-12T20:32:11+00:00","article_modified_time":"2020-11-21T04:20:27+00:00","og_image":[{"width":1200,"height":556,"url":"https:\/\/higuey.info\/news\/wp-content\/uploads\/2016\/07\/REJAS.jpg","type":"image\/jpeg"}],"author":"higuey.info","twitter_card":"summary_large_image","twitter_misc":{"Escrito por":"higuey.info","Tiempo de lectura":"2 minutos"},"schema":{"@context":"https:\/\/schema.org","@graph":[{"@type":"Article","@id":"https:\/\/higuey.info\/news\/apresan-al-acusado-de-matar-a-dos-empleados-del-cabildo-de-la-otra-banda-en-higuey\/#article","isPartOf":{"@id":"https:\/\/higuey.info\/news\/apresan-al-acusado-de-matar-a-dos-empleados-del-cabildo-de-la-otra-banda-en-higuey\/"},"author":{"name":"higuey.info","@id":"https:\/\/higuey.info\/news\/#\/schema\/person\/274b1e73c44a5e7d852529cd974f389f"},"headline":"Apresan al acusado de matar a dos empleados del cabildo de La Otra Banda, en Hig\u00fcey.","datePublished":"2020-06-12T20:32:11+00:00","dateModified":"2020-11-21T04:20:27+00:00","mainEntityOfPage":{"@id":"https:\/\/higuey.info\/news\/apresan-al-acusado-de-matar-a-dos-empleados-del-cabildo-de-la-otra-banda-en-higuey\/"},"wordCount":392,"commentCount":0,"publisher":{"@id":"https:\/\/higuey.info\/news\/#organization"},"image":{"@id":"https:\/\/higuey.info\/news\/apresan-al-acusado-de-matar-a-dos-empleados-del-cabildo-de-la-otra-banda-en-higuey\/#primaryimage"},"thumbnailUrl":"https:\/\/higuey.info\/news\/wp-content\/uploads\/2016\/07\/REJAS.jpg","keywords":["David","Lu\u00eds Alberto Corniel Feliz","Marino De Jes\u00fas Taveras Altagracia","Marino Mart\u00ednez","Raisa N\u00fa\u00f1ez","Ruddy Mart\u00ednez"],"articleSection":["Destacado","Higuey","La Altagracia"],"inLanguage":"es","potentialAction":[{"@type":"CommentAction","name":"Comment","target":["https:\/\/higuey.info\/news\/apresan-al-acusado-de-matar-a-dos-empleados-del-cabildo-de-la-otra-banda-en-higuey\/#respond"]}]},{"@type":"WebPage","@id":"https:\/\/higuey.info\/news\/apresan-al-acusado-de-matar-a-dos-empleados-del-cabildo-de-la-otra-banda-en-higuey\/","url":"https:\/\/higuey.info\/news\/apresan-al-acusado-de-matar-a-dos-empleados-del-cabildo-de-la-otra-banda-en-higuey\/","name":"Apresan al acusado de matar a dos empleados del cabildo de La Otra Banda, en Hig\u00fcey. - Higuey.Info","isPartOf":{"@id":"https:\/\/higuey.info\/news\/#website"},"primaryImageOfPage":{"@id":"https:\/\/higuey.info\/news\/apresan-al-acusado-de-matar-a-dos-empleados-del-cabildo-de-la-otra-banda-en-higuey\/#primaryimage"},"image":{"@id":"https:\/\/higuey.info\/news\/apresan-al-acusado-de-matar-a-dos-empleados-del-cabildo-de-la-otra-banda-en-higuey\/#primaryimage"},"thumbnailUrl":"https:\/\/higuey.info\/news\/wp-content\/uploads\/2016\/07\/REJAS.jpg","datePublished":"2020-06-12T20:32:11+00:00","dateModified":"2020-11-21T04:20:27+00:00","description":"Los fallecidos fueron identificados como Marino Mart\u00ednez, de 62 a\u00f1os, y Marino De Jes\u00fas Taveras Altagracia, de 52,\u00a0mientras que el herido responde al nombre de Ruddy Mart\u00ednez Mart\u00ednez, de 52 a\u00f1os de edad, quien fue operado y se encuentra en un centro de salud de La Romana.","breadcrumb":{"@id":"https:\/\/higuey.info\/news\/apresan-al-acusado-de-matar-a-dos-empleados-del-cabildo-de-la-otra-banda-en-higuey\/#breadcrumb"},"inLanguage":"es","potentialAction":[{"@type":"ReadAction","target":["https:\/\/higuey.info\/news\/apresan-al-acusado-de-matar-a-dos-empleados-del-cabildo-de-la-otra-banda-en-higuey\/"]}]},{"@type":"ImageObject","inLanguage":"es","@id":"https:\/\/higuey.info\/news\/apresan-al-acusado-de-matar-a-dos-empleados-del-cabildo-de-la-otra-banda-en-higuey\/#primaryimage","url":"https:\/\/higuey.info\/news\/wp-content\/uploads\/2016\/07\/REJAS.jpg","contentUrl":"https:\/\/higuey.info\/news\/wp-content\/uploads\/2016\/07\/REJAS.jpg","width":1200,"height":556},{"@type":"BreadcrumbList","@id":"https:\/\/higuey.info\/news\/apresan-al-acusado-de-matar-a-dos-empleados-del-cabildo-de-la-otra-banda-en-higuey\/#breadcrumb","itemListElement":[{"@type":"ListItem","position":1,"name":"Portada","item":"https:\/\/higuey.info\/news\/"},{"@type":"ListItem","position":2,"name":"Apresan al acusado de matar a dos empleados del cabildo de La Otra Banda, en Hig\u00fcey."}]},{"@type":"WebSite","@id":"https:\/\/higuey.info\/news\/#website","url":"https:\/\/higuey.info\/news\/","name":"Hig\u00fcey.Info","description":"Noticias de Hig\u00fcey La Altagracia Rep\u00fablica Dominicana.","publisher":{"@id":"https:\/\/higuey.info\/news\/#organization"},"potentialAction":[{"@type":"SearchAction","target":{"@type":"EntryPoint","urlTemplate":"https:\/\/higuey.info\/news\/?s={search_term_string}"},"query-input":{"@type":"PropertyValueSpecification","valueRequired":true,"valueName":"search_term_string"}}],"inLanguage":"es"},{"@type":"Organization","@id":"https:\/\/higuey.info\/news\/#organization","name":"Hig\u00fcey.Info","url":"https:\/\/higuey.info\/news\/","logo":{"@type":"ImageObject","inLanguage":"es","@id":"https:\/\/higuey.info\/news\/#\/schema\/logo\/image\/","url":"https:\/\/higuey.info\/news\/wp-content\/uploads\/2015\/11\/logof.jpg","contentUrl":"https:\/\/higuey.info\/news\/wp-content\/uploads\/2015\/11\/logof.jpg","width":248,"height":90,"caption":"Hig\u00fcey.Info"},"image":{"@id":"https:\/\/higuey.info\/news\/#\/schema\/logo\/image\/"}},{"@type":"Person","@id":"https:\/\/higuey.info\/news\/#\/schema\/person\/274b1e73c44a5e7d852529cd974f389f","name":"higuey.info","image":{"@type":"ImageObject","inLanguage":"es","@id":"https:\/\/secure.gravatar.com\/avatar\/baaa13fb48787405f1f95c6405f1f193ab4cefad2554d219db78e9a57688ba88?s=96&d=wavatar&r=g","url":"https:\/\/secure.gravatar.com\/avatar\/baaa13fb48787405f1f95c6405f1f193ab4cefad2554d219db78e9a57688ba88?s=96&d=wavatar&r=g","contentUrl":"https:\/\/secure.gravatar.com\/avatar\/baaa13fb48787405f1f95c6405f1f193ab4cefad2554d219db78e9a57688ba88?s=96&d=wavatar&r=g","caption":"higuey.info"},"description":"Higuey Info | Portal informativo numero uno de la ciudad de Higuey, Todas las Noticias de Higuey La Altagracia Republica Dominicana.","sameAs":["https:\/\/higuey.info\/news"]}]}},"_links":{"self":[{"href":"https:\/\/higuey.info\/news\/wp-json\/wp\/v2\/posts\/14591","targetHints":{"allow":["GET"]}}],"collection":[{"href":"https:\/\/higuey.info\/news\/wp-json\/wp\/v2\/posts"}],"about":[{"href":"https:\/\/higuey.info\/news\/wp-json\/wp\/v2\/types\/post"}],"author":[{"embeddable":true,"href":"https:\/\/higuey.info\/news\/wp-json\/wp\/v2\/users\/1"}],"replies":[{"embeddable":true,"href":"https:\/\/higuey.info\/news\/wp-json\/wp\/v2\/comments?post=14591"}],"version-history":[{"count":3,"href":"https:\/\/higuey.info\/news\/wp-json\/wp\/v2\/posts\/14591\/revisions"}],"predecessor-version":[{"id":15308,"href":"https:\/\/higuey.info\/news\/wp-json\/wp\/v2\/posts\/14591\/revisions\/15308"}],"wp:featuredmedia":[{"embeddable":true,"href":"https:\/\/higuey.info\/news\/wp-json\/wp\/v2\/media\/7723"}],"wp:attachment":[{"href":"https:\/\/higuey.info\/news\/wp-json\/wp\/v2\/media?parent=14591"}],"wp:term":[{"taxonomy":"category","embeddable":true,"href":"https:\/\/higuey.info\/news\/wp-json\/wp\/v2\/categories?post=14591"},{"taxonomy":"post_tag","embeddable":true,"href":"https:\/\/higuey.info\/news\/wp-json\/wp\/v2\/tags?post=14591"}],"curies":[{"name":"wp","href":"https:\/\/api.w.org\/{rel}","templated":true}]}}