{"id":14593,"date":"2020-06-13T19:54:06","date_gmt":"2020-06-13T19:54:06","guid":{"rendered":"https:\/\/higuey.info\/news\/news\/?p=14593"},"modified":"2020-11-21T04:20:28","modified_gmt":"2020-11-21T04:20:28","slug":"acusado-de-matar-empleados-del-cabildo-de-la-otra-banda-era-lider-de-una-banda-criminal","status":"publish","type":"post","link":"https:\/\/higuey.info\/news\/acusado-de-matar-empleados-del-cabildo-de-la-otra-banda-era-lider-de-una-banda-criminal\/","title":{"rendered":"Acusado de matar empleados del cabildo de La Otra Banda era l\u00edder de una banda criminal."},"content":{"rendered":"<p>[ad id=\u00bb11330&#8243;]<strong>Luis Alberto Corniel<\/strong>, alias \u201c<strong>David<\/strong>\u201d, se\u00f1alado por las autoridades como el autor intelectual y material del asesinato el pasado jueves de dos empleados de la Junta Distrital de <a href=\"https:\/\/higuey.info\/news\/category\/la-republica\/la-altagracia\/higuey\/mi-comunidad\/otra-banda-mi-campo\/\"><strong>La Otra Banda<\/strong><\/a>, provincia La Altagracia, lleg\u00f3 a repartir y esconder m\u00e1s de RD$300.000 entre miembros de la supuesta banda que dirig\u00eda luego de haber ejecutado a las v\u00edctimas y herir a un tercero en el interior de una yipeta en la autopista El Coral, pr\u00f3ximo al aeropuerto de La Romana.<\/p>\n<p>Las autoridades lo vinculan a otros hechos, como asaltos y cr\u00edmenes por sicariato, de los cuales\u00a0 no dieron mayores detalles.<\/p>\n<p>Al sujeto, apresado la noche del jueves en la Autov\u00eda del Este, pr\u00f3ximo a Guayacanes, en San Pedro de Macor\u00eds, cuando se desplazaba en un carro con destino a Santo Domingo, solo se les ocup\u00f3 RD$22,000 y tres celulares. Fue detenido por agentes adscritos al Departamento de Investigaciones (Dicrim) y del Ministerio P\u00fablico.[ad id=\u00bb11330&#8243;]<\/p>\n<figure id=\"attachment_14586\" aria-describedby=\"caption-attachment-14586\" style=\"width: 222px\" class=\"wp-caption alignleft\"><img loading=\"lazy\" decoding=\"async\" class=\"size-medium wp-image-14586\" src=\"https:\/\/higuey.info\/news\/wp-content\/uploads\/2020\/06\/Luis-Corniel-Feliz-Pineda-222x300.jpeg\" alt=\"\" width=\"222\" height=\"300\" srcset=\"https:\/\/higuey.info\/news\/wp-content\/uploads\/2020\/06\/Luis-Corniel-Feliz-Pineda-222x300.jpeg 222w, https:\/\/higuey.info\/news\/wp-content\/uploads\/2020\/06\/Luis-Corniel-Feliz-Pineda.jpeg 340w\" sizes=\"auto, (max-width: 222px) 100vw, 222px\" \/><figcaption id=\"caption-attachment-14586\" class=\"wp-caption-text\">Luis Corniel Feliz Pineda<\/figcaption><\/figure>\n<p>Un parte policial dado a conocer por el Comando Este de la Polic\u00eda Nacional da cuenta de que <strong>F\u00e9lix Pineda<\/strong> admiti\u00f3 haber cometido el hecho, donde fallecieron <strong>Marino Mart\u00ednez<\/strong> y <strong>Marino de Jes\u00fas Taveras Altagracia<\/strong>, y result\u00f3 herido<strong> Ruddy Mart\u00ednez Mart\u00ednez<\/strong>, concejal del distrito municipal La Otra Banda.<\/p>\n<p>Seg\u00fan la versi\u00f3n de las autoridades, los cuatro hombres se dirig\u00edan a Santo Domingo con fines de comprar un veh\u00edculo para la Junta Distrital de La Otra Banda, para cuya diligencia hab\u00edan adelantado a Corniel RD$150,000.<\/p>\n<p>El informe del caso explica que luego de cometer el hecho, F\u00e9lix Pineda tom\u00f3 la funda de dinero y la pistola del herido, y huy\u00f3 a bordo del carro Hyundai, modelo LF, gris, placa A854154 en compa\u00f1\u00eda de <strong>Euri Ram\u00edrez Feliz<\/strong> (a) <strong>El Flaco,<\/strong> quien tambi\u00e9n fue detenido por las autoridades.<\/p>\n<p>En la pesquisa fueron detenidos <strong>Ram\u00f3n Antonio Cabrera Valdez<\/strong> (a) <strong>Jack Veneno<\/strong>; <strong>Kelvin Candelario Contreras<\/strong> y <strong>Francisco Antonio Ram\u00edrez Matos<\/strong> (a) <strong>Barba<\/strong>, supuestos c\u00f3mplices del homicidio.<\/p>\n<p>Se retuvieron dos veh\u00edculos m\u00e1s, uno de ellos propiedad de <strong>Euri Francisco F\u00e9lix<\/strong> (a) el Flaco, quien se encuentra pr\u00f3fugo.<\/p>\n<p>La vocera del Comando Este de la Polic\u00eda Nacional, <strong>Raisa N\u00fa\u00f1ez<\/strong>, revel\u00f3 que la persona fue apresada en momentos en que viajaba en un carro, seguido por los agentes, despu\u00e9s de una labor de log\u00edstica e inteligencia.<\/p>\n<p>No se detall\u00f3 si fue recuperado el dinero del \u00b4tumbe\u00b4, destinado originalmente a la compra de un cami\u00f3n de basura para el cabildo de La Otra Banda. La Polic\u00eda inform\u00f3 el jueves, que Corniel huy\u00f3 con la suma de RD$400,000.<\/p>\n<blockquote>\n<p style=\"text-align: center;\">Fuente: <strong>Puro Higueyano<\/strong><\/p>\n<\/blockquote>\n","protected":false},"excerpt":{"rendered":"<p>El informe del caso explica que luego de cometer el hecho, F\u00e9lix Pineda tom\u00f3 la funda de dinero y la pistola del herido, y huy\u00f3 a bordo del carro Hyundai, modelo LF, gris, placa A854154 en compa\u00f1\u00eda de Euri Ram\u00edrez Feliz (a) El Flaco, quien tambi\u00e9n fue detenido por las autoridades.<\/p>\n","protected":false},"author":1,"featured_media":13494,"comment_status":"open","ping_status":"open","sticky":false,"template":"","format":"standard","meta":{"footnotes":""},"categories":[6694,4,6995],"tags":[9201,832,2188,9202,9196,9194,9200,9198,9199,9193,9192,9181,8431,9197,9195],"class_list":["post-14593","post","type-post","status-publish","format-standard","has-post-thumbnail","hentry","category-destacado","category-higuey","category-la-altagracia","tag-barba","tag-david","tag-el-flaco","tag-euri-francisco-felix","tag-euri-ramirez-feliz","tag-felix-pineda","tag-francisco-antonio-ramirez-matos","tag-jack-veneno","tag-kelvin-candelario-contreras","tag-luis-alberto-corniel","tag-marino-de-jesus-taveras-altagracia","tag-marino-martinez","tag-raisa-nunez","tag-ramon-antonio-cabrera-valdez","tag-ruddy-martinez-martinez"],"yoast_head":"<!-- This site is optimized with the Yoast SEO plugin v27.5 - https:\/\/yoast.com\/product\/yoast-seo-wordpress\/ -->\n<title>Acusado de matar empleados del cabildo de La Otra Banda era l\u00edder de una banda criminal. - Higuey.Info<\/title>\n<meta name=\"description\" content=\"El informe del caso explica que luego de cometer el hecho, F\u00e9lix Pineda tom\u00f3 la funda de dinero y la pistola del herido, y huy\u00f3 a bordo del carro Hyundai, modelo LF, gris, placa A854154 en compa\u00f1\u00eda de Euri Ram\u00edrez Feliz (a) El Flaco, quien tambi\u00e9n fue detenido por las autoridades.\" \/>\n<meta name=\"robots\" content=\"index, follow, max-snippet:-1, max-image-preview:large, max-video-preview:-1\" \/>\n<link rel=\"canonical\" href=\"https:\/\/higuey.info\/news\/acusado-de-matar-empleados-del-cabildo-de-la-otra-banda-era-lider-de-una-banda-criminal\/\" \/>\n<meta property=\"og:locale\" content=\"es_ES\" \/>\n<meta property=\"og:type\" content=\"article\" \/>\n<meta property=\"og:title\" content=\"Acusado de matar empleados del cabildo de La Otra Banda era l\u00edder de una banda criminal. - Higuey.Info\" \/>\n<meta property=\"og:description\" content=\"El informe del caso explica que luego de cometer el hecho, F\u00e9lix Pineda tom\u00f3 la funda de dinero y la pistola del herido, y huy\u00f3 a bordo del carro Hyundai, modelo LF, gris, placa A854154 en compa\u00f1\u00eda de Euri Ram\u00edrez Feliz (a) El Flaco, quien tambi\u00e9n fue detenido por las autoridades.\" \/>\n<meta property=\"og:url\" content=\"https:\/\/higuey.info\/news\/acusado-de-matar-empleados-del-cabildo-de-la-otra-banda-era-lider-de-una-banda-criminal\/\" \/>\n<meta property=\"og:site_name\" content=\"Hig\u00fcey.Info\" \/>\n<meta property=\"article:published_time\" content=\"2020-06-13T19:54:06+00:00\" \/>\n<meta property=\"article:modified_time\" content=\"2020-11-21T04:20:28+00:00\" \/>\n<meta property=\"og:image\" content=\"https:\/\/higuey.info\/news\/wp-content\/uploads\/2018\/10\/barrotess.jpg\" \/>\n\t<meta property=\"og:image:width\" content=\"1200\" \/>\n\t<meta property=\"og:image:height\" content=\"556\" \/>\n\t<meta property=\"og:image:type\" content=\"image\/jpeg\" \/>\n<meta name=\"author\" content=\"higuey.info\" \/>\n<meta name=\"twitter:card\" content=\"summary_large_image\" \/>\n<meta name=\"twitter:label1\" content=\"Escrito por\" \/>\n\t<meta name=\"twitter:data1\" content=\"higuey.info\" \/>\n\t<meta name=\"twitter:label2\" content=\"Tiempo de lectura\" \/>\n\t<meta name=\"twitter:data2\" content=\"2 minutos\" \/>\n<script type=\"application\/ld+json\" class=\"yoast-schema-graph\">{\"@context\":\"https:\\\/\\\/schema.org\",\"@graph\":[{\"@type\":\"Article\",\"@id\":\"https:\\\/\\\/higuey.info\\\/news\\\/acusado-de-matar-empleados-del-cabildo-de-la-otra-banda-era-lider-de-una-banda-criminal\\\/#article\",\"isPartOf\":{\"@id\":\"https:\\\/\\\/higuey.info\\\/news\\\/acusado-de-matar-empleados-del-cabildo-de-la-otra-banda-era-lider-de-una-banda-criminal\\\/\"},\"author\":{\"name\":\"higuey.info\",\"@id\":\"https:\\\/\\\/higuey.info\\\/news\\\/#\\\/schema\\\/person\\\/274b1e73c44a5e7d852529cd974f389f\"},\"headline\":\"Acusado de matar empleados del cabildo de La Otra Banda era l\u00edder de una banda criminal.\",\"datePublished\":\"2020-06-13T19:54:06+00:00\",\"dateModified\":\"2020-11-21T04:20:28+00:00\",\"mainEntityOfPage\":{\"@id\":\"https:\\\/\\\/higuey.info\\\/news\\\/acusado-de-matar-empleados-del-cabildo-de-la-otra-banda-era-lider-de-una-banda-criminal\\\/\"},\"wordCount\":483,\"commentCount\":0,\"publisher\":{\"@id\":\"https:\\\/\\\/higuey.info\\\/news\\\/#organization\"},\"image\":{\"@id\":\"https:\\\/\\\/higuey.info\\\/news\\\/acusado-de-matar-empleados-del-cabildo-de-la-otra-banda-era-lider-de-una-banda-criminal\\\/#primaryimage\"},\"thumbnailUrl\":\"https:\\\/\\\/higuey.info\\\/news\\\/wp-content\\\/uploads\\\/2018\\\/10\\\/barrotess.jpg\",\"keywords\":[\"Barba\",\"David\",\"El flaco\",\"Euri Francisco F\u00e9lix\",\"Euri Ram\u00edrez Feliz\",\"F\u00e9lix Pineda\",\"Francisco Antonio Ram\u00edrez Matos\",\"Jack Veneno\",\"Kelvin Candelario Contreras\",\"Luis Alberto Corniel\",\"Marino De Jes\u00fas Taveras Altagracia\",\"Marino Mart\u00ednez\",\"Raisa N\u00fa\u00f1ez\",\"Ram\u00f3n Antonio Cabrera Valdez\",\"Ruddy Mart\u00ednez Mart\u00ednez\"],\"articleSection\":[\"Destacado\",\"Higuey\",\"La Altagracia\"],\"inLanguage\":\"es\",\"potentialAction\":[{\"@type\":\"CommentAction\",\"name\":\"Comment\",\"target\":[\"https:\\\/\\\/higuey.info\\\/news\\\/acusado-de-matar-empleados-del-cabildo-de-la-otra-banda-era-lider-de-una-banda-criminal\\\/#respond\"]}]},{\"@type\":\"WebPage\",\"@id\":\"https:\\\/\\\/higuey.info\\\/news\\\/acusado-de-matar-empleados-del-cabildo-de-la-otra-banda-era-lider-de-una-banda-criminal\\\/\",\"url\":\"https:\\\/\\\/higuey.info\\\/news\\\/acusado-de-matar-empleados-del-cabildo-de-la-otra-banda-era-lider-de-una-banda-criminal\\\/\",\"name\":\"Acusado de matar empleados del cabildo de La Otra Banda era l\u00edder de una banda criminal. - Higuey.Info\",\"isPartOf\":{\"@id\":\"https:\\\/\\\/higuey.info\\\/news\\\/#website\"},\"primaryImageOfPage\":{\"@id\":\"https:\\\/\\\/higuey.info\\\/news\\\/acusado-de-matar-empleados-del-cabildo-de-la-otra-banda-era-lider-de-una-banda-criminal\\\/#primaryimage\"},\"image\":{\"@id\":\"https:\\\/\\\/higuey.info\\\/news\\\/acusado-de-matar-empleados-del-cabildo-de-la-otra-banda-era-lider-de-una-banda-criminal\\\/#primaryimage\"},\"thumbnailUrl\":\"https:\\\/\\\/higuey.info\\\/news\\\/wp-content\\\/uploads\\\/2018\\\/10\\\/barrotess.jpg\",\"datePublished\":\"2020-06-13T19:54:06+00:00\",\"dateModified\":\"2020-11-21T04:20:28+00:00\",\"description\":\"El informe del caso explica que luego de cometer el hecho, F\u00e9lix Pineda tom\u00f3 la funda de dinero y la pistola del herido, y huy\u00f3 a bordo del carro Hyundai, modelo LF, gris, placa A854154 en compa\u00f1\u00eda de Euri Ram\u00edrez Feliz (a) El Flaco, quien tambi\u00e9n fue detenido por las autoridades.\",\"breadcrumb\":{\"@id\":\"https:\\\/\\\/higuey.info\\\/news\\\/acusado-de-matar-empleados-del-cabildo-de-la-otra-banda-era-lider-de-una-banda-criminal\\\/#breadcrumb\"},\"inLanguage\":\"es\",\"potentialAction\":[{\"@type\":\"ReadAction\",\"target\":[\"https:\\\/\\\/higuey.info\\\/news\\\/acusado-de-matar-empleados-del-cabildo-de-la-otra-banda-era-lider-de-una-banda-criminal\\\/\"]}]},{\"@type\":\"ImageObject\",\"inLanguage\":\"es\",\"@id\":\"https:\\\/\\\/higuey.info\\\/news\\\/acusado-de-matar-empleados-del-cabildo-de-la-otra-banda-era-lider-de-una-banda-criminal\\\/#primaryimage\",\"url\":\"https:\\\/\\\/higuey.info\\\/news\\\/wp-content\\\/uploads\\\/2018\\\/10\\\/barrotess.jpg\",\"contentUrl\":\"https:\\\/\\\/higuey.info\\\/news\\\/wp-content\\\/uploads\\\/2018\\\/10\\\/barrotess.jpg\",\"width\":1200,\"height\":556},{\"@type\":\"BreadcrumbList\",\"@id\":\"https:\\\/\\\/higuey.info\\\/news\\\/acusado-de-matar-empleados-del-cabildo-de-la-otra-banda-era-lider-de-una-banda-criminal\\\/#breadcrumb\",\"itemListElement\":[{\"@type\":\"ListItem\",\"position\":1,\"name\":\"Portada\",\"item\":\"https:\\\/\\\/higuey.info\\\/news\\\/\"},{\"@type\":\"ListItem\",\"position\":2,\"name\":\"Acusado de matar empleados del cabildo de La Otra Banda era l\u00edder de una banda criminal.\"}]},{\"@type\":\"WebSite\",\"@id\":\"https:\\\/\\\/higuey.info\\\/news\\\/#website\",\"url\":\"https:\\\/\\\/higuey.info\\\/news\\\/\",\"name\":\"Hig\u00fcey.Info\",\"description\":\"Noticias de Hig\u00fcey La Altagracia Rep\u00fablica Dominicana.\",\"publisher\":{\"@id\":\"https:\\\/\\\/higuey.info\\\/news\\\/#organization\"},\"potentialAction\":[{\"@type\":\"SearchAction\",\"target\":{\"@type\":\"EntryPoint\",\"urlTemplate\":\"https:\\\/\\\/higuey.info\\\/news\\\/?s={search_term_string}\"},\"query-input\":{\"@type\":\"PropertyValueSpecification\",\"valueRequired\":true,\"valueName\":\"search_term_string\"}}],\"inLanguage\":\"es\"},{\"@type\":\"Organization\",\"@id\":\"https:\\\/\\\/higuey.info\\\/news\\\/#organization\",\"name\":\"Hig\u00fcey.Info\",\"url\":\"https:\\\/\\\/higuey.info\\\/news\\\/\",\"logo\":{\"@type\":\"ImageObject\",\"inLanguage\":\"es\",\"@id\":\"https:\\\/\\\/higuey.info\\\/news\\\/#\\\/schema\\\/logo\\\/image\\\/\",\"url\":\"https:\\\/\\\/higuey.info\\\/news\\\/wp-content\\\/uploads\\\/2015\\\/11\\\/logof.jpg\",\"contentUrl\":\"https:\\\/\\\/higuey.info\\\/news\\\/wp-content\\\/uploads\\\/2015\\\/11\\\/logof.jpg\",\"width\":248,\"height\":90,\"caption\":\"Hig\u00fcey.Info\"},\"image\":{\"@id\":\"https:\\\/\\\/higuey.info\\\/news\\\/#\\\/schema\\\/logo\\\/image\\\/\"}},{\"@type\":\"Person\",\"@id\":\"https:\\\/\\\/higuey.info\\\/news\\\/#\\\/schema\\\/person\\\/274b1e73c44a5e7d852529cd974f389f\",\"name\":\"higuey.info\",\"image\":{\"@type\":\"ImageObject\",\"inLanguage\":\"es\",\"@id\":\"https:\\\/\\\/secure.gravatar.com\\\/avatar\\\/baaa13fb48787405f1f95c6405f1f193ab4cefad2554d219db78e9a57688ba88?s=96&d=wavatar&r=g\",\"url\":\"https:\\\/\\\/secure.gravatar.com\\\/avatar\\\/baaa13fb48787405f1f95c6405f1f193ab4cefad2554d219db78e9a57688ba88?s=96&d=wavatar&r=g\",\"contentUrl\":\"https:\\\/\\\/secure.gravatar.com\\\/avatar\\\/baaa13fb48787405f1f95c6405f1f193ab4cefad2554d219db78e9a57688ba88?s=96&d=wavatar&r=g\",\"caption\":\"higuey.info\"},\"description\":\"Higuey Info | Portal informativo numero uno de la ciudad de Higuey, Todas las Noticias de Higuey La Altagracia Republica Dominicana.\",\"sameAs\":[\"https:\\\/\\\/higuey.info\\\/news\"]}]}<\/script>\n<!-- \/ Yoast SEO plugin. -->","yoast_head_json":{"title":"Acusado de matar empleados del cabildo de La Otra Banda era l\u00edder de una banda criminal. - Higuey.Info","description":"El informe del caso explica que luego de cometer el hecho, F\u00e9lix Pineda tom\u00f3 la funda de dinero y la pistola del herido, y huy\u00f3 a bordo del carro Hyundai, modelo LF, gris, placa A854154 en compa\u00f1\u00eda de Euri Ram\u00edrez Feliz (a) El Flaco, quien tambi\u00e9n fue detenido por las autoridades.","robots":{"index":"index","follow":"follow","max-snippet":"max-snippet:-1","max-image-preview":"max-image-preview:large","max-video-preview":"max-video-preview:-1"},"canonical":"https:\/\/higuey.info\/news\/acusado-de-matar-empleados-del-cabildo-de-la-otra-banda-era-lider-de-una-banda-criminal\/","og_locale":"es_ES","og_type":"article","og_title":"Acusado de matar empleados del cabildo de La Otra Banda era l\u00edder de una banda criminal. - Higuey.Info","og_description":"El informe del caso explica que luego de cometer el hecho, F\u00e9lix Pineda tom\u00f3 la funda de dinero y la pistola del herido, y huy\u00f3 a bordo del carro Hyundai, modelo LF, gris, placa A854154 en compa\u00f1\u00eda de Euri Ram\u00edrez Feliz (a) El Flaco, quien tambi\u00e9n fue detenido por las autoridades.","og_url":"https:\/\/higuey.info\/news\/acusado-de-matar-empleados-del-cabildo-de-la-otra-banda-era-lider-de-una-banda-criminal\/","og_site_name":"Hig\u00fcey.Info","article_published_time":"2020-06-13T19:54:06+00:00","article_modified_time":"2020-11-21T04:20:28+00:00","og_image":[{"width":1200,"height":556,"url":"https:\/\/higuey.info\/news\/wp-content\/uploads\/2018\/10\/barrotess.jpg","type":"image\/jpeg"}],"author":"higuey.info","twitter_card":"summary_large_image","twitter_misc":{"Escrito por":"higuey.info","Tiempo de lectura":"2 minutos"},"schema":{"@context":"https:\/\/schema.org","@graph":[{"@type":"Article","@id":"https:\/\/higuey.info\/news\/acusado-de-matar-empleados-del-cabildo-de-la-otra-banda-era-lider-de-una-banda-criminal\/#article","isPartOf":{"@id":"https:\/\/higuey.info\/news\/acusado-de-matar-empleados-del-cabildo-de-la-otra-banda-era-lider-de-una-banda-criminal\/"},"author":{"name":"higuey.info","@id":"https:\/\/higuey.info\/news\/#\/schema\/person\/274b1e73c44a5e7d852529cd974f389f"},"headline":"Acusado de matar empleados del cabildo de La Otra Banda era l\u00edder de una banda criminal.","datePublished":"2020-06-13T19:54:06+00:00","dateModified":"2020-11-21T04:20:28+00:00","mainEntityOfPage":{"@id":"https:\/\/higuey.info\/news\/acusado-de-matar-empleados-del-cabildo-de-la-otra-banda-era-lider-de-una-banda-criminal\/"},"wordCount":483,"commentCount":0,"publisher":{"@id":"https:\/\/higuey.info\/news\/#organization"},"image":{"@id":"https:\/\/higuey.info\/news\/acusado-de-matar-empleados-del-cabildo-de-la-otra-banda-era-lider-de-una-banda-criminal\/#primaryimage"},"thumbnailUrl":"https:\/\/higuey.info\/news\/wp-content\/uploads\/2018\/10\/barrotess.jpg","keywords":["Barba","David","El flaco","Euri Francisco F\u00e9lix","Euri Ram\u00edrez Feliz","F\u00e9lix Pineda","Francisco Antonio Ram\u00edrez Matos","Jack Veneno","Kelvin Candelario Contreras","Luis Alberto Corniel","Marino De Jes\u00fas Taveras Altagracia","Marino Mart\u00ednez","Raisa N\u00fa\u00f1ez","Ram\u00f3n Antonio Cabrera Valdez","Ruddy Mart\u00ednez Mart\u00ednez"],"articleSection":["Destacado","Higuey","La Altagracia"],"inLanguage":"es","potentialAction":[{"@type":"CommentAction","name":"Comment","target":["https:\/\/higuey.info\/news\/acusado-de-matar-empleados-del-cabildo-de-la-otra-banda-era-lider-de-una-banda-criminal\/#respond"]}]},{"@type":"WebPage","@id":"https:\/\/higuey.info\/news\/acusado-de-matar-empleados-del-cabildo-de-la-otra-banda-era-lider-de-una-banda-criminal\/","url":"https:\/\/higuey.info\/news\/acusado-de-matar-empleados-del-cabildo-de-la-otra-banda-era-lider-de-una-banda-criminal\/","name":"Acusado de matar empleados del cabildo de La Otra Banda era l\u00edder de una banda criminal. - Higuey.Info","isPartOf":{"@id":"https:\/\/higuey.info\/news\/#website"},"primaryImageOfPage":{"@id":"https:\/\/higuey.info\/news\/acusado-de-matar-empleados-del-cabildo-de-la-otra-banda-era-lider-de-una-banda-criminal\/#primaryimage"},"image":{"@id":"https:\/\/higuey.info\/news\/acusado-de-matar-empleados-del-cabildo-de-la-otra-banda-era-lider-de-una-banda-criminal\/#primaryimage"},"thumbnailUrl":"https:\/\/higuey.info\/news\/wp-content\/uploads\/2018\/10\/barrotess.jpg","datePublished":"2020-06-13T19:54:06+00:00","dateModified":"2020-11-21T04:20:28+00:00","description":"El informe del caso explica que luego de cometer el hecho, F\u00e9lix Pineda tom\u00f3 la funda de dinero y la pistola del herido, y huy\u00f3 a bordo del carro Hyundai, modelo LF, gris, placa A854154 en compa\u00f1\u00eda de Euri Ram\u00edrez Feliz (a) El Flaco, quien tambi\u00e9n fue detenido por las autoridades.","breadcrumb":{"@id":"https:\/\/higuey.info\/news\/acusado-de-matar-empleados-del-cabildo-de-la-otra-banda-era-lider-de-una-banda-criminal\/#breadcrumb"},"inLanguage":"es","potentialAction":[{"@type":"ReadAction","target":["https:\/\/higuey.info\/news\/acusado-de-matar-empleados-del-cabildo-de-la-otra-banda-era-lider-de-una-banda-criminal\/"]}]},{"@type":"ImageObject","inLanguage":"es","@id":"https:\/\/higuey.info\/news\/acusado-de-matar-empleados-del-cabildo-de-la-otra-banda-era-lider-de-una-banda-criminal\/#primaryimage","url":"https:\/\/higuey.info\/news\/wp-content\/uploads\/2018\/10\/barrotess.jpg","contentUrl":"https:\/\/higuey.info\/news\/wp-content\/uploads\/2018\/10\/barrotess.jpg","width":1200,"height":556},{"@type":"BreadcrumbList","@id":"https:\/\/higuey.info\/news\/acusado-de-matar-empleados-del-cabildo-de-la-otra-banda-era-lider-de-una-banda-criminal\/#breadcrumb","itemListElement":[{"@type":"ListItem","position":1,"name":"Portada","item":"https:\/\/higuey.info\/news\/"},{"@type":"ListItem","position":2,"name":"Acusado de matar empleados del cabildo de La Otra Banda era l\u00edder de una banda criminal."}]},{"@type":"WebSite","@id":"https:\/\/higuey.info\/news\/#website","url":"https:\/\/higuey.info\/news\/","name":"Hig\u00fcey.Info","description":"Noticias de Hig\u00fcey La Altagracia Rep\u00fablica Dominicana.","publisher":{"@id":"https:\/\/higuey.info\/news\/#organization"},"potentialAction":[{"@type":"SearchAction","target":{"@type":"EntryPoint","urlTemplate":"https:\/\/higuey.info\/news\/?s={search_term_string}"},"query-input":{"@type":"PropertyValueSpecification","valueRequired":true,"valueName":"search_term_string"}}],"inLanguage":"es"},{"@type":"Organization","@id":"https:\/\/higuey.info\/news\/#organization","name":"Hig\u00fcey.Info","url":"https:\/\/higuey.info\/news\/","logo":{"@type":"ImageObject","inLanguage":"es","@id":"https:\/\/higuey.info\/news\/#\/schema\/logo\/image\/","url":"https:\/\/higuey.info\/news\/wp-content\/uploads\/2015\/11\/logof.jpg","contentUrl":"https:\/\/higuey.info\/news\/wp-content\/uploads\/2015\/11\/logof.jpg","width":248,"height":90,"caption":"Hig\u00fcey.Info"},"image":{"@id":"https:\/\/higuey.info\/news\/#\/schema\/logo\/image\/"}},{"@type":"Person","@id":"https:\/\/higuey.info\/news\/#\/schema\/person\/274b1e73c44a5e7d852529cd974f389f","name":"higuey.info","image":{"@type":"ImageObject","inLanguage":"es","@id":"https:\/\/secure.gravatar.com\/avatar\/baaa13fb48787405f1f95c6405f1f193ab4cefad2554d219db78e9a57688ba88?s=96&d=wavatar&r=g","url":"https:\/\/secure.gravatar.com\/avatar\/baaa13fb48787405f1f95c6405f1f193ab4cefad2554d219db78e9a57688ba88?s=96&d=wavatar&r=g","contentUrl":"https:\/\/secure.gravatar.com\/avatar\/baaa13fb48787405f1f95c6405f1f193ab4cefad2554d219db78e9a57688ba88?s=96&d=wavatar&r=g","caption":"higuey.info"},"description":"Higuey Info | Portal informativo numero uno de la ciudad de Higuey, Todas las Noticias de Higuey La Altagracia Republica Dominicana.","sameAs":["https:\/\/higuey.info\/news"]}]}},"_links":{"self":[{"href":"https:\/\/higuey.info\/news\/wp-json\/wp\/v2\/posts\/14593","targetHints":{"allow":["GET"]}}],"collection":[{"href":"https:\/\/higuey.info\/news\/wp-json\/wp\/v2\/posts"}],"about":[{"href":"https:\/\/higuey.info\/news\/wp-json\/wp\/v2\/types\/post"}],"author":[{"embeddable":true,"href":"https:\/\/higuey.info\/news\/wp-json\/wp\/v2\/users\/1"}],"replies":[{"embeddable":true,"href":"https:\/\/higuey.info\/news\/wp-json\/wp\/v2\/comments?post=14593"}],"version-history":[{"count":3,"href":"https:\/\/higuey.info\/news\/wp-json\/wp\/v2\/posts\/14593\/revisions"}],"predecessor-version":[{"id":15309,"href":"https:\/\/higuey.info\/news\/wp-json\/wp\/v2\/posts\/14593\/revisions\/15309"}],"wp:featuredmedia":[{"embeddable":true,"href":"https:\/\/higuey.info\/news\/wp-json\/wp\/v2\/media\/13494"}],"wp:attachment":[{"href":"https:\/\/higuey.info\/news\/wp-json\/wp\/v2\/media?parent=14593"}],"wp:term":[{"taxonomy":"category","embeddable":true,"href":"https:\/\/higuey.info\/news\/wp-json\/wp\/v2\/categories?post=14593"},{"taxonomy":"post_tag","embeddable":true,"href":"https:\/\/higuey.info\/news\/wp-json\/wp\/v2\/tags?post=14593"}],"curies":[{"name":"wp","href":"https:\/\/api.w.org\/{rel}","templated":true}]}}