{"id":14606,"date":"2020-06-24T18:29:01","date_gmt":"2020-06-24T18:29:01","guid":{"rendered":"https:\/\/higuey.info\/news\/news\/?p=14606"},"modified":"2020-06-24T18:34:29","modified_gmt":"2020-06-24T18:34:29","slug":"muere-yendy-garo-perez-la-verdolaga","status":"publish","type":"post","link":"https:\/\/higuey.info\/news\/muere-yendy-garo-perez-la-verdolaga\/","title":{"rendered":"Muere Yendy Gar\u00f3 P\u00e9rez, \u201cLa Verdolaga\u201d"},"content":{"rendered":"<p>[ad id=\u00bb11330&#8243;] <strong>Yendy Gar\u00f3 P\u00e9rez<\/strong>, <strong>mejor conocido como \u201cLa Verdolaga\u201d,\u00a0<\/strong>falleci\u00f3 en el Hospital Juan Pablo Pina en la provincia San Crist\u00f3bal. As\u00ed lo confirm\u00f3 el doctor F\u00e9lix Antonio Cruz Jimini\u00e1n en el programa \u201cEl Show del Mediod\u00eda\u201d (Color Visi\u00f3n).<\/p>\n<p>Se recuerda que ayer martes\u00a0<strong>fue trasladado desde su natal Barahona<\/strong>\u00a0hasta el Hospital Juan Pablo Pina en la provincia San Crist\u00f3bal, tras presentar inconvenientes de salud.<\/p>\n<p>La Verdolaga, de 27 a\u00f1os, padec\u00eda de obesidad con un peso actual de 712 libras,\u00a0<strong>se le realiz\u00f3 la prueba del COVID-19<\/strong> luego de que este lunes presentara fiebre. [ad id=\u00bb11330&#8243;]<\/p>\n<p>La Verdolaga se hizo viral en redes sociales porque pese a su sobre peso es corredor de motocicletas y sus videos en YouTube alcanzaron m\u00e1s de 500 mil visitas.<\/p>\n<p>\u201cSalud P\u00fablica fue a la casa hoy y le hizo la prueba del coronavirus porque desde ayer ten\u00eda fiebre, estamos esperando los resultados\u201d, hab\u00eda dicho el martes a los medios su hermano, Jorge Gar\u00f3.<\/p>\n","protected":false},"excerpt":{"rendered":"<p>Se recuerda que ayer martes\u00a0fue trasladado desde su natal Barahona\u00a0hasta el Hospital Juan Pablo Pina en la provincia San Crist\u00f3bal, tras presentar inconvenientes de salud.<\/p>\n","protected":false},"author":1,"featured_media":14607,"comment_status":"open","ping_status":"open","sticky":false,"template":"","format":"video","meta":{"footnotes":""},"categories":[6694,40],"tags":[9009,9010,9216,9213,9215,9214,9212],"class_list":["post-14606","post","type-post","status-publish","format-video","has-post-thumbnail","hentry","category-destacado","category-la-republica","tag-coronavirus","tag-covid-19","tag-imagenes-de-la-verdolaga","tag-la-verdolaga","tag-la-verdolaga-murio","tag-murio-la-verdolaga","tag-yendy-garo-perez","post_format-post-format-video"],"yoast_head":"<!-- This site is optimized with the Yoast SEO plugin v27.5 - https:\/\/yoast.com\/product\/yoast-seo-wordpress\/ -->\n<title>Muere Yendy Gar\u00f3 P\u00e9rez, \u201cLa Verdolaga\u201d - Higuey.Info<\/title>\n<meta name=\"description\" content=\"Se recuerda que ayer martes\u00a0fue trasladado desde su natal Barahona\u00a0hasta el Hospital Juan Pablo Pina en la provincia San Crist\u00f3bal, tras presentar inconvenientes de salud.\" \/>\n<meta name=\"robots\" content=\"index, follow, max-snippet:-1, max-image-preview:large, max-video-preview:-1\" \/>\n<link rel=\"canonical\" href=\"https:\/\/higuey.info\/news\/muere-yendy-garo-perez-la-verdolaga\/\" \/>\n<meta property=\"og:locale\" content=\"es_ES\" \/>\n<meta property=\"og:type\" content=\"article\" \/>\n<meta property=\"og:title\" content=\"Muere Yendy Gar\u00f3 P\u00e9rez, \u201cLa Verdolaga\u201d - Higuey.Info\" \/>\n<meta property=\"og:description\" content=\"Se recuerda que ayer martes\u00a0fue trasladado desde su natal Barahona\u00a0hasta el Hospital Juan Pablo Pina en la provincia San Crist\u00f3bal, tras presentar inconvenientes de salud.\" \/>\n<meta property=\"og:url\" content=\"https:\/\/higuey.info\/news\/muere-yendy-garo-perez-la-verdolaga\/\" \/>\n<meta property=\"og:site_name\" content=\"Hig\u00fcey.Info\" \/>\n<meta property=\"article:published_time\" content=\"2020-06-24T18:29:01+00:00\" \/>\n<meta property=\"article:modified_time\" content=\"2020-06-24T18:34:29+00:00\" \/>\n<meta property=\"og:image\" content=\"https:\/\/higuey.info\/news\/wp-content\/uploads\/2020\/06\/verdolaga-muerto.jpeg\" \/>\n\t<meta property=\"og:image:width\" content=\"1280\" \/>\n\t<meta property=\"og:image:height\" content=\"687\" \/>\n\t<meta property=\"og:image:type\" content=\"image\/jpeg\" \/>\n<meta name=\"author\" content=\"higuey.info\" \/>\n<meta name=\"twitter:card\" content=\"summary_large_image\" \/>\n<meta name=\"twitter:label1\" content=\"Escrito por\" \/>\n\t<meta name=\"twitter:data1\" content=\"higuey.info\" \/>\n\t<meta name=\"twitter:label2\" content=\"Tiempo de lectura\" \/>\n\t<meta name=\"twitter:data2\" content=\"1 minuto\" \/>\n<script type=\"application\/ld+json\" class=\"yoast-schema-graph\">{\"@context\":\"https:\\\/\\\/schema.org\",\"@graph\":[{\"@type\":\"Article\",\"@id\":\"https:\\\/\\\/higuey.info\\\/news\\\/muere-yendy-garo-perez-la-verdolaga\\\/#article\",\"isPartOf\":{\"@id\":\"https:\\\/\\\/higuey.info\\\/news\\\/muere-yendy-garo-perez-la-verdolaga\\\/\"},\"author\":{\"name\":\"higuey.info\",\"@id\":\"https:\\\/\\\/higuey.info\\\/news\\\/#\\\/schema\\\/person\\\/274b1e73c44a5e7d852529cd974f389f\"},\"headline\":\"Muere Yendy Gar\u00f3 P\u00e9rez, \u201cLa Verdolaga\u201d\",\"datePublished\":\"2020-06-24T18:29:01+00:00\",\"dateModified\":\"2020-06-24T18:34:29+00:00\",\"mainEntityOfPage\":{\"@id\":\"https:\\\/\\\/higuey.info\\\/news\\\/muere-yendy-garo-perez-la-verdolaga\\\/\"},\"wordCount\":178,\"commentCount\":0,\"publisher\":{\"@id\":\"https:\\\/\\\/higuey.info\\\/news\\\/#organization\"},\"image\":{\"@id\":\"https:\\\/\\\/higuey.info\\\/news\\\/muere-yendy-garo-perez-la-verdolaga\\\/#primaryimage\"},\"thumbnailUrl\":\"https:\\\/\\\/higuey.info\\\/news\\\/wp-content\\\/uploads\\\/2020\\\/06\\\/verdolaga-muerto.jpeg\",\"keywords\":[\"coronavirus\",\"COVID-19\",\"Imagenes de La Verdolaga\",\"La Verdolaga\",\"La Verdolaga Murio\",\"Murio La Verdolaga\",\"Yendy Gar\u00f3 P\u00e9rez\"],\"articleSection\":[\"Destacado\",\"La Republica\"],\"inLanguage\":\"es\",\"potentialAction\":[{\"@type\":\"CommentAction\",\"name\":\"Comment\",\"target\":[\"https:\\\/\\\/higuey.info\\\/news\\\/muere-yendy-garo-perez-la-verdolaga\\\/#respond\"]}]},{\"@type\":\"WebPage\",\"@id\":\"https:\\\/\\\/higuey.info\\\/news\\\/muere-yendy-garo-perez-la-verdolaga\\\/\",\"url\":\"https:\\\/\\\/higuey.info\\\/news\\\/muere-yendy-garo-perez-la-verdolaga\\\/\",\"name\":\"Muere Yendy Gar\u00f3 P\u00e9rez, \u201cLa Verdolaga\u201d - Higuey.Info\",\"isPartOf\":{\"@id\":\"https:\\\/\\\/higuey.info\\\/news\\\/#website\"},\"primaryImageOfPage\":{\"@id\":\"https:\\\/\\\/higuey.info\\\/news\\\/muere-yendy-garo-perez-la-verdolaga\\\/#primaryimage\"},\"image\":{\"@id\":\"https:\\\/\\\/higuey.info\\\/news\\\/muere-yendy-garo-perez-la-verdolaga\\\/#primaryimage\"},\"thumbnailUrl\":\"https:\\\/\\\/higuey.info\\\/news\\\/wp-content\\\/uploads\\\/2020\\\/06\\\/verdolaga-muerto.jpeg\",\"datePublished\":\"2020-06-24T18:29:01+00:00\",\"dateModified\":\"2020-06-24T18:34:29+00:00\",\"description\":\"Se recuerda que ayer martes\u00a0fue trasladado desde su natal Barahona\u00a0hasta el Hospital Juan Pablo Pina en la provincia San Crist\u00f3bal, tras presentar inconvenientes de salud.\",\"breadcrumb\":{\"@id\":\"https:\\\/\\\/higuey.info\\\/news\\\/muere-yendy-garo-perez-la-verdolaga\\\/#breadcrumb\"},\"inLanguage\":\"es\",\"potentialAction\":[{\"@type\":\"ReadAction\",\"target\":[\"https:\\\/\\\/higuey.info\\\/news\\\/muere-yendy-garo-perez-la-verdolaga\\\/\"]}]},{\"@type\":\"ImageObject\",\"inLanguage\":\"es\",\"@id\":\"https:\\\/\\\/higuey.info\\\/news\\\/muere-yendy-garo-perez-la-verdolaga\\\/#primaryimage\",\"url\":\"https:\\\/\\\/higuey.info\\\/news\\\/wp-content\\\/uploads\\\/2020\\\/06\\\/verdolaga-muerto.jpeg\",\"contentUrl\":\"https:\\\/\\\/higuey.info\\\/news\\\/wp-content\\\/uploads\\\/2020\\\/06\\\/verdolaga-muerto.jpeg\",\"width\":1280,\"height\":687},{\"@type\":\"BreadcrumbList\",\"@id\":\"https:\\\/\\\/higuey.info\\\/news\\\/muere-yendy-garo-perez-la-verdolaga\\\/#breadcrumb\",\"itemListElement\":[{\"@type\":\"ListItem\",\"position\":1,\"name\":\"Portada\",\"item\":\"https:\\\/\\\/higuey.info\\\/news\\\/\"},{\"@type\":\"ListItem\",\"position\":2,\"name\":\"Muere Yendy Gar\u00f3 P\u00e9rez, \u201cLa Verdolaga\u201d\"}]},{\"@type\":\"WebSite\",\"@id\":\"https:\\\/\\\/higuey.info\\\/news\\\/#website\",\"url\":\"https:\\\/\\\/higuey.info\\\/news\\\/\",\"name\":\"Hig\u00fcey.Info\",\"description\":\"Noticias de Hig\u00fcey La Altagracia Rep\u00fablica Dominicana.\",\"publisher\":{\"@id\":\"https:\\\/\\\/higuey.info\\\/news\\\/#organization\"},\"potentialAction\":[{\"@type\":\"SearchAction\",\"target\":{\"@type\":\"EntryPoint\",\"urlTemplate\":\"https:\\\/\\\/higuey.info\\\/news\\\/?s={search_term_string}\"},\"query-input\":{\"@type\":\"PropertyValueSpecification\",\"valueRequired\":true,\"valueName\":\"search_term_string\"}}],\"inLanguage\":\"es\"},{\"@type\":\"Organization\",\"@id\":\"https:\\\/\\\/higuey.info\\\/news\\\/#organization\",\"name\":\"Hig\u00fcey.Info\",\"url\":\"https:\\\/\\\/higuey.info\\\/news\\\/\",\"logo\":{\"@type\":\"ImageObject\",\"inLanguage\":\"es\",\"@id\":\"https:\\\/\\\/higuey.info\\\/news\\\/#\\\/schema\\\/logo\\\/image\\\/\",\"url\":\"https:\\\/\\\/higuey.info\\\/news\\\/wp-content\\\/uploads\\\/2015\\\/11\\\/logof.jpg\",\"contentUrl\":\"https:\\\/\\\/higuey.info\\\/news\\\/wp-content\\\/uploads\\\/2015\\\/11\\\/logof.jpg\",\"width\":248,\"height\":90,\"caption\":\"Hig\u00fcey.Info\"},\"image\":{\"@id\":\"https:\\\/\\\/higuey.info\\\/news\\\/#\\\/schema\\\/logo\\\/image\\\/\"}},{\"@type\":\"Person\",\"@id\":\"https:\\\/\\\/higuey.info\\\/news\\\/#\\\/schema\\\/person\\\/274b1e73c44a5e7d852529cd974f389f\",\"name\":\"higuey.info\",\"image\":{\"@type\":\"ImageObject\",\"inLanguage\":\"es\",\"@id\":\"https:\\\/\\\/secure.gravatar.com\\\/avatar\\\/baaa13fb48787405f1f95c6405f1f193ab4cefad2554d219db78e9a57688ba88?s=96&d=wavatar&r=g\",\"url\":\"https:\\\/\\\/secure.gravatar.com\\\/avatar\\\/baaa13fb48787405f1f95c6405f1f193ab4cefad2554d219db78e9a57688ba88?s=96&d=wavatar&r=g\",\"contentUrl\":\"https:\\\/\\\/secure.gravatar.com\\\/avatar\\\/baaa13fb48787405f1f95c6405f1f193ab4cefad2554d219db78e9a57688ba88?s=96&d=wavatar&r=g\",\"caption\":\"higuey.info\"},\"description\":\"Higuey Info | Portal informativo numero uno de la ciudad de Higuey, Todas las Noticias de Higuey La Altagracia Republica Dominicana.\",\"sameAs\":[\"https:\\\/\\\/higuey.info\\\/news\"]}]}<\/script>\n<!-- \/ Yoast SEO plugin. -->","yoast_head_json":{"title":"Muere Yendy Gar\u00f3 P\u00e9rez, \u201cLa Verdolaga\u201d - Higuey.Info","description":"Se recuerda que ayer martes\u00a0fue trasladado desde su natal Barahona\u00a0hasta el Hospital Juan Pablo Pina en la provincia San Crist\u00f3bal, tras presentar inconvenientes de salud.","robots":{"index":"index","follow":"follow","max-snippet":"max-snippet:-1","max-image-preview":"max-image-preview:large","max-video-preview":"max-video-preview:-1"},"canonical":"https:\/\/higuey.info\/news\/muere-yendy-garo-perez-la-verdolaga\/","og_locale":"es_ES","og_type":"article","og_title":"Muere Yendy Gar\u00f3 P\u00e9rez, \u201cLa Verdolaga\u201d - Higuey.Info","og_description":"Se recuerda que ayer martes\u00a0fue trasladado desde su natal Barahona\u00a0hasta el Hospital Juan Pablo Pina en la provincia San Crist\u00f3bal, tras presentar inconvenientes de salud.","og_url":"https:\/\/higuey.info\/news\/muere-yendy-garo-perez-la-verdolaga\/","og_site_name":"Hig\u00fcey.Info","article_published_time":"2020-06-24T18:29:01+00:00","article_modified_time":"2020-06-24T18:34:29+00:00","og_image":[{"width":1280,"height":687,"url":"https:\/\/higuey.info\/news\/wp-content\/uploads\/2020\/06\/verdolaga-muerto.jpeg","type":"image\/jpeg"}],"author":"higuey.info","twitter_card":"summary_large_image","twitter_misc":{"Escrito por":"higuey.info","Tiempo de lectura":"1 minuto"},"schema":{"@context":"https:\/\/schema.org","@graph":[{"@type":"Article","@id":"https:\/\/higuey.info\/news\/muere-yendy-garo-perez-la-verdolaga\/#article","isPartOf":{"@id":"https:\/\/higuey.info\/news\/muere-yendy-garo-perez-la-verdolaga\/"},"author":{"name":"higuey.info","@id":"https:\/\/higuey.info\/news\/#\/schema\/person\/274b1e73c44a5e7d852529cd974f389f"},"headline":"Muere Yendy Gar\u00f3 P\u00e9rez, \u201cLa Verdolaga\u201d","datePublished":"2020-06-24T18:29:01+00:00","dateModified":"2020-06-24T18:34:29+00:00","mainEntityOfPage":{"@id":"https:\/\/higuey.info\/news\/muere-yendy-garo-perez-la-verdolaga\/"},"wordCount":178,"commentCount":0,"publisher":{"@id":"https:\/\/higuey.info\/news\/#organization"},"image":{"@id":"https:\/\/higuey.info\/news\/muere-yendy-garo-perez-la-verdolaga\/#primaryimage"},"thumbnailUrl":"https:\/\/higuey.info\/news\/wp-content\/uploads\/2020\/06\/verdolaga-muerto.jpeg","keywords":["coronavirus","COVID-19","Imagenes de La Verdolaga","La Verdolaga","La Verdolaga Murio","Murio La Verdolaga","Yendy Gar\u00f3 P\u00e9rez"],"articleSection":["Destacado","La Republica"],"inLanguage":"es","potentialAction":[{"@type":"CommentAction","name":"Comment","target":["https:\/\/higuey.info\/news\/muere-yendy-garo-perez-la-verdolaga\/#respond"]}]},{"@type":"WebPage","@id":"https:\/\/higuey.info\/news\/muere-yendy-garo-perez-la-verdolaga\/","url":"https:\/\/higuey.info\/news\/muere-yendy-garo-perez-la-verdolaga\/","name":"Muere Yendy Gar\u00f3 P\u00e9rez, \u201cLa Verdolaga\u201d - Higuey.Info","isPartOf":{"@id":"https:\/\/higuey.info\/news\/#website"},"primaryImageOfPage":{"@id":"https:\/\/higuey.info\/news\/muere-yendy-garo-perez-la-verdolaga\/#primaryimage"},"image":{"@id":"https:\/\/higuey.info\/news\/muere-yendy-garo-perez-la-verdolaga\/#primaryimage"},"thumbnailUrl":"https:\/\/higuey.info\/news\/wp-content\/uploads\/2020\/06\/verdolaga-muerto.jpeg","datePublished":"2020-06-24T18:29:01+00:00","dateModified":"2020-06-24T18:34:29+00:00","description":"Se recuerda que ayer martes\u00a0fue trasladado desde su natal Barahona\u00a0hasta el Hospital Juan Pablo Pina en la provincia San Crist\u00f3bal, tras presentar inconvenientes de salud.","breadcrumb":{"@id":"https:\/\/higuey.info\/news\/muere-yendy-garo-perez-la-verdolaga\/#breadcrumb"},"inLanguage":"es","potentialAction":[{"@type":"ReadAction","target":["https:\/\/higuey.info\/news\/muere-yendy-garo-perez-la-verdolaga\/"]}]},{"@type":"ImageObject","inLanguage":"es","@id":"https:\/\/higuey.info\/news\/muere-yendy-garo-perez-la-verdolaga\/#primaryimage","url":"https:\/\/higuey.info\/news\/wp-content\/uploads\/2020\/06\/verdolaga-muerto.jpeg","contentUrl":"https:\/\/higuey.info\/news\/wp-content\/uploads\/2020\/06\/verdolaga-muerto.jpeg","width":1280,"height":687},{"@type":"BreadcrumbList","@id":"https:\/\/higuey.info\/news\/muere-yendy-garo-perez-la-verdolaga\/#breadcrumb","itemListElement":[{"@type":"ListItem","position":1,"name":"Portada","item":"https:\/\/higuey.info\/news\/"},{"@type":"ListItem","position":2,"name":"Muere Yendy Gar\u00f3 P\u00e9rez, \u201cLa Verdolaga\u201d"}]},{"@type":"WebSite","@id":"https:\/\/higuey.info\/news\/#website","url":"https:\/\/higuey.info\/news\/","name":"Hig\u00fcey.Info","description":"Noticias de Hig\u00fcey La Altagracia Rep\u00fablica Dominicana.","publisher":{"@id":"https:\/\/higuey.info\/news\/#organization"},"potentialAction":[{"@type":"SearchAction","target":{"@type":"EntryPoint","urlTemplate":"https:\/\/higuey.info\/news\/?s={search_term_string}"},"query-input":{"@type":"PropertyValueSpecification","valueRequired":true,"valueName":"search_term_string"}}],"inLanguage":"es"},{"@type":"Organization","@id":"https:\/\/higuey.info\/news\/#organization","name":"Hig\u00fcey.Info","url":"https:\/\/higuey.info\/news\/","logo":{"@type":"ImageObject","inLanguage":"es","@id":"https:\/\/higuey.info\/news\/#\/schema\/logo\/image\/","url":"https:\/\/higuey.info\/news\/wp-content\/uploads\/2015\/11\/logof.jpg","contentUrl":"https:\/\/higuey.info\/news\/wp-content\/uploads\/2015\/11\/logof.jpg","width":248,"height":90,"caption":"Hig\u00fcey.Info"},"image":{"@id":"https:\/\/higuey.info\/news\/#\/schema\/logo\/image\/"}},{"@type":"Person","@id":"https:\/\/higuey.info\/news\/#\/schema\/person\/274b1e73c44a5e7d852529cd974f389f","name":"higuey.info","image":{"@type":"ImageObject","inLanguage":"es","@id":"https:\/\/secure.gravatar.com\/avatar\/baaa13fb48787405f1f95c6405f1f193ab4cefad2554d219db78e9a57688ba88?s=96&d=wavatar&r=g","url":"https:\/\/secure.gravatar.com\/avatar\/baaa13fb48787405f1f95c6405f1f193ab4cefad2554d219db78e9a57688ba88?s=96&d=wavatar&r=g","contentUrl":"https:\/\/secure.gravatar.com\/avatar\/baaa13fb48787405f1f95c6405f1f193ab4cefad2554d219db78e9a57688ba88?s=96&d=wavatar&r=g","caption":"higuey.info"},"description":"Higuey Info | Portal informativo numero uno de la ciudad de Higuey, Todas las Noticias de Higuey La Altagracia Republica Dominicana.","sameAs":["https:\/\/higuey.info\/news"]}]}},"_links":{"self":[{"href":"https:\/\/higuey.info\/news\/wp-json\/wp\/v2\/posts\/14606","targetHints":{"allow":["GET"]}}],"collection":[{"href":"https:\/\/higuey.info\/news\/wp-json\/wp\/v2\/posts"}],"about":[{"href":"https:\/\/higuey.info\/news\/wp-json\/wp\/v2\/types\/post"}],"author":[{"embeddable":true,"href":"https:\/\/higuey.info\/news\/wp-json\/wp\/v2\/users\/1"}],"replies":[{"embeddable":true,"href":"https:\/\/higuey.info\/news\/wp-json\/wp\/v2\/comments?post=14606"}],"version-history":[{"count":3,"href":"https:\/\/higuey.info\/news\/wp-json\/wp\/v2\/posts\/14606\/revisions"}],"predecessor-version":[{"id":14610,"href":"https:\/\/higuey.info\/news\/wp-json\/wp\/v2\/posts\/14606\/revisions\/14610"}],"wp:featuredmedia":[{"embeddable":true,"href":"https:\/\/higuey.info\/news\/wp-json\/wp\/v2\/media\/14607"}],"wp:attachment":[{"href":"https:\/\/higuey.info\/news\/wp-json\/wp\/v2\/media?parent=14606"}],"wp:term":[{"taxonomy":"category","embeddable":true,"href":"https:\/\/higuey.info\/news\/wp-json\/wp\/v2\/categories?post=14606"},{"taxonomy":"post_tag","embeddable":true,"href":"https:\/\/higuey.info\/news\/wp-json\/wp\/v2\/tags?post=14606"}],"curies":[{"name":"wp","href":"https:\/\/api.w.org\/{rel}","templated":true}]}}