{"id":14629,"date":"2020-07-29T03:30:01","date_gmt":"2020-07-29T03:30:01","guid":{"rendered":"https:\/\/higuey.info\/news\/news\/?p=14629"},"modified":"2020-11-21T04:16:41","modified_gmt":"2020-11-21T04:16:41","slug":"menor-mata-su-padrastro-cuando-este-agredia-su-madre-en-higuey","status":"publish","type":"post","link":"https:\/\/higuey.info\/news\/menor-mata-su-padrastro-cuando-este-agredia-su-madre-en-higuey\/","title":{"rendered":"Menor mata su padrastro cuando este agred\u00eda su madre en Hig\u00fcey."},"content":{"rendered":"<p>[ad id=\u00bb11330&#8243;]<\/p>\n<p>Hig\u00fcey.-. Una adolescente de 14 a\u00f1os mat\u00f3 de varias estocadas a su padrastro cuando este sosten\u00eda una ri\u00f1a con su madre, en un hecho ocurrido el pasado domingo en esta ciudad.<\/p>\n<p>El occiso fue identificado como <strong>Eduardo Santo Cano Dantes<\/strong>, de 49 a\u00f1os, quien recibi\u00f3 heridas con una arma blanca en el t\u00f3rax, en el t\u00f3rax anterior, brazo izquierdo y parental izquierdo, seg\u00fan certific\u00f3 la doctora <strong>Pamela Santana<\/strong>.<\/p>\n<div class=\"text_exposed_show\">\n<p>El cuerpo del fallecido fue enviado al Instituto Nacional de Ciencias Forenses para las experticias de ley. [ad id=\u00bb11330&#8243;]<\/p>\n<p>El hecho ocurri\u00f3 en el sector <a href=\"https:\/\/higuey.info\/news\/category\/la-republica\/la-altagracia\/higuey\/mi-barrio\/san-martin\/\"><strong>San Mart\u00edn<\/strong> <\/a>de esta ciudad, la menor y su madre se encuentra detenida y ser\u00e1n sometidas a la justicia. La Polic\u00eda Nacional inform\u00f3 que el conflicto tuvo como origen una discusi\u00f3n por cinco mil pesos para el pago de la casa en donde los tres involucrados viv\u00edan alquilados.<\/p>\n<\/div>\n","protected":false},"excerpt":{"rendered":"<p>El occiso fue identificado como Eduardo Santo Cano Dantes, de 49 a\u00f1os, quien recibi\u00f3 heridas con una arma blanca en el t\u00f3rax, en el t\u00f3rax anterior, brazo izquierdo y parental izquierdo, seg\u00fan certific\u00f3 la doctora Pamela Santana.<\/p>\n","protected":false},"author":1,"featured_media":14630,"comment_status":"open","ping_status":"open","sticky":false,"template":"","format":"standard","meta":{"footnotes":""},"categories":[6694,4,6995,2198],"tags":[9223,4565,9224,8428],"class_list":["post-14629","post","type-post","status-publish","format-standard","has-post-thumbnail","hentry","category-destacado","category-higuey","category-la-altagracia","category-san-martin","tag-eduardo-santo-cano-dantes","tag-hombre-muerto","tag-matan-hombre-en-san-martin","tag-pamela-santana"],"yoast_head":"<!-- This site is optimized with the Yoast SEO plugin v27.5 - https:\/\/yoast.com\/product\/yoast-seo-wordpress\/ -->\n<title>Menor mata su padrastro cuando este agred\u00eda su madre en Hig\u00fcey. - Higuey.Info<\/title>\n<meta name=\"description\" content=\"El occiso fue identificado como Eduardo Santo Cano Dantes, de 49 a\u00f1os, quien recibi\u00f3 heridas con una arma blanca en el t\u00f3rax, en el t\u00f3rax anterior, brazo izquierdo y parental izquierdo, seg\u00fan certific\u00f3 la doctora Pamela Santana.\" \/>\n<meta name=\"robots\" content=\"index, follow, max-snippet:-1, max-image-preview:large, max-video-preview:-1\" \/>\n<link rel=\"canonical\" href=\"https:\/\/higuey.info\/news\/menor-mata-su-padrastro-cuando-este-agredia-su-madre-en-higuey\/\" \/>\n<meta property=\"og:locale\" content=\"es_ES\" \/>\n<meta property=\"og:type\" content=\"article\" \/>\n<meta property=\"og:title\" content=\"Menor mata su padrastro cuando este agred\u00eda su madre en Hig\u00fcey. - Higuey.Info\" \/>\n<meta property=\"og:description\" content=\"El occiso fue identificado como Eduardo Santo Cano Dantes, de 49 a\u00f1os, quien recibi\u00f3 heridas con una arma blanca en el t\u00f3rax, en el t\u00f3rax anterior, brazo izquierdo y parental izquierdo, seg\u00fan certific\u00f3 la doctora Pamela Santana.\" \/>\n<meta property=\"og:url\" content=\"https:\/\/higuey.info\/news\/menor-mata-su-padrastro-cuando-este-agredia-su-madre-en-higuey\/\" \/>\n<meta property=\"og:site_name\" content=\"Hig\u00fcey.Info\" \/>\n<meta property=\"article:published_time\" content=\"2020-07-29T03:30:01+00:00\" \/>\n<meta property=\"article:modified_time\" content=\"2020-11-21T04:16:41+00:00\" \/>\n<meta property=\"og:image\" content=\"https:\/\/higuey.info\/news\/wp-content\/uploads\/2020\/07\/cuchillo.jpg\" \/>\n\t<meta property=\"og:image:width\" content=\"1280\" \/>\n\t<meta property=\"og:image:height\" content=\"800\" \/>\n\t<meta property=\"og:image:type\" content=\"image\/jpeg\" \/>\n<meta name=\"author\" content=\"higuey.info\" \/>\n<meta name=\"twitter:card\" content=\"summary_large_image\" \/>\n<meta name=\"twitter:label1\" content=\"Escrito por\" \/>\n\t<meta name=\"twitter:data1\" content=\"higuey.info\" \/>\n\t<meta name=\"twitter:label2\" content=\"Tiempo de lectura\" \/>\n\t<meta name=\"twitter:data2\" content=\"1 minuto\" \/>\n<script type=\"application\/ld+json\" class=\"yoast-schema-graph\">{\"@context\":\"https:\\\/\\\/schema.org\",\"@graph\":[{\"@type\":\"Article\",\"@id\":\"https:\\\/\\\/higuey.info\\\/news\\\/menor-mata-su-padrastro-cuando-este-agredia-su-madre-en-higuey\\\/#article\",\"isPartOf\":{\"@id\":\"https:\\\/\\\/higuey.info\\\/news\\\/menor-mata-su-padrastro-cuando-este-agredia-su-madre-en-higuey\\\/\"},\"author\":{\"name\":\"higuey.info\",\"@id\":\"https:\\\/\\\/higuey.info\\\/news\\\/#\\\/schema\\\/person\\\/274b1e73c44a5e7d852529cd974f389f\"},\"headline\":\"Menor mata su padrastro cuando este agred\u00eda su madre en Hig\u00fcey.\",\"datePublished\":\"2020-07-29T03:30:01+00:00\",\"dateModified\":\"2020-11-21T04:16:41+00:00\",\"mainEntityOfPage\":{\"@id\":\"https:\\\/\\\/higuey.info\\\/news\\\/menor-mata-su-padrastro-cuando-este-agredia-su-madre-en-higuey\\\/\"},\"wordCount\":168,\"commentCount\":0,\"publisher\":{\"@id\":\"https:\\\/\\\/higuey.info\\\/news\\\/#organization\"},\"image\":{\"@id\":\"https:\\\/\\\/higuey.info\\\/news\\\/menor-mata-su-padrastro-cuando-este-agredia-su-madre-en-higuey\\\/#primaryimage\"},\"thumbnailUrl\":\"https:\\\/\\\/higuey.info\\\/news\\\/wp-content\\\/uploads\\\/2020\\\/07\\\/cuchillo.jpg\",\"keywords\":[\"Eduardo Santo Cano Dantes\",\"Hombre Muerto\",\"matan hombre en san martin\",\"Pamela Santana\"],\"articleSection\":[\"Destacado\",\"Higuey\",\"La Altagracia\",\"San Martin\"],\"inLanguage\":\"es\",\"potentialAction\":[{\"@type\":\"CommentAction\",\"name\":\"Comment\",\"target\":[\"https:\\\/\\\/higuey.info\\\/news\\\/menor-mata-su-padrastro-cuando-este-agredia-su-madre-en-higuey\\\/#respond\"]}]},{\"@type\":\"WebPage\",\"@id\":\"https:\\\/\\\/higuey.info\\\/news\\\/menor-mata-su-padrastro-cuando-este-agredia-su-madre-en-higuey\\\/\",\"url\":\"https:\\\/\\\/higuey.info\\\/news\\\/menor-mata-su-padrastro-cuando-este-agredia-su-madre-en-higuey\\\/\",\"name\":\"Menor mata su padrastro cuando este agred\u00eda su madre en Hig\u00fcey. - Higuey.Info\",\"isPartOf\":{\"@id\":\"https:\\\/\\\/higuey.info\\\/news\\\/#website\"},\"primaryImageOfPage\":{\"@id\":\"https:\\\/\\\/higuey.info\\\/news\\\/menor-mata-su-padrastro-cuando-este-agredia-su-madre-en-higuey\\\/#primaryimage\"},\"image\":{\"@id\":\"https:\\\/\\\/higuey.info\\\/news\\\/menor-mata-su-padrastro-cuando-este-agredia-su-madre-en-higuey\\\/#primaryimage\"},\"thumbnailUrl\":\"https:\\\/\\\/higuey.info\\\/news\\\/wp-content\\\/uploads\\\/2020\\\/07\\\/cuchillo.jpg\",\"datePublished\":\"2020-07-29T03:30:01+00:00\",\"dateModified\":\"2020-11-21T04:16:41+00:00\",\"description\":\"El occiso fue identificado como Eduardo Santo Cano Dantes, de 49 a\u00f1os, quien recibi\u00f3 heridas con una arma blanca en el t\u00f3rax, en el t\u00f3rax anterior, brazo izquierdo y parental izquierdo, seg\u00fan certific\u00f3 la doctora Pamela Santana.\",\"breadcrumb\":{\"@id\":\"https:\\\/\\\/higuey.info\\\/news\\\/menor-mata-su-padrastro-cuando-este-agredia-su-madre-en-higuey\\\/#breadcrumb\"},\"inLanguage\":\"es\",\"potentialAction\":[{\"@type\":\"ReadAction\",\"target\":[\"https:\\\/\\\/higuey.info\\\/news\\\/menor-mata-su-padrastro-cuando-este-agredia-su-madre-en-higuey\\\/\"]}]},{\"@type\":\"ImageObject\",\"inLanguage\":\"es\",\"@id\":\"https:\\\/\\\/higuey.info\\\/news\\\/menor-mata-su-padrastro-cuando-este-agredia-su-madre-en-higuey\\\/#primaryimage\",\"url\":\"https:\\\/\\\/higuey.info\\\/news\\\/wp-content\\\/uploads\\\/2020\\\/07\\\/cuchillo.jpg\",\"contentUrl\":\"https:\\\/\\\/higuey.info\\\/news\\\/wp-content\\\/uploads\\\/2020\\\/07\\\/cuchillo.jpg\",\"width\":1280,\"height\":800},{\"@type\":\"BreadcrumbList\",\"@id\":\"https:\\\/\\\/higuey.info\\\/news\\\/menor-mata-su-padrastro-cuando-este-agredia-su-madre-en-higuey\\\/#breadcrumb\",\"itemListElement\":[{\"@type\":\"ListItem\",\"position\":1,\"name\":\"Portada\",\"item\":\"https:\\\/\\\/higuey.info\\\/news\\\/\"},{\"@type\":\"ListItem\",\"position\":2,\"name\":\"Menor mata su padrastro cuando este agred\u00eda su madre en Hig\u00fcey.\"}]},{\"@type\":\"WebSite\",\"@id\":\"https:\\\/\\\/higuey.info\\\/news\\\/#website\",\"url\":\"https:\\\/\\\/higuey.info\\\/news\\\/\",\"name\":\"Hig\u00fcey.Info\",\"description\":\"Noticias de Hig\u00fcey La Altagracia Rep\u00fablica Dominicana.\",\"publisher\":{\"@id\":\"https:\\\/\\\/higuey.info\\\/news\\\/#organization\"},\"potentialAction\":[{\"@type\":\"SearchAction\",\"target\":{\"@type\":\"EntryPoint\",\"urlTemplate\":\"https:\\\/\\\/higuey.info\\\/news\\\/?s={search_term_string}\"},\"query-input\":{\"@type\":\"PropertyValueSpecification\",\"valueRequired\":true,\"valueName\":\"search_term_string\"}}],\"inLanguage\":\"es\"},{\"@type\":\"Organization\",\"@id\":\"https:\\\/\\\/higuey.info\\\/news\\\/#organization\",\"name\":\"Hig\u00fcey.Info\",\"url\":\"https:\\\/\\\/higuey.info\\\/news\\\/\",\"logo\":{\"@type\":\"ImageObject\",\"inLanguage\":\"es\",\"@id\":\"https:\\\/\\\/higuey.info\\\/news\\\/#\\\/schema\\\/logo\\\/image\\\/\",\"url\":\"https:\\\/\\\/higuey.info\\\/news\\\/wp-content\\\/uploads\\\/2015\\\/11\\\/logof.jpg\",\"contentUrl\":\"https:\\\/\\\/higuey.info\\\/news\\\/wp-content\\\/uploads\\\/2015\\\/11\\\/logof.jpg\",\"width\":248,\"height\":90,\"caption\":\"Hig\u00fcey.Info\"},\"image\":{\"@id\":\"https:\\\/\\\/higuey.info\\\/news\\\/#\\\/schema\\\/logo\\\/image\\\/\"}},{\"@type\":\"Person\",\"@id\":\"https:\\\/\\\/higuey.info\\\/news\\\/#\\\/schema\\\/person\\\/274b1e73c44a5e7d852529cd974f389f\",\"name\":\"higuey.info\",\"image\":{\"@type\":\"ImageObject\",\"inLanguage\":\"es\",\"@id\":\"https:\\\/\\\/secure.gravatar.com\\\/avatar\\\/baaa13fb48787405f1f95c6405f1f193ab4cefad2554d219db78e9a57688ba88?s=96&d=wavatar&r=g\",\"url\":\"https:\\\/\\\/secure.gravatar.com\\\/avatar\\\/baaa13fb48787405f1f95c6405f1f193ab4cefad2554d219db78e9a57688ba88?s=96&d=wavatar&r=g\",\"contentUrl\":\"https:\\\/\\\/secure.gravatar.com\\\/avatar\\\/baaa13fb48787405f1f95c6405f1f193ab4cefad2554d219db78e9a57688ba88?s=96&d=wavatar&r=g\",\"caption\":\"higuey.info\"},\"description\":\"Higuey Info | Portal informativo numero uno de la ciudad de Higuey, Todas las Noticias de Higuey La Altagracia Republica Dominicana.\",\"sameAs\":[\"https:\\\/\\\/higuey.info\\\/news\"]}]}<\/script>\n<!-- \/ Yoast SEO plugin. -->","yoast_head_json":{"title":"Menor mata su padrastro cuando este agred\u00eda su madre en Hig\u00fcey. - Higuey.Info","description":"El occiso fue identificado como Eduardo Santo Cano Dantes, de 49 a\u00f1os, quien recibi\u00f3 heridas con una arma blanca en el t\u00f3rax, en el t\u00f3rax anterior, brazo izquierdo y parental izquierdo, seg\u00fan certific\u00f3 la doctora Pamela Santana.","robots":{"index":"index","follow":"follow","max-snippet":"max-snippet:-1","max-image-preview":"max-image-preview:large","max-video-preview":"max-video-preview:-1"},"canonical":"https:\/\/higuey.info\/news\/menor-mata-su-padrastro-cuando-este-agredia-su-madre-en-higuey\/","og_locale":"es_ES","og_type":"article","og_title":"Menor mata su padrastro cuando este agred\u00eda su madre en Hig\u00fcey. - Higuey.Info","og_description":"El occiso fue identificado como Eduardo Santo Cano Dantes, de 49 a\u00f1os, quien recibi\u00f3 heridas con una arma blanca en el t\u00f3rax, en el t\u00f3rax anterior, brazo izquierdo y parental izquierdo, seg\u00fan certific\u00f3 la doctora Pamela Santana.","og_url":"https:\/\/higuey.info\/news\/menor-mata-su-padrastro-cuando-este-agredia-su-madre-en-higuey\/","og_site_name":"Hig\u00fcey.Info","article_published_time":"2020-07-29T03:30:01+00:00","article_modified_time":"2020-11-21T04:16:41+00:00","og_image":[{"width":1280,"height":800,"url":"https:\/\/higuey.info\/news\/wp-content\/uploads\/2020\/07\/cuchillo.jpg","type":"image\/jpeg"}],"author":"higuey.info","twitter_card":"summary_large_image","twitter_misc":{"Escrito por":"higuey.info","Tiempo de lectura":"1 minuto"},"schema":{"@context":"https:\/\/schema.org","@graph":[{"@type":"Article","@id":"https:\/\/higuey.info\/news\/menor-mata-su-padrastro-cuando-este-agredia-su-madre-en-higuey\/#article","isPartOf":{"@id":"https:\/\/higuey.info\/news\/menor-mata-su-padrastro-cuando-este-agredia-su-madre-en-higuey\/"},"author":{"name":"higuey.info","@id":"https:\/\/higuey.info\/news\/#\/schema\/person\/274b1e73c44a5e7d852529cd974f389f"},"headline":"Menor mata su padrastro cuando este agred\u00eda su madre en Hig\u00fcey.","datePublished":"2020-07-29T03:30:01+00:00","dateModified":"2020-11-21T04:16:41+00:00","mainEntityOfPage":{"@id":"https:\/\/higuey.info\/news\/menor-mata-su-padrastro-cuando-este-agredia-su-madre-en-higuey\/"},"wordCount":168,"commentCount":0,"publisher":{"@id":"https:\/\/higuey.info\/news\/#organization"},"image":{"@id":"https:\/\/higuey.info\/news\/menor-mata-su-padrastro-cuando-este-agredia-su-madre-en-higuey\/#primaryimage"},"thumbnailUrl":"https:\/\/higuey.info\/news\/wp-content\/uploads\/2020\/07\/cuchillo.jpg","keywords":["Eduardo Santo Cano Dantes","Hombre Muerto","matan hombre en san martin","Pamela Santana"],"articleSection":["Destacado","Higuey","La Altagracia","San Martin"],"inLanguage":"es","potentialAction":[{"@type":"CommentAction","name":"Comment","target":["https:\/\/higuey.info\/news\/menor-mata-su-padrastro-cuando-este-agredia-su-madre-en-higuey\/#respond"]}]},{"@type":"WebPage","@id":"https:\/\/higuey.info\/news\/menor-mata-su-padrastro-cuando-este-agredia-su-madre-en-higuey\/","url":"https:\/\/higuey.info\/news\/menor-mata-su-padrastro-cuando-este-agredia-su-madre-en-higuey\/","name":"Menor mata su padrastro cuando este agred\u00eda su madre en Hig\u00fcey. - Higuey.Info","isPartOf":{"@id":"https:\/\/higuey.info\/news\/#website"},"primaryImageOfPage":{"@id":"https:\/\/higuey.info\/news\/menor-mata-su-padrastro-cuando-este-agredia-su-madre-en-higuey\/#primaryimage"},"image":{"@id":"https:\/\/higuey.info\/news\/menor-mata-su-padrastro-cuando-este-agredia-su-madre-en-higuey\/#primaryimage"},"thumbnailUrl":"https:\/\/higuey.info\/news\/wp-content\/uploads\/2020\/07\/cuchillo.jpg","datePublished":"2020-07-29T03:30:01+00:00","dateModified":"2020-11-21T04:16:41+00:00","description":"El occiso fue identificado como Eduardo Santo Cano Dantes, de 49 a\u00f1os, quien recibi\u00f3 heridas con una arma blanca en el t\u00f3rax, en el t\u00f3rax anterior, brazo izquierdo y parental izquierdo, seg\u00fan certific\u00f3 la doctora Pamela Santana.","breadcrumb":{"@id":"https:\/\/higuey.info\/news\/menor-mata-su-padrastro-cuando-este-agredia-su-madre-en-higuey\/#breadcrumb"},"inLanguage":"es","potentialAction":[{"@type":"ReadAction","target":["https:\/\/higuey.info\/news\/menor-mata-su-padrastro-cuando-este-agredia-su-madre-en-higuey\/"]}]},{"@type":"ImageObject","inLanguage":"es","@id":"https:\/\/higuey.info\/news\/menor-mata-su-padrastro-cuando-este-agredia-su-madre-en-higuey\/#primaryimage","url":"https:\/\/higuey.info\/news\/wp-content\/uploads\/2020\/07\/cuchillo.jpg","contentUrl":"https:\/\/higuey.info\/news\/wp-content\/uploads\/2020\/07\/cuchillo.jpg","width":1280,"height":800},{"@type":"BreadcrumbList","@id":"https:\/\/higuey.info\/news\/menor-mata-su-padrastro-cuando-este-agredia-su-madre-en-higuey\/#breadcrumb","itemListElement":[{"@type":"ListItem","position":1,"name":"Portada","item":"https:\/\/higuey.info\/news\/"},{"@type":"ListItem","position":2,"name":"Menor mata su padrastro cuando este agred\u00eda su madre en Hig\u00fcey."}]},{"@type":"WebSite","@id":"https:\/\/higuey.info\/news\/#website","url":"https:\/\/higuey.info\/news\/","name":"Hig\u00fcey.Info","description":"Noticias de Hig\u00fcey La Altagracia Rep\u00fablica Dominicana.","publisher":{"@id":"https:\/\/higuey.info\/news\/#organization"},"potentialAction":[{"@type":"SearchAction","target":{"@type":"EntryPoint","urlTemplate":"https:\/\/higuey.info\/news\/?s={search_term_string}"},"query-input":{"@type":"PropertyValueSpecification","valueRequired":true,"valueName":"search_term_string"}}],"inLanguage":"es"},{"@type":"Organization","@id":"https:\/\/higuey.info\/news\/#organization","name":"Hig\u00fcey.Info","url":"https:\/\/higuey.info\/news\/","logo":{"@type":"ImageObject","inLanguage":"es","@id":"https:\/\/higuey.info\/news\/#\/schema\/logo\/image\/","url":"https:\/\/higuey.info\/news\/wp-content\/uploads\/2015\/11\/logof.jpg","contentUrl":"https:\/\/higuey.info\/news\/wp-content\/uploads\/2015\/11\/logof.jpg","width":248,"height":90,"caption":"Hig\u00fcey.Info"},"image":{"@id":"https:\/\/higuey.info\/news\/#\/schema\/logo\/image\/"}},{"@type":"Person","@id":"https:\/\/higuey.info\/news\/#\/schema\/person\/274b1e73c44a5e7d852529cd974f389f","name":"higuey.info","image":{"@type":"ImageObject","inLanguage":"es","@id":"https:\/\/secure.gravatar.com\/avatar\/baaa13fb48787405f1f95c6405f1f193ab4cefad2554d219db78e9a57688ba88?s=96&d=wavatar&r=g","url":"https:\/\/secure.gravatar.com\/avatar\/baaa13fb48787405f1f95c6405f1f193ab4cefad2554d219db78e9a57688ba88?s=96&d=wavatar&r=g","contentUrl":"https:\/\/secure.gravatar.com\/avatar\/baaa13fb48787405f1f95c6405f1f193ab4cefad2554d219db78e9a57688ba88?s=96&d=wavatar&r=g","caption":"higuey.info"},"description":"Higuey Info | Portal informativo numero uno de la ciudad de Higuey, Todas las Noticias de Higuey La Altagracia Republica Dominicana.","sameAs":["https:\/\/higuey.info\/news"]}]}},"_links":{"self":[{"href":"https:\/\/higuey.info\/news\/wp-json\/wp\/v2\/posts\/14629","targetHints":{"allow":["GET"]}}],"collection":[{"href":"https:\/\/higuey.info\/news\/wp-json\/wp\/v2\/posts"}],"about":[{"href":"https:\/\/higuey.info\/news\/wp-json\/wp\/v2\/types\/post"}],"author":[{"embeddable":true,"href":"https:\/\/higuey.info\/news\/wp-json\/wp\/v2\/users\/1"}],"replies":[{"embeddable":true,"href":"https:\/\/higuey.info\/news\/wp-json\/wp\/v2\/comments?post=14629"}],"version-history":[{"count":2,"href":"https:\/\/higuey.info\/news\/wp-json\/wp\/v2\/posts\/14629\/revisions"}],"predecessor-version":[{"id":14897,"href":"https:\/\/higuey.info\/news\/wp-json\/wp\/v2\/posts\/14629\/revisions\/14897"}],"wp:featuredmedia":[{"embeddable":true,"href":"https:\/\/higuey.info\/news\/wp-json\/wp\/v2\/media\/14630"}],"wp:attachment":[{"href":"https:\/\/higuey.info\/news\/wp-json\/wp\/v2\/media?parent=14629"}],"wp:term":[{"taxonomy":"category","embeddable":true,"href":"https:\/\/higuey.info\/news\/wp-json\/wp\/v2\/categories?post=14629"},{"taxonomy":"post_tag","embeddable":true,"href":"https:\/\/higuey.info\/news\/wp-json\/wp\/v2\/tags?post=14629"}],"curies":[{"name":"wp","href":"https:\/\/api.w.org\/{rel}","templated":true}]}}