{"id":14659,"date":"2020-08-27T15:45:32","date_gmt":"2020-08-27T15:45:32","guid":{"rendered":"https:\/\/higuey.info\/news\/news\/?p=14659"},"modified":"2020-11-21T04:17:05","modified_gmt":"2020-11-21T04:17:05","slug":"murio-el-ganadero-jose-manuel-alvarez","status":"publish","type":"post","link":"https:\/\/higuey.info\/news\/murio-el-ganadero-jose-manuel-alvarez\/","title":{"rendered":"Muri\u00f3 el ganadero Jos\u00e9 Manuel \u00c1lvarez."},"content":{"rendered":"<p>[ad id=\u00bb11330&#8243;]Ha fallecido en la madrugada de este mi\u00e9rcoles, en Santo Domingo, el Dr. <strong>Jos\u00e9 Manuel Alvarez<\/strong>, m\u00e9dico\u00a0veterinario espa\u00f1ol, que por mas de medio siglo se radic\u00f3 en Higuey. Lleg\u00f3 a la ciudad<br \/>\noriental contratado por <strong>Fernando Viyella<\/strong>, para ofrecer sus servicios t\u00e9cnicos en la legendaria finca La\u00a0Cortina, que ten\u00eda el empresario espa\u00f1ol en el Cruce de <a href=\"https:\/\/higuey.info\/news\/category\/la-republica\/la-altagracia\/higuey\/mi-comunidad\/cruz-del-isleno\/\"><strong>Cruz del Isle\u00f1o<\/strong><\/a>.<\/p>\n<p>En Higuey cas\u00f3 con la\u00a0 se\u00f1ora <strong>Margarita Pay\u00e1n<\/strong>, con quien procre\u00f3 a <strong>Jos\u00e9 Or\u00edgenes<\/strong>, <strong>Manuel Regino<\/strong> y <strong>Patricia Isabel<\/strong>, amigos\u00a0 \u00edntimos\u00a0 delautor de esta nota.<\/p>\n<p>En la regi\u00f3n Este la agropecuaria en general, y la ganader\u00eda vacuna en particular, comenzaron a\u00a0 registrar extraordinarios crecimientos con la llegada de <strong>Jos\u00e9 Manuel<\/strong> a la zona.<\/p>\n<p>Compartiendo sus responsabilidades contractuales, el brillante veterinario espa\u00f1ol sacaba espacio para transmitir a los peque\u00f1os y medianos ganaderos los beneficios que genera la la tecnolog\u00eda moderna.[ad id=\u00bb11330&#8243;]<\/p>\n<p>Promov\u00eda, adem\u00e1s, la interrelaci\u00f3n entre productores y t\u00e9cnicos de los sectores publico y privado, y diligenciaba, y obten\u00eda, la visita constante de funcionarios gubernamentales, para que conocieran\u00a0 sobree terreno las principales necesidades de los productores y tratar de buscar soluciones<br \/>\nadecuadas a los mismos.<\/p>\n","protected":false},"excerpt":{"rendered":"<p>En Higuey cas\u00f3 con la\u00a0 se\u00f1ora Margarita Pay\u00e1n, con quien procre\u00f3 a Jos\u00e9 Or\u00edgenes, Manuel Regino y Patricia Isabel, amigos\u00a0 \u00edntimos\u00a0 delautor de esta nota.<\/p>\n","protected":false},"author":1,"featured_media":14661,"comment_status":"open","ping_status":"open","sticky":false,"template":"","format":"standard","meta":{"footnotes":""},"categories":[2367,4,6995,6936],"tags":[],"class_list":["post-14659","post","type-post","status-publish","format-standard","has-post-thumbnail","hentry","category-cementerio-virtual","category-higuey","category-la-altagracia","category-local"],"yoast_head":"<!-- This site is optimized with the Yoast SEO plugin v27.5 - https:\/\/yoast.com\/product\/yoast-seo-wordpress\/ -->\n<title>Muri\u00f3 el ganadero Jos\u00e9 Manuel \u00c1lvarez. - Higuey.Info<\/title>\n<meta name=\"description\" content=\"En Higuey cas\u00f3 con la\u00a0 se\u00f1ora Margarita Pay\u00e1n, con quien procre\u00f3 a Jos\u00e9 Or\u00edgenes, Manuel Regino y Patricia Isabel, amigos\u00a0 \u00edntimos\u00a0 delautor de esta nota.\" \/>\n<meta name=\"robots\" content=\"index, follow, max-snippet:-1, max-image-preview:large, max-video-preview:-1\" \/>\n<link rel=\"canonical\" href=\"https:\/\/higuey.info\/news\/murio-el-ganadero-jose-manuel-alvarez\/\" \/>\n<meta property=\"og:locale\" content=\"es_ES\" \/>\n<meta property=\"og:type\" content=\"article\" \/>\n<meta property=\"og:title\" content=\"Muri\u00f3 el ganadero Jos\u00e9 Manuel \u00c1lvarez. - Higuey.Info\" \/>\n<meta property=\"og:description\" content=\"En Higuey cas\u00f3 con la\u00a0 se\u00f1ora Margarita Pay\u00e1n, con quien procre\u00f3 a Jos\u00e9 Or\u00edgenes, Manuel Regino y Patricia Isabel, amigos\u00a0 \u00edntimos\u00a0 delautor de esta nota.\" \/>\n<meta property=\"og:url\" content=\"https:\/\/higuey.info\/news\/murio-el-ganadero-jose-manuel-alvarez\/\" \/>\n<meta property=\"og:site_name\" content=\"Hig\u00fcey.Info\" \/>\n<meta property=\"article:published_time\" content=\"2020-08-27T15:45:32+00:00\" \/>\n<meta property=\"article:modified_time\" content=\"2020-11-21T04:17:05+00:00\" \/>\n<meta property=\"og:image\" content=\"https:\/\/higuey.info\/news\/wp-content\/uploads\/2020\/08\/alvarez.jpg\" \/>\n\t<meta property=\"og:image:width\" content=\"190\" \/>\n\t<meta property=\"og:image:height\" content=\"210\" \/>\n\t<meta property=\"og:image:type\" content=\"image\/jpeg\" \/>\n<meta name=\"author\" content=\"higuey.info\" \/>\n<meta name=\"twitter:card\" content=\"summary_large_image\" \/>\n<meta name=\"twitter:label1\" content=\"Escrito por\" \/>\n\t<meta name=\"twitter:data1\" content=\"higuey.info\" \/>\n\t<meta name=\"twitter:label2\" content=\"Tiempo de lectura\" \/>\n\t<meta name=\"twitter:data2\" content=\"1 minuto\" \/>\n<script type=\"application\/ld+json\" class=\"yoast-schema-graph\">{\"@context\":\"https:\\\/\\\/schema.org\",\"@graph\":[{\"@type\":\"Article\",\"@id\":\"https:\\\/\\\/higuey.info\\\/news\\\/murio-el-ganadero-jose-manuel-alvarez\\\/#article\",\"isPartOf\":{\"@id\":\"https:\\\/\\\/higuey.info\\\/news\\\/murio-el-ganadero-jose-manuel-alvarez\\\/\"},\"author\":{\"name\":\"higuey.info\",\"@id\":\"https:\\\/\\\/higuey.info\\\/news\\\/#\\\/schema\\\/person\\\/274b1e73c44a5e7d852529cd974f389f\"},\"headline\":\"Muri\u00f3 el ganadero Jos\u00e9 Manuel \u00c1lvarez.\",\"datePublished\":\"2020-08-27T15:45:32+00:00\",\"dateModified\":\"2020-11-21T04:17:05+00:00\",\"mainEntityOfPage\":{\"@id\":\"https:\\\/\\\/higuey.info\\\/news\\\/murio-el-ganadero-jose-manuel-alvarez\\\/\"},\"wordCount\":214,\"commentCount\":0,\"publisher\":{\"@id\":\"https:\\\/\\\/higuey.info\\\/news\\\/#organization\"},\"image\":{\"@id\":\"https:\\\/\\\/higuey.info\\\/news\\\/murio-el-ganadero-jose-manuel-alvarez\\\/#primaryimage\"},\"thumbnailUrl\":\"https:\\\/\\\/higuey.info\\\/news\\\/wp-content\\\/uploads\\\/2020\\\/08\\\/alvarez.jpg\",\"articleSection\":[\"Cementerio Virtual\",\"Higuey\",\"La Altagracia\",\"Local\"],\"inLanguage\":\"es\",\"potentialAction\":[{\"@type\":\"CommentAction\",\"name\":\"Comment\",\"target\":[\"https:\\\/\\\/higuey.info\\\/news\\\/murio-el-ganadero-jose-manuel-alvarez\\\/#respond\"]}]},{\"@type\":\"WebPage\",\"@id\":\"https:\\\/\\\/higuey.info\\\/news\\\/murio-el-ganadero-jose-manuel-alvarez\\\/\",\"url\":\"https:\\\/\\\/higuey.info\\\/news\\\/murio-el-ganadero-jose-manuel-alvarez\\\/\",\"name\":\"Muri\u00f3 el ganadero Jos\u00e9 Manuel \u00c1lvarez. - Higuey.Info\",\"isPartOf\":{\"@id\":\"https:\\\/\\\/higuey.info\\\/news\\\/#website\"},\"primaryImageOfPage\":{\"@id\":\"https:\\\/\\\/higuey.info\\\/news\\\/murio-el-ganadero-jose-manuel-alvarez\\\/#primaryimage\"},\"image\":{\"@id\":\"https:\\\/\\\/higuey.info\\\/news\\\/murio-el-ganadero-jose-manuel-alvarez\\\/#primaryimage\"},\"thumbnailUrl\":\"https:\\\/\\\/higuey.info\\\/news\\\/wp-content\\\/uploads\\\/2020\\\/08\\\/alvarez.jpg\",\"datePublished\":\"2020-08-27T15:45:32+00:00\",\"dateModified\":\"2020-11-21T04:17:05+00:00\",\"description\":\"En Higuey cas\u00f3 con la\u00a0 se\u00f1ora Margarita Pay\u00e1n, con quien procre\u00f3 a Jos\u00e9 Or\u00edgenes, Manuel Regino y Patricia Isabel, amigos\u00a0 \u00edntimos\u00a0 delautor de esta nota.\",\"breadcrumb\":{\"@id\":\"https:\\\/\\\/higuey.info\\\/news\\\/murio-el-ganadero-jose-manuel-alvarez\\\/#breadcrumb\"},\"inLanguage\":\"es\",\"potentialAction\":[{\"@type\":\"ReadAction\",\"target\":[\"https:\\\/\\\/higuey.info\\\/news\\\/murio-el-ganadero-jose-manuel-alvarez\\\/\"]}]},{\"@type\":\"ImageObject\",\"inLanguage\":\"es\",\"@id\":\"https:\\\/\\\/higuey.info\\\/news\\\/murio-el-ganadero-jose-manuel-alvarez\\\/#primaryimage\",\"url\":\"https:\\\/\\\/higuey.info\\\/news\\\/wp-content\\\/uploads\\\/2020\\\/08\\\/alvarez.jpg\",\"contentUrl\":\"https:\\\/\\\/higuey.info\\\/news\\\/wp-content\\\/uploads\\\/2020\\\/08\\\/alvarez.jpg\",\"width\":190,\"height\":210},{\"@type\":\"BreadcrumbList\",\"@id\":\"https:\\\/\\\/higuey.info\\\/news\\\/murio-el-ganadero-jose-manuel-alvarez\\\/#breadcrumb\",\"itemListElement\":[{\"@type\":\"ListItem\",\"position\":1,\"name\":\"Portada\",\"item\":\"https:\\\/\\\/higuey.info\\\/news\\\/\"},{\"@type\":\"ListItem\",\"position\":2,\"name\":\"Muri\u00f3 el ganadero Jos\u00e9 Manuel \u00c1lvarez.\"}]},{\"@type\":\"WebSite\",\"@id\":\"https:\\\/\\\/higuey.info\\\/news\\\/#website\",\"url\":\"https:\\\/\\\/higuey.info\\\/news\\\/\",\"name\":\"Hig\u00fcey.Info\",\"description\":\"Noticias de Hig\u00fcey La Altagracia Rep\u00fablica Dominicana.\",\"publisher\":{\"@id\":\"https:\\\/\\\/higuey.info\\\/news\\\/#organization\"},\"potentialAction\":[{\"@type\":\"SearchAction\",\"target\":{\"@type\":\"EntryPoint\",\"urlTemplate\":\"https:\\\/\\\/higuey.info\\\/news\\\/?s={search_term_string}\"},\"query-input\":{\"@type\":\"PropertyValueSpecification\",\"valueRequired\":true,\"valueName\":\"search_term_string\"}}],\"inLanguage\":\"es\"},{\"@type\":\"Organization\",\"@id\":\"https:\\\/\\\/higuey.info\\\/news\\\/#organization\",\"name\":\"Hig\u00fcey.Info\",\"url\":\"https:\\\/\\\/higuey.info\\\/news\\\/\",\"logo\":{\"@type\":\"ImageObject\",\"inLanguage\":\"es\",\"@id\":\"https:\\\/\\\/higuey.info\\\/news\\\/#\\\/schema\\\/logo\\\/image\\\/\",\"url\":\"https:\\\/\\\/higuey.info\\\/news\\\/wp-content\\\/uploads\\\/2015\\\/11\\\/logof.jpg\",\"contentUrl\":\"https:\\\/\\\/higuey.info\\\/news\\\/wp-content\\\/uploads\\\/2015\\\/11\\\/logof.jpg\",\"width\":248,\"height\":90,\"caption\":\"Hig\u00fcey.Info\"},\"image\":{\"@id\":\"https:\\\/\\\/higuey.info\\\/news\\\/#\\\/schema\\\/logo\\\/image\\\/\"}},{\"@type\":\"Person\",\"@id\":\"https:\\\/\\\/higuey.info\\\/news\\\/#\\\/schema\\\/person\\\/274b1e73c44a5e7d852529cd974f389f\",\"name\":\"higuey.info\",\"image\":{\"@type\":\"ImageObject\",\"inLanguage\":\"es\",\"@id\":\"https:\\\/\\\/secure.gravatar.com\\\/avatar\\\/baaa13fb48787405f1f95c6405f1f193ab4cefad2554d219db78e9a57688ba88?s=96&d=wavatar&r=g\",\"url\":\"https:\\\/\\\/secure.gravatar.com\\\/avatar\\\/baaa13fb48787405f1f95c6405f1f193ab4cefad2554d219db78e9a57688ba88?s=96&d=wavatar&r=g\",\"contentUrl\":\"https:\\\/\\\/secure.gravatar.com\\\/avatar\\\/baaa13fb48787405f1f95c6405f1f193ab4cefad2554d219db78e9a57688ba88?s=96&d=wavatar&r=g\",\"caption\":\"higuey.info\"},\"description\":\"Higuey Info | Portal informativo numero uno de la ciudad de Higuey, Todas las Noticias de Higuey La Altagracia Republica Dominicana.\",\"sameAs\":[\"https:\\\/\\\/higuey.info\\\/news\"]}]}<\/script>\n<!-- \/ Yoast SEO plugin. -->","yoast_head_json":{"title":"Muri\u00f3 el ganadero Jos\u00e9 Manuel \u00c1lvarez. - Higuey.Info","description":"En Higuey cas\u00f3 con la\u00a0 se\u00f1ora Margarita Pay\u00e1n, con quien procre\u00f3 a Jos\u00e9 Or\u00edgenes, Manuel Regino y Patricia Isabel, amigos\u00a0 \u00edntimos\u00a0 delautor de esta nota.","robots":{"index":"index","follow":"follow","max-snippet":"max-snippet:-1","max-image-preview":"max-image-preview:large","max-video-preview":"max-video-preview:-1"},"canonical":"https:\/\/higuey.info\/news\/murio-el-ganadero-jose-manuel-alvarez\/","og_locale":"es_ES","og_type":"article","og_title":"Muri\u00f3 el ganadero Jos\u00e9 Manuel \u00c1lvarez. - Higuey.Info","og_description":"En Higuey cas\u00f3 con la\u00a0 se\u00f1ora Margarita Pay\u00e1n, con quien procre\u00f3 a Jos\u00e9 Or\u00edgenes, Manuel Regino y Patricia Isabel, amigos\u00a0 \u00edntimos\u00a0 delautor de esta nota.","og_url":"https:\/\/higuey.info\/news\/murio-el-ganadero-jose-manuel-alvarez\/","og_site_name":"Hig\u00fcey.Info","article_published_time":"2020-08-27T15:45:32+00:00","article_modified_time":"2020-11-21T04:17:05+00:00","og_image":[{"width":190,"height":210,"url":"https:\/\/higuey.info\/news\/wp-content\/uploads\/2020\/08\/alvarez.jpg","type":"image\/jpeg"}],"author":"higuey.info","twitter_card":"summary_large_image","twitter_misc":{"Escrito por":"higuey.info","Tiempo de lectura":"1 minuto"},"schema":{"@context":"https:\/\/schema.org","@graph":[{"@type":"Article","@id":"https:\/\/higuey.info\/news\/murio-el-ganadero-jose-manuel-alvarez\/#article","isPartOf":{"@id":"https:\/\/higuey.info\/news\/murio-el-ganadero-jose-manuel-alvarez\/"},"author":{"name":"higuey.info","@id":"https:\/\/higuey.info\/news\/#\/schema\/person\/274b1e73c44a5e7d852529cd974f389f"},"headline":"Muri\u00f3 el ganadero Jos\u00e9 Manuel \u00c1lvarez.","datePublished":"2020-08-27T15:45:32+00:00","dateModified":"2020-11-21T04:17:05+00:00","mainEntityOfPage":{"@id":"https:\/\/higuey.info\/news\/murio-el-ganadero-jose-manuel-alvarez\/"},"wordCount":214,"commentCount":0,"publisher":{"@id":"https:\/\/higuey.info\/news\/#organization"},"image":{"@id":"https:\/\/higuey.info\/news\/murio-el-ganadero-jose-manuel-alvarez\/#primaryimage"},"thumbnailUrl":"https:\/\/higuey.info\/news\/wp-content\/uploads\/2020\/08\/alvarez.jpg","articleSection":["Cementerio Virtual","Higuey","La Altagracia","Local"],"inLanguage":"es","potentialAction":[{"@type":"CommentAction","name":"Comment","target":["https:\/\/higuey.info\/news\/murio-el-ganadero-jose-manuel-alvarez\/#respond"]}]},{"@type":"WebPage","@id":"https:\/\/higuey.info\/news\/murio-el-ganadero-jose-manuel-alvarez\/","url":"https:\/\/higuey.info\/news\/murio-el-ganadero-jose-manuel-alvarez\/","name":"Muri\u00f3 el ganadero Jos\u00e9 Manuel \u00c1lvarez. - Higuey.Info","isPartOf":{"@id":"https:\/\/higuey.info\/news\/#website"},"primaryImageOfPage":{"@id":"https:\/\/higuey.info\/news\/murio-el-ganadero-jose-manuel-alvarez\/#primaryimage"},"image":{"@id":"https:\/\/higuey.info\/news\/murio-el-ganadero-jose-manuel-alvarez\/#primaryimage"},"thumbnailUrl":"https:\/\/higuey.info\/news\/wp-content\/uploads\/2020\/08\/alvarez.jpg","datePublished":"2020-08-27T15:45:32+00:00","dateModified":"2020-11-21T04:17:05+00:00","description":"En Higuey cas\u00f3 con la\u00a0 se\u00f1ora Margarita Pay\u00e1n, con quien procre\u00f3 a Jos\u00e9 Or\u00edgenes, Manuel Regino y Patricia Isabel, amigos\u00a0 \u00edntimos\u00a0 delautor de esta nota.","breadcrumb":{"@id":"https:\/\/higuey.info\/news\/murio-el-ganadero-jose-manuel-alvarez\/#breadcrumb"},"inLanguage":"es","potentialAction":[{"@type":"ReadAction","target":["https:\/\/higuey.info\/news\/murio-el-ganadero-jose-manuel-alvarez\/"]}]},{"@type":"ImageObject","inLanguage":"es","@id":"https:\/\/higuey.info\/news\/murio-el-ganadero-jose-manuel-alvarez\/#primaryimage","url":"https:\/\/higuey.info\/news\/wp-content\/uploads\/2020\/08\/alvarez.jpg","contentUrl":"https:\/\/higuey.info\/news\/wp-content\/uploads\/2020\/08\/alvarez.jpg","width":190,"height":210},{"@type":"BreadcrumbList","@id":"https:\/\/higuey.info\/news\/murio-el-ganadero-jose-manuel-alvarez\/#breadcrumb","itemListElement":[{"@type":"ListItem","position":1,"name":"Portada","item":"https:\/\/higuey.info\/news\/"},{"@type":"ListItem","position":2,"name":"Muri\u00f3 el ganadero Jos\u00e9 Manuel \u00c1lvarez."}]},{"@type":"WebSite","@id":"https:\/\/higuey.info\/news\/#website","url":"https:\/\/higuey.info\/news\/","name":"Hig\u00fcey.Info","description":"Noticias de Hig\u00fcey La Altagracia Rep\u00fablica Dominicana.","publisher":{"@id":"https:\/\/higuey.info\/news\/#organization"},"potentialAction":[{"@type":"SearchAction","target":{"@type":"EntryPoint","urlTemplate":"https:\/\/higuey.info\/news\/?s={search_term_string}"},"query-input":{"@type":"PropertyValueSpecification","valueRequired":true,"valueName":"search_term_string"}}],"inLanguage":"es"},{"@type":"Organization","@id":"https:\/\/higuey.info\/news\/#organization","name":"Hig\u00fcey.Info","url":"https:\/\/higuey.info\/news\/","logo":{"@type":"ImageObject","inLanguage":"es","@id":"https:\/\/higuey.info\/news\/#\/schema\/logo\/image\/","url":"https:\/\/higuey.info\/news\/wp-content\/uploads\/2015\/11\/logof.jpg","contentUrl":"https:\/\/higuey.info\/news\/wp-content\/uploads\/2015\/11\/logof.jpg","width":248,"height":90,"caption":"Hig\u00fcey.Info"},"image":{"@id":"https:\/\/higuey.info\/news\/#\/schema\/logo\/image\/"}},{"@type":"Person","@id":"https:\/\/higuey.info\/news\/#\/schema\/person\/274b1e73c44a5e7d852529cd974f389f","name":"higuey.info","image":{"@type":"ImageObject","inLanguage":"es","@id":"https:\/\/secure.gravatar.com\/avatar\/baaa13fb48787405f1f95c6405f1f193ab4cefad2554d219db78e9a57688ba88?s=96&d=wavatar&r=g","url":"https:\/\/secure.gravatar.com\/avatar\/baaa13fb48787405f1f95c6405f1f193ab4cefad2554d219db78e9a57688ba88?s=96&d=wavatar&r=g","contentUrl":"https:\/\/secure.gravatar.com\/avatar\/baaa13fb48787405f1f95c6405f1f193ab4cefad2554d219db78e9a57688ba88?s=96&d=wavatar&r=g","caption":"higuey.info"},"description":"Higuey Info | Portal informativo numero uno de la ciudad de Higuey, Todas las Noticias de Higuey La Altagracia Republica Dominicana.","sameAs":["https:\/\/higuey.info\/news"]}]}},"_links":{"self":[{"href":"https:\/\/higuey.info\/news\/wp-json\/wp\/v2\/posts\/14659","targetHints":{"allow":["GET"]}}],"collection":[{"href":"https:\/\/higuey.info\/news\/wp-json\/wp\/v2\/posts"}],"about":[{"href":"https:\/\/higuey.info\/news\/wp-json\/wp\/v2\/types\/post"}],"author":[{"embeddable":true,"href":"https:\/\/higuey.info\/news\/wp-json\/wp\/v2\/users\/1"}],"replies":[{"embeddable":true,"href":"https:\/\/higuey.info\/news\/wp-json\/wp\/v2\/comments?post=14659"}],"version-history":[{"count":3,"href":"https:\/\/higuey.info\/news\/wp-json\/wp\/v2\/posts\/14659\/revisions"}],"predecessor-version":[{"id":14960,"href":"https:\/\/higuey.info\/news\/wp-json\/wp\/v2\/posts\/14659\/revisions\/14960"}],"wp:featuredmedia":[{"embeddable":true,"href":"https:\/\/higuey.info\/news\/wp-json\/wp\/v2\/media\/14661"}],"wp:attachment":[{"href":"https:\/\/higuey.info\/news\/wp-json\/wp\/v2\/media?parent=14659"}],"wp:term":[{"taxonomy":"category","embeddable":true,"href":"https:\/\/higuey.info\/news\/wp-json\/wp\/v2\/categories?post=14659"},{"taxonomy":"post_tag","embeddable":true,"href":"https:\/\/higuey.info\/news\/wp-json\/wp\/v2\/tags?post=14659"}],"curies":[{"name":"wp","href":"https:\/\/api.w.org\/{rel}","templated":true}]}}