{"id":1502,"date":"2013-08-16T19:12:37","date_gmt":"2013-08-16T19:12:37","guid":{"rendered":"https:\/\/higuey.info\/news\/?p=1502"},"modified":"2020-11-21T18:05:08","modified_gmt":"2020-11-21T18:05:08","slug":"apresan-otro-implicado-en-el-caso-de-los-353-45-kilos-de-droga-en-boca-de-yuma","status":"publish","type":"post","link":"https:\/\/higuey.info\/news\/apresan-otro-implicado-en-el-caso-de-los-353-45-kilos-de-droga-en-boca-de-yuma\/","title":{"rendered":"Apresan otro implicado en el caso  de los 353.45 kilos de droga en Boca de Yuma"},"content":{"rendered":"<p><a href=\"https:\/\/higuey.info\/news\/wp-content\/uploads\/2013\/08\/Droga-boca-de-yuma.jpeg\"><img loading=\"lazy\" decoding=\"async\" class=\"alignleft size-medium wp-image-1503\" alt=\"Droga boca de yuma\" src=\"https:\/\/higuey.info\/news\/wp-content\/uploads\/2013\/08\/Droga-boca-de-yuma-300x199.jpeg\" width=\"250\" height=\"199\" srcset=\"https:\/\/higuey.info\/news\/wp-content\/uploads\/2013\/08\/Droga-boca-de-yuma-55x45.jpeg 55w, https:\/\/higuey.info\/news\/wp-content\/uploads\/2013\/08\/Droga-boca-de-yuma-173x137.jpeg 173w\" sizes=\"auto, (max-width: 250px) 100vw, 250px\" \/><\/a>[adsensepost]<\/p>\n<p>La Direcci\u00f3n Nacional de Control de Drogas (DNCD) inform\u00f3 hoy el apresamiento de otro implicado en el caso de los trescientos 53.45 kilos de Boca de Yuma, narc\u00f3ticos que intentaban sacar del pa\u00eds con destino a la isla de Puerto Rico.<\/p>\n<p><strong>\u00a0Noticia Relacionada<\/strong>: <a title=\"Decomisan alijo de Droga en Boca de Yuma\" href=\"https:\/\/higuey.info\/news\/decomisan-alijo-de-droga-en-boca-de-yuma\/\"><strong>Decomisan alijo de droga en Boca de Yuma<\/strong><\/a><\/p>\n<p>La DNCD dijo que el detenido es Manuel Emilio Cede\u00f1o Cede\u00f1o, contra quien\u00a0 exist\u00eda una orden de arresto emitida por la Magistrada Josefina Ubiera Guerrero, jueza de la Oficina de Servicio de Atenci\u00f3n Permanente del Distrito Judicial de la Provincia Santo Domingo.<\/p>\n<p>&nbsp;<\/p>\n<p><b> Caso Boca de Yuma\u00a0<\/b><\/p>\n<p>&nbsp;<\/p>\n<p>La DNCD hab\u00eda anunciado el pasado jueves que con la colaboraci\u00f3n de la Fuerza A\u00e9rea Dominicana (FAD), ocup\u00f3 en el Este del pa\u00eds 343 paquetes de coca\u00edna con un peso de 353.45 kilogramos, a una poderosa organizaci\u00f3n de narcotraficantes compuesta por dominicanos y colombianos.<\/p>\n<p>&nbsp;<\/p>\n<p>La DNCD explic\u00f3 el operativo desplegado en las primeras horas de la ma\u00f1ana del mi\u00e9rcoles, en la costa de Boca de Yuma, provincia de La Altagracia, se realiz\u00f3 con apoyo de varios equipos de la URRT y DEPROSER, donde fueron apresadas tres personas.<\/p>\n<p>&nbsp;<\/p>\n<p>El operativo, precisa un comunicado de la agencia, fue precedido de una labor llevada a cabo por la Divisi\u00f3n T\u00e1ctica de Investigaciones Sensitivas (DITIS) de la DNCD, seguida de vigilancias y seguimientos por aire, mar y tierra.<\/p>\n<p>&nbsp;<\/p>\n<p>La DNCD dijo que se determin\u00f3 que la banda de narcotraficantes recib\u00eda por el Este del pa\u00eds, espec\u00edficamente la Isla Saona y el municipio costero de Boca de Yuma, grandes cargamentos de drogas procedentes de Sudam\u00e9rica, a bordo de lanchas r\u00e1pidas.<\/p>\n<p>&nbsp;<\/p>\n<p>Los trescientos 43 paquetes estaban contenidos en 13 pacas y fueron ocupados a Alberto de los Santos Rodr\u00edguez, de 46 a\u00f1os, y Anyiro Israel Tav\u00e1rez Berroa (Pico), de 39, en un \u00e1rea oculta, de dif\u00edcil, acceso en Boca de Yuma.<\/p>\n<p>&nbsp;<\/p>\n<p><a href=\"http:\/\/www.listindiario.com\/la-republica\/2013\/8\/16\/288547\/La-DNCD-apresa-otro-implicado-en-el-casode-los-35345-kilos-de-droga-en\" target=\"_blank\" rel=\"noopener noreferrer\">Visitar la Fuente<\/a><\/p>\n","protected":false},"excerpt":{"rendered":"<p>La DNCD dijo que el detenido es Manuel Emilio Cede\u00f1o Cede\u00f1o, contra quien  exist\u00eda una orden de arresto emitida por la Magistrada Josefina Ubiera Guerrero, jueza de la Oficina de Servicio de Atenci\u00f3n Permanente del Distrito Judicial de la Provincia Santo Domingo.<\/p>\n","protected":false},"author":1,"featured_media":1503,"comment_status":"closed","ping_status":"closed","sticky":false,"template":"","format":"standard","meta":{"footnotes":""},"categories":[1213,4,40,1212],"tags":[286,3784,3793],"class_list":["post-1502","post","type-post","status-publish","format-standard","has-post-thumbnail","hentry","category-boca-de-yuma-mi-campo","category-higuey","category-la-republica","category-mi-comunidad","tag-droga","tag-higuey","tag-yuma"],"yoast_head":"<!-- This site is optimized with the Yoast SEO plugin v27.5 - https:\/\/yoast.com\/product\/yoast-seo-wordpress\/ -->\n<title>Apresan otro implicado en el caso de los 353.45 kilos de droga en Boca de Yuma - Higuey.Info<\/title>\n<meta name=\"description\" content=\"La DNCD dijo que el detenido es Manuel Emilio Cede\u00f1o Cede\u00f1o, contra quien exist\u00eda una orden de arresto emitida por la Magistrada Josefina Ubiera Guerrero, jueza de la Oficina de Servicio de Atenci\u00f3n Permanente del Distrito Judicial de la Provincia Santo Domingo.\" \/>\n<meta name=\"robots\" content=\"index, follow, max-snippet:-1, max-image-preview:large, max-video-preview:-1\" \/>\n<link rel=\"canonical\" href=\"https:\/\/higuey.info\/news\/apresan-otro-implicado-en-el-caso-de-los-353-45-kilos-de-droga-en-boca-de-yuma\/\" \/>\n<meta property=\"og:locale\" content=\"es_ES\" \/>\n<meta property=\"og:type\" content=\"article\" \/>\n<meta property=\"og:title\" content=\"Apresan otro implicado en el caso de los 353.45 kilos de droga en Boca de Yuma - Higuey.Info\" \/>\n<meta property=\"og:description\" content=\"La DNCD dijo que el detenido es Manuel Emilio Cede\u00f1o Cede\u00f1o, contra quien exist\u00eda una orden de arresto emitida por la Magistrada Josefina Ubiera Guerrero, jueza de la Oficina de Servicio de Atenci\u00f3n Permanente del Distrito Judicial de la Provincia Santo Domingo.\" \/>\n<meta property=\"og:url\" content=\"https:\/\/higuey.info\/news\/apresan-otro-implicado-en-el-caso-de-los-353-45-kilos-de-droga-en-boca-de-yuma\/\" \/>\n<meta property=\"og:site_name\" content=\"Hig\u00fcey.Info\" \/>\n<meta property=\"article:published_time\" content=\"2013-08-16T19:12:37+00:00\" \/>\n<meta property=\"article:modified_time\" content=\"2020-11-21T18:05:08+00:00\" \/>\n<meta property=\"og:image\" content=\"https:\/\/higuey.info\/news\/wp-content\/uploads\/2013\/08\/Droga-boca-de-yuma.jpeg\" \/>\n\t<meta property=\"og:image:width\" content=\"680\" \/>\n\t<meta property=\"og:image:height\" content=\"452\" \/>\n\t<meta property=\"og:image:type\" content=\"image\/jpeg\" \/>\n<meta name=\"author\" content=\"higuey.info\" \/>\n<meta name=\"twitter:card\" content=\"summary_large_image\" \/>\n<meta name=\"twitter:label1\" content=\"Escrito por\" \/>\n\t<meta name=\"twitter:data1\" content=\"higuey.info\" \/>\n\t<meta name=\"twitter:label2\" content=\"Tiempo de lectura\" \/>\n\t<meta name=\"twitter:data2\" content=\"2 minutos\" \/>\n<script type=\"application\/ld+json\" class=\"yoast-schema-graph\">{\"@context\":\"https:\\\/\\\/schema.org\",\"@graph\":[{\"@type\":\"Article\",\"@id\":\"https:\\\/\\\/higuey.info\\\/news\\\/apresan-otro-implicado-en-el-caso-de-los-353-45-kilos-de-droga-en-boca-de-yuma\\\/#article\",\"isPartOf\":{\"@id\":\"https:\\\/\\\/higuey.info\\\/news\\\/apresan-otro-implicado-en-el-caso-de-los-353-45-kilos-de-droga-en-boca-de-yuma\\\/\"},\"author\":{\"name\":\"higuey.info\",\"@id\":\"https:\\\/\\\/higuey.info\\\/news\\\/#\\\/schema\\\/person\\\/274b1e73c44a5e7d852529cd974f389f\"},\"headline\":\"Apresan otro implicado en el caso de los 353.45 kilos de droga en Boca de Yuma\",\"datePublished\":\"2013-08-16T19:12:37+00:00\",\"dateModified\":\"2020-11-21T18:05:08+00:00\",\"mainEntityOfPage\":{\"@id\":\"https:\\\/\\\/higuey.info\\\/news\\\/apresan-otro-implicado-en-el-caso-de-los-353-45-kilos-de-droga-en-boca-de-yuma\\\/\"},\"wordCount\":347,\"publisher\":{\"@id\":\"https:\\\/\\\/higuey.info\\\/news\\\/#organization\"},\"image\":{\"@id\":\"https:\\\/\\\/higuey.info\\\/news\\\/apresan-otro-implicado-en-el-caso-de-los-353-45-kilos-de-droga-en-boca-de-yuma\\\/#primaryimage\"},\"thumbnailUrl\":\"https:\\\/\\\/higuey.info\\\/news\\\/wp-content\\\/uploads\\\/2013\\\/08\\\/Droga-boca-de-yuma.jpeg\",\"keywords\":[\"droga\",\"Higuey\",\"Yuma\"],\"articleSection\":[\"Boca de Yuma\",\"Higuey\",\"La Republica\",\"Mi comunidad\"],\"inLanguage\":\"es\"},{\"@type\":\"WebPage\",\"@id\":\"https:\\\/\\\/higuey.info\\\/news\\\/apresan-otro-implicado-en-el-caso-de-los-353-45-kilos-de-droga-en-boca-de-yuma\\\/\",\"url\":\"https:\\\/\\\/higuey.info\\\/news\\\/apresan-otro-implicado-en-el-caso-de-los-353-45-kilos-de-droga-en-boca-de-yuma\\\/\",\"name\":\"Apresan otro implicado en el caso de los 353.45 kilos de droga en Boca de Yuma - Higuey.Info\",\"isPartOf\":{\"@id\":\"https:\\\/\\\/higuey.info\\\/news\\\/#website\"},\"primaryImageOfPage\":{\"@id\":\"https:\\\/\\\/higuey.info\\\/news\\\/apresan-otro-implicado-en-el-caso-de-los-353-45-kilos-de-droga-en-boca-de-yuma\\\/#primaryimage\"},\"image\":{\"@id\":\"https:\\\/\\\/higuey.info\\\/news\\\/apresan-otro-implicado-en-el-caso-de-los-353-45-kilos-de-droga-en-boca-de-yuma\\\/#primaryimage\"},\"thumbnailUrl\":\"https:\\\/\\\/higuey.info\\\/news\\\/wp-content\\\/uploads\\\/2013\\\/08\\\/Droga-boca-de-yuma.jpeg\",\"datePublished\":\"2013-08-16T19:12:37+00:00\",\"dateModified\":\"2020-11-21T18:05:08+00:00\",\"description\":\"La DNCD dijo que el detenido es Manuel Emilio Cede\u00f1o Cede\u00f1o, contra quien exist\u00eda una orden de arresto emitida por la Magistrada Josefina Ubiera Guerrero, jueza de la Oficina de Servicio de Atenci\u00f3n Permanente del Distrito Judicial de la Provincia Santo Domingo.\",\"breadcrumb\":{\"@id\":\"https:\\\/\\\/higuey.info\\\/news\\\/apresan-otro-implicado-en-el-caso-de-los-353-45-kilos-de-droga-en-boca-de-yuma\\\/#breadcrumb\"},\"inLanguage\":\"es\",\"potentialAction\":[{\"@type\":\"ReadAction\",\"target\":[\"https:\\\/\\\/higuey.info\\\/news\\\/apresan-otro-implicado-en-el-caso-de-los-353-45-kilos-de-droga-en-boca-de-yuma\\\/\"]}]},{\"@type\":\"ImageObject\",\"inLanguage\":\"es\",\"@id\":\"https:\\\/\\\/higuey.info\\\/news\\\/apresan-otro-implicado-en-el-caso-de-los-353-45-kilos-de-droga-en-boca-de-yuma\\\/#primaryimage\",\"url\":\"https:\\\/\\\/higuey.info\\\/news\\\/wp-content\\\/uploads\\\/2013\\\/08\\\/Droga-boca-de-yuma.jpeg\",\"contentUrl\":\"https:\\\/\\\/higuey.info\\\/news\\\/wp-content\\\/uploads\\\/2013\\\/08\\\/Droga-boca-de-yuma.jpeg\",\"width\":680,\"height\":452},{\"@type\":\"BreadcrumbList\",\"@id\":\"https:\\\/\\\/higuey.info\\\/news\\\/apresan-otro-implicado-en-el-caso-de-los-353-45-kilos-de-droga-en-boca-de-yuma\\\/#breadcrumb\",\"itemListElement\":[{\"@type\":\"ListItem\",\"position\":1,\"name\":\"Portada\",\"item\":\"https:\\\/\\\/higuey.info\\\/news\\\/\"},{\"@type\":\"ListItem\",\"position\":2,\"name\":\"Apresan otro implicado en el caso de los 353.45 kilos de droga en Boca de Yuma\"}]},{\"@type\":\"WebSite\",\"@id\":\"https:\\\/\\\/higuey.info\\\/news\\\/#website\",\"url\":\"https:\\\/\\\/higuey.info\\\/news\\\/\",\"name\":\"Hig\u00fcey.Info\",\"description\":\"Noticias de Hig\u00fcey La Altagracia Rep\u00fablica Dominicana.\",\"publisher\":{\"@id\":\"https:\\\/\\\/higuey.info\\\/news\\\/#organization\"},\"potentialAction\":[{\"@type\":\"SearchAction\",\"target\":{\"@type\":\"EntryPoint\",\"urlTemplate\":\"https:\\\/\\\/higuey.info\\\/news\\\/?s={search_term_string}\"},\"query-input\":{\"@type\":\"PropertyValueSpecification\",\"valueRequired\":true,\"valueName\":\"search_term_string\"}}],\"inLanguage\":\"es\"},{\"@type\":\"Organization\",\"@id\":\"https:\\\/\\\/higuey.info\\\/news\\\/#organization\",\"name\":\"Hig\u00fcey.Info\",\"url\":\"https:\\\/\\\/higuey.info\\\/news\\\/\",\"logo\":{\"@type\":\"ImageObject\",\"inLanguage\":\"es\",\"@id\":\"https:\\\/\\\/higuey.info\\\/news\\\/#\\\/schema\\\/logo\\\/image\\\/\",\"url\":\"https:\\\/\\\/higuey.info\\\/news\\\/wp-content\\\/uploads\\\/2015\\\/11\\\/logof.jpg\",\"contentUrl\":\"https:\\\/\\\/higuey.info\\\/news\\\/wp-content\\\/uploads\\\/2015\\\/11\\\/logof.jpg\",\"width\":248,\"height\":90,\"caption\":\"Hig\u00fcey.Info\"},\"image\":{\"@id\":\"https:\\\/\\\/higuey.info\\\/news\\\/#\\\/schema\\\/logo\\\/image\\\/\"}},{\"@type\":\"Person\",\"@id\":\"https:\\\/\\\/higuey.info\\\/news\\\/#\\\/schema\\\/person\\\/274b1e73c44a5e7d852529cd974f389f\",\"name\":\"higuey.info\",\"image\":{\"@type\":\"ImageObject\",\"inLanguage\":\"es\",\"@id\":\"https:\\\/\\\/secure.gravatar.com\\\/avatar\\\/baaa13fb48787405f1f95c6405f1f193ab4cefad2554d219db78e9a57688ba88?s=96&d=wavatar&r=g\",\"url\":\"https:\\\/\\\/secure.gravatar.com\\\/avatar\\\/baaa13fb48787405f1f95c6405f1f193ab4cefad2554d219db78e9a57688ba88?s=96&d=wavatar&r=g\",\"contentUrl\":\"https:\\\/\\\/secure.gravatar.com\\\/avatar\\\/baaa13fb48787405f1f95c6405f1f193ab4cefad2554d219db78e9a57688ba88?s=96&d=wavatar&r=g\",\"caption\":\"higuey.info\"},\"description\":\"Higuey Info | Portal informativo numero uno de la ciudad de Higuey, Todas las Noticias de Higuey La Altagracia Republica Dominicana.\",\"sameAs\":[\"https:\\\/\\\/higuey.info\\\/news\"]}]}<\/script>\n<!-- \/ Yoast SEO plugin. -->","yoast_head_json":{"title":"Apresan otro implicado en el caso de los 353.45 kilos de droga en Boca de Yuma - Higuey.Info","description":"La DNCD dijo que el detenido es Manuel Emilio Cede\u00f1o Cede\u00f1o, contra quien exist\u00eda una orden de arresto emitida por la Magistrada Josefina Ubiera Guerrero, jueza de la Oficina de Servicio de Atenci\u00f3n Permanente del Distrito Judicial de la Provincia Santo Domingo.","robots":{"index":"index","follow":"follow","max-snippet":"max-snippet:-1","max-image-preview":"max-image-preview:large","max-video-preview":"max-video-preview:-1"},"canonical":"https:\/\/higuey.info\/news\/apresan-otro-implicado-en-el-caso-de-los-353-45-kilos-de-droga-en-boca-de-yuma\/","og_locale":"es_ES","og_type":"article","og_title":"Apresan otro implicado en el caso de los 353.45 kilos de droga en Boca de Yuma - Higuey.Info","og_description":"La DNCD dijo que el detenido es Manuel Emilio Cede\u00f1o Cede\u00f1o, contra quien exist\u00eda una orden de arresto emitida por la Magistrada Josefina Ubiera Guerrero, jueza de la Oficina de Servicio de Atenci\u00f3n Permanente del Distrito Judicial de la Provincia Santo Domingo.","og_url":"https:\/\/higuey.info\/news\/apresan-otro-implicado-en-el-caso-de-los-353-45-kilos-de-droga-en-boca-de-yuma\/","og_site_name":"Hig\u00fcey.Info","article_published_time":"2013-08-16T19:12:37+00:00","article_modified_time":"2020-11-21T18:05:08+00:00","og_image":[{"width":680,"height":452,"url":"https:\/\/higuey.info\/news\/wp-content\/uploads\/2013\/08\/Droga-boca-de-yuma.jpeg","type":"image\/jpeg"}],"author":"higuey.info","twitter_card":"summary_large_image","twitter_misc":{"Escrito por":"higuey.info","Tiempo de lectura":"2 minutos"},"schema":{"@context":"https:\/\/schema.org","@graph":[{"@type":"Article","@id":"https:\/\/higuey.info\/news\/apresan-otro-implicado-en-el-caso-de-los-353-45-kilos-de-droga-en-boca-de-yuma\/#article","isPartOf":{"@id":"https:\/\/higuey.info\/news\/apresan-otro-implicado-en-el-caso-de-los-353-45-kilos-de-droga-en-boca-de-yuma\/"},"author":{"name":"higuey.info","@id":"https:\/\/higuey.info\/news\/#\/schema\/person\/274b1e73c44a5e7d852529cd974f389f"},"headline":"Apresan otro implicado en el caso de los 353.45 kilos de droga en Boca de Yuma","datePublished":"2013-08-16T19:12:37+00:00","dateModified":"2020-11-21T18:05:08+00:00","mainEntityOfPage":{"@id":"https:\/\/higuey.info\/news\/apresan-otro-implicado-en-el-caso-de-los-353-45-kilos-de-droga-en-boca-de-yuma\/"},"wordCount":347,"publisher":{"@id":"https:\/\/higuey.info\/news\/#organization"},"image":{"@id":"https:\/\/higuey.info\/news\/apresan-otro-implicado-en-el-caso-de-los-353-45-kilos-de-droga-en-boca-de-yuma\/#primaryimage"},"thumbnailUrl":"https:\/\/higuey.info\/news\/wp-content\/uploads\/2013\/08\/Droga-boca-de-yuma.jpeg","keywords":["droga","Higuey","Yuma"],"articleSection":["Boca de Yuma","Higuey","La Republica","Mi comunidad"],"inLanguage":"es"},{"@type":"WebPage","@id":"https:\/\/higuey.info\/news\/apresan-otro-implicado-en-el-caso-de-los-353-45-kilos-de-droga-en-boca-de-yuma\/","url":"https:\/\/higuey.info\/news\/apresan-otro-implicado-en-el-caso-de-los-353-45-kilos-de-droga-en-boca-de-yuma\/","name":"Apresan otro implicado en el caso de los 353.45 kilos de droga en Boca de Yuma - Higuey.Info","isPartOf":{"@id":"https:\/\/higuey.info\/news\/#website"},"primaryImageOfPage":{"@id":"https:\/\/higuey.info\/news\/apresan-otro-implicado-en-el-caso-de-los-353-45-kilos-de-droga-en-boca-de-yuma\/#primaryimage"},"image":{"@id":"https:\/\/higuey.info\/news\/apresan-otro-implicado-en-el-caso-de-los-353-45-kilos-de-droga-en-boca-de-yuma\/#primaryimage"},"thumbnailUrl":"https:\/\/higuey.info\/news\/wp-content\/uploads\/2013\/08\/Droga-boca-de-yuma.jpeg","datePublished":"2013-08-16T19:12:37+00:00","dateModified":"2020-11-21T18:05:08+00:00","description":"La DNCD dijo que el detenido es Manuel Emilio Cede\u00f1o Cede\u00f1o, contra quien exist\u00eda una orden de arresto emitida por la Magistrada Josefina Ubiera Guerrero, jueza de la Oficina de Servicio de Atenci\u00f3n Permanente del Distrito Judicial de la Provincia Santo Domingo.","breadcrumb":{"@id":"https:\/\/higuey.info\/news\/apresan-otro-implicado-en-el-caso-de-los-353-45-kilos-de-droga-en-boca-de-yuma\/#breadcrumb"},"inLanguage":"es","potentialAction":[{"@type":"ReadAction","target":["https:\/\/higuey.info\/news\/apresan-otro-implicado-en-el-caso-de-los-353-45-kilos-de-droga-en-boca-de-yuma\/"]}]},{"@type":"ImageObject","inLanguage":"es","@id":"https:\/\/higuey.info\/news\/apresan-otro-implicado-en-el-caso-de-los-353-45-kilos-de-droga-en-boca-de-yuma\/#primaryimage","url":"https:\/\/higuey.info\/news\/wp-content\/uploads\/2013\/08\/Droga-boca-de-yuma.jpeg","contentUrl":"https:\/\/higuey.info\/news\/wp-content\/uploads\/2013\/08\/Droga-boca-de-yuma.jpeg","width":680,"height":452},{"@type":"BreadcrumbList","@id":"https:\/\/higuey.info\/news\/apresan-otro-implicado-en-el-caso-de-los-353-45-kilos-de-droga-en-boca-de-yuma\/#breadcrumb","itemListElement":[{"@type":"ListItem","position":1,"name":"Portada","item":"https:\/\/higuey.info\/news\/"},{"@type":"ListItem","position":2,"name":"Apresan otro implicado en el caso de los 353.45 kilos de droga en Boca de Yuma"}]},{"@type":"WebSite","@id":"https:\/\/higuey.info\/news\/#website","url":"https:\/\/higuey.info\/news\/","name":"Hig\u00fcey.Info","description":"Noticias de Hig\u00fcey La Altagracia Rep\u00fablica Dominicana.","publisher":{"@id":"https:\/\/higuey.info\/news\/#organization"},"potentialAction":[{"@type":"SearchAction","target":{"@type":"EntryPoint","urlTemplate":"https:\/\/higuey.info\/news\/?s={search_term_string}"},"query-input":{"@type":"PropertyValueSpecification","valueRequired":true,"valueName":"search_term_string"}}],"inLanguage":"es"},{"@type":"Organization","@id":"https:\/\/higuey.info\/news\/#organization","name":"Hig\u00fcey.Info","url":"https:\/\/higuey.info\/news\/","logo":{"@type":"ImageObject","inLanguage":"es","@id":"https:\/\/higuey.info\/news\/#\/schema\/logo\/image\/","url":"https:\/\/higuey.info\/news\/wp-content\/uploads\/2015\/11\/logof.jpg","contentUrl":"https:\/\/higuey.info\/news\/wp-content\/uploads\/2015\/11\/logof.jpg","width":248,"height":90,"caption":"Hig\u00fcey.Info"},"image":{"@id":"https:\/\/higuey.info\/news\/#\/schema\/logo\/image\/"}},{"@type":"Person","@id":"https:\/\/higuey.info\/news\/#\/schema\/person\/274b1e73c44a5e7d852529cd974f389f","name":"higuey.info","image":{"@type":"ImageObject","inLanguage":"es","@id":"https:\/\/secure.gravatar.com\/avatar\/baaa13fb48787405f1f95c6405f1f193ab4cefad2554d219db78e9a57688ba88?s=96&d=wavatar&r=g","url":"https:\/\/secure.gravatar.com\/avatar\/baaa13fb48787405f1f95c6405f1f193ab4cefad2554d219db78e9a57688ba88?s=96&d=wavatar&r=g","contentUrl":"https:\/\/secure.gravatar.com\/avatar\/baaa13fb48787405f1f95c6405f1f193ab4cefad2554d219db78e9a57688ba88?s=96&d=wavatar&r=g","caption":"higuey.info"},"description":"Higuey Info | Portal informativo numero uno de la ciudad de Higuey, Todas las Noticias de Higuey La Altagracia Republica Dominicana.","sameAs":["https:\/\/higuey.info\/news"]}]}},"_links":{"self":[{"href":"https:\/\/higuey.info\/news\/wp-json\/wp\/v2\/posts\/1502","targetHints":{"allow":["GET"]}}],"collection":[{"href":"https:\/\/higuey.info\/news\/wp-json\/wp\/v2\/posts"}],"about":[{"href":"https:\/\/higuey.info\/news\/wp-json\/wp\/v2\/types\/post"}],"author":[{"embeddable":true,"href":"https:\/\/higuey.info\/news\/wp-json\/wp\/v2\/users\/1"}],"replies":[{"embeddable":true,"href":"https:\/\/higuey.info\/news\/wp-json\/wp\/v2\/comments?post=1502"}],"version-history":[{"count":11,"href":"https:\/\/higuey.info\/news\/wp-json\/wp\/v2\/posts\/1502\/revisions"}],"predecessor-version":[{"id":18978,"href":"https:\/\/higuey.info\/news\/wp-json\/wp\/v2\/posts\/1502\/revisions\/18978"}],"wp:featuredmedia":[{"embeddable":true,"href":"https:\/\/higuey.info\/news\/wp-json\/wp\/v2\/media\/1503"}],"wp:attachment":[{"href":"https:\/\/higuey.info\/news\/wp-json\/wp\/v2\/media?parent=1502"}],"wp:term":[{"taxonomy":"category","embeddable":true,"href":"https:\/\/higuey.info\/news\/wp-json\/wp\/v2\/categories?post=1502"},{"taxonomy":"post_tag","embeddable":true,"href":"https:\/\/higuey.info\/news\/wp-json\/wp\/v2\/tags?post=1502"}],"curies":[{"name":"wp","href":"https:\/\/api.w.org\/{rel}","templated":true}]}}