{"id":1983,"date":"2013-09-28T14:04:29","date_gmt":"2013-09-28T14:04:29","guid":{"rendered":"https:\/\/higuey.info\/news\/?p=1983"},"modified":"2020-11-21T17:04:17","modified_gmt":"2020-11-21T17:04:17","slug":"abuso-apresan-haitiano-acusado-de-violar-a-una-nina-de-dos-anos-en-higuey","status":"publish","type":"post","link":"https:\/\/higuey.info\/news\/abuso-apresan-haitiano-acusado-de-violar-a-una-nina-de-dos-anos-en-higuey\/","title":{"rendered":"ABUSO! Apresan haitiano acusado de violar a una ni\u00f1a de dos a\u00f1os en Hig\u00fcey"},"content":{"rendered":"<h5 data-ft=\"{&quot;type&quot;:1,&quot;tn&quot;:&quot;K&quot;}\"><a href=\"https:\/\/higuey.info\/news\/wp-content\/uploads\/2013\/09\/violacion.jpg\"><img loading=\"lazy\" decoding=\"async\" class=\"aligncenter size-full wp-image-1984\" alt=\"violacion\" src=\"https:\/\/higuey.info\/news\/wp-content\/uploads\/2013\/09\/violacion.jpg\" width=\"560\" height=\"400\" \/><\/a>Imagen | Fuente externa<\/h5>\n<h5 data-ft=\"{&quot;type&quot;:1,&quot;tn&quot;:&quot;K&quot;}\">[adsensepost2]<\/h5>\n<p>La Polic\u00eda anunci\u00f3 la detenci\u00f3n a un hombre que presuntamente viol\u00f3 a una ni\u00f1a de apenas dos a\u00f1os de nacida, provoc\u00e1ndole una hemorragia que amerit\u00f3 su internamiento, en el sector Kosovo de Ver\u00f3n en Hig\u00fcey.<\/p>\n<p>El supuesto violador fue identificado como el nacional haitiano Marcelo Luis Jean, de 25 a\u00f1os, quien fue detenido de manera flagrante, seg\u00fan el parte policial.<\/p>\n<p>La menor, cuyo nombre se omite por razones legales, fue llevada al hospital Nuestra Se\u00f1ora de La Altagracia en Hig\u00fcey, donde es atendida.<\/p>\n<p>El extranjero, al que se le conocer\u00e1 una medida de coerci\u00f3n ma\u00f1ana s\u00e1bado, habr\u00eda violado a la ni\u00f1a con los dedos.<\/p>\n<p>El hecho ha consternado a la barriada de Kosovo, donde los vecinos piden se le aplique todo el peso de la ley al supuesto violador.<\/p>\n","protected":false},"excerpt":{"rendered":"<p>La menor, cuyo nombre se omite por razones legales, fue llevada al hospital Nuestra Se\u00f1ora de La Altagracia en Hig\u00fcey, donde es atendida.<\/p>\n","protected":false},"author":1,"featured_media":1984,"comment_status":"closed","ping_status":"open","sticky":false,"template":"","format":"standard","meta":{"footnotes":""},"categories":[4,1361],"tags":[1079,716,1362,174,299,1363,758,994],"class_list":["post-1983","post","type-post","status-publish","format-standard","has-post-thumbnail","hentry","category-higuey","category-beron","tag-extranjero","tag-jean","tag-kosovo","tag-la-altagracia","tag-luis","tag-marcelo","tag-veron","tag-violacion"],"yoast_head":"<!-- This site is optimized with the Yoast SEO plugin v27.5 - https:\/\/yoast.com\/product\/yoast-seo-wordpress\/ -->\n<title>ABUSO! Apresan haitiano acusado de violar a una ni\u00f1a de dos a\u00f1os en Hig\u00fcey - Higuey.Info<\/title>\n<meta name=\"description\" content=\"La menor, cuyo nombre se omite por razones legales, fue llevada al hospital Nuestra Se\u00f1ora de La Altagracia en Hig\u00fcey, donde es atendida.\" \/>\n<meta name=\"robots\" content=\"index, follow, max-snippet:-1, max-image-preview:large, max-video-preview:-1\" \/>\n<link rel=\"canonical\" href=\"https:\/\/higuey.info\/news\/abuso-apresan-haitiano-acusado-de-violar-a-una-nina-de-dos-anos-en-higuey\/\" \/>\n<meta property=\"og:locale\" content=\"es_ES\" \/>\n<meta property=\"og:type\" content=\"article\" \/>\n<meta property=\"og:title\" content=\"ABUSO! Apresan haitiano acusado de violar a una ni\u00f1a de dos a\u00f1os en Hig\u00fcey - Higuey.Info\" \/>\n<meta property=\"og:description\" content=\"La menor, cuyo nombre se omite por razones legales, fue llevada al hospital Nuestra Se\u00f1ora de La Altagracia en Hig\u00fcey, donde es atendida.\" \/>\n<meta property=\"og:url\" content=\"https:\/\/higuey.info\/news\/abuso-apresan-haitiano-acusado-de-violar-a-una-nina-de-dos-anos-en-higuey\/\" \/>\n<meta property=\"og:site_name\" content=\"Hig\u00fcey.Info\" \/>\n<meta property=\"article:published_time\" content=\"2013-09-28T14:04:29+00:00\" \/>\n<meta property=\"article:modified_time\" content=\"2020-11-21T17:04:17+00:00\" \/>\n<meta property=\"og:image\" content=\"https:\/\/higuey.info\/news\/wp-content\/uploads\/2013\/09\/violacion.jpg\" \/>\n\t<meta property=\"og:image:width\" content=\"259\" \/>\n\t<meta property=\"og:image:height\" content=\"194\" \/>\n\t<meta property=\"og:image:type\" content=\"image\/jpeg\" \/>\n<meta name=\"author\" content=\"higuey.info\" \/>\n<meta name=\"twitter:card\" content=\"summary_large_image\" \/>\n<meta name=\"twitter:label1\" content=\"Escrito por\" \/>\n\t<meta name=\"twitter:data1\" content=\"higuey.info\" \/>\n\t<meta name=\"twitter:label2\" content=\"Tiempo de lectura\" \/>\n\t<meta name=\"twitter:data2\" content=\"1 minuto\" \/>\n<script type=\"application\/ld+json\" class=\"yoast-schema-graph\">{\"@context\":\"https:\\\/\\\/schema.org\",\"@graph\":[{\"@type\":\"Article\",\"@id\":\"https:\\\/\\\/higuey.info\\\/news\\\/abuso-apresan-haitiano-acusado-de-violar-a-una-nina-de-dos-anos-en-higuey\\\/#article\",\"isPartOf\":{\"@id\":\"https:\\\/\\\/higuey.info\\\/news\\\/abuso-apresan-haitiano-acusado-de-violar-a-una-nina-de-dos-anos-en-higuey\\\/\"},\"author\":{\"name\":\"higuey.info\",\"@id\":\"https:\\\/\\\/higuey.info\\\/news\\\/#\\\/schema\\\/person\\\/274b1e73c44a5e7d852529cd974f389f\"},\"headline\":\"ABUSO! Apresan haitiano acusado de violar a una ni\u00f1a de dos a\u00f1os en Hig\u00fcey\",\"datePublished\":\"2013-09-28T14:04:29+00:00\",\"dateModified\":\"2020-11-21T17:04:17+00:00\",\"mainEntityOfPage\":{\"@id\":\"https:\\\/\\\/higuey.info\\\/news\\\/abuso-apresan-haitiano-acusado-de-violar-a-una-nina-de-dos-anos-en-higuey\\\/\"},\"wordCount\":165,\"publisher\":{\"@id\":\"https:\\\/\\\/higuey.info\\\/news\\\/#organization\"},\"image\":{\"@id\":\"https:\\\/\\\/higuey.info\\\/news\\\/abuso-apresan-haitiano-acusado-de-violar-a-una-nina-de-dos-anos-en-higuey\\\/#primaryimage\"},\"thumbnailUrl\":\"https:\\\/\\\/higuey.info\\\/news\\\/wp-content\\\/uploads\\\/2013\\\/09\\\/violacion.jpg\",\"keywords\":[\"extranjero\",\"Jean\",\"Kosovo\",\"La Altagracia\",\"Luis\",\"Marcelo\",\"Ver\u00f3n\",\"violacion\"],\"articleSection\":[\"Higuey\",\"Ver\u00f3n\"],\"inLanguage\":\"es\"},{\"@type\":\"WebPage\",\"@id\":\"https:\\\/\\\/higuey.info\\\/news\\\/abuso-apresan-haitiano-acusado-de-violar-a-una-nina-de-dos-anos-en-higuey\\\/\",\"url\":\"https:\\\/\\\/higuey.info\\\/news\\\/abuso-apresan-haitiano-acusado-de-violar-a-una-nina-de-dos-anos-en-higuey\\\/\",\"name\":\"ABUSO! Apresan haitiano acusado de violar a una ni\u00f1a de dos a\u00f1os en Hig\u00fcey - Higuey.Info\",\"isPartOf\":{\"@id\":\"https:\\\/\\\/higuey.info\\\/news\\\/#website\"},\"primaryImageOfPage\":{\"@id\":\"https:\\\/\\\/higuey.info\\\/news\\\/abuso-apresan-haitiano-acusado-de-violar-a-una-nina-de-dos-anos-en-higuey\\\/#primaryimage\"},\"image\":{\"@id\":\"https:\\\/\\\/higuey.info\\\/news\\\/abuso-apresan-haitiano-acusado-de-violar-a-una-nina-de-dos-anos-en-higuey\\\/#primaryimage\"},\"thumbnailUrl\":\"https:\\\/\\\/higuey.info\\\/news\\\/wp-content\\\/uploads\\\/2013\\\/09\\\/violacion.jpg\",\"datePublished\":\"2013-09-28T14:04:29+00:00\",\"dateModified\":\"2020-11-21T17:04:17+00:00\",\"description\":\"La menor, cuyo nombre se omite por razones legales, fue llevada al hospital Nuestra Se\u00f1ora de La Altagracia en Hig\u00fcey, donde es atendida.\",\"breadcrumb\":{\"@id\":\"https:\\\/\\\/higuey.info\\\/news\\\/abuso-apresan-haitiano-acusado-de-violar-a-una-nina-de-dos-anos-en-higuey\\\/#breadcrumb\"},\"inLanguage\":\"es\",\"potentialAction\":[{\"@type\":\"ReadAction\",\"target\":[\"https:\\\/\\\/higuey.info\\\/news\\\/abuso-apresan-haitiano-acusado-de-violar-a-una-nina-de-dos-anos-en-higuey\\\/\"]}]},{\"@type\":\"ImageObject\",\"inLanguage\":\"es\",\"@id\":\"https:\\\/\\\/higuey.info\\\/news\\\/abuso-apresan-haitiano-acusado-de-violar-a-una-nina-de-dos-anos-en-higuey\\\/#primaryimage\",\"url\":\"https:\\\/\\\/higuey.info\\\/news\\\/wp-content\\\/uploads\\\/2013\\\/09\\\/violacion.jpg\",\"contentUrl\":\"https:\\\/\\\/higuey.info\\\/news\\\/wp-content\\\/uploads\\\/2013\\\/09\\\/violacion.jpg\",\"width\":259,\"height\":194},{\"@type\":\"BreadcrumbList\",\"@id\":\"https:\\\/\\\/higuey.info\\\/news\\\/abuso-apresan-haitiano-acusado-de-violar-a-una-nina-de-dos-anos-en-higuey\\\/#breadcrumb\",\"itemListElement\":[{\"@type\":\"ListItem\",\"position\":1,\"name\":\"Portada\",\"item\":\"https:\\\/\\\/higuey.info\\\/news\\\/\"},{\"@type\":\"ListItem\",\"position\":2,\"name\":\"ABUSO! Apresan haitiano acusado de violar a una ni\u00f1a de dos a\u00f1os en Hig\u00fcey\"}]},{\"@type\":\"WebSite\",\"@id\":\"https:\\\/\\\/higuey.info\\\/news\\\/#website\",\"url\":\"https:\\\/\\\/higuey.info\\\/news\\\/\",\"name\":\"Hig\u00fcey.Info\",\"description\":\"Noticias de Hig\u00fcey La Altagracia Rep\u00fablica Dominicana.\",\"publisher\":{\"@id\":\"https:\\\/\\\/higuey.info\\\/news\\\/#organization\"},\"potentialAction\":[{\"@type\":\"SearchAction\",\"target\":{\"@type\":\"EntryPoint\",\"urlTemplate\":\"https:\\\/\\\/higuey.info\\\/news\\\/?s={search_term_string}\"},\"query-input\":{\"@type\":\"PropertyValueSpecification\",\"valueRequired\":true,\"valueName\":\"search_term_string\"}}],\"inLanguage\":\"es\"},{\"@type\":\"Organization\",\"@id\":\"https:\\\/\\\/higuey.info\\\/news\\\/#organization\",\"name\":\"Hig\u00fcey.Info\",\"url\":\"https:\\\/\\\/higuey.info\\\/news\\\/\",\"logo\":{\"@type\":\"ImageObject\",\"inLanguage\":\"es\",\"@id\":\"https:\\\/\\\/higuey.info\\\/news\\\/#\\\/schema\\\/logo\\\/image\\\/\",\"url\":\"https:\\\/\\\/higuey.info\\\/news\\\/wp-content\\\/uploads\\\/2015\\\/11\\\/logof.jpg\",\"contentUrl\":\"https:\\\/\\\/higuey.info\\\/news\\\/wp-content\\\/uploads\\\/2015\\\/11\\\/logof.jpg\",\"width\":248,\"height\":90,\"caption\":\"Hig\u00fcey.Info\"},\"image\":{\"@id\":\"https:\\\/\\\/higuey.info\\\/news\\\/#\\\/schema\\\/logo\\\/image\\\/\"}},{\"@type\":\"Person\",\"@id\":\"https:\\\/\\\/higuey.info\\\/news\\\/#\\\/schema\\\/person\\\/274b1e73c44a5e7d852529cd974f389f\",\"name\":\"higuey.info\",\"image\":{\"@type\":\"ImageObject\",\"inLanguage\":\"es\",\"@id\":\"https:\\\/\\\/secure.gravatar.com\\\/avatar\\\/baaa13fb48787405f1f95c6405f1f193ab4cefad2554d219db78e9a57688ba88?s=96&d=wavatar&r=g\",\"url\":\"https:\\\/\\\/secure.gravatar.com\\\/avatar\\\/baaa13fb48787405f1f95c6405f1f193ab4cefad2554d219db78e9a57688ba88?s=96&d=wavatar&r=g\",\"contentUrl\":\"https:\\\/\\\/secure.gravatar.com\\\/avatar\\\/baaa13fb48787405f1f95c6405f1f193ab4cefad2554d219db78e9a57688ba88?s=96&d=wavatar&r=g\",\"caption\":\"higuey.info\"},\"description\":\"Higuey Info | Portal informativo numero uno de la ciudad de Higuey, Todas las Noticias de Higuey La Altagracia Republica Dominicana.\",\"sameAs\":[\"https:\\\/\\\/higuey.info\\\/news\"]}]}<\/script>\n<!-- \/ Yoast SEO plugin. -->","yoast_head_json":{"title":"ABUSO! Apresan haitiano acusado de violar a una ni\u00f1a de dos a\u00f1os en Hig\u00fcey - Higuey.Info","description":"La menor, cuyo nombre se omite por razones legales, fue llevada al hospital Nuestra Se\u00f1ora de La Altagracia en Hig\u00fcey, donde es atendida.","robots":{"index":"index","follow":"follow","max-snippet":"max-snippet:-1","max-image-preview":"max-image-preview:large","max-video-preview":"max-video-preview:-1"},"canonical":"https:\/\/higuey.info\/news\/abuso-apresan-haitiano-acusado-de-violar-a-una-nina-de-dos-anos-en-higuey\/","og_locale":"es_ES","og_type":"article","og_title":"ABUSO! Apresan haitiano acusado de violar a una ni\u00f1a de dos a\u00f1os en Hig\u00fcey - Higuey.Info","og_description":"La menor, cuyo nombre se omite por razones legales, fue llevada al hospital Nuestra Se\u00f1ora de La Altagracia en Hig\u00fcey, donde es atendida.","og_url":"https:\/\/higuey.info\/news\/abuso-apresan-haitiano-acusado-de-violar-a-una-nina-de-dos-anos-en-higuey\/","og_site_name":"Hig\u00fcey.Info","article_published_time":"2013-09-28T14:04:29+00:00","article_modified_time":"2020-11-21T17:04:17+00:00","og_image":[{"width":259,"height":194,"url":"https:\/\/higuey.info\/news\/wp-content\/uploads\/2013\/09\/violacion.jpg","type":"image\/jpeg"}],"author":"higuey.info","twitter_card":"summary_large_image","twitter_misc":{"Escrito por":"higuey.info","Tiempo de lectura":"1 minuto"},"schema":{"@context":"https:\/\/schema.org","@graph":[{"@type":"Article","@id":"https:\/\/higuey.info\/news\/abuso-apresan-haitiano-acusado-de-violar-a-una-nina-de-dos-anos-en-higuey\/#article","isPartOf":{"@id":"https:\/\/higuey.info\/news\/abuso-apresan-haitiano-acusado-de-violar-a-una-nina-de-dos-anos-en-higuey\/"},"author":{"name":"higuey.info","@id":"https:\/\/higuey.info\/news\/#\/schema\/person\/274b1e73c44a5e7d852529cd974f389f"},"headline":"ABUSO! Apresan haitiano acusado de violar a una ni\u00f1a de dos a\u00f1os en Hig\u00fcey","datePublished":"2013-09-28T14:04:29+00:00","dateModified":"2020-11-21T17:04:17+00:00","mainEntityOfPage":{"@id":"https:\/\/higuey.info\/news\/abuso-apresan-haitiano-acusado-de-violar-a-una-nina-de-dos-anos-en-higuey\/"},"wordCount":165,"publisher":{"@id":"https:\/\/higuey.info\/news\/#organization"},"image":{"@id":"https:\/\/higuey.info\/news\/abuso-apresan-haitiano-acusado-de-violar-a-una-nina-de-dos-anos-en-higuey\/#primaryimage"},"thumbnailUrl":"https:\/\/higuey.info\/news\/wp-content\/uploads\/2013\/09\/violacion.jpg","keywords":["extranjero","Jean","Kosovo","La Altagracia","Luis","Marcelo","Ver\u00f3n","violacion"],"articleSection":["Higuey","Ver\u00f3n"],"inLanguage":"es"},{"@type":"WebPage","@id":"https:\/\/higuey.info\/news\/abuso-apresan-haitiano-acusado-de-violar-a-una-nina-de-dos-anos-en-higuey\/","url":"https:\/\/higuey.info\/news\/abuso-apresan-haitiano-acusado-de-violar-a-una-nina-de-dos-anos-en-higuey\/","name":"ABUSO! Apresan haitiano acusado de violar a una ni\u00f1a de dos a\u00f1os en Hig\u00fcey - Higuey.Info","isPartOf":{"@id":"https:\/\/higuey.info\/news\/#website"},"primaryImageOfPage":{"@id":"https:\/\/higuey.info\/news\/abuso-apresan-haitiano-acusado-de-violar-a-una-nina-de-dos-anos-en-higuey\/#primaryimage"},"image":{"@id":"https:\/\/higuey.info\/news\/abuso-apresan-haitiano-acusado-de-violar-a-una-nina-de-dos-anos-en-higuey\/#primaryimage"},"thumbnailUrl":"https:\/\/higuey.info\/news\/wp-content\/uploads\/2013\/09\/violacion.jpg","datePublished":"2013-09-28T14:04:29+00:00","dateModified":"2020-11-21T17:04:17+00:00","description":"La menor, cuyo nombre se omite por razones legales, fue llevada al hospital Nuestra Se\u00f1ora de La Altagracia en Hig\u00fcey, donde es atendida.","breadcrumb":{"@id":"https:\/\/higuey.info\/news\/abuso-apresan-haitiano-acusado-de-violar-a-una-nina-de-dos-anos-en-higuey\/#breadcrumb"},"inLanguage":"es","potentialAction":[{"@type":"ReadAction","target":["https:\/\/higuey.info\/news\/abuso-apresan-haitiano-acusado-de-violar-a-una-nina-de-dos-anos-en-higuey\/"]}]},{"@type":"ImageObject","inLanguage":"es","@id":"https:\/\/higuey.info\/news\/abuso-apresan-haitiano-acusado-de-violar-a-una-nina-de-dos-anos-en-higuey\/#primaryimage","url":"https:\/\/higuey.info\/news\/wp-content\/uploads\/2013\/09\/violacion.jpg","contentUrl":"https:\/\/higuey.info\/news\/wp-content\/uploads\/2013\/09\/violacion.jpg","width":259,"height":194},{"@type":"BreadcrumbList","@id":"https:\/\/higuey.info\/news\/abuso-apresan-haitiano-acusado-de-violar-a-una-nina-de-dos-anos-en-higuey\/#breadcrumb","itemListElement":[{"@type":"ListItem","position":1,"name":"Portada","item":"https:\/\/higuey.info\/news\/"},{"@type":"ListItem","position":2,"name":"ABUSO! Apresan haitiano acusado de violar a una ni\u00f1a de dos a\u00f1os en Hig\u00fcey"}]},{"@type":"WebSite","@id":"https:\/\/higuey.info\/news\/#website","url":"https:\/\/higuey.info\/news\/","name":"Hig\u00fcey.Info","description":"Noticias de Hig\u00fcey La Altagracia Rep\u00fablica Dominicana.","publisher":{"@id":"https:\/\/higuey.info\/news\/#organization"},"potentialAction":[{"@type":"SearchAction","target":{"@type":"EntryPoint","urlTemplate":"https:\/\/higuey.info\/news\/?s={search_term_string}"},"query-input":{"@type":"PropertyValueSpecification","valueRequired":true,"valueName":"search_term_string"}}],"inLanguage":"es"},{"@type":"Organization","@id":"https:\/\/higuey.info\/news\/#organization","name":"Hig\u00fcey.Info","url":"https:\/\/higuey.info\/news\/","logo":{"@type":"ImageObject","inLanguage":"es","@id":"https:\/\/higuey.info\/news\/#\/schema\/logo\/image\/","url":"https:\/\/higuey.info\/news\/wp-content\/uploads\/2015\/11\/logof.jpg","contentUrl":"https:\/\/higuey.info\/news\/wp-content\/uploads\/2015\/11\/logof.jpg","width":248,"height":90,"caption":"Hig\u00fcey.Info"},"image":{"@id":"https:\/\/higuey.info\/news\/#\/schema\/logo\/image\/"}},{"@type":"Person","@id":"https:\/\/higuey.info\/news\/#\/schema\/person\/274b1e73c44a5e7d852529cd974f389f","name":"higuey.info","image":{"@type":"ImageObject","inLanguage":"es","@id":"https:\/\/secure.gravatar.com\/avatar\/baaa13fb48787405f1f95c6405f1f193ab4cefad2554d219db78e9a57688ba88?s=96&d=wavatar&r=g","url":"https:\/\/secure.gravatar.com\/avatar\/baaa13fb48787405f1f95c6405f1f193ab4cefad2554d219db78e9a57688ba88?s=96&d=wavatar&r=g","contentUrl":"https:\/\/secure.gravatar.com\/avatar\/baaa13fb48787405f1f95c6405f1f193ab4cefad2554d219db78e9a57688ba88?s=96&d=wavatar&r=g","caption":"higuey.info"},"description":"Higuey Info | Portal informativo numero uno de la ciudad de Higuey, Todas las Noticias de Higuey La Altagracia Republica Dominicana.","sameAs":["https:\/\/higuey.info\/news"]}]}},"_links":{"self":[{"href":"https:\/\/higuey.info\/news\/wp-json\/wp\/v2\/posts\/1983","targetHints":{"allow":["GET"]}}],"collection":[{"href":"https:\/\/higuey.info\/news\/wp-json\/wp\/v2\/posts"}],"about":[{"href":"https:\/\/higuey.info\/news\/wp-json\/wp\/v2\/types\/post"}],"author":[{"embeddable":true,"href":"https:\/\/higuey.info\/news\/wp-json\/wp\/v2\/users\/1"}],"replies":[{"embeddable":true,"href":"https:\/\/higuey.info\/news\/wp-json\/wp\/v2\/comments?post=1983"}],"version-history":[{"count":6,"href":"https:\/\/higuey.info\/news\/wp-json\/wp\/v2\/posts\/1983\/revisions"}],"predecessor-version":[{"id":18746,"href":"https:\/\/higuey.info\/news\/wp-json\/wp\/v2\/posts\/1983\/revisions\/18746"}],"wp:featuredmedia":[{"embeddable":true,"href":"https:\/\/higuey.info\/news\/wp-json\/wp\/v2\/media\/1984"}],"wp:attachment":[{"href":"https:\/\/higuey.info\/news\/wp-json\/wp\/v2\/media?parent=1983"}],"wp:term":[{"taxonomy":"category","embeddable":true,"href":"https:\/\/higuey.info\/news\/wp-json\/wp\/v2\/categories?post=1983"},{"taxonomy":"post_tag","embeddable":true,"href":"https:\/\/higuey.info\/news\/wp-json\/wp\/v2\/tags?post=1983"}],"curies":[{"name":"wp","href":"https:\/\/api.w.org\/{rel}","templated":true}]}}