{"id":19997,"date":"2021-07-09T18:56:15","date_gmt":"2021-07-09T18:56:15","guid":{"rendered":"https:\/\/higuey.info\/news\/?p=19997"},"modified":"2021-07-12T21:29:17","modified_gmt":"2021-07-12T21:29:17","slug":"renacera-en-higuey-concurso-literario-de-navidad","status":"publish","type":"post","link":"https:\/\/higuey.info\/news\/renacera-en-higuey-concurso-literario-de-navidad\/","title":{"rendered":"Renacer\u00e1 en Hig\u00fcey Concurso Literario de Navidad."},"content":{"rendered":"<p>El recinto de la Universidad Cat\u00f3lica del Este, en Hig\u00fcey, bajo la rector\u00eda del presb\u00edtero <strong>Abelino Reyes<\/strong>, fue escenario del III Encuentro Regional de Escritores y Profesores de Literatura el pasado s\u00e1bado 3 de julio, actividad donde se contempl\u00f3 retomar los concursos literarios de Navidad, que durante d\u00e9cadas celebr\u00f3 el arzobispado de La Altagracia.<span id=\"more-1173923\"><\/span><br \/>\nEl anuncio de restaurar los cert\u00e1menes creados en 1962 por el obispo <strong>Juan F\u00e9lix Pep\u00e9n<\/strong>, primero de la provincia, se consider\u00f3 como la mejor noticia entre los presentes en el evento cultural, iniciativa del ministro de Educaci\u00f3n, <strong>Roberto Fulcar<\/strong>, en colaboraci\u00f3n con la Fundaci\u00f3n de Estudios Econ\u00f3micos y Pol\u00edticos (Fundesep), que preside el escritor <strong>\u00c1ngel Lockward<\/strong>.<\/p>\n<p>La idea de retomar los premios literarios, suspendidos desde hace d\u00e9cadas, fue planteada por Lockward, quien garantiz\u00f3 un aporte econ\u00f3mico de su fundaci\u00f3n, recibiendo el respaldo personal e institucional del alcalde de Hig\u00fcey, <strong>Rafael Bar\u00f3n Duluc Rijo (Cholit\u00edn)<\/strong>.<\/p>\n<p>El encuentro se enmarca dentro de la C\u00e1tedra Ciudadana abierta en Santo Domingo el 23 de abril, D\u00eda Internacional del Libro, en la Biblioteca Nacional Pedro Henr\u00edquez Ure\u00f1a, con el objetivo, seg\u00fan Fulcar, de \u201ctender un puente entre los escritores y los lectores dentro del sistema de educaci\u00f3n preuniversitaria\u201d. Una actividad similar se desarroll\u00f3 en Azua, el pasado 27 de mayo.<\/p>\n<p>La C\u00e1tedra Ciudadana de Hig\u00fcey cont\u00f3 con la participaci\u00f3n de <strong>Rafael Peralta Romero<\/strong>, director de la Biblioteca Nacional; <strong>Luis R. Santos<\/strong>, director de Cultura del Minerd; <strong>Esteban Castillo e Isidro Santana<\/strong>, directores regionales educativos de La Altagracia y San Pedro de Macor\u00eds.<\/p>\n<p>Los escritores <strong>Marino Berig\u00fcete, Francisco Guerrero, Avelino Stanley, Pedro Antonio Valdez, Osiris Madera, Emilia Pereyra, Ibeth Guzm\u00e1n, C\u00e9sar S\u00e1nchez Beras, Basilio Belliard, Frank N\u00fa\u00f1ez, Juan Hern\u00e1ndez Inirio, Odal\u00eds G. P\u00e9rez, Ofelia Berrido y Adolfo Duluc<\/strong>, entre otros, expusieron y comentaron sobre el quehacer literario de Rep\u00fablica Dominicana en los g\u00e9neros novela, cuento, poes\u00eda y ensayo, ante el p\u00fablico interactivo que abarrot\u00f3 el auditorio.<\/p>\n<p>Tras los exitosos encuentros de Santo Domingo, Azua e Hig\u00fcey, est\u00e1 en agenda el de Puerto Plata.<\/p>\n","protected":false},"excerpt":{"rendered":"<p>El recinto de la Universidad Cat\u00f3lica del Este, en Hig\u00fcey, bajo la rector\u00eda del presb\u00edtero Abelino Reyes, fue escenario del III Encuentro Regional de Escritores y Profesores de Literatura el pasado s\u00e1bado 3 de julio, actividad donde se contempl\u00f3 retomar los concursos literarios de Navidad, que durante d\u00e9cadas celebr\u00f3 el arzobispado de La Altagracia. El&#8230;<\/p>\n","protected":false},"author":1,"featured_media":19998,"comment_status":"open","ping_status":"open","sticky":false,"template":"","format":"standard","meta":{"footnotes":""},"categories":[7806,6694,2162,4,6995],"tags":[9416,9437,9419,9426,9432,9431,4606,9429,7496,9425,9433,9430,9423,9417,9434,9422,9424,9435,9436,9428,9427,9420,9421,9418],"class_list":["post-19997","post","type-post","status-publish","format-standard","has-post-thumbnail","hentry","category-cultura","category-destacado","category-educacion-2","category-higuey","category-la-altagracia","tag-abelino-reyes","tag-adolfo-duluc","tag-angel-lockward","tag-avelino-stanley","tag-basilio-belliard","tag-cesar-sanchez-beras","tag-cholitin","tag-emilia-pereyra","tag-esteban-castillo","tag-francisco-guerrero","tag-frank-nunez","tag-ibeth-guzman","tag-isidro-santana","tag-juan-felix-pepen","tag-juan-hernandez-inirio","tag-luis-r-santos","tag-marino-beriguete","tag-odalis-g-perez","tag-ofelia-berrido","tag-osiris-madera","tag-pedro-antonio-valdez","tag-rafael-baron-duluc-rijo","tag-rafael-peralta-romero","tag-roberto-fulcar"],"yoast_head":"<!-- This site is optimized with the Yoast SEO plugin v27.5 - https:\/\/yoast.com\/product\/yoast-seo-wordpress\/ -->\n<title>Renacer\u00e1 en Hig\u00fcey Concurso Literario de Navidad. - Higuey.Info<\/title>\n<meta name=\"description\" content=\"El recinto de la Universidad Cat\u00f3lica del Este, en Hig\u00fcey, bajo la rector\u00eda del presb\u00edtero Abelino Reyes, fue escenario del III Encuentro Regional de\" \/>\n<meta name=\"robots\" content=\"index, follow, max-snippet:-1, max-image-preview:large, max-video-preview:-1\" \/>\n<link rel=\"canonical\" href=\"https:\/\/higuey.info\/news\/renacera-en-higuey-concurso-literario-de-navidad\/\" \/>\n<meta property=\"og:locale\" content=\"es_ES\" \/>\n<meta property=\"og:type\" content=\"article\" \/>\n<meta property=\"og:title\" content=\"Renacer\u00e1 en Hig\u00fcey Concurso Literario de Navidad. - Higuey.Info\" \/>\n<meta property=\"og:description\" content=\"El recinto de la Universidad Cat\u00f3lica del Este, en Hig\u00fcey, bajo la rector\u00eda del presb\u00edtero Abelino Reyes, fue escenario del III Encuentro Regional de\" \/>\n<meta property=\"og:url\" content=\"https:\/\/higuey.info\/news\/renacera-en-higuey-concurso-literario-de-navidad\/\" \/>\n<meta property=\"og:site_name\" content=\"Hig\u00fcey.Info\" \/>\n<meta property=\"article:published_time\" content=\"2021-07-09T18:56:15+00:00\" \/>\n<meta property=\"article:modified_time\" content=\"2021-07-12T21:29:17+00:00\" \/>\n<meta property=\"og:image\" content=\"https:\/\/higuey.info\/news\/wp-content\/uploads\/2021\/07\/libro-barco.jpg\" \/>\n\t<meta property=\"og:image:width\" content=\"1024\" \/>\n\t<meta property=\"og:image:height\" content=\"703\" \/>\n\t<meta property=\"og:image:type\" content=\"image\/jpeg\" \/>\n<meta name=\"author\" content=\"higuey.info\" \/>\n<meta name=\"twitter:card\" content=\"summary_large_image\" \/>\n<meta name=\"twitter:label1\" content=\"Escrito por\" \/>\n\t<meta name=\"twitter:data1\" content=\"higuey.info\" \/>\n\t<meta name=\"twitter:label2\" content=\"Tiempo de lectura\" \/>\n\t<meta name=\"twitter:data2\" content=\"2 minutos\" \/>\n<script type=\"application\/ld+json\" class=\"yoast-schema-graph\">{\"@context\":\"https:\\\/\\\/schema.org\",\"@graph\":[{\"@type\":\"Article\",\"@id\":\"https:\\\/\\\/higuey.info\\\/news\\\/renacera-en-higuey-concurso-literario-de-navidad\\\/#article\",\"isPartOf\":{\"@id\":\"https:\\\/\\\/higuey.info\\\/news\\\/renacera-en-higuey-concurso-literario-de-navidad\\\/\"},\"author\":{\"name\":\"higuey.info\",\"@id\":\"https:\\\/\\\/higuey.info\\\/news\\\/#\\\/schema\\\/person\\\/274b1e73c44a5e7d852529cd974f389f\"},\"headline\":\"Renacer\u00e1 en Hig\u00fcey Concurso Literario de Navidad.\",\"datePublished\":\"2021-07-09T18:56:15+00:00\",\"dateModified\":\"2021-07-12T21:29:17+00:00\",\"mainEntityOfPage\":{\"@id\":\"https:\\\/\\\/higuey.info\\\/news\\\/renacera-en-higuey-concurso-literario-de-navidad\\\/\"},\"wordCount\":378,\"commentCount\":0,\"publisher\":{\"@id\":\"https:\\\/\\\/higuey.info\\\/news\\\/#organization\"},\"image\":{\"@id\":\"https:\\\/\\\/higuey.info\\\/news\\\/renacera-en-higuey-concurso-literario-de-navidad\\\/#primaryimage\"},\"thumbnailUrl\":\"https:\\\/\\\/higuey.info\\\/news\\\/wp-content\\\/uploads\\\/2021\\\/07\\\/libro-barco.jpg\",\"keywords\":[\"Abelino Reyes\",\"Adolfo Duluc\",\"\u00c1ngel Lockward\",\"Avelino Stanley\",\"Basilio Belliard\",\"C\u00e9sar S\u00e1nchez Beras\",\"Cholitin\",\"Emilia Pereyra\",\"Esteban Castillo\",\"Francisco Guerrero\",\"Frank N\u00fa\u00f1ez\",\"Ibeth Guzm\u00e1n\",\"Isidro Santana\",\"Juan F\u00e9lix Pep\u00e9n\",\"Juan Hern\u00e1ndez Inirio\",\"Luis R. Santos\",\"Marino Berig\u00fcete\",\"Odal\u00eds G. P\u00e9rez\",\"Ofelia Berrido\",\"Osiris Madera\",\"Pedro Antonio Valdez\",\"Rafael Bar\u00f3n Duluc Rijo\",\"Rafael Peralta Romero\",\"Roberto Fulcar\"],\"articleSection\":[\"Cultura\",\"Destacado\",\"Educacion\",\"Higuey\",\"La Altagracia\"],\"inLanguage\":\"es\",\"potentialAction\":[{\"@type\":\"CommentAction\",\"name\":\"Comment\",\"target\":[\"https:\\\/\\\/higuey.info\\\/news\\\/renacera-en-higuey-concurso-literario-de-navidad\\\/#respond\"]}]},{\"@type\":\"WebPage\",\"@id\":\"https:\\\/\\\/higuey.info\\\/news\\\/renacera-en-higuey-concurso-literario-de-navidad\\\/\",\"url\":\"https:\\\/\\\/higuey.info\\\/news\\\/renacera-en-higuey-concurso-literario-de-navidad\\\/\",\"name\":\"Renacer\u00e1 en Hig\u00fcey Concurso Literario de Navidad. - Higuey.Info\",\"isPartOf\":{\"@id\":\"https:\\\/\\\/higuey.info\\\/news\\\/#website\"},\"primaryImageOfPage\":{\"@id\":\"https:\\\/\\\/higuey.info\\\/news\\\/renacera-en-higuey-concurso-literario-de-navidad\\\/#primaryimage\"},\"image\":{\"@id\":\"https:\\\/\\\/higuey.info\\\/news\\\/renacera-en-higuey-concurso-literario-de-navidad\\\/#primaryimage\"},\"thumbnailUrl\":\"https:\\\/\\\/higuey.info\\\/news\\\/wp-content\\\/uploads\\\/2021\\\/07\\\/libro-barco.jpg\",\"datePublished\":\"2021-07-09T18:56:15+00:00\",\"dateModified\":\"2021-07-12T21:29:17+00:00\",\"description\":\"El recinto de la Universidad Cat\u00f3lica del Este, en Hig\u00fcey, bajo la rector\u00eda del presb\u00edtero Abelino Reyes, fue escenario del III Encuentro Regional de\",\"breadcrumb\":{\"@id\":\"https:\\\/\\\/higuey.info\\\/news\\\/renacera-en-higuey-concurso-literario-de-navidad\\\/#breadcrumb\"},\"inLanguage\":\"es\",\"potentialAction\":[{\"@type\":\"ReadAction\",\"target\":[\"https:\\\/\\\/higuey.info\\\/news\\\/renacera-en-higuey-concurso-literario-de-navidad\\\/\"]}]},{\"@type\":\"ImageObject\",\"inLanguage\":\"es\",\"@id\":\"https:\\\/\\\/higuey.info\\\/news\\\/renacera-en-higuey-concurso-literario-de-navidad\\\/#primaryimage\",\"url\":\"https:\\\/\\\/higuey.info\\\/news\\\/wp-content\\\/uploads\\\/2021\\\/07\\\/libro-barco.jpg\",\"contentUrl\":\"https:\\\/\\\/higuey.info\\\/news\\\/wp-content\\\/uploads\\\/2021\\\/07\\\/libro-barco.jpg\",\"width\":1024,\"height\":703},{\"@type\":\"BreadcrumbList\",\"@id\":\"https:\\\/\\\/higuey.info\\\/news\\\/renacera-en-higuey-concurso-literario-de-navidad\\\/#breadcrumb\",\"itemListElement\":[{\"@type\":\"ListItem\",\"position\":1,\"name\":\"Portada\",\"item\":\"https:\\\/\\\/higuey.info\\\/news\\\/\"},{\"@type\":\"ListItem\",\"position\":2,\"name\":\"Renacer\u00e1 en Hig\u00fcey Concurso Literario de Navidad.\"}]},{\"@type\":\"WebSite\",\"@id\":\"https:\\\/\\\/higuey.info\\\/news\\\/#website\",\"url\":\"https:\\\/\\\/higuey.info\\\/news\\\/\",\"name\":\"Hig\u00fcey.Info\",\"description\":\"Noticias de Hig\u00fcey La Altagracia Rep\u00fablica Dominicana.\",\"publisher\":{\"@id\":\"https:\\\/\\\/higuey.info\\\/news\\\/#organization\"},\"potentialAction\":[{\"@type\":\"SearchAction\",\"target\":{\"@type\":\"EntryPoint\",\"urlTemplate\":\"https:\\\/\\\/higuey.info\\\/news\\\/?s={search_term_string}\"},\"query-input\":{\"@type\":\"PropertyValueSpecification\",\"valueRequired\":true,\"valueName\":\"search_term_string\"}}],\"inLanguage\":\"es\"},{\"@type\":\"Organization\",\"@id\":\"https:\\\/\\\/higuey.info\\\/news\\\/#organization\",\"name\":\"Hig\u00fcey.Info\",\"url\":\"https:\\\/\\\/higuey.info\\\/news\\\/\",\"logo\":{\"@type\":\"ImageObject\",\"inLanguage\":\"es\",\"@id\":\"https:\\\/\\\/higuey.info\\\/news\\\/#\\\/schema\\\/logo\\\/image\\\/\",\"url\":\"https:\\\/\\\/higuey.info\\\/news\\\/wp-content\\\/uploads\\\/2015\\\/11\\\/logof.jpg\",\"contentUrl\":\"https:\\\/\\\/higuey.info\\\/news\\\/wp-content\\\/uploads\\\/2015\\\/11\\\/logof.jpg\",\"width\":248,\"height\":90,\"caption\":\"Hig\u00fcey.Info\"},\"image\":{\"@id\":\"https:\\\/\\\/higuey.info\\\/news\\\/#\\\/schema\\\/logo\\\/image\\\/\"}},{\"@type\":\"Person\",\"@id\":\"https:\\\/\\\/higuey.info\\\/news\\\/#\\\/schema\\\/person\\\/274b1e73c44a5e7d852529cd974f389f\",\"name\":\"higuey.info\",\"image\":{\"@type\":\"ImageObject\",\"inLanguage\":\"es\",\"@id\":\"https:\\\/\\\/secure.gravatar.com\\\/avatar\\\/baaa13fb48787405f1f95c6405f1f193ab4cefad2554d219db78e9a57688ba88?s=96&d=wavatar&r=g\",\"url\":\"https:\\\/\\\/secure.gravatar.com\\\/avatar\\\/baaa13fb48787405f1f95c6405f1f193ab4cefad2554d219db78e9a57688ba88?s=96&d=wavatar&r=g\",\"contentUrl\":\"https:\\\/\\\/secure.gravatar.com\\\/avatar\\\/baaa13fb48787405f1f95c6405f1f193ab4cefad2554d219db78e9a57688ba88?s=96&d=wavatar&r=g\",\"caption\":\"higuey.info\"},\"description\":\"Higuey Info | Portal informativo numero uno de la ciudad de Higuey, Todas las Noticias de Higuey La Altagracia Republica Dominicana.\",\"sameAs\":[\"https:\\\/\\\/higuey.info\\\/news\"]}]}<\/script>\n<!-- \/ Yoast SEO plugin. -->","yoast_head_json":{"title":"Renacer\u00e1 en Hig\u00fcey Concurso Literario de Navidad. - Higuey.Info","description":"El recinto de la Universidad Cat\u00f3lica del Este, en Hig\u00fcey, bajo la rector\u00eda del presb\u00edtero Abelino Reyes, fue escenario del III Encuentro Regional de","robots":{"index":"index","follow":"follow","max-snippet":"max-snippet:-1","max-image-preview":"max-image-preview:large","max-video-preview":"max-video-preview:-1"},"canonical":"https:\/\/higuey.info\/news\/renacera-en-higuey-concurso-literario-de-navidad\/","og_locale":"es_ES","og_type":"article","og_title":"Renacer\u00e1 en Hig\u00fcey Concurso Literario de Navidad. - Higuey.Info","og_description":"El recinto de la Universidad Cat\u00f3lica del Este, en Hig\u00fcey, bajo la rector\u00eda del presb\u00edtero Abelino Reyes, fue escenario del III Encuentro Regional de","og_url":"https:\/\/higuey.info\/news\/renacera-en-higuey-concurso-literario-de-navidad\/","og_site_name":"Hig\u00fcey.Info","article_published_time":"2021-07-09T18:56:15+00:00","article_modified_time":"2021-07-12T21:29:17+00:00","og_image":[{"width":1024,"height":703,"url":"https:\/\/higuey.info\/news\/wp-content\/uploads\/2021\/07\/libro-barco.jpg","type":"image\/jpeg"}],"author":"higuey.info","twitter_card":"summary_large_image","twitter_misc":{"Escrito por":"higuey.info","Tiempo de lectura":"2 minutos"},"schema":{"@context":"https:\/\/schema.org","@graph":[{"@type":"Article","@id":"https:\/\/higuey.info\/news\/renacera-en-higuey-concurso-literario-de-navidad\/#article","isPartOf":{"@id":"https:\/\/higuey.info\/news\/renacera-en-higuey-concurso-literario-de-navidad\/"},"author":{"name":"higuey.info","@id":"https:\/\/higuey.info\/news\/#\/schema\/person\/274b1e73c44a5e7d852529cd974f389f"},"headline":"Renacer\u00e1 en Hig\u00fcey Concurso Literario de Navidad.","datePublished":"2021-07-09T18:56:15+00:00","dateModified":"2021-07-12T21:29:17+00:00","mainEntityOfPage":{"@id":"https:\/\/higuey.info\/news\/renacera-en-higuey-concurso-literario-de-navidad\/"},"wordCount":378,"commentCount":0,"publisher":{"@id":"https:\/\/higuey.info\/news\/#organization"},"image":{"@id":"https:\/\/higuey.info\/news\/renacera-en-higuey-concurso-literario-de-navidad\/#primaryimage"},"thumbnailUrl":"https:\/\/higuey.info\/news\/wp-content\/uploads\/2021\/07\/libro-barco.jpg","keywords":["Abelino Reyes","Adolfo Duluc","\u00c1ngel Lockward","Avelino Stanley","Basilio Belliard","C\u00e9sar S\u00e1nchez Beras","Cholitin","Emilia Pereyra","Esteban Castillo","Francisco Guerrero","Frank N\u00fa\u00f1ez","Ibeth Guzm\u00e1n","Isidro Santana","Juan F\u00e9lix Pep\u00e9n","Juan Hern\u00e1ndez Inirio","Luis R. Santos","Marino Berig\u00fcete","Odal\u00eds G. P\u00e9rez","Ofelia Berrido","Osiris Madera","Pedro Antonio Valdez","Rafael Bar\u00f3n Duluc Rijo","Rafael Peralta Romero","Roberto Fulcar"],"articleSection":["Cultura","Destacado","Educacion","Higuey","La Altagracia"],"inLanguage":"es","potentialAction":[{"@type":"CommentAction","name":"Comment","target":["https:\/\/higuey.info\/news\/renacera-en-higuey-concurso-literario-de-navidad\/#respond"]}]},{"@type":"WebPage","@id":"https:\/\/higuey.info\/news\/renacera-en-higuey-concurso-literario-de-navidad\/","url":"https:\/\/higuey.info\/news\/renacera-en-higuey-concurso-literario-de-navidad\/","name":"Renacer\u00e1 en Hig\u00fcey Concurso Literario de Navidad. - Higuey.Info","isPartOf":{"@id":"https:\/\/higuey.info\/news\/#website"},"primaryImageOfPage":{"@id":"https:\/\/higuey.info\/news\/renacera-en-higuey-concurso-literario-de-navidad\/#primaryimage"},"image":{"@id":"https:\/\/higuey.info\/news\/renacera-en-higuey-concurso-literario-de-navidad\/#primaryimage"},"thumbnailUrl":"https:\/\/higuey.info\/news\/wp-content\/uploads\/2021\/07\/libro-barco.jpg","datePublished":"2021-07-09T18:56:15+00:00","dateModified":"2021-07-12T21:29:17+00:00","description":"El recinto de la Universidad Cat\u00f3lica del Este, en Hig\u00fcey, bajo la rector\u00eda del presb\u00edtero Abelino Reyes, fue escenario del III Encuentro Regional de","breadcrumb":{"@id":"https:\/\/higuey.info\/news\/renacera-en-higuey-concurso-literario-de-navidad\/#breadcrumb"},"inLanguage":"es","potentialAction":[{"@type":"ReadAction","target":["https:\/\/higuey.info\/news\/renacera-en-higuey-concurso-literario-de-navidad\/"]}]},{"@type":"ImageObject","inLanguage":"es","@id":"https:\/\/higuey.info\/news\/renacera-en-higuey-concurso-literario-de-navidad\/#primaryimage","url":"https:\/\/higuey.info\/news\/wp-content\/uploads\/2021\/07\/libro-barco.jpg","contentUrl":"https:\/\/higuey.info\/news\/wp-content\/uploads\/2021\/07\/libro-barco.jpg","width":1024,"height":703},{"@type":"BreadcrumbList","@id":"https:\/\/higuey.info\/news\/renacera-en-higuey-concurso-literario-de-navidad\/#breadcrumb","itemListElement":[{"@type":"ListItem","position":1,"name":"Portada","item":"https:\/\/higuey.info\/news\/"},{"@type":"ListItem","position":2,"name":"Renacer\u00e1 en Hig\u00fcey Concurso Literario de Navidad."}]},{"@type":"WebSite","@id":"https:\/\/higuey.info\/news\/#website","url":"https:\/\/higuey.info\/news\/","name":"Hig\u00fcey.Info","description":"Noticias de Hig\u00fcey La Altagracia Rep\u00fablica Dominicana.","publisher":{"@id":"https:\/\/higuey.info\/news\/#organization"},"potentialAction":[{"@type":"SearchAction","target":{"@type":"EntryPoint","urlTemplate":"https:\/\/higuey.info\/news\/?s={search_term_string}"},"query-input":{"@type":"PropertyValueSpecification","valueRequired":true,"valueName":"search_term_string"}}],"inLanguage":"es"},{"@type":"Organization","@id":"https:\/\/higuey.info\/news\/#organization","name":"Hig\u00fcey.Info","url":"https:\/\/higuey.info\/news\/","logo":{"@type":"ImageObject","inLanguage":"es","@id":"https:\/\/higuey.info\/news\/#\/schema\/logo\/image\/","url":"https:\/\/higuey.info\/news\/wp-content\/uploads\/2015\/11\/logof.jpg","contentUrl":"https:\/\/higuey.info\/news\/wp-content\/uploads\/2015\/11\/logof.jpg","width":248,"height":90,"caption":"Hig\u00fcey.Info"},"image":{"@id":"https:\/\/higuey.info\/news\/#\/schema\/logo\/image\/"}},{"@type":"Person","@id":"https:\/\/higuey.info\/news\/#\/schema\/person\/274b1e73c44a5e7d852529cd974f389f","name":"higuey.info","image":{"@type":"ImageObject","inLanguage":"es","@id":"https:\/\/secure.gravatar.com\/avatar\/baaa13fb48787405f1f95c6405f1f193ab4cefad2554d219db78e9a57688ba88?s=96&d=wavatar&r=g","url":"https:\/\/secure.gravatar.com\/avatar\/baaa13fb48787405f1f95c6405f1f193ab4cefad2554d219db78e9a57688ba88?s=96&d=wavatar&r=g","contentUrl":"https:\/\/secure.gravatar.com\/avatar\/baaa13fb48787405f1f95c6405f1f193ab4cefad2554d219db78e9a57688ba88?s=96&d=wavatar&r=g","caption":"higuey.info"},"description":"Higuey Info | Portal informativo numero uno de la ciudad de Higuey, Todas las Noticias de Higuey La Altagracia Republica Dominicana.","sameAs":["https:\/\/higuey.info\/news"]}]}},"_links":{"self":[{"href":"https:\/\/higuey.info\/news\/wp-json\/wp\/v2\/posts\/19997","targetHints":{"allow":["GET"]}}],"collection":[{"href":"https:\/\/higuey.info\/news\/wp-json\/wp\/v2\/posts"}],"about":[{"href":"https:\/\/higuey.info\/news\/wp-json\/wp\/v2\/types\/post"}],"author":[{"embeddable":true,"href":"https:\/\/higuey.info\/news\/wp-json\/wp\/v2\/users\/1"}],"replies":[{"embeddable":true,"href":"https:\/\/higuey.info\/news\/wp-json\/wp\/v2\/comments?post=19997"}],"version-history":[{"count":1,"href":"https:\/\/higuey.info\/news\/wp-json\/wp\/v2\/posts\/19997\/revisions"}],"predecessor-version":[{"id":19999,"href":"https:\/\/higuey.info\/news\/wp-json\/wp\/v2\/posts\/19997\/revisions\/19999"}],"wp:featuredmedia":[{"embeddable":true,"href":"https:\/\/higuey.info\/news\/wp-json\/wp\/v2\/media\/19998"}],"wp:attachment":[{"href":"https:\/\/higuey.info\/news\/wp-json\/wp\/v2\/media?parent=19997"}],"wp:term":[{"taxonomy":"category","embeddable":true,"href":"https:\/\/higuey.info\/news\/wp-json\/wp\/v2\/categories?post=19997"},{"taxonomy":"post_tag","embeddable":true,"href":"https:\/\/higuey.info\/news\/wp-json\/wp\/v2\/tags?post=19997"}],"curies":[{"name":"wp","href":"https:\/\/api.w.org\/{rel}","templated":true}]}}