{"id":20065,"date":"2022-03-19T21:48:38","date_gmt":"2022-03-19T21:48:38","guid":{"rendered":"https:\/\/higuey.info\/news\/?p=20065"},"modified":"2022-03-19T22:18:16","modified_gmt":"2022-03-19T22:18:16","slug":"educacion-suspende-por-30-dias-al-presidente-de-la-adp-filial-higuey","status":"publish","type":"post","link":"https:\/\/higuey.info\/news\/educacion-suspende-por-30-dias-al-presidente-de-la-adp-filial-higuey\/","title":{"rendered":"Educaci\u00f3n suspende por 30 d\u00edas al presidente de la ADP filial Hig\u00fcey."},"content":{"rendered":"<p><img loading=\"lazy\" decoding=\"async\" class=\"alignleft wp-image-20067\" src=\"https:\/\/higuey.info\/news\/wp-content\/uploads\/2022\/03\/Felipe-Castillo-Arias-300x199.jpeg\" alt=\"\" width=\"418\" height=\"278\" srcset=\"https:\/\/higuey.info\/news\/wp-content\/uploads\/2022\/03\/Felipe-Castillo-Arias-300x199.jpeg 300w, https:\/\/higuey.info\/news\/wp-content\/uploads\/2022\/03\/Felipe-Castillo-Arias.jpeg 550w\" sizes=\"auto, (max-width: 418px) 100vw, 418px\" \/>El Ministerio de\u00a0<strong>Educaci\u00f3n<\/strong>, a trav\u00e9s de Direcci\u00f3n General de Gesti\u00f3n Humana, suspendi\u00f3 de sus funciones, por 30 d\u00edas, con disfrute de sueldo, al\u00a0<strong>profesor<\/strong>\u00a0Felipe Castillo Arias, presidente de la Asociaci\u00f3n Dominicana de Profesores (<strong>ADP<\/strong>), filial Hig\u00fcey.<\/p>\n<p>Para la suspensi\u00f3n, se bas\u00f3 en lo establecido en la Ley 41-08 de Funci\u00f3n P\u00fablica, en su art\u00edculo 88: que expresa: \u00abCuando para realizar una investigaci\u00f3n judicial o administrativa fuere conveniente, a los fines de la misma, suspender\u00e1 un servidor p\u00fablico, la suspensi\u00f3n ser\u00e1 con goce de sueldo y tendr\u00e1 una duraci\u00f3n hasta de sesenta d\u00edas continuos, lapso que podr\u00e1 ser prorrogado por una sola vez\u00bb.<\/p>\n<p>La notificaci\u00f3n no establece el motivo de la suspensi\u00f3n.<\/p>\n<p>Sin embargo, seg\u00fan\u00a0<strong>el abogado Jos\u00e9 Manuel Severino<\/strong>, Felipe Castillo Arias, fue suspendido de sus funciones como docente por supuestamente \u00abalterar su\u00a0<strong>t\u00edtulo universitario<\/strong>\u00ab.<\/p>\n<p><strong>\u00abSolicitamos a la Universidad Central del Este (UCE), una certificaci\u00f3n que expresa que en los archivos de esa universidad no tienen en sus registros un documento que certifique que el nombrado Felipe Castillo haya cursado la carrera de\u00a0Educaci\u00f3n\u00a0en esa instituci\u00f3n, por lo tanto, se trata de una alteraci\u00f3n de documentos\u00bb,<\/strong>\u00a0expres\u00f3 el abogado.<\/p>\n<div id=\"detalle-parrafo\"><\/div>\n<p>Indic\u00f3 que no fue que confundieron los t\u00edtulos, sino que \u00e9l no ha ido a cursar la carrera en ese centro universitario, pues, el certificado que muestra, para tener un empleo desde el 2006, \u00abse lo plagi\u00f3 a Mercedes Marilyn Acosta, quien deposit\u00f3 su curriculum en ese entonces\u00bb.<\/p>\n<p>Expuso que la certificaci\u00f3n narra que la copia corresponde al grado de\u00a0<strong>Educaci\u00f3n<\/strong>\u00a0menci\u00f3n Ciencias F\u00edsicas y Matem\u00e1ticas a nombre de su representada, Mercedes Acosta, y que la misma tambi\u00e9n cita el n\u00famero de matr\u00edcula, de registro y el folio y la fecha del 14 de julio del 2002 asignado al t\u00edtulo de su defendida.<\/p>\n<p>Revel\u00f3 que el dirigente magisterial le ha causado un grave da\u00f1o a la sociedad, en el sentido de que \u00e9l ha firmado muchos documentos, como director de un centro educativo.<\/p>\n<p>Apunt\u00f3 que Castillo Arias no est\u00e1 facultado para ejercer la funci\u00f3n de representar el gremio de la\u00a0<strong>ADP<\/strong>, porque para ser\u00a0<strong>profesor<\/strong>, tiene que venir con una certificaci\u00f3n de una universidad que as\u00ed lo acredite.<\/p>\n<p><strong>Sale a relucir informaci\u00f3n\u00a0<\/strong><\/p>\n<p>Coment\u00f3 que la informaci\u00f3n sale a relucir ahora porque hay cambio de autoridades.<\/p>\n<p>\u00abTener a una persona que no es ni bachiller, tambi\u00e9n tenemos la investigaci\u00f3n, para que se pase\u00e9 ante la sociedad como un profesional, dirigiendo un centro educativo, pero m\u00e1s grave a\u00fan, dirigiendo a la clase profesoral del municipio, es una barbaridad\u00bb, acot\u00f3 el abogado.<\/p>\n<p><img loading=\"lazy\" decoding=\"async\" class=\"aligncenter size-full wp-image-20066\" src=\"https:\/\/higuey.info\/news\/wp-content\/uploads\/2022\/03\/texto-carta-e80948e7.jpeg\" alt=\"\" width=\"1599\" height=\"899\" srcset=\"https:\/\/higuey.info\/news\/wp-content\/uploads\/2022\/03\/texto-carta-e80948e7.jpeg 1599w, https:\/\/higuey.info\/news\/wp-content\/uploads\/2022\/03\/texto-carta-e80948e7-300x169.jpeg 300w, https:\/\/higuey.info\/news\/wp-content\/uploads\/2022\/03\/texto-carta-e80948e7-1280x720.jpeg 1280w, https:\/\/higuey.info\/news\/wp-content\/uploads\/2022\/03\/texto-carta-e80948e7-768x432.jpeg 768w, https:\/\/higuey.info\/news\/wp-content\/uploads\/2022\/03\/texto-carta-e80948e7-1536x864.jpeg 1536w\" sizes=\"auto, (max-width: 1599px) 100vw, 1599px\" \/><\/p>\n<p>Detall\u00f3 que se dieron cuenta de la situaci\u00f3n porque citaron a su clienta para hacerle algunas preguntas porque hab\u00eda un choque de informaciones, y se entend\u00eda que ella era la que hab\u00eda plagiado el t\u00edtulo, por lo que, se dirigieron a la UCE para buscar una certificaci\u00f3n, porque esta pod\u00eda ser cancelada del Ministerio de\u00a0<strong>Educaci\u00f3n<\/strong>.<\/p>\n<p>Dijo que se querellaron contra Felipe Castillo Arias por el da\u00f1o que le ha causado a la propietaria del t\u00edtulo y que este accionar le puede conllevar al imputado de tres a 10 a\u00f1os.<\/p>\n<p><strong>Persecuci\u00f3n pol\u00edtica\u00a0<\/strong><\/p>\n<p>Castillo Arias dijo enterarse por los medios de la acusaci\u00f3n y atribuye esas acciones a la oposici\u00f3n que han estado llevando a cabo, ya que el Comit\u00e9 Ejecutivo de la\u00a0<strong>ADP<\/strong>\u00a0desarrolla una agenda agresiva desde noviembre, en relaci\u00f3n a los males que se presentan en esa filial.<\/p>\n<p>Asegura que desde\u00a0<strong>Educaci\u00f3n<\/strong>, a trav\u00e9s de un comunicado, le avisaron de la suspensi\u00f3n, pero no establecieron los detalles de dicha suspensi\u00f3n y que debieron comunicarle.<\/p>\n<p>Explic\u00f3 que lo malo es que \u00e9l no ha sido notificado de ning\u00fan acto, de ninguna informaci\u00f3n antes, pero que est\u00e1 amparado en el estatuto docente y en la Ley 66-97 del Ministerio de\u00a0<strong>Educaci\u00f3n<\/strong>. Dijo que \u00absiempre ha actuado con responsabilidad y dar\u00e1 respuesta a todo lo que se impute\u00bb.<\/p>\n<p>Acus\u00f3 al director regional y al abogado Severino de establecer en su contra una \u00abpersecuci\u00f3n pol\u00edtica\u00bb y que espera que le entreguen el expediente para tomar acciones.<\/p>\n<p>\u00abC\u00f3mo es el que Ministerio que me notifica mediante una suspensi\u00f3n sin explicarme la raz\u00f3n, se da a entender que hay todo un plan orquestado; hay una persona detr\u00e1s del proceso, es el director regional y nosotros tenemos informaci\u00f3n\u00bb, dijo Castillo Arias.<\/p>\n<p>El presidente de la\u00a0<strong>ADP<\/strong>, Eduardo Hidalgo, hizo menci\u00f3n del caso de Castillo Arias en un tuit que public\u00f3 este jueves en sus redes, en el que hace un llamado al ministro de\u00a0<strong>Educaci\u00f3n<\/strong>, Roberto Fulcar.<\/p>\n<p><a href=\"https:\/\/www.diariolibre.com\/actualidad\/educacion\/2022\/03\/18\/minerd-suspende-presidente-de-la-adp-en-higuey\/1716424?utm_source=recomendadas&amp;utm_medium=bloque-detail&amp;utm_campaign=blueconic\"><strong>Fuente<\/strong><\/a><\/p>\n","protected":false},"excerpt":{"rendered":"<p>El Ministerio de\u00a0Educaci\u00f3n, a trav\u00e9s de Direcci\u00f3n General de Gesti\u00f3n Humana, suspendi\u00f3 de sus funciones, por 30 d\u00edas, con disfrute de sueldo, al\u00a0profesor\u00a0Felipe Castillo Arias, presidente de la Asociaci\u00f3n Dominicana de Profesores (ADP), filial Hig\u00fcey. Para la suspensi\u00f3n, se bas\u00f3 en lo establecido en la Ley 41-08 de Funci\u00f3n P\u00fablica, en su art\u00edculo 88: que&#8230;<\/p>\n","protected":false},"author":1,"featured_media":20067,"comment_status":"open","ping_status":"open","sticky":false,"template":"","format":"standard","meta":{"footnotes":""},"categories":[5159,6694,2162,4,6995],"tags":[7497,1380,9456,9455,9459,9457,8718,9458],"class_list":["post-20065","post","type-post","status-publish","format-standard","has-post-thumbnail","hentry","category-denuncias","category-destacado","category-educacion-2","category-higuey","category-la-altagracia","tag-adp","tag-educacion","tag-felipe-castillo-arias","tag-jose-manuel-severino","tag-mercedes-marilyn-acosta","tag-titulo-universitario","tag-uce","tag-universidad-central-del-este"],"yoast_head":"<!-- This site is optimized with the Yoast SEO plugin v27.5 - https:\/\/yoast.com\/product\/yoast-seo-wordpress\/ -->\n<title>Educaci\u00f3n suspende por 30 d\u00edas al presidente de la ADP filial Hig\u00fcey. - Higuey.Info<\/title>\n<meta name=\"description\" content=\"El Ministerio de\u00a0Educaci\u00f3n, a trav\u00e9s de Direcci\u00f3n General de Gesti\u00f3n Humana, suspendi\u00f3 de sus funciones, por 30 d\u00edas, con disfrute de sueldo,\" \/>\n<meta name=\"robots\" content=\"index, follow, max-snippet:-1, max-image-preview:large, max-video-preview:-1\" \/>\n<link rel=\"canonical\" href=\"https:\/\/higuey.info\/news\/educacion-suspende-por-30-dias-al-presidente-de-la-adp-filial-higuey\/\" \/>\n<meta property=\"og:locale\" content=\"es_ES\" \/>\n<meta property=\"og:type\" content=\"article\" \/>\n<meta property=\"og:title\" content=\"Educaci\u00f3n suspende por 30 d\u00edas al presidente de la ADP filial Hig\u00fcey. - Higuey.Info\" \/>\n<meta property=\"og:description\" content=\"El Ministerio de\u00a0Educaci\u00f3n, a trav\u00e9s de Direcci\u00f3n General de Gesti\u00f3n Humana, suspendi\u00f3 de sus funciones, por 30 d\u00edas, con disfrute de sueldo,\" \/>\n<meta property=\"og:url\" content=\"https:\/\/higuey.info\/news\/educacion-suspende-por-30-dias-al-presidente-de-la-adp-filial-higuey\/\" \/>\n<meta property=\"og:site_name\" content=\"Hig\u00fcey.Info\" \/>\n<meta property=\"article:published_time\" content=\"2022-03-19T21:48:38+00:00\" \/>\n<meta property=\"article:modified_time\" content=\"2022-03-19T22:18:16+00:00\" \/>\n<meta property=\"og:image\" content=\"https:\/\/higuey.info\/news\/wp-content\/uploads\/2022\/03\/Felipe-Castillo-Arias.jpeg\" \/>\n\t<meta property=\"og:image:width\" content=\"550\" \/>\n\t<meta property=\"og:image:height\" content=\"364\" \/>\n\t<meta property=\"og:image:type\" content=\"image\/jpeg\" \/>\n<meta name=\"author\" content=\"higuey.info\" \/>\n<meta name=\"twitter:card\" content=\"summary_large_image\" \/>\n<meta name=\"twitter:label1\" content=\"Escrito por\" \/>\n\t<meta name=\"twitter:data1\" content=\"higuey.info\" \/>\n\t<meta name=\"twitter:label2\" content=\"Tiempo de lectura\" \/>\n\t<meta name=\"twitter:data2\" content=\"4 minutos\" \/>\n<script type=\"application\/ld+json\" class=\"yoast-schema-graph\">{\"@context\":\"https:\\\/\\\/schema.org\",\"@graph\":[{\"@type\":\"Article\",\"@id\":\"https:\\\/\\\/higuey.info\\\/news\\\/educacion-suspende-por-30-dias-al-presidente-de-la-adp-filial-higuey\\\/#article\",\"isPartOf\":{\"@id\":\"https:\\\/\\\/higuey.info\\\/news\\\/educacion-suspende-por-30-dias-al-presidente-de-la-adp-filial-higuey\\\/\"},\"author\":{\"name\":\"higuey.info\",\"@id\":\"https:\\\/\\\/higuey.info\\\/news\\\/#\\\/schema\\\/person\\\/274b1e73c44a5e7d852529cd974f389f\"},\"headline\":\"Educaci\u00f3n suspende por 30 d\u00edas al presidente de la ADP filial Hig\u00fcey.\",\"datePublished\":\"2022-03-19T21:48:38+00:00\",\"dateModified\":\"2022-03-19T22:18:16+00:00\",\"mainEntityOfPage\":{\"@id\":\"https:\\\/\\\/higuey.info\\\/news\\\/educacion-suspende-por-30-dias-al-presidente-de-la-adp-filial-higuey\\\/\"},\"wordCount\":827,\"commentCount\":0,\"publisher\":{\"@id\":\"https:\\\/\\\/higuey.info\\\/news\\\/#organization\"},\"image\":{\"@id\":\"https:\\\/\\\/higuey.info\\\/news\\\/educacion-suspende-por-30-dias-al-presidente-de-la-adp-filial-higuey\\\/#primaryimage\"},\"thumbnailUrl\":\"https:\\\/\\\/higuey.info\\\/news\\\/wp-content\\\/uploads\\\/2022\\\/03\\\/Felipe-Castillo-Arias.jpeg\",\"keywords\":[\"ADP\",\"educaci\u00f3n\",\"Felipe Castillo Arias\",\"Jos\u00e9 Manuel Severino\",\"Mercedes Marilyn Acosta\",\"T\u00edtulo universitario\",\"UCE\",\"Universidad Central del Este\"],\"articleSection\":[\"Denuncias\",\"Destacado\",\"Educacion\",\"Higuey\",\"La Altagracia\"],\"inLanguage\":\"es\",\"potentialAction\":[{\"@type\":\"CommentAction\",\"name\":\"Comment\",\"target\":[\"https:\\\/\\\/higuey.info\\\/news\\\/educacion-suspende-por-30-dias-al-presidente-de-la-adp-filial-higuey\\\/#respond\"]}]},{\"@type\":\"WebPage\",\"@id\":\"https:\\\/\\\/higuey.info\\\/news\\\/educacion-suspende-por-30-dias-al-presidente-de-la-adp-filial-higuey\\\/\",\"url\":\"https:\\\/\\\/higuey.info\\\/news\\\/educacion-suspende-por-30-dias-al-presidente-de-la-adp-filial-higuey\\\/\",\"name\":\"Educaci\u00f3n suspende por 30 d\u00edas al presidente de la ADP filial Hig\u00fcey. - Higuey.Info\",\"isPartOf\":{\"@id\":\"https:\\\/\\\/higuey.info\\\/news\\\/#website\"},\"primaryImageOfPage\":{\"@id\":\"https:\\\/\\\/higuey.info\\\/news\\\/educacion-suspende-por-30-dias-al-presidente-de-la-adp-filial-higuey\\\/#primaryimage\"},\"image\":{\"@id\":\"https:\\\/\\\/higuey.info\\\/news\\\/educacion-suspende-por-30-dias-al-presidente-de-la-adp-filial-higuey\\\/#primaryimage\"},\"thumbnailUrl\":\"https:\\\/\\\/higuey.info\\\/news\\\/wp-content\\\/uploads\\\/2022\\\/03\\\/Felipe-Castillo-Arias.jpeg\",\"datePublished\":\"2022-03-19T21:48:38+00:00\",\"dateModified\":\"2022-03-19T22:18:16+00:00\",\"description\":\"El Ministerio de\u00a0Educaci\u00f3n, a trav\u00e9s de Direcci\u00f3n General de Gesti\u00f3n Humana, suspendi\u00f3 de sus funciones, por 30 d\u00edas, con disfrute de sueldo,\",\"breadcrumb\":{\"@id\":\"https:\\\/\\\/higuey.info\\\/news\\\/educacion-suspende-por-30-dias-al-presidente-de-la-adp-filial-higuey\\\/#breadcrumb\"},\"inLanguage\":\"es\",\"potentialAction\":[{\"@type\":\"ReadAction\",\"target\":[\"https:\\\/\\\/higuey.info\\\/news\\\/educacion-suspende-por-30-dias-al-presidente-de-la-adp-filial-higuey\\\/\"]}]},{\"@type\":\"ImageObject\",\"inLanguage\":\"es\",\"@id\":\"https:\\\/\\\/higuey.info\\\/news\\\/educacion-suspende-por-30-dias-al-presidente-de-la-adp-filial-higuey\\\/#primaryimage\",\"url\":\"https:\\\/\\\/higuey.info\\\/news\\\/wp-content\\\/uploads\\\/2022\\\/03\\\/Felipe-Castillo-Arias.jpeg\",\"contentUrl\":\"https:\\\/\\\/higuey.info\\\/news\\\/wp-content\\\/uploads\\\/2022\\\/03\\\/Felipe-Castillo-Arias.jpeg\",\"width\":550,\"height\":364},{\"@type\":\"BreadcrumbList\",\"@id\":\"https:\\\/\\\/higuey.info\\\/news\\\/educacion-suspende-por-30-dias-al-presidente-de-la-adp-filial-higuey\\\/#breadcrumb\",\"itemListElement\":[{\"@type\":\"ListItem\",\"position\":1,\"name\":\"Portada\",\"item\":\"https:\\\/\\\/higuey.info\\\/news\\\/\"},{\"@type\":\"ListItem\",\"position\":2,\"name\":\"Educaci\u00f3n suspende por 30 d\u00edas al presidente de la ADP filial Hig\u00fcey.\"}]},{\"@type\":\"WebSite\",\"@id\":\"https:\\\/\\\/higuey.info\\\/news\\\/#website\",\"url\":\"https:\\\/\\\/higuey.info\\\/news\\\/\",\"name\":\"Hig\u00fcey.Info\",\"description\":\"Noticias de Hig\u00fcey La Altagracia Rep\u00fablica Dominicana.\",\"publisher\":{\"@id\":\"https:\\\/\\\/higuey.info\\\/news\\\/#organization\"},\"potentialAction\":[{\"@type\":\"SearchAction\",\"target\":{\"@type\":\"EntryPoint\",\"urlTemplate\":\"https:\\\/\\\/higuey.info\\\/news\\\/?s={search_term_string}\"},\"query-input\":{\"@type\":\"PropertyValueSpecification\",\"valueRequired\":true,\"valueName\":\"search_term_string\"}}],\"inLanguage\":\"es\"},{\"@type\":\"Organization\",\"@id\":\"https:\\\/\\\/higuey.info\\\/news\\\/#organization\",\"name\":\"Hig\u00fcey.Info\",\"url\":\"https:\\\/\\\/higuey.info\\\/news\\\/\",\"logo\":{\"@type\":\"ImageObject\",\"inLanguage\":\"es\",\"@id\":\"https:\\\/\\\/higuey.info\\\/news\\\/#\\\/schema\\\/logo\\\/image\\\/\",\"url\":\"https:\\\/\\\/higuey.info\\\/news\\\/wp-content\\\/uploads\\\/2015\\\/11\\\/logof.jpg\",\"contentUrl\":\"https:\\\/\\\/higuey.info\\\/news\\\/wp-content\\\/uploads\\\/2015\\\/11\\\/logof.jpg\",\"width\":248,\"height\":90,\"caption\":\"Hig\u00fcey.Info\"},\"image\":{\"@id\":\"https:\\\/\\\/higuey.info\\\/news\\\/#\\\/schema\\\/logo\\\/image\\\/\"}},{\"@type\":\"Person\",\"@id\":\"https:\\\/\\\/higuey.info\\\/news\\\/#\\\/schema\\\/person\\\/274b1e73c44a5e7d852529cd974f389f\",\"name\":\"higuey.info\",\"image\":{\"@type\":\"ImageObject\",\"inLanguage\":\"es\",\"@id\":\"https:\\\/\\\/secure.gravatar.com\\\/avatar\\\/baaa13fb48787405f1f95c6405f1f193ab4cefad2554d219db78e9a57688ba88?s=96&d=wavatar&r=g\",\"url\":\"https:\\\/\\\/secure.gravatar.com\\\/avatar\\\/baaa13fb48787405f1f95c6405f1f193ab4cefad2554d219db78e9a57688ba88?s=96&d=wavatar&r=g\",\"contentUrl\":\"https:\\\/\\\/secure.gravatar.com\\\/avatar\\\/baaa13fb48787405f1f95c6405f1f193ab4cefad2554d219db78e9a57688ba88?s=96&d=wavatar&r=g\",\"caption\":\"higuey.info\"},\"description\":\"Higuey Info | Portal informativo numero uno de la ciudad de Higuey, Todas las Noticias de Higuey La Altagracia Republica Dominicana.\",\"sameAs\":[\"https:\\\/\\\/higuey.info\\\/news\"]}]}<\/script>\n<!-- \/ Yoast SEO plugin. -->","yoast_head_json":{"title":"Educaci\u00f3n suspende por 30 d\u00edas al presidente de la ADP filial Hig\u00fcey. - Higuey.Info","description":"El Ministerio de\u00a0Educaci\u00f3n, a trav\u00e9s de Direcci\u00f3n General de Gesti\u00f3n Humana, suspendi\u00f3 de sus funciones, por 30 d\u00edas, con disfrute de sueldo,","robots":{"index":"index","follow":"follow","max-snippet":"max-snippet:-1","max-image-preview":"max-image-preview:large","max-video-preview":"max-video-preview:-1"},"canonical":"https:\/\/higuey.info\/news\/educacion-suspende-por-30-dias-al-presidente-de-la-adp-filial-higuey\/","og_locale":"es_ES","og_type":"article","og_title":"Educaci\u00f3n suspende por 30 d\u00edas al presidente de la ADP filial Hig\u00fcey. - Higuey.Info","og_description":"El Ministerio de\u00a0Educaci\u00f3n, a trav\u00e9s de Direcci\u00f3n General de Gesti\u00f3n Humana, suspendi\u00f3 de sus funciones, por 30 d\u00edas, con disfrute de sueldo,","og_url":"https:\/\/higuey.info\/news\/educacion-suspende-por-30-dias-al-presidente-de-la-adp-filial-higuey\/","og_site_name":"Hig\u00fcey.Info","article_published_time":"2022-03-19T21:48:38+00:00","article_modified_time":"2022-03-19T22:18:16+00:00","og_image":[{"width":550,"height":364,"url":"https:\/\/higuey.info\/news\/wp-content\/uploads\/2022\/03\/Felipe-Castillo-Arias.jpeg","type":"image\/jpeg"}],"author":"higuey.info","twitter_card":"summary_large_image","twitter_misc":{"Escrito por":"higuey.info","Tiempo de lectura":"4 minutos"},"schema":{"@context":"https:\/\/schema.org","@graph":[{"@type":"Article","@id":"https:\/\/higuey.info\/news\/educacion-suspende-por-30-dias-al-presidente-de-la-adp-filial-higuey\/#article","isPartOf":{"@id":"https:\/\/higuey.info\/news\/educacion-suspende-por-30-dias-al-presidente-de-la-adp-filial-higuey\/"},"author":{"name":"higuey.info","@id":"https:\/\/higuey.info\/news\/#\/schema\/person\/274b1e73c44a5e7d852529cd974f389f"},"headline":"Educaci\u00f3n suspende por 30 d\u00edas al presidente de la ADP filial Hig\u00fcey.","datePublished":"2022-03-19T21:48:38+00:00","dateModified":"2022-03-19T22:18:16+00:00","mainEntityOfPage":{"@id":"https:\/\/higuey.info\/news\/educacion-suspende-por-30-dias-al-presidente-de-la-adp-filial-higuey\/"},"wordCount":827,"commentCount":0,"publisher":{"@id":"https:\/\/higuey.info\/news\/#organization"},"image":{"@id":"https:\/\/higuey.info\/news\/educacion-suspende-por-30-dias-al-presidente-de-la-adp-filial-higuey\/#primaryimage"},"thumbnailUrl":"https:\/\/higuey.info\/news\/wp-content\/uploads\/2022\/03\/Felipe-Castillo-Arias.jpeg","keywords":["ADP","educaci\u00f3n","Felipe Castillo Arias","Jos\u00e9 Manuel Severino","Mercedes Marilyn Acosta","T\u00edtulo universitario","UCE","Universidad Central del Este"],"articleSection":["Denuncias","Destacado","Educacion","Higuey","La Altagracia"],"inLanguage":"es","potentialAction":[{"@type":"CommentAction","name":"Comment","target":["https:\/\/higuey.info\/news\/educacion-suspende-por-30-dias-al-presidente-de-la-adp-filial-higuey\/#respond"]}]},{"@type":"WebPage","@id":"https:\/\/higuey.info\/news\/educacion-suspende-por-30-dias-al-presidente-de-la-adp-filial-higuey\/","url":"https:\/\/higuey.info\/news\/educacion-suspende-por-30-dias-al-presidente-de-la-adp-filial-higuey\/","name":"Educaci\u00f3n suspende por 30 d\u00edas al presidente de la ADP filial Hig\u00fcey. - Higuey.Info","isPartOf":{"@id":"https:\/\/higuey.info\/news\/#website"},"primaryImageOfPage":{"@id":"https:\/\/higuey.info\/news\/educacion-suspende-por-30-dias-al-presidente-de-la-adp-filial-higuey\/#primaryimage"},"image":{"@id":"https:\/\/higuey.info\/news\/educacion-suspende-por-30-dias-al-presidente-de-la-adp-filial-higuey\/#primaryimage"},"thumbnailUrl":"https:\/\/higuey.info\/news\/wp-content\/uploads\/2022\/03\/Felipe-Castillo-Arias.jpeg","datePublished":"2022-03-19T21:48:38+00:00","dateModified":"2022-03-19T22:18:16+00:00","description":"El Ministerio de\u00a0Educaci\u00f3n, a trav\u00e9s de Direcci\u00f3n General de Gesti\u00f3n Humana, suspendi\u00f3 de sus funciones, por 30 d\u00edas, con disfrute de sueldo,","breadcrumb":{"@id":"https:\/\/higuey.info\/news\/educacion-suspende-por-30-dias-al-presidente-de-la-adp-filial-higuey\/#breadcrumb"},"inLanguage":"es","potentialAction":[{"@type":"ReadAction","target":["https:\/\/higuey.info\/news\/educacion-suspende-por-30-dias-al-presidente-de-la-adp-filial-higuey\/"]}]},{"@type":"ImageObject","inLanguage":"es","@id":"https:\/\/higuey.info\/news\/educacion-suspende-por-30-dias-al-presidente-de-la-adp-filial-higuey\/#primaryimage","url":"https:\/\/higuey.info\/news\/wp-content\/uploads\/2022\/03\/Felipe-Castillo-Arias.jpeg","contentUrl":"https:\/\/higuey.info\/news\/wp-content\/uploads\/2022\/03\/Felipe-Castillo-Arias.jpeg","width":550,"height":364},{"@type":"BreadcrumbList","@id":"https:\/\/higuey.info\/news\/educacion-suspende-por-30-dias-al-presidente-de-la-adp-filial-higuey\/#breadcrumb","itemListElement":[{"@type":"ListItem","position":1,"name":"Portada","item":"https:\/\/higuey.info\/news\/"},{"@type":"ListItem","position":2,"name":"Educaci\u00f3n suspende por 30 d\u00edas al presidente de la ADP filial Hig\u00fcey."}]},{"@type":"WebSite","@id":"https:\/\/higuey.info\/news\/#website","url":"https:\/\/higuey.info\/news\/","name":"Hig\u00fcey.Info","description":"Noticias de Hig\u00fcey La Altagracia Rep\u00fablica Dominicana.","publisher":{"@id":"https:\/\/higuey.info\/news\/#organization"},"potentialAction":[{"@type":"SearchAction","target":{"@type":"EntryPoint","urlTemplate":"https:\/\/higuey.info\/news\/?s={search_term_string}"},"query-input":{"@type":"PropertyValueSpecification","valueRequired":true,"valueName":"search_term_string"}}],"inLanguage":"es"},{"@type":"Organization","@id":"https:\/\/higuey.info\/news\/#organization","name":"Hig\u00fcey.Info","url":"https:\/\/higuey.info\/news\/","logo":{"@type":"ImageObject","inLanguage":"es","@id":"https:\/\/higuey.info\/news\/#\/schema\/logo\/image\/","url":"https:\/\/higuey.info\/news\/wp-content\/uploads\/2015\/11\/logof.jpg","contentUrl":"https:\/\/higuey.info\/news\/wp-content\/uploads\/2015\/11\/logof.jpg","width":248,"height":90,"caption":"Hig\u00fcey.Info"},"image":{"@id":"https:\/\/higuey.info\/news\/#\/schema\/logo\/image\/"}},{"@type":"Person","@id":"https:\/\/higuey.info\/news\/#\/schema\/person\/274b1e73c44a5e7d852529cd974f389f","name":"higuey.info","image":{"@type":"ImageObject","inLanguage":"es","@id":"https:\/\/secure.gravatar.com\/avatar\/baaa13fb48787405f1f95c6405f1f193ab4cefad2554d219db78e9a57688ba88?s=96&d=wavatar&r=g","url":"https:\/\/secure.gravatar.com\/avatar\/baaa13fb48787405f1f95c6405f1f193ab4cefad2554d219db78e9a57688ba88?s=96&d=wavatar&r=g","contentUrl":"https:\/\/secure.gravatar.com\/avatar\/baaa13fb48787405f1f95c6405f1f193ab4cefad2554d219db78e9a57688ba88?s=96&d=wavatar&r=g","caption":"higuey.info"},"description":"Higuey Info | Portal informativo numero uno de la ciudad de Higuey, Todas las Noticias de Higuey La Altagracia Republica Dominicana.","sameAs":["https:\/\/higuey.info\/news"]}]}},"_links":{"self":[{"href":"https:\/\/higuey.info\/news\/wp-json\/wp\/v2\/posts\/20065","targetHints":{"allow":["GET"]}}],"collection":[{"href":"https:\/\/higuey.info\/news\/wp-json\/wp\/v2\/posts"}],"about":[{"href":"https:\/\/higuey.info\/news\/wp-json\/wp\/v2\/types\/post"}],"author":[{"embeddable":true,"href":"https:\/\/higuey.info\/news\/wp-json\/wp\/v2\/users\/1"}],"replies":[{"embeddable":true,"href":"https:\/\/higuey.info\/news\/wp-json\/wp\/v2\/comments?post=20065"}],"version-history":[{"count":3,"href":"https:\/\/higuey.info\/news\/wp-json\/wp\/v2\/posts\/20065\/revisions"}],"predecessor-version":[{"id":20070,"href":"https:\/\/higuey.info\/news\/wp-json\/wp\/v2\/posts\/20065\/revisions\/20070"}],"wp:featuredmedia":[{"embeddable":true,"href":"https:\/\/higuey.info\/news\/wp-json\/wp\/v2\/media\/20067"}],"wp:attachment":[{"href":"https:\/\/higuey.info\/news\/wp-json\/wp\/v2\/media?parent=20065"}],"wp:term":[{"taxonomy":"category","embeddable":true,"href":"https:\/\/higuey.info\/news\/wp-json\/wp\/v2\/categories?post=20065"},{"taxonomy":"post_tag","embeddable":true,"href":"https:\/\/higuey.info\/news\/wp-json\/wp\/v2\/tags?post=20065"}],"curies":[{"name":"wp","href":"https:\/\/api.w.org\/{rel}","templated":true}]}}