{"id":2838,"date":"2013-11-20T20:35:59","date_gmt":"2013-11-20T20:35:59","guid":{"rendered":"https:\/\/higuey.info\/news\/?p=2838"},"modified":"2020-11-21T17:00:30","modified_gmt":"2020-11-21T17:00:30","slug":"bavaro-punta-cana-presidente-deja-inaugurado-el-bulevar-del-este","status":"publish","type":"post","link":"https:\/\/higuey.info\/news\/bavaro-punta-cana-presidente-deja-inaugurado-el-bulevar-del-este\/","title":{"rendered":"B\u00e1varo, Punta Cana: Presidente deja inaugurado el Bulevar del Este"},"content":{"rendered":"<div><a href=\"https:\/\/higuey.info\/news\/wp-content\/uploads\/2013\/11\/boulevar.jpeg\"><img loading=\"lazy\" decoding=\"async\" class=\"aligncenter size-full wp-image-2839\" alt=\"boulevar\" src=\"https:\/\/higuey.info\/news\/wp-content\/uploads\/2013\/11\/boulevar.jpeg\" width=\"550\" height=\"383\" \/><\/a><\/div>\n<div>[adsensepost2]<\/div>\n<div id=\"ArticleSourceDiv\"><b>B\u00e1varo, Punta Cana<\/b><\/div>\n<div id=\"ArticleBody\">\n<p>El presidente Danilo Medina inaugur\u00f3 el Bulevar Tur\u00edstico del Este, que incluye unas siete obras, construido por el Gobierno a un costo de 110 millones de d\u00f3lares.<\/p>\n<p>La inauguraci\u00f3n de obras\u00a0 se realiz\u00f3 en un acto que cont\u00f3 con la presencia de funcionarios del Gobierno, inversionistas del \u00e1rea tur\u00edstica y empresarios en sentido general, en el cruce de Coco Loco, en B\u00e1varo.<\/p>\n<p>El discurso central lo pronunci\u00f3 el ministro de Obras P\u00fablicas, Gonzalo Castillo, quien dijo que la conclusi\u00f3n de las obras constituye un acto de coherencia por parte del presidente Danilo Medina.<\/p>\n<p>Tambi\u00e9n habl\u00f3 el ministro de Turismo, Francisco Javier Garc\u00eda,\u00a0 quien dijo que las obras constituyen a desarrabalizar los\u00a0 polos tur\u00edsticos del pa\u00eds.<\/p>\n<p>De su lado el se\u00f1or\u00a0 Ernesto Veloz, presidente de la Asociaci\u00f3n de Hoteleros del Este, dijo que las obras son se\u00f1ales de que el turismo vive un nuevo amanecer,<\/p>\n<p>Tambi\u00e9n dijo que al inicio de la construcci\u00f3n de esas obras en 2002 el sector tur\u00edstico aport\u00f3 760 millones de pesos para la construcci\u00f3n de la misma.<\/p>\n<p>Indic\u00f3 que al terminar diciembre el sector tur\u00edstico del Este habr\u00e1 recibido el 63% de los turistas que ingresan al pa\u00eds, equivalente a 2.5 millones de turistas.<\/p>\n<p>Tras concluir la inauguraci\u00f3n, el presidente Medina encabeza el inicio del Tercer Congreso Dominicano de Autoridades Locales, organizado por la Federaci\u00f3n Dominicana de Municipios, que se efect\u00faa en el Hard Rock\u00a0 de B\u00e1varo.<\/p>\n<p>&nbsp;<\/p>\n<p>Para ver el video de esta noticia siga el siguiente <a title=\"Video: Danilo Medina inaugur\u00f3 el Boulevard Tur\u00edstico del Este en B\u00e1varo-Punta Cana\" href=\"https:\/\/higuey.info\/news\/news\/video-danilo-medina-inauguro-el-boulevard-turistico-del-este-en-bavaro-punta-cana\/\">enlace<\/a><\/p>\n<p>[adsensepost2]<\/p>\n<p><a href=\"http:\/\/www.listindiario.com\/la-republica\/2013\/11\/20\/300332\/Presidente-Medina-deja-inaugurado-el-Bulevar-del-Este-a-un-costo-de-110\" target=\"_blank\" rel=\"noopener noreferrer\">Visitar la Fuente<\/a><\/p>\n<\/div>\n","protected":false},"excerpt":{"rendered":"<p>La inauguraci\u00f3n de obras  se realiz\u00f3 en un acto que cont\u00f3 con la presencia de funcionarios del Gobierno, inversionistas del \u00e1rea tur\u00edstica y empresarios en sentido general, en el cruce de Coco Loco, en B\u00e1varo.<\/p>\n","protected":false},"author":1,"featured_media":2839,"comment_status":"open","ping_status":"open","sticky":false,"template":"","format":"standard","meta":{"footnotes":""},"categories":[4,1212,41,1361],"tags":[3791,173,1675,170,1890,1891,171,172],"class_list":["post-2838","post","type-post","status-publish","format-standard","has-post-thumbnail","hentry","category-higuey","category-mi-comunidad","category-punta-cana","category-beron","tag-bavaro","tag-cana","tag-coco","tag-danilo","tag-inauguracion","tag-loco","tag-medina","tag-punta"],"yoast_head":"<!-- This site is optimized with the Yoast SEO plugin v27.5 - https:\/\/yoast.com\/product\/yoast-seo-wordpress\/ -->\n<title>B\u00e1varo, Punta Cana: Presidente deja inaugurado el Bulevar del Este - Higuey.Info<\/title>\n<meta name=\"description\" content=\"La inauguraci\u00f3n de obras se realiz\u00f3 en un acto que cont\u00f3 con la presencia de funcionarios del Gobierno, inversionistas del \u00e1rea tur\u00edstica y empresarios en sentido general, en el cruce de Coco Loco, en B\u00e1varo.\" \/>\n<meta name=\"robots\" content=\"index, follow, max-snippet:-1, max-image-preview:large, max-video-preview:-1\" \/>\n<link rel=\"canonical\" href=\"https:\/\/higuey.info\/news\/bavaro-punta-cana-presidente-deja-inaugurado-el-bulevar-del-este\/\" \/>\n<meta property=\"og:locale\" content=\"es_ES\" \/>\n<meta property=\"og:type\" content=\"article\" \/>\n<meta property=\"og:title\" content=\"B\u00e1varo, Punta Cana: Presidente deja inaugurado el Bulevar del Este - Higuey.Info\" \/>\n<meta property=\"og:description\" content=\"La inauguraci\u00f3n de obras se realiz\u00f3 en un acto que cont\u00f3 con la presencia de funcionarios del Gobierno, inversionistas del \u00e1rea tur\u00edstica y empresarios en sentido general, en el cruce de Coco Loco, en B\u00e1varo.\" \/>\n<meta property=\"og:url\" content=\"https:\/\/higuey.info\/news\/bavaro-punta-cana-presidente-deja-inaugurado-el-bulevar-del-este\/\" \/>\n<meta property=\"og:site_name\" content=\"Hig\u00fcey.Info\" \/>\n<meta property=\"article:published_time\" content=\"2013-11-20T20:35:59+00:00\" \/>\n<meta property=\"article:modified_time\" content=\"2020-11-21T17:00:30+00:00\" \/>\n<meta property=\"og:image\" content=\"https:\/\/higuey.info\/news\/wp-content\/uploads\/2013\/11\/boulevar.jpeg\" \/>\n\t<meta property=\"og:image:width\" content=\"680\" \/>\n\t<meta property=\"og:image:height\" content=\"383\" \/>\n\t<meta property=\"og:image:type\" content=\"image\/jpeg\" \/>\n<meta name=\"author\" content=\"higuey.info\" \/>\n<meta name=\"twitter:card\" content=\"summary_large_image\" \/>\n<meta name=\"twitter:label1\" content=\"Escrito por\" \/>\n\t<meta name=\"twitter:data1\" content=\"higuey.info\" \/>\n\t<meta name=\"twitter:label2\" content=\"Tiempo de lectura\" \/>\n\t<meta name=\"twitter:data2\" content=\"1 minuto\" \/>\n<script type=\"application\/ld+json\" class=\"yoast-schema-graph\">{\"@context\":\"https:\\\/\\\/schema.org\",\"@graph\":[{\"@type\":\"Article\",\"@id\":\"https:\\\/\\\/higuey.info\\\/news\\\/bavaro-punta-cana-presidente-deja-inaugurado-el-bulevar-del-este\\\/#article\",\"isPartOf\":{\"@id\":\"https:\\\/\\\/higuey.info\\\/news\\\/bavaro-punta-cana-presidente-deja-inaugurado-el-bulevar-del-este\\\/\"},\"author\":{\"name\":\"higuey.info\",\"@id\":\"https:\\\/\\\/higuey.info\\\/news\\\/#\\\/schema\\\/person\\\/274b1e73c44a5e7d852529cd974f389f\"},\"headline\":\"B\u00e1varo, Punta Cana: Presidente deja inaugurado el Bulevar del Este\",\"datePublished\":\"2013-11-20T20:35:59+00:00\",\"dateModified\":\"2020-11-21T17:00:30+00:00\",\"mainEntityOfPage\":{\"@id\":\"https:\\\/\\\/higuey.info\\\/news\\\/bavaro-punta-cana-presidente-deja-inaugurado-el-bulevar-del-este\\\/\"},\"wordCount\":282,\"commentCount\":0,\"publisher\":{\"@id\":\"https:\\\/\\\/higuey.info\\\/news\\\/#organization\"},\"image\":{\"@id\":\"https:\\\/\\\/higuey.info\\\/news\\\/bavaro-punta-cana-presidente-deja-inaugurado-el-bulevar-del-este\\\/#primaryimage\"},\"thumbnailUrl\":\"https:\\\/\\\/higuey.info\\\/news\\\/wp-content\\\/uploads\\\/2013\\\/11\\\/boulevar.jpeg\",\"keywords\":[\"B\u00e1varo\",\"Cana\",\"Coco\",\"Danilo\",\"Inauguracion\",\"Loco\",\"Medina\",\"Punta\"],\"articleSection\":[\"Higuey\",\"Mi comunidad\",\"Punta Cana\",\"Ver\u00f3n\"],\"inLanguage\":\"es\",\"potentialAction\":[{\"@type\":\"CommentAction\",\"name\":\"Comment\",\"target\":[\"https:\\\/\\\/higuey.info\\\/news\\\/bavaro-punta-cana-presidente-deja-inaugurado-el-bulevar-del-este\\\/#respond\"]}]},{\"@type\":\"WebPage\",\"@id\":\"https:\\\/\\\/higuey.info\\\/news\\\/bavaro-punta-cana-presidente-deja-inaugurado-el-bulevar-del-este\\\/\",\"url\":\"https:\\\/\\\/higuey.info\\\/news\\\/bavaro-punta-cana-presidente-deja-inaugurado-el-bulevar-del-este\\\/\",\"name\":\"B\u00e1varo, Punta Cana: Presidente deja inaugurado el Bulevar del Este - Higuey.Info\",\"isPartOf\":{\"@id\":\"https:\\\/\\\/higuey.info\\\/news\\\/#website\"},\"primaryImageOfPage\":{\"@id\":\"https:\\\/\\\/higuey.info\\\/news\\\/bavaro-punta-cana-presidente-deja-inaugurado-el-bulevar-del-este\\\/#primaryimage\"},\"image\":{\"@id\":\"https:\\\/\\\/higuey.info\\\/news\\\/bavaro-punta-cana-presidente-deja-inaugurado-el-bulevar-del-este\\\/#primaryimage\"},\"thumbnailUrl\":\"https:\\\/\\\/higuey.info\\\/news\\\/wp-content\\\/uploads\\\/2013\\\/11\\\/boulevar.jpeg\",\"datePublished\":\"2013-11-20T20:35:59+00:00\",\"dateModified\":\"2020-11-21T17:00:30+00:00\",\"description\":\"La inauguraci\u00f3n de obras se realiz\u00f3 en un acto que cont\u00f3 con la presencia de funcionarios del Gobierno, inversionistas del \u00e1rea tur\u00edstica y empresarios en sentido general, en el cruce de Coco Loco, en B\u00e1varo.\",\"breadcrumb\":{\"@id\":\"https:\\\/\\\/higuey.info\\\/news\\\/bavaro-punta-cana-presidente-deja-inaugurado-el-bulevar-del-este\\\/#breadcrumb\"},\"inLanguage\":\"es\",\"potentialAction\":[{\"@type\":\"ReadAction\",\"target\":[\"https:\\\/\\\/higuey.info\\\/news\\\/bavaro-punta-cana-presidente-deja-inaugurado-el-bulevar-del-este\\\/\"]}]},{\"@type\":\"ImageObject\",\"inLanguage\":\"es\",\"@id\":\"https:\\\/\\\/higuey.info\\\/news\\\/bavaro-punta-cana-presidente-deja-inaugurado-el-bulevar-del-este\\\/#primaryimage\",\"url\":\"https:\\\/\\\/higuey.info\\\/news\\\/wp-content\\\/uploads\\\/2013\\\/11\\\/boulevar.jpeg\",\"contentUrl\":\"https:\\\/\\\/higuey.info\\\/news\\\/wp-content\\\/uploads\\\/2013\\\/11\\\/boulevar.jpeg\",\"width\":680,\"height\":383},{\"@type\":\"BreadcrumbList\",\"@id\":\"https:\\\/\\\/higuey.info\\\/news\\\/bavaro-punta-cana-presidente-deja-inaugurado-el-bulevar-del-este\\\/#breadcrumb\",\"itemListElement\":[{\"@type\":\"ListItem\",\"position\":1,\"name\":\"Portada\",\"item\":\"https:\\\/\\\/higuey.info\\\/news\\\/\"},{\"@type\":\"ListItem\",\"position\":2,\"name\":\"B\u00e1varo, Punta Cana: Presidente deja inaugurado el Bulevar del Este\"}]},{\"@type\":\"WebSite\",\"@id\":\"https:\\\/\\\/higuey.info\\\/news\\\/#website\",\"url\":\"https:\\\/\\\/higuey.info\\\/news\\\/\",\"name\":\"Hig\u00fcey.Info\",\"description\":\"Noticias de Hig\u00fcey La Altagracia Rep\u00fablica Dominicana.\",\"publisher\":{\"@id\":\"https:\\\/\\\/higuey.info\\\/news\\\/#organization\"},\"potentialAction\":[{\"@type\":\"SearchAction\",\"target\":{\"@type\":\"EntryPoint\",\"urlTemplate\":\"https:\\\/\\\/higuey.info\\\/news\\\/?s={search_term_string}\"},\"query-input\":{\"@type\":\"PropertyValueSpecification\",\"valueRequired\":true,\"valueName\":\"search_term_string\"}}],\"inLanguage\":\"es\"},{\"@type\":\"Organization\",\"@id\":\"https:\\\/\\\/higuey.info\\\/news\\\/#organization\",\"name\":\"Hig\u00fcey.Info\",\"url\":\"https:\\\/\\\/higuey.info\\\/news\\\/\",\"logo\":{\"@type\":\"ImageObject\",\"inLanguage\":\"es\",\"@id\":\"https:\\\/\\\/higuey.info\\\/news\\\/#\\\/schema\\\/logo\\\/image\\\/\",\"url\":\"https:\\\/\\\/higuey.info\\\/news\\\/wp-content\\\/uploads\\\/2015\\\/11\\\/logof.jpg\",\"contentUrl\":\"https:\\\/\\\/higuey.info\\\/news\\\/wp-content\\\/uploads\\\/2015\\\/11\\\/logof.jpg\",\"width\":248,\"height\":90,\"caption\":\"Hig\u00fcey.Info\"},\"image\":{\"@id\":\"https:\\\/\\\/higuey.info\\\/news\\\/#\\\/schema\\\/logo\\\/image\\\/\"}},{\"@type\":\"Person\",\"@id\":\"https:\\\/\\\/higuey.info\\\/news\\\/#\\\/schema\\\/person\\\/274b1e73c44a5e7d852529cd974f389f\",\"name\":\"higuey.info\",\"image\":{\"@type\":\"ImageObject\",\"inLanguage\":\"es\",\"@id\":\"https:\\\/\\\/secure.gravatar.com\\\/avatar\\\/baaa13fb48787405f1f95c6405f1f193ab4cefad2554d219db78e9a57688ba88?s=96&d=wavatar&r=g\",\"url\":\"https:\\\/\\\/secure.gravatar.com\\\/avatar\\\/baaa13fb48787405f1f95c6405f1f193ab4cefad2554d219db78e9a57688ba88?s=96&d=wavatar&r=g\",\"contentUrl\":\"https:\\\/\\\/secure.gravatar.com\\\/avatar\\\/baaa13fb48787405f1f95c6405f1f193ab4cefad2554d219db78e9a57688ba88?s=96&d=wavatar&r=g\",\"caption\":\"higuey.info\"},\"description\":\"Higuey Info | Portal informativo numero uno de la ciudad de Higuey, Todas las Noticias de Higuey La Altagracia Republica Dominicana.\",\"sameAs\":[\"https:\\\/\\\/higuey.info\\\/news\"]}]}<\/script>\n<!-- \/ Yoast SEO plugin. -->","yoast_head_json":{"title":"B\u00e1varo, Punta Cana: Presidente deja inaugurado el Bulevar del Este - Higuey.Info","description":"La inauguraci\u00f3n de obras se realiz\u00f3 en un acto que cont\u00f3 con la presencia de funcionarios del Gobierno, inversionistas del \u00e1rea tur\u00edstica y empresarios en sentido general, en el cruce de Coco Loco, en B\u00e1varo.","robots":{"index":"index","follow":"follow","max-snippet":"max-snippet:-1","max-image-preview":"max-image-preview:large","max-video-preview":"max-video-preview:-1"},"canonical":"https:\/\/higuey.info\/news\/bavaro-punta-cana-presidente-deja-inaugurado-el-bulevar-del-este\/","og_locale":"es_ES","og_type":"article","og_title":"B\u00e1varo, Punta Cana: Presidente deja inaugurado el Bulevar del Este - Higuey.Info","og_description":"La inauguraci\u00f3n de obras se realiz\u00f3 en un acto que cont\u00f3 con la presencia de funcionarios del Gobierno, inversionistas del \u00e1rea tur\u00edstica y empresarios en sentido general, en el cruce de Coco Loco, en B\u00e1varo.","og_url":"https:\/\/higuey.info\/news\/bavaro-punta-cana-presidente-deja-inaugurado-el-bulevar-del-este\/","og_site_name":"Hig\u00fcey.Info","article_published_time":"2013-11-20T20:35:59+00:00","article_modified_time":"2020-11-21T17:00:30+00:00","og_image":[{"width":680,"height":383,"url":"https:\/\/higuey.info\/news\/wp-content\/uploads\/2013\/11\/boulevar.jpeg","type":"image\/jpeg"}],"author":"higuey.info","twitter_card":"summary_large_image","twitter_misc":{"Escrito por":"higuey.info","Tiempo de lectura":"1 minuto"},"schema":{"@context":"https:\/\/schema.org","@graph":[{"@type":"Article","@id":"https:\/\/higuey.info\/news\/bavaro-punta-cana-presidente-deja-inaugurado-el-bulevar-del-este\/#article","isPartOf":{"@id":"https:\/\/higuey.info\/news\/bavaro-punta-cana-presidente-deja-inaugurado-el-bulevar-del-este\/"},"author":{"name":"higuey.info","@id":"https:\/\/higuey.info\/news\/#\/schema\/person\/274b1e73c44a5e7d852529cd974f389f"},"headline":"B\u00e1varo, Punta Cana: Presidente deja inaugurado el Bulevar del Este","datePublished":"2013-11-20T20:35:59+00:00","dateModified":"2020-11-21T17:00:30+00:00","mainEntityOfPage":{"@id":"https:\/\/higuey.info\/news\/bavaro-punta-cana-presidente-deja-inaugurado-el-bulevar-del-este\/"},"wordCount":282,"commentCount":0,"publisher":{"@id":"https:\/\/higuey.info\/news\/#organization"},"image":{"@id":"https:\/\/higuey.info\/news\/bavaro-punta-cana-presidente-deja-inaugurado-el-bulevar-del-este\/#primaryimage"},"thumbnailUrl":"https:\/\/higuey.info\/news\/wp-content\/uploads\/2013\/11\/boulevar.jpeg","keywords":["B\u00e1varo","Cana","Coco","Danilo","Inauguracion","Loco","Medina","Punta"],"articleSection":["Higuey","Mi comunidad","Punta Cana","Ver\u00f3n"],"inLanguage":"es","potentialAction":[{"@type":"CommentAction","name":"Comment","target":["https:\/\/higuey.info\/news\/bavaro-punta-cana-presidente-deja-inaugurado-el-bulevar-del-este\/#respond"]}]},{"@type":"WebPage","@id":"https:\/\/higuey.info\/news\/bavaro-punta-cana-presidente-deja-inaugurado-el-bulevar-del-este\/","url":"https:\/\/higuey.info\/news\/bavaro-punta-cana-presidente-deja-inaugurado-el-bulevar-del-este\/","name":"B\u00e1varo, Punta Cana: Presidente deja inaugurado el Bulevar del Este - Higuey.Info","isPartOf":{"@id":"https:\/\/higuey.info\/news\/#website"},"primaryImageOfPage":{"@id":"https:\/\/higuey.info\/news\/bavaro-punta-cana-presidente-deja-inaugurado-el-bulevar-del-este\/#primaryimage"},"image":{"@id":"https:\/\/higuey.info\/news\/bavaro-punta-cana-presidente-deja-inaugurado-el-bulevar-del-este\/#primaryimage"},"thumbnailUrl":"https:\/\/higuey.info\/news\/wp-content\/uploads\/2013\/11\/boulevar.jpeg","datePublished":"2013-11-20T20:35:59+00:00","dateModified":"2020-11-21T17:00:30+00:00","description":"La inauguraci\u00f3n de obras se realiz\u00f3 en un acto que cont\u00f3 con la presencia de funcionarios del Gobierno, inversionistas del \u00e1rea tur\u00edstica y empresarios en sentido general, en el cruce de Coco Loco, en B\u00e1varo.","breadcrumb":{"@id":"https:\/\/higuey.info\/news\/bavaro-punta-cana-presidente-deja-inaugurado-el-bulevar-del-este\/#breadcrumb"},"inLanguage":"es","potentialAction":[{"@type":"ReadAction","target":["https:\/\/higuey.info\/news\/bavaro-punta-cana-presidente-deja-inaugurado-el-bulevar-del-este\/"]}]},{"@type":"ImageObject","inLanguage":"es","@id":"https:\/\/higuey.info\/news\/bavaro-punta-cana-presidente-deja-inaugurado-el-bulevar-del-este\/#primaryimage","url":"https:\/\/higuey.info\/news\/wp-content\/uploads\/2013\/11\/boulevar.jpeg","contentUrl":"https:\/\/higuey.info\/news\/wp-content\/uploads\/2013\/11\/boulevar.jpeg","width":680,"height":383},{"@type":"BreadcrumbList","@id":"https:\/\/higuey.info\/news\/bavaro-punta-cana-presidente-deja-inaugurado-el-bulevar-del-este\/#breadcrumb","itemListElement":[{"@type":"ListItem","position":1,"name":"Portada","item":"https:\/\/higuey.info\/news\/"},{"@type":"ListItem","position":2,"name":"B\u00e1varo, Punta Cana: Presidente deja inaugurado el Bulevar del Este"}]},{"@type":"WebSite","@id":"https:\/\/higuey.info\/news\/#website","url":"https:\/\/higuey.info\/news\/","name":"Hig\u00fcey.Info","description":"Noticias de Hig\u00fcey La Altagracia Rep\u00fablica Dominicana.","publisher":{"@id":"https:\/\/higuey.info\/news\/#organization"},"potentialAction":[{"@type":"SearchAction","target":{"@type":"EntryPoint","urlTemplate":"https:\/\/higuey.info\/news\/?s={search_term_string}"},"query-input":{"@type":"PropertyValueSpecification","valueRequired":true,"valueName":"search_term_string"}}],"inLanguage":"es"},{"@type":"Organization","@id":"https:\/\/higuey.info\/news\/#organization","name":"Hig\u00fcey.Info","url":"https:\/\/higuey.info\/news\/","logo":{"@type":"ImageObject","inLanguage":"es","@id":"https:\/\/higuey.info\/news\/#\/schema\/logo\/image\/","url":"https:\/\/higuey.info\/news\/wp-content\/uploads\/2015\/11\/logof.jpg","contentUrl":"https:\/\/higuey.info\/news\/wp-content\/uploads\/2015\/11\/logof.jpg","width":248,"height":90,"caption":"Hig\u00fcey.Info"},"image":{"@id":"https:\/\/higuey.info\/news\/#\/schema\/logo\/image\/"}},{"@type":"Person","@id":"https:\/\/higuey.info\/news\/#\/schema\/person\/274b1e73c44a5e7d852529cd974f389f","name":"higuey.info","image":{"@type":"ImageObject","inLanguage":"es","@id":"https:\/\/secure.gravatar.com\/avatar\/baaa13fb48787405f1f95c6405f1f193ab4cefad2554d219db78e9a57688ba88?s=96&d=wavatar&r=g","url":"https:\/\/secure.gravatar.com\/avatar\/baaa13fb48787405f1f95c6405f1f193ab4cefad2554d219db78e9a57688ba88?s=96&d=wavatar&r=g","contentUrl":"https:\/\/secure.gravatar.com\/avatar\/baaa13fb48787405f1f95c6405f1f193ab4cefad2554d219db78e9a57688ba88?s=96&d=wavatar&r=g","caption":"higuey.info"},"description":"Higuey Info | Portal informativo numero uno de la ciudad de Higuey, Todas las Noticias de Higuey La Altagracia Republica Dominicana.","sameAs":["https:\/\/higuey.info\/news"]}]}},"_links":{"self":[{"href":"https:\/\/higuey.info\/news\/wp-json\/wp\/v2\/posts\/2838","targetHints":{"allow":["GET"]}}],"collection":[{"href":"https:\/\/higuey.info\/news\/wp-json\/wp\/v2\/posts"}],"about":[{"href":"https:\/\/higuey.info\/news\/wp-json\/wp\/v2\/types\/post"}],"author":[{"embeddable":true,"href":"https:\/\/higuey.info\/news\/wp-json\/wp\/v2\/users\/1"}],"replies":[{"embeddable":true,"href":"https:\/\/higuey.info\/news\/wp-json\/wp\/v2\/comments?post=2838"}],"version-history":[{"count":9,"href":"https:\/\/higuey.info\/news\/wp-json\/wp\/v2\/posts\/2838\/revisions"}],"predecessor-version":[{"id":18361,"href":"https:\/\/higuey.info\/news\/wp-json\/wp\/v2\/posts\/2838\/revisions\/18361"}],"wp:featuredmedia":[{"embeddable":true,"href":"https:\/\/higuey.info\/news\/wp-json\/wp\/v2\/media\/2839"}],"wp:attachment":[{"href":"https:\/\/higuey.info\/news\/wp-json\/wp\/v2\/media?parent=2838"}],"wp:term":[{"taxonomy":"category","embeddable":true,"href":"https:\/\/higuey.info\/news\/wp-json\/wp\/v2\/categories?post=2838"},{"taxonomy":"post_tag","embeddable":true,"href":"https:\/\/higuey.info\/news\/wp-json\/wp\/v2\/tags?post=2838"}],"curies":[{"name":"wp","href":"https:\/\/api.w.org\/{rel}","templated":true}]}}