{"id":3119,"date":"2014-01-31T00:03:20","date_gmt":"2014-01-31T00:03:20","guid":{"rendered":"https:\/\/higuey.info\/news\/?p=3119"},"modified":"2020-11-21T14:27:38","modified_gmt":"2020-11-21T14:27:38","slug":"imagenes-accidente-en-la-bajaita-del-guateque-veron","status":"publish","type":"post","link":"https:\/\/higuey.info\/news\/imagenes-accidente-en-la-bajaita-del-guateque-veron\/","title":{"rendered":"Veron: Accidente en la bajaita del guateque (Imagenes)"},"content":{"rendered":"<div><a href=\"https:\/\/higuey.info\/news\/wp-content\/uploads\/2014\/01\/000.jpg\"><img loading=\"lazy\" decoding=\"async\" class=\"aligncenter size-full wp-image-3120\" src=\"https:\/\/higuey.info\/news\/wp-content\/uploads\/2014\/01\/000.jpg\" alt=\"000\" width=\"550\" height=\"404\" srcset=\"https:\/\/higuey.info\/news\/wp-content\/uploads\/2014\/01\/000.jpg 550w, https:\/\/higuey.info\/news\/wp-content\/uploads\/2014\/01\/000-300x220.jpg 300w, https:\/\/higuey.info\/news\/wp-content\/uploads\/2014\/01\/000-544x400.jpg 544w\" sizes=\"auto, (max-width: 550px) 100vw, 550px\" \/><\/a><\/div>\n<div>[adsensepost2]<\/div>\n<div>Un chofer de una patana, impacto contra un poste el\u00e9ctrico \u200e al perder el control. Del veh\u00edculo donde viajaba, derribando el mismo&#8230;<\/div>\n<div>\u00a0Afortunada mente el chofer salio ileso solo con heridas leves&#8230;<\/div>\n<div><\/div>\n<div>Estas imagenes fueron tomada por el lente del movil de uno de nuestros lectores que viaja desde el area hotelera hacia esta ciudad, en momento en que se encontraba la carretera en estado muy mojado por una fuerte lluvia que caia, se produjo un entaponamiento que se disipo al pasar el momento. Hasta el momento no tenemos mas informacion sobre este caso, seguiremos investigando.<\/div>\n<div>[adsensepost2]<\/div>\n<div>\n<div id='gallery-1' class='gallery galleryid-3119 gallery-columns-3 gallery-size-thumbnail'><figure class='gallery-item'>\n\t\t\t<div class='gallery-icon landscape'>\n\t\t\t\t<a href='https:\/\/higuey.info\/news\/imagenes-accidente-en-la-bajaita-del-guateque-veron\/2-2\/'><img loading=\"lazy\" decoding=\"async\" width=\"150\" height=\"150\" src=\"https:\/\/higuey.info\/news\/wp-content\/uploads\/2014\/01\/2-150x150.jpg\" class=\"attachment-thumbnail size-thumbnail\" alt=\"\" srcset=\"https:\/\/higuey.info\/news\/wp-content\/uploads\/2014\/01\/2-150x150.jpg 150w, https:\/\/higuey.info\/news\/wp-content\/uploads\/2014\/01\/2-300x300.jpg 300w, https:\/\/higuey.info\/news\/wp-content\/uploads\/2014\/01\/2-400x400.jpg 400w, https:\/\/higuey.info\/news\/wp-content\/uploads\/2014\/01\/2.jpg 713w\" sizes=\"auto, (max-width: 150px) 100vw, 150px\" \/><\/a>\n\t\t\t<\/div><\/figure><figure class='gallery-item'>\n\t\t\t<div class='gallery-icon landscape'>\n\t\t\t\t<a href='https:\/\/higuey.info\/news\/imagenes-accidente-en-la-bajaita-del-guateque-veron\/3-2\/'><img loading=\"lazy\" decoding=\"async\" width=\"150\" height=\"150\" src=\"https:\/\/higuey.info\/news\/wp-content\/uploads\/2014\/01\/3-150x150.jpg\" class=\"attachment-thumbnail size-thumbnail\" alt=\"\" srcset=\"https:\/\/higuey.info\/news\/wp-content\/uploads\/2014\/01\/3-150x150.jpg 150w, https:\/\/higuey.info\/news\/wp-content\/uploads\/2014\/01\/3-300x300.jpg 300w, https:\/\/higuey.info\/news\/wp-content\/uploads\/2014\/01\/3-400x400.jpg 400w, https:\/\/higuey.info\/news\/wp-content\/uploads\/2014\/01\/3.jpg 713w\" sizes=\"auto, (max-width: 150px) 100vw, 150px\" \/><\/a>\n\t\t\t<\/div><\/figure><figure class='gallery-item'>\n\t\t\t<div class='gallery-icon landscape'>\n\t\t\t\t<a href='https:\/\/higuey.info\/news\/imagenes-accidente-en-la-bajaita-del-guateque-veron\/attachment\/4\/'><img loading=\"lazy\" decoding=\"async\" width=\"150\" height=\"150\" src=\"https:\/\/higuey.info\/news\/wp-content\/uploads\/2014\/01\/4-150x150.jpg\" class=\"attachment-thumbnail size-thumbnail\" alt=\"\" srcset=\"https:\/\/higuey.info\/news\/wp-content\/uploads\/2014\/01\/4-150x150.jpg 150w, https:\/\/higuey.info\/news\/wp-content\/uploads\/2014\/01\/4-300x300.jpg 300w, https:\/\/higuey.info\/news\/wp-content\/uploads\/2014\/01\/4-400x400.jpg 400w, https:\/\/higuey.info\/news\/wp-content\/uploads\/2014\/01\/4.jpg 713w\" sizes=\"auto, (max-width: 150px) 100vw, 150px\" \/><\/a>\n\t\t\t<\/div><\/figure><figure class='gallery-item'>\n\t\t\t<div class='gallery-icon landscape'>\n\t\t\t\t<a href='https:\/\/higuey.info\/news\/imagenes-accidente-en-la-bajaita-del-guateque-veron\/5-3\/'><img loading=\"lazy\" decoding=\"async\" width=\"150\" height=\"150\" src=\"https:\/\/higuey.info\/news\/wp-content\/uploads\/2014\/01\/5-150x150.jpg\" class=\"attachment-thumbnail size-thumbnail\" alt=\"\" srcset=\"https:\/\/higuey.info\/news\/wp-content\/uploads\/2014\/01\/5-150x150.jpg 150w, https:\/\/higuey.info\/news\/wp-content\/uploads\/2014\/01\/5-300x300.jpg 300w, https:\/\/higuey.info\/news\/wp-content\/uploads\/2014\/01\/5-400x400.jpg 400w, https:\/\/higuey.info\/news\/wp-content\/uploads\/2014\/01\/5.jpg 713w\" sizes=\"auto, (max-width: 150px) 100vw, 150px\" \/><\/a>\n\t\t\t<\/div><\/figure><figure class='gallery-item'>\n\t\t\t<div class='gallery-icon landscape'>\n\t\t\t\t<a href='https:\/\/higuey.info\/news\/imagenes-accidente-en-la-bajaita-del-guateque-veron\/7-2\/'><img loading=\"lazy\" decoding=\"async\" width=\"150\" height=\"150\" src=\"https:\/\/higuey.info\/news\/wp-content\/uploads\/2014\/01\/7-150x150.jpg\" class=\"attachment-thumbnail size-thumbnail\" alt=\"\" srcset=\"https:\/\/higuey.info\/news\/wp-content\/uploads\/2014\/01\/7-150x150.jpg 150w, https:\/\/higuey.info\/news\/wp-content\/uploads\/2014\/01\/7-300x300.jpg 300w, https:\/\/higuey.info\/news\/wp-content\/uploads\/2014\/01\/7-400x400.jpg 400w, https:\/\/higuey.info\/news\/wp-content\/uploads\/2014\/01\/7.jpg 713w\" sizes=\"auto, (max-width: 150px) 100vw, 150px\" \/><\/a>\n\t\t\t<\/div><\/figure><figure class='gallery-item'>\n\t\t\t<div class='gallery-icon landscape'>\n\t\t\t\t<a href='https:\/\/higuey.info\/news\/imagenes-accidente-en-la-bajaita-del-guateque-veron\/8-2\/'><img loading=\"lazy\" decoding=\"async\" width=\"150\" height=\"150\" src=\"https:\/\/higuey.info\/news\/wp-content\/uploads\/2014\/01\/8-150x150.jpg\" class=\"attachment-thumbnail size-thumbnail\" alt=\"\" srcset=\"https:\/\/higuey.info\/news\/wp-content\/uploads\/2014\/01\/8-150x150.jpg 150w, https:\/\/higuey.info\/news\/wp-content\/uploads\/2014\/01\/8-300x300.jpg 300w, https:\/\/higuey.info\/news\/wp-content\/uploads\/2014\/01\/8-400x400.jpg 400w, https:\/\/higuey.info\/news\/wp-content\/uploads\/2014\/01\/8.jpg 713w\" sizes=\"auto, (max-width: 150px) 100vw, 150px\" \/><\/a>\n\t\t\t<\/div><\/figure><figure class='gallery-item'>\n\t\t\t<div class='gallery-icon landscape'>\n\t\t\t\t<a href='https:\/\/higuey.info\/news\/imagenes-accidente-en-la-bajaita-del-guateque-veron\/attachment\/9\/'><img loading=\"lazy\" decoding=\"async\" width=\"150\" height=\"150\" src=\"https:\/\/higuey.info\/news\/wp-content\/uploads\/2014\/01\/9-150x150.jpg\" class=\"attachment-thumbnail size-thumbnail\" alt=\"\" srcset=\"https:\/\/higuey.info\/news\/wp-content\/uploads\/2014\/01\/9-150x150.jpg 150w, https:\/\/higuey.info\/news\/wp-content\/uploads\/2014\/01\/9-300x300.jpg 300w, https:\/\/higuey.info\/news\/wp-content\/uploads\/2014\/01\/9-400x400.jpg 400w, https:\/\/higuey.info\/news\/wp-content\/uploads\/2014\/01\/9.jpg 713w\" sizes=\"auto, (max-width: 150px) 100vw, 150px\" \/><\/a>\n\t\t\t<\/div><\/figure><figure class='gallery-item'>\n\t\t\t<div class='gallery-icon landscape'>\n\t\t\t\t<a href='https:\/\/higuey.info\/news\/imagenes-accidente-en-la-bajaita-del-guateque-veron\/attachment\/10\/'><img loading=\"lazy\" decoding=\"async\" width=\"150\" height=\"150\" src=\"https:\/\/higuey.info\/news\/wp-content\/uploads\/2014\/01\/10-150x150.jpg\" class=\"attachment-thumbnail size-thumbnail\" alt=\"\" srcset=\"https:\/\/higuey.info\/news\/wp-content\/uploads\/2014\/01\/10-150x150.jpg 150w, https:\/\/higuey.info\/news\/wp-content\/uploads\/2014\/01\/10-300x300.jpg 300w, https:\/\/higuey.info\/news\/wp-content\/uploads\/2014\/01\/10-400x400.jpg 400w, https:\/\/higuey.info\/news\/wp-content\/uploads\/2014\/01\/10.jpg 713w\" sizes=\"auto, (max-width: 150px) 100vw, 150px\" \/><\/a>\n\t\t\t<\/div><\/figure><figure class='gallery-item'>\n\t\t\t<div class='gallery-icon landscape'>\n\t\t\t\t<a href='https:\/\/higuey.info\/news\/imagenes-accidente-en-la-bajaita-del-guateque-veron\/11-2\/'><img loading=\"lazy\" decoding=\"async\" width=\"150\" height=\"150\" src=\"https:\/\/higuey.info\/news\/wp-content\/uploads\/2014\/01\/11-150x150.jpg\" class=\"attachment-thumbnail size-thumbnail\" alt=\"\" srcset=\"https:\/\/higuey.info\/news\/wp-content\/uploads\/2014\/01\/11-150x150.jpg 150w, https:\/\/higuey.info\/news\/wp-content\/uploads\/2014\/01\/11-300x300.jpg 300w, https:\/\/higuey.info\/news\/wp-content\/uploads\/2014\/01\/11-400x400.jpg 400w, https:\/\/higuey.info\/news\/wp-content\/uploads\/2014\/01\/11.jpg 713w\" sizes=\"auto, (max-width: 150px) 100vw, 150px\" \/><\/a>\n\t\t\t<\/div><\/figure>\n\t\t<\/div>\n\n<\/div>\n<blockquote>\n<div style=\"text-align: center;\">Informacion Gracias a:<strong> Alex Peguero<\/strong><\/div>\n<\/blockquote>\n","protected":false},"excerpt":{"rendered":"<p>Un chofer de una patana, impacto contra un poste el\u00e9ctrico \u200e al perder el control. Del veh\u00edculo donde viajaba, derribando el mismo&#8230;<br \/>\n Afortunada mente el chofer salio ileso solo con heridas leves&#8230;<\/p>\n","protected":false},"author":1,"featured_media":3120,"comment_status":"open","ping_status":"open","sticky":false,"template":"","format":"standard","meta":{"footnotes":""},"categories":[4,1212,1361],"tags":[985,2094,1334,2093],"class_list":["post-3119","post","type-post","status-publish","format-standard","has-post-thumbnail","hentry","category-higuey","category-mi-comunidad","category-beron","tag-accidente","tag-hotel","tag-transporte","tag-vehiculo"],"yoast_head":"<!-- This site is optimized with the Yoast SEO plugin v27.5 - https:\/\/yoast.com\/product\/yoast-seo-wordpress\/ -->\n<title>Veron: Accidente en la bajaita del guateque (Imagenes) - Higuey.Info<\/title>\n<meta name=\"description\" content=\"Un chofer de una patana, impacto contra un poste el\u00e9ctrico \u200e al perder el control. Del veh\u00edculo donde viajaba, derribando el mismo...  Afortunada mente el chofer salio ileso solo con heridas leves...\" \/>\n<meta name=\"robots\" content=\"index, follow, max-snippet:-1, max-image-preview:large, max-video-preview:-1\" \/>\n<link rel=\"canonical\" href=\"https:\/\/higuey.info\/news\/imagenes-accidente-en-la-bajaita-del-guateque-veron\/\" \/>\n<meta property=\"og:locale\" content=\"es_ES\" \/>\n<meta property=\"og:type\" content=\"article\" \/>\n<meta property=\"og:title\" content=\"Veron: Accidente en la bajaita del guateque (Imagenes) - Higuey.Info\" \/>\n<meta property=\"og:description\" content=\"Un chofer de una patana, impacto contra un poste el\u00e9ctrico \u200e al perder el control. Del veh\u00edculo donde viajaba, derribando el mismo...  Afortunada mente el chofer salio ileso solo con heridas leves...\" \/>\n<meta property=\"og:url\" content=\"https:\/\/higuey.info\/news\/imagenes-accidente-en-la-bajaita-del-guateque-veron\/\" \/>\n<meta property=\"og:site_name\" content=\"Hig\u00fcey.Info\" \/>\n<meta property=\"article:published_time\" content=\"2014-01-31T00:03:20+00:00\" \/>\n<meta property=\"article:modified_time\" content=\"2020-11-21T14:27:38+00:00\" \/>\n<meta property=\"og:image\" content=\"https:\/\/higuey.info\/news\/wp-content\/uploads\/2014\/01\/000.jpg\" \/>\n\t<meta property=\"og:image:width\" content=\"550\" \/>\n\t<meta property=\"og:image:height\" content=\"404\" \/>\n\t<meta property=\"og:image:type\" content=\"image\/jpeg\" \/>\n<meta name=\"author\" content=\"higuey.info\" \/>\n<meta name=\"twitter:card\" content=\"summary_large_image\" \/>\n<meta name=\"twitter:label1\" content=\"Escrito por\" \/>\n\t<meta name=\"twitter:data1\" content=\"higuey.info\" \/>\n\t<meta name=\"twitter:label2\" content=\"Tiempo de lectura\" \/>\n\t<meta name=\"twitter:data2\" content=\"1 minuto\" \/>\n<script type=\"application\/ld+json\" class=\"yoast-schema-graph\">{\"@context\":\"https:\\\/\\\/schema.org\",\"@graph\":[{\"@type\":\"Article\",\"@id\":\"https:\\\/\\\/higuey.info\\\/news\\\/imagenes-accidente-en-la-bajaita-del-guateque-veron\\\/#article\",\"isPartOf\":{\"@id\":\"https:\\\/\\\/higuey.info\\\/news\\\/imagenes-accidente-en-la-bajaita-del-guateque-veron\\\/\"},\"author\":{\"name\":\"higuey.info\",\"@id\":\"https:\\\/\\\/higuey.info\\\/news\\\/#\\\/schema\\\/person\\\/274b1e73c44a5e7d852529cd974f389f\"},\"headline\":\"Veron: Accidente en la bajaita del guateque (Imagenes)\",\"datePublished\":\"2014-01-31T00:03:20+00:00\",\"dateModified\":\"2020-11-21T14:27:38+00:00\",\"mainEntityOfPage\":{\"@id\":\"https:\\\/\\\/higuey.info\\\/news\\\/imagenes-accidente-en-la-bajaita-del-guateque-veron\\\/\"},\"wordCount\":114,\"commentCount\":0,\"publisher\":{\"@id\":\"https:\\\/\\\/higuey.info\\\/news\\\/#organization\"},\"image\":{\"@id\":\"https:\\\/\\\/higuey.info\\\/news\\\/imagenes-accidente-en-la-bajaita-del-guateque-veron\\\/#primaryimage\"},\"thumbnailUrl\":\"https:\\\/\\\/higuey.info\\\/news\\\/wp-content\\\/uploads\\\/2014\\\/01\\\/000.jpg\",\"keywords\":[\"Accidente\",\"Hotel\",\"transporte\",\"Vehiculo\"],\"articleSection\":[\"Higuey\",\"Mi comunidad\",\"Ver\u00f3n\"],\"inLanguage\":\"es\",\"potentialAction\":[{\"@type\":\"CommentAction\",\"name\":\"Comment\",\"target\":[\"https:\\\/\\\/higuey.info\\\/news\\\/imagenes-accidente-en-la-bajaita-del-guateque-veron\\\/#respond\"]}]},{\"@type\":\"WebPage\",\"@id\":\"https:\\\/\\\/higuey.info\\\/news\\\/imagenes-accidente-en-la-bajaita-del-guateque-veron\\\/\",\"url\":\"https:\\\/\\\/higuey.info\\\/news\\\/imagenes-accidente-en-la-bajaita-del-guateque-veron\\\/\",\"name\":\"Veron: Accidente en la bajaita del guateque (Imagenes) - Higuey.Info\",\"isPartOf\":{\"@id\":\"https:\\\/\\\/higuey.info\\\/news\\\/#website\"},\"primaryImageOfPage\":{\"@id\":\"https:\\\/\\\/higuey.info\\\/news\\\/imagenes-accidente-en-la-bajaita-del-guateque-veron\\\/#primaryimage\"},\"image\":{\"@id\":\"https:\\\/\\\/higuey.info\\\/news\\\/imagenes-accidente-en-la-bajaita-del-guateque-veron\\\/#primaryimage\"},\"thumbnailUrl\":\"https:\\\/\\\/higuey.info\\\/news\\\/wp-content\\\/uploads\\\/2014\\\/01\\\/000.jpg\",\"datePublished\":\"2014-01-31T00:03:20+00:00\",\"dateModified\":\"2020-11-21T14:27:38+00:00\",\"description\":\"Un chofer de una patana, impacto contra un poste el\u00e9ctrico \u200e al perder el control. Del veh\u00edculo donde viajaba, derribando el mismo... Afortunada mente el chofer salio ileso solo con heridas leves...\",\"breadcrumb\":{\"@id\":\"https:\\\/\\\/higuey.info\\\/news\\\/imagenes-accidente-en-la-bajaita-del-guateque-veron\\\/#breadcrumb\"},\"inLanguage\":\"es\",\"potentialAction\":[{\"@type\":\"ReadAction\",\"target\":[\"https:\\\/\\\/higuey.info\\\/news\\\/imagenes-accidente-en-la-bajaita-del-guateque-veron\\\/\"]}]},{\"@type\":\"ImageObject\",\"inLanguage\":\"es\",\"@id\":\"https:\\\/\\\/higuey.info\\\/news\\\/imagenes-accidente-en-la-bajaita-del-guateque-veron\\\/#primaryimage\",\"url\":\"https:\\\/\\\/higuey.info\\\/news\\\/wp-content\\\/uploads\\\/2014\\\/01\\\/000.jpg\",\"contentUrl\":\"https:\\\/\\\/higuey.info\\\/news\\\/wp-content\\\/uploads\\\/2014\\\/01\\\/000.jpg\",\"width\":550,\"height\":404},{\"@type\":\"BreadcrumbList\",\"@id\":\"https:\\\/\\\/higuey.info\\\/news\\\/imagenes-accidente-en-la-bajaita-del-guateque-veron\\\/#breadcrumb\",\"itemListElement\":[{\"@type\":\"ListItem\",\"position\":1,\"name\":\"Portada\",\"item\":\"https:\\\/\\\/higuey.info\\\/news\\\/\"},{\"@type\":\"ListItem\",\"position\":2,\"name\":\"Veron: Accidente en la bajaita del guateque (Imagenes)\"}]},{\"@type\":\"WebSite\",\"@id\":\"https:\\\/\\\/higuey.info\\\/news\\\/#website\",\"url\":\"https:\\\/\\\/higuey.info\\\/news\\\/\",\"name\":\"Hig\u00fcey.Info\",\"description\":\"Noticias de Hig\u00fcey La Altagracia Rep\u00fablica Dominicana.\",\"publisher\":{\"@id\":\"https:\\\/\\\/higuey.info\\\/news\\\/#organization\"},\"potentialAction\":[{\"@type\":\"SearchAction\",\"target\":{\"@type\":\"EntryPoint\",\"urlTemplate\":\"https:\\\/\\\/higuey.info\\\/news\\\/?s={search_term_string}\"},\"query-input\":{\"@type\":\"PropertyValueSpecification\",\"valueRequired\":true,\"valueName\":\"search_term_string\"}}],\"inLanguage\":\"es\"},{\"@type\":\"Organization\",\"@id\":\"https:\\\/\\\/higuey.info\\\/news\\\/#organization\",\"name\":\"Hig\u00fcey.Info\",\"url\":\"https:\\\/\\\/higuey.info\\\/news\\\/\",\"logo\":{\"@type\":\"ImageObject\",\"inLanguage\":\"es\",\"@id\":\"https:\\\/\\\/higuey.info\\\/news\\\/#\\\/schema\\\/logo\\\/image\\\/\",\"url\":\"https:\\\/\\\/higuey.info\\\/news\\\/wp-content\\\/uploads\\\/2015\\\/11\\\/logof.jpg\",\"contentUrl\":\"https:\\\/\\\/higuey.info\\\/news\\\/wp-content\\\/uploads\\\/2015\\\/11\\\/logof.jpg\",\"width\":248,\"height\":90,\"caption\":\"Hig\u00fcey.Info\"},\"image\":{\"@id\":\"https:\\\/\\\/higuey.info\\\/news\\\/#\\\/schema\\\/logo\\\/image\\\/\"}},{\"@type\":\"Person\",\"@id\":\"https:\\\/\\\/higuey.info\\\/news\\\/#\\\/schema\\\/person\\\/274b1e73c44a5e7d852529cd974f389f\",\"name\":\"higuey.info\",\"image\":{\"@type\":\"ImageObject\",\"inLanguage\":\"es\",\"@id\":\"https:\\\/\\\/secure.gravatar.com\\\/avatar\\\/baaa13fb48787405f1f95c6405f1f193ab4cefad2554d219db78e9a57688ba88?s=96&d=wavatar&r=g\",\"url\":\"https:\\\/\\\/secure.gravatar.com\\\/avatar\\\/baaa13fb48787405f1f95c6405f1f193ab4cefad2554d219db78e9a57688ba88?s=96&d=wavatar&r=g\",\"contentUrl\":\"https:\\\/\\\/secure.gravatar.com\\\/avatar\\\/baaa13fb48787405f1f95c6405f1f193ab4cefad2554d219db78e9a57688ba88?s=96&d=wavatar&r=g\",\"caption\":\"higuey.info\"},\"description\":\"Higuey Info | Portal informativo numero uno de la ciudad de Higuey, Todas las Noticias de Higuey La Altagracia Republica Dominicana.\",\"sameAs\":[\"https:\\\/\\\/higuey.info\\\/news\"]}]}<\/script>\n<!-- \/ Yoast SEO plugin. -->","yoast_head_json":{"title":"Veron: Accidente en la bajaita del guateque (Imagenes) - Higuey.Info","description":"Un chofer de una patana, impacto contra un poste el\u00e9ctrico \u200e al perder el control. Del veh\u00edculo donde viajaba, derribando el mismo...  Afortunada mente el chofer salio ileso solo con heridas leves...","robots":{"index":"index","follow":"follow","max-snippet":"max-snippet:-1","max-image-preview":"max-image-preview:large","max-video-preview":"max-video-preview:-1"},"canonical":"https:\/\/higuey.info\/news\/imagenes-accidente-en-la-bajaita-del-guateque-veron\/","og_locale":"es_ES","og_type":"article","og_title":"Veron: Accidente en la bajaita del guateque (Imagenes) - Higuey.Info","og_description":"Un chofer de una patana, impacto contra un poste el\u00e9ctrico \u200e al perder el control. Del veh\u00edculo donde viajaba, derribando el mismo...  Afortunada mente el chofer salio ileso solo con heridas leves...","og_url":"https:\/\/higuey.info\/news\/imagenes-accidente-en-la-bajaita-del-guateque-veron\/","og_site_name":"Hig\u00fcey.Info","article_published_time":"2014-01-31T00:03:20+00:00","article_modified_time":"2020-11-21T14:27:38+00:00","og_image":[{"width":550,"height":404,"url":"https:\/\/higuey.info\/news\/wp-content\/uploads\/2014\/01\/000.jpg","type":"image\/jpeg"}],"author":"higuey.info","twitter_card":"summary_large_image","twitter_misc":{"Escrito por":"higuey.info","Tiempo de lectura":"1 minuto"},"schema":{"@context":"https:\/\/schema.org","@graph":[{"@type":"Article","@id":"https:\/\/higuey.info\/news\/imagenes-accidente-en-la-bajaita-del-guateque-veron\/#article","isPartOf":{"@id":"https:\/\/higuey.info\/news\/imagenes-accidente-en-la-bajaita-del-guateque-veron\/"},"author":{"name":"higuey.info","@id":"https:\/\/higuey.info\/news\/#\/schema\/person\/274b1e73c44a5e7d852529cd974f389f"},"headline":"Veron: Accidente en la bajaita del guateque (Imagenes)","datePublished":"2014-01-31T00:03:20+00:00","dateModified":"2020-11-21T14:27:38+00:00","mainEntityOfPage":{"@id":"https:\/\/higuey.info\/news\/imagenes-accidente-en-la-bajaita-del-guateque-veron\/"},"wordCount":114,"commentCount":0,"publisher":{"@id":"https:\/\/higuey.info\/news\/#organization"},"image":{"@id":"https:\/\/higuey.info\/news\/imagenes-accidente-en-la-bajaita-del-guateque-veron\/#primaryimage"},"thumbnailUrl":"https:\/\/higuey.info\/news\/wp-content\/uploads\/2014\/01\/000.jpg","keywords":["Accidente","Hotel","transporte","Vehiculo"],"articleSection":["Higuey","Mi comunidad","Ver\u00f3n"],"inLanguage":"es","potentialAction":[{"@type":"CommentAction","name":"Comment","target":["https:\/\/higuey.info\/news\/imagenes-accidente-en-la-bajaita-del-guateque-veron\/#respond"]}]},{"@type":"WebPage","@id":"https:\/\/higuey.info\/news\/imagenes-accidente-en-la-bajaita-del-guateque-veron\/","url":"https:\/\/higuey.info\/news\/imagenes-accidente-en-la-bajaita-del-guateque-veron\/","name":"Veron: Accidente en la bajaita del guateque (Imagenes) - Higuey.Info","isPartOf":{"@id":"https:\/\/higuey.info\/news\/#website"},"primaryImageOfPage":{"@id":"https:\/\/higuey.info\/news\/imagenes-accidente-en-la-bajaita-del-guateque-veron\/#primaryimage"},"image":{"@id":"https:\/\/higuey.info\/news\/imagenes-accidente-en-la-bajaita-del-guateque-veron\/#primaryimage"},"thumbnailUrl":"https:\/\/higuey.info\/news\/wp-content\/uploads\/2014\/01\/000.jpg","datePublished":"2014-01-31T00:03:20+00:00","dateModified":"2020-11-21T14:27:38+00:00","description":"Un chofer de una patana, impacto contra un poste el\u00e9ctrico \u200e al perder el control. Del veh\u00edculo donde viajaba, derribando el mismo... Afortunada mente el chofer salio ileso solo con heridas leves...","breadcrumb":{"@id":"https:\/\/higuey.info\/news\/imagenes-accidente-en-la-bajaita-del-guateque-veron\/#breadcrumb"},"inLanguage":"es","potentialAction":[{"@type":"ReadAction","target":["https:\/\/higuey.info\/news\/imagenes-accidente-en-la-bajaita-del-guateque-veron\/"]}]},{"@type":"ImageObject","inLanguage":"es","@id":"https:\/\/higuey.info\/news\/imagenes-accidente-en-la-bajaita-del-guateque-veron\/#primaryimage","url":"https:\/\/higuey.info\/news\/wp-content\/uploads\/2014\/01\/000.jpg","contentUrl":"https:\/\/higuey.info\/news\/wp-content\/uploads\/2014\/01\/000.jpg","width":550,"height":404},{"@type":"BreadcrumbList","@id":"https:\/\/higuey.info\/news\/imagenes-accidente-en-la-bajaita-del-guateque-veron\/#breadcrumb","itemListElement":[{"@type":"ListItem","position":1,"name":"Portada","item":"https:\/\/higuey.info\/news\/"},{"@type":"ListItem","position":2,"name":"Veron: Accidente en la bajaita del guateque (Imagenes)"}]},{"@type":"WebSite","@id":"https:\/\/higuey.info\/news\/#website","url":"https:\/\/higuey.info\/news\/","name":"Hig\u00fcey.Info","description":"Noticias de Hig\u00fcey La Altagracia Rep\u00fablica Dominicana.","publisher":{"@id":"https:\/\/higuey.info\/news\/#organization"},"potentialAction":[{"@type":"SearchAction","target":{"@type":"EntryPoint","urlTemplate":"https:\/\/higuey.info\/news\/?s={search_term_string}"},"query-input":{"@type":"PropertyValueSpecification","valueRequired":true,"valueName":"search_term_string"}}],"inLanguage":"es"},{"@type":"Organization","@id":"https:\/\/higuey.info\/news\/#organization","name":"Hig\u00fcey.Info","url":"https:\/\/higuey.info\/news\/","logo":{"@type":"ImageObject","inLanguage":"es","@id":"https:\/\/higuey.info\/news\/#\/schema\/logo\/image\/","url":"https:\/\/higuey.info\/news\/wp-content\/uploads\/2015\/11\/logof.jpg","contentUrl":"https:\/\/higuey.info\/news\/wp-content\/uploads\/2015\/11\/logof.jpg","width":248,"height":90,"caption":"Hig\u00fcey.Info"},"image":{"@id":"https:\/\/higuey.info\/news\/#\/schema\/logo\/image\/"}},{"@type":"Person","@id":"https:\/\/higuey.info\/news\/#\/schema\/person\/274b1e73c44a5e7d852529cd974f389f","name":"higuey.info","image":{"@type":"ImageObject","inLanguage":"es","@id":"https:\/\/secure.gravatar.com\/avatar\/baaa13fb48787405f1f95c6405f1f193ab4cefad2554d219db78e9a57688ba88?s=96&d=wavatar&r=g","url":"https:\/\/secure.gravatar.com\/avatar\/baaa13fb48787405f1f95c6405f1f193ab4cefad2554d219db78e9a57688ba88?s=96&d=wavatar&r=g","contentUrl":"https:\/\/secure.gravatar.com\/avatar\/baaa13fb48787405f1f95c6405f1f193ab4cefad2554d219db78e9a57688ba88?s=96&d=wavatar&r=g","caption":"higuey.info"},"description":"Higuey Info | Portal informativo numero uno de la ciudad de Higuey, Todas las Noticias de Higuey La Altagracia Republica Dominicana.","sameAs":["https:\/\/higuey.info\/news"]}]}},"_links":{"self":[{"href":"https:\/\/higuey.info\/news\/wp-json\/wp\/v2\/posts\/3119","targetHints":{"allow":["GET"]}}],"collection":[{"href":"https:\/\/higuey.info\/news\/wp-json\/wp\/v2\/posts"}],"about":[{"href":"https:\/\/higuey.info\/news\/wp-json\/wp\/v2\/types\/post"}],"author":[{"embeddable":true,"href":"https:\/\/higuey.info\/news\/wp-json\/wp\/v2\/users\/1"}],"replies":[{"embeddable":true,"href":"https:\/\/higuey.info\/news\/wp-json\/wp\/v2\/comments?post=3119"}],"version-history":[{"count":10,"href":"https:\/\/higuey.info\/news\/wp-json\/wp\/v2\/posts\/3119\/revisions"}],"predecessor-version":[{"id":16009,"href":"https:\/\/higuey.info\/news\/wp-json\/wp\/v2\/posts\/3119\/revisions\/16009"}],"wp:featuredmedia":[{"embeddable":true,"href":"https:\/\/higuey.info\/news\/wp-json\/wp\/v2\/media\/3120"}],"wp:attachment":[{"href":"https:\/\/higuey.info\/news\/wp-json\/wp\/v2\/media?parent=3119"}],"wp:term":[{"taxonomy":"category","embeddable":true,"href":"https:\/\/higuey.info\/news\/wp-json\/wp\/v2\/categories?post=3119"},{"taxonomy":"post_tag","embeddable":true,"href":"https:\/\/higuey.info\/news\/wp-json\/wp\/v2\/tags?post=3119"}],"curies":[{"name":"wp","href":"https:\/\/api.w.org\/{rel}","templated":true}]}}