{"id":6013,"date":"2015-07-01T12:49:54","date_gmt":"2015-07-01T12:49:54","guid":{"rendered":"https:\/\/higuey.info\/news\/news\/?p=6013"},"modified":"2020-11-21T14:50:30","modified_gmt":"2020-11-21T14:50:30","slug":"perdio-la-vida-una-nina-de-6-anos-en-higuey","status":"publish","type":"post","link":"https:\/\/higuey.info\/news\/perdio-la-vida-una-nina-de-6-anos-en-higuey\/","title":{"rendered":"Villa Esperanza: Perdi\u00f3 la vida una ni\u00f1a de 6 a\u00f1os en Higuey."},"content":{"rendered":"<p><img loading=\"lazy\" decoding=\"async\" class=\"aligncenter wp-image-6015 size-full\" src=\"https:\/\/higuey.info\/news\/wp-content\/uploads\/2015\/07\/ni&ntilde;a-fallecida.jpg\" alt=\"ni\u00f1a fallecida\" width=\"550\" height=\"550\" \/><\/p>\n<p>[higuey-info]<\/p>\n<p>HIGUEY, Rep\u00fablica Dominicana.-Seg\u00fan nos informara la polic\u00eda nacional, hoy perdi\u00f3 la vida una ni\u00f1a de 6 a\u00f1os de edad, que respond\u00eda al nombre de <strong>Yeridania Mercedes Guerrero<\/strong> , la cual era hija de la joven <strong>Mar\u00eda Isabel Guerrero<\/strong> de 29 a\u00f1os, residente en sector de <strong>Villa Francisca<\/strong> de este Municipio de Higuey; el hecho ocurri\u00f3 a las 2:30 pm del d\u00eda de hoy, en la calle <strong>Eusebio Cedano<\/strong> No. 24 del sector <strong>Villa Esperanza<\/strong> de esta ciudad, cuando la menor se encontraba jugando en la casa de su t\u00eda al junto de dos amiguitas, al salir al patio de la casa a jugar, se hab\u00eda roto un cable el\u00e9ctrico que llevaba electricidad a la casa de al lado, y al caer hizo contacto con un alambre de p\u00faas que formaba parte de la empalizada que rodeaba la vivienda y durante el juego la ni\u00f1a hizo contacto con el mismo y recibi\u00f3 la descarga el\u00e9ctrica.<\/p>\n<div class=\"text_exposed_show\">\n<p>Seg\u00fan el m\u00e9dico legista, el Dr. <strong>Feliz Tejada<\/strong>, la causa de la muerte fue una descarga el\u00e9ctrica, que provoc\u00f3 un shock el\u00e9ctrico, lo cual condujo a un paro cardiorespiratorio.<\/p>\n<p>El cad\u00e1ver ya ha sido entregado a los familiares luego de realizado el levantamiento del m\u00e9dico legista.<\/p>\n<p>Este triste hecho ha dejado consternados a los residentes del lugar y a una familia llena de dolor y tristeza.<\/p>\n<p>Por: <strong><a href=\"https:\/\/higuey.info\/news\/?s=Juan+Bautista+Rodr%C3%ADguez.\">Juan Bautista Rodr\u00edguez<\/a>.<\/strong><br \/>\n[higuey-info]<\/p>\n<\/div>\n","protected":false},"excerpt":{"rendered":"<p>Seg\u00fan nos informara la polic\u00eda nacional, hoy perdi\u00f3 la vida una ni\u00f1a de 6 a\u00f1os de edad, que respond\u00eda al nombre de Yeridania Mercedes Guerrero , la cual era hija de la joven Mar\u00eda Isabel Guerrero de<\/p>\n","protected":false},"author":1,"featured_media":6015,"comment_status":"open","ping_status":"open","sticky":false,"template":"","format":"standard","meta":{"footnotes":""},"categories":[4,1211,3508,3507],"tags":[518,810,511,1766,192,3056,133,67,848,308,544,3509],"class_list":["post-6013","post","type-post","status-publish","format-standard","has-post-thumbnail","hentry","category-higuey","category-mi-barrio","category-villa-esperanza","category-villa-francisca","tag-bautista","tag-cedano","tag-eusebio","tag-feliz","tag-guerrero","tag-isabel","tag-juan","tag-maria","tag-mercedes","tag-rodriguez","tag-tejada","tag-yeridania"],"yoast_head":"<!-- This site is optimized with the Yoast SEO plugin v27.5 - https:\/\/yoast.com\/product\/yoast-seo-wordpress\/ -->\n<title>Villa Esperanza: Perdi\u00f3 la vida una ni\u00f1a de 6 a\u00f1os en Higuey. - Higuey.Info<\/title>\n<meta name=\"description\" content=\"Seg\u00fan nos informara la polic\u00eda nacional, hoy perdi\u00f3 la vida una ni\u00f1a de 6 a\u00f1os de edad, que respond\u00eda al nombre de Yeridania Mercedes Guerrero , la cual era hija de la joven Mar\u00eda Isabel Guerrero de\" \/>\n<meta name=\"robots\" content=\"index, follow, max-snippet:-1, max-image-preview:large, max-video-preview:-1\" \/>\n<link rel=\"canonical\" href=\"https:\/\/higuey.info\/news\/perdio-la-vida-una-nina-de-6-anos-en-higuey\/\" \/>\n<meta property=\"og:locale\" content=\"es_ES\" \/>\n<meta property=\"og:type\" content=\"article\" \/>\n<meta property=\"og:title\" content=\"Villa Esperanza: Perdi\u00f3 la vida una ni\u00f1a de 6 a\u00f1os en Higuey. - Higuey.Info\" \/>\n<meta property=\"og:description\" content=\"Seg\u00fan nos informara la polic\u00eda nacional, hoy perdi\u00f3 la vida una ni\u00f1a de 6 a\u00f1os de edad, que respond\u00eda al nombre de Yeridania Mercedes Guerrero , la cual era hija de la joven Mar\u00eda Isabel Guerrero de\" \/>\n<meta property=\"og:url\" content=\"https:\/\/higuey.info\/news\/perdio-la-vida-una-nina-de-6-anos-en-higuey\/\" \/>\n<meta property=\"og:site_name\" content=\"Hig\u00fcey.Info\" \/>\n<meta property=\"article:published_time\" content=\"2015-07-01T12:49:54+00:00\" \/>\n<meta property=\"article:modified_time\" content=\"2020-11-21T14:50:30+00:00\" \/>\n<meta property=\"og:image\" content=\"https:\/\/higuey.info\/news\/wp-content\/uploads\/2015\/07\/ni\u00f1a-fallecida.jpg\" \/>\n\t<meta property=\"og:image:width\" content=\"550\" \/>\n\t<meta property=\"og:image:height\" content=\"550\" \/>\n\t<meta property=\"og:image:type\" content=\"image\/jpeg\" \/>\n<meta name=\"author\" content=\"higuey.info\" \/>\n<meta name=\"twitter:card\" content=\"summary_large_image\" \/>\n<meta name=\"twitter:label1\" content=\"Escrito por\" \/>\n\t<meta name=\"twitter:data1\" content=\"higuey.info\" \/>\n\t<meta name=\"twitter:label2\" content=\"Tiempo de lectura\" \/>\n\t<meta name=\"twitter:data2\" content=\"1 minuto\" \/>\n<script type=\"application\/ld+json\" class=\"yoast-schema-graph\">{\"@context\":\"https:\\\/\\\/schema.org\",\"@graph\":[{\"@type\":\"Article\",\"@id\":\"https:\\\/\\\/higuey.info\\\/news\\\/perdio-la-vida-una-nina-de-6-anos-en-higuey\\\/#article\",\"isPartOf\":{\"@id\":\"https:\\\/\\\/higuey.info\\\/news\\\/perdio-la-vida-una-nina-de-6-anos-en-higuey\\\/\"},\"author\":{\"name\":\"higuey.info\",\"@id\":\"https:\\\/\\\/higuey.info\\\/news\\\/#\\\/schema\\\/person\\\/274b1e73c44a5e7d852529cd974f389f\"},\"headline\":\"Villa Esperanza: Perdi\u00f3 la vida una ni\u00f1a de 6 a\u00f1os en Higuey.\",\"datePublished\":\"2015-07-01T12:49:54+00:00\",\"dateModified\":\"2020-11-21T14:50:30+00:00\",\"mainEntityOfPage\":{\"@id\":\"https:\\\/\\\/higuey.info\\\/news\\\/perdio-la-vida-una-nina-de-6-anos-en-higuey\\\/\"},\"wordCount\":257,\"commentCount\":0,\"publisher\":{\"@id\":\"https:\\\/\\\/higuey.info\\\/news\\\/#organization\"},\"image\":{\"@id\":\"https:\\\/\\\/higuey.info\\\/news\\\/perdio-la-vida-una-nina-de-6-anos-en-higuey\\\/#primaryimage\"},\"thumbnailUrl\":\"https:\\\/\\\/higuey.info\\\/news\\\/wp-content\\\/uploads\\\/2015\\\/07\\\/ni\u00f1a-fallecida.jpg\",\"keywords\":[\"Bautista\",\"Cedano\",\"Eusebio\",\"F\u00e9liz\",\"Guerrero\",\"Isabel\",\"juan\",\"Mar\u00eda\",\"Mercedes\",\"Rodr\u00edguez\",\"Tejada\",\"Yeridania\"],\"articleSection\":[\"Higuey\",\"Mi barrio\",\"Villa Esperanza\",\"Villa Francisca\"],\"inLanguage\":\"es\",\"potentialAction\":[{\"@type\":\"CommentAction\",\"name\":\"Comment\",\"target\":[\"https:\\\/\\\/higuey.info\\\/news\\\/perdio-la-vida-una-nina-de-6-anos-en-higuey\\\/#respond\"]}]},{\"@type\":\"WebPage\",\"@id\":\"https:\\\/\\\/higuey.info\\\/news\\\/perdio-la-vida-una-nina-de-6-anos-en-higuey\\\/\",\"url\":\"https:\\\/\\\/higuey.info\\\/news\\\/perdio-la-vida-una-nina-de-6-anos-en-higuey\\\/\",\"name\":\"Villa Esperanza: Perdi\u00f3 la vida una ni\u00f1a de 6 a\u00f1os en Higuey. - Higuey.Info\",\"isPartOf\":{\"@id\":\"https:\\\/\\\/higuey.info\\\/news\\\/#website\"},\"primaryImageOfPage\":{\"@id\":\"https:\\\/\\\/higuey.info\\\/news\\\/perdio-la-vida-una-nina-de-6-anos-en-higuey\\\/#primaryimage\"},\"image\":{\"@id\":\"https:\\\/\\\/higuey.info\\\/news\\\/perdio-la-vida-una-nina-de-6-anos-en-higuey\\\/#primaryimage\"},\"thumbnailUrl\":\"https:\\\/\\\/higuey.info\\\/news\\\/wp-content\\\/uploads\\\/2015\\\/07\\\/ni\u00f1a-fallecida.jpg\",\"datePublished\":\"2015-07-01T12:49:54+00:00\",\"dateModified\":\"2020-11-21T14:50:30+00:00\",\"description\":\"Seg\u00fan nos informara la polic\u00eda nacional, hoy perdi\u00f3 la vida una ni\u00f1a de 6 a\u00f1os de edad, que respond\u00eda al nombre de Yeridania Mercedes Guerrero , la cual era hija de la joven Mar\u00eda Isabel Guerrero de\",\"breadcrumb\":{\"@id\":\"https:\\\/\\\/higuey.info\\\/news\\\/perdio-la-vida-una-nina-de-6-anos-en-higuey\\\/#breadcrumb\"},\"inLanguage\":\"es\",\"potentialAction\":[{\"@type\":\"ReadAction\",\"target\":[\"https:\\\/\\\/higuey.info\\\/news\\\/perdio-la-vida-una-nina-de-6-anos-en-higuey\\\/\"]}]},{\"@type\":\"ImageObject\",\"inLanguage\":\"es\",\"@id\":\"https:\\\/\\\/higuey.info\\\/news\\\/perdio-la-vida-una-nina-de-6-anos-en-higuey\\\/#primaryimage\",\"url\":\"https:\\\/\\\/higuey.info\\\/news\\\/wp-content\\\/uploads\\\/2015\\\/07\\\/ni\u00f1a-fallecida.jpg\",\"contentUrl\":\"https:\\\/\\\/higuey.info\\\/news\\\/wp-content\\\/uploads\\\/2015\\\/07\\\/ni\u00f1a-fallecida.jpg\",\"width\":550,\"height\":550},{\"@type\":\"BreadcrumbList\",\"@id\":\"https:\\\/\\\/higuey.info\\\/news\\\/perdio-la-vida-una-nina-de-6-anos-en-higuey\\\/#breadcrumb\",\"itemListElement\":[{\"@type\":\"ListItem\",\"position\":1,\"name\":\"Portada\",\"item\":\"https:\\\/\\\/higuey.info\\\/news\\\/\"},{\"@type\":\"ListItem\",\"position\":2,\"name\":\"Villa Esperanza: Perdi\u00f3 la vida una ni\u00f1a de 6 a\u00f1os en Higuey.\"}]},{\"@type\":\"WebSite\",\"@id\":\"https:\\\/\\\/higuey.info\\\/news\\\/#website\",\"url\":\"https:\\\/\\\/higuey.info\\\/news\\\/\",\"name\":\"Hig\u00fcey.Info\",\"description\":\"Noticias de Hig\u00fcey La Altagracia Rep\u00fablica Dominicana.\",\"publisher\":{\"@id\":\"https:\\\/\\\/higuey.info\\\/news\\\/#organization\"},\"potentialAction\":[{\"@type\":\"SearchAction\",\"target\":{\"@type\":\"EntryPoint\",\"urlTemplate\":\"https:\\\/\\\/higuey.info\\\/news\\\/?s={search_term_string}\"},\"query-input\":{\"@type\":\"PropertyValueSpecification\",\"valueRequired\":true,\"valueName\":\"search_term_string\"}}],\"inLanguage\":\"es\"},{\"@type\":\"Organization\",\"@id\":\"https:\\\/\\\/higuey.info\\\/news\\\/#organization\",\"name\":\"Hig\u00fcey.Info\",\"url\":\"https:\\\/\\\/higuey.info\\\/news\\\/\",\"logo\":{\"@type\":\"ImageObject\",\"inLanguage\":\"es\",\"@id\":\"https:\\\/\\\/higuey.info\\\/news\\\/#\\\/schema\\\/logo\\\/image\\\/\",\"url\":\"https:\\\/\\\/higuey.info\\\/news\\\/wp-content\\\/uploads\\\/2015\\\/11\\\/logof.jpg\",\"contentUrl\":\"https:\\\/\\\/higuey.info\\\/news\\\/wp-content\\\/uploads\\\/2015\\\/11\\\/logof.jpg\",\"width\":248,\"height\":90,\"caption\":\"Hig\u00fcey.Info\"},\"image\":{\"@id\":\"https:\\\/\\\/higuey.info\\\/news\\\/#\\\/schema\\\/logo\\\/image\\\/\"}},{\"@type\":\"Person\",\"@id\":\"https:\\\/\\\/higuey.info\\\/news\\\/#\\\/schema\\\/person\\\/274b1e73c44a5e7d852529cd974f389f\",\"name\":\"higuey.info\",\"image\":{\"@type\":\"ImageObject\",\"inLanguage\":\"es\",\"@id\":\"https:\\\/\\\/secure.gravatar.com\\\/avatar\\\/baaa13fb48787405f1f95c6405f1f193ab4cefad2554d219db78e9a57688ba88?s=96&d=wavatar&r=g\",\"url\":\"https:\\\/\\\/secure.gravatar.com\\\/avatar\\\/baaa13fb48787405f1f95c6405f1f193ab4cefad2554d219db78e9a57688ba88?s=96&d=wavatar&r=g\",\"contentUrl\":\"https:\\\/\\\/secure.gravatar.com\\\/avatar\\\/baaa13fb48787405f1f95c6405f1f193ab4cefad2554d219db78e9a57688ba88?s=96&d=wavatar&r=g\",\"caption\":\"higuey.info\"},\"description\":\"Higuey Info | Portal informativo numero uno de la ciudad de Higuey, Todas las Noticias de Higuey La Altagracia Republica Dominicana.\",\"sameAs\":[\"https:\\\/\\\/higuey.info\\\/news\"]}]}<\/script>\n<!-- \/ Yoast SEO plugin. -->","yoast_head_json":{"title":"Villa Esperanza: Perdi\u00f3 la vida una ni\u00f1a de 6 a\u00f1os en Higuey. - Higuey.Info","description":"Seg\u00fan nos informara la polic\u00eda nacional, hoy perdi\u00f3 la vida una ni\u00f1a de 6 a\u00f1os de edad, que respond\u00eda al nombre de Yeridania Mercedes Guerrero , la cual era hija de la joven Mar\u00eda Isabel Guerrero de","robots":{"index":"index","follow":"follow","max-snippet":"max-snippet:-1","max-image-preview":"max-image-preview:large","max-video-preview":"max-video-preview:-1"},"canonical":"https:\/\/higuey.info\/news\/perdio-la-vida-una-nina-de-6-anos-en-higuey\/","og_locale":"es_ES","og_type":"article","og_title":"Villa Esperanza: Perdi\u00f3 la vida una ni\u00f1a de 6 a\u00f1os en Higuey. - Higuey.Info","og_description":"Seg\u00fan nos informara la polic\u00eda nacional, hoy perdi\u00f3 la vida una ni\u00f1a de 6 a\u00f1os de edad, que respond\u00eda al nombre de Yeridania Mercedes Guerrero , la cual era hija de la joven Mar\u00eda Isabel Guerrero de","og_url":"https:\/\/higuey.info\/news\/perdio-la-vida-una-nina-de-6-anos-en-higuey\/","og_site_name":"Hig\u00fcey.Info","article_published_time":"2015-07-01T12:49:54+00:00","article_modified_time":"2020-11-21T14:50:30+00:00","og_image":[{"width":550,"height":550,"url":"https:\/\/higuey.info\/news\/wp-content\/uploads\/2015\/07\/ni\u00f1a-fallecida.jpg","type":"image\/jpeg"}],"author":"higuey.info","twitter_card":"summary_large_image","twitter_misc":{"Escrito por":"higuey.info","Tiempo de lectura":"1 minuto"},"schema":{"@context":"https:\/\/schema.org","@graph":[{"@type":"Article","@id":"https:\/\/higuey.info\/news\/perdio-la-vida-una-nina-de-6-anos-en-higuey\/#article","isPartOf":{"@id":"https:\/\/higuey.info\/news\/perdio-la-vida-una-nina-de-6-anos-en-higuey\/"},"author":{"name":"higuey.info","@id":"https:\/\/higuey.info\/news\/#\/schema\/person\/274b1e73c44a5e7d852529cd974f389f"},"headline":"Villa Esperanza: Perdi\u00f3 la vida una ni\u00f1a de 6 a\u00f1os en Higuey.","datePublished":"2015-07-01T12:49:54+00:00","dateModified":"2020-11-21T14:50:30+00:00","mainEntityOfPage":{"@id":"https:\/\/higuey.info\/news\/perdio-la-vida-una-nina-de-6-anos-en-higuey\/"},"wordCount":257,"commentCount":0,"publisher":{"@id":"https:\/\/higuey.info\/news\/#organization"},"image":{"@id":"https:\/\/higuey.info\/news\/perdio-la-vida-una-nina-de-6-anos-en-higuey\/#primaryimage"},"thumbnailUrl":"https:\/\/higuey.info\/news\/wp-content\/uploads\/2015\/07\/ni\u00f1a-fallecida.jpg","keywords":["Bautista","Cedano","Eusebio","F\u00e9liz","Guerrero","Isabel","juan","Mar\u00eda","Mercedes","Rodr\u00edguez","Tejada","Yeridania"],"articleSection":["Higuey","Mi barrio","Villa Esperanza","Villa Francisca"],"inLanguage":"es","potentialAction":[{"@type":"CommentAction","name":"Comment","target":["https:\/\/higuey.info\/news\/perdio-la-vida-una-nina-de-6-anos-en-higuey\/#respond"]}]},{"@type":"WebPage","@id":"https:\/\/higuey.info\/news\/perdio-la-vida-una-nina-de-6-anos-en-higuey\/","url":"https:\/\/higuey.info\/news\/perdio-la-vida-una-nina-de-6-anos-en-higuey\/","name":"Villa Esperanza: Perdi\u00f3 la vida una ni\u00f1a de 6 a\u00f1os en Higuey. - Higuey.Info","isPartOf":{"@id":"https:\/\/higuey.info\/news\/#website"},"primaryImageOfPage":{"@id":"https:\/\/higuey.info\/news\/perdio-la-vida-una-nina-de-6-anos-en-higuey\/#primaryimage"},"image":{"@id":"https:\/\/higuey.info\/news\/perdio-la-vida-una-nina-de-6-anos-en-higuey\/#primaryimage"},"thumbnailUrl":"https:\/\/higuey.info\/news\/wp-content\/uploads\/2015\/07\/ni\u00f1a-fallecida.jpg","datePublished":"2015-07-01T12:49:54+00:00","dateModified":"2020-11-21T14:50:30+00:00","description":"Seg\u00fan nos informara la polic\u00eda nacional, hoy perdi\u00f3 la vida una ni\u00f1a de 6 a\u00f1os de edad, que respond\u00eda al nombre de Yeridania Mercedes Guerrero , la cual era hija de la joven Mar\u00eda Isabel Guerrero de","breadcrumb":{"@id":"https:\/\/higuey.info\/news\/perdio-la-vida-una-nina-de-6-anos-en-higuey\/#breadcrumb"},"inLanguage":"es","potentialAction":[{"@type":"ReadAction","target":["https:\/\/higuey.info\/news\/perdio-la-vida-una-nina-de-6-anos-en-higuey\/"]}]},{"@type":"ImageObject","inLanguage":"es","@id":"https:\/\/higuey.info\/news\/perdio-la-vida-una-nina-de-6-anos-en-higuey\/#primaryimage","url":"https:\/\/higuey.info\/news\/wp-content\/uploads\/2015\/07\/ni\u00f1a-fallecida.jpg","contentUrl":"https:\/\/higuey.info\/news\/wp-content\/uploads\/2015\/07\/ni\u00f1a-fallecida.jpg","width":550,"height":550},{"@type":"BreadcrumbList","@id":"https:\/\/higuey.info\/news\/perdio-la-vida-una-nina-de-6-anos-en-higuey\/#breadcrumb","itemListElement":[{"@type":"ListItem","position":1,"name":"Portada","item":"https:\/\/higuey.info\/news\/"},{"@type":"ListItem","position":2,"name":"Villa Esperanza: Perdi\u00f3 la vida una ni\u00f1a de 6 a\u00f1os en Higuey."}]},{"@type":"WebSite","@id":"https:\/\/higuey.info\/news\/#website","url":"https:\/\/higuey.info\/news\/","name":"Hig\u00fcey.Info","description":"Noticias de Hig\u00fcey La Altagracia Rep\u00fablica Dominicana.","publisher":{"@id":"https:\/\/higuey.info\/news\/#organization"},"potentialAction":[{"@type":"SearchAction","target":{"@type":"EntryPoint","urlTemplate":"https:\/\/higuey.info\/news\/?s={search_term_string}"},"query-input":{"@type":"PropertyValueSpecification","valueRequired":true,"valueName":"search_term_string"}}],"inLanguage":"es"},{"@type":"Organization","@id":"https:\/\/higuey.info\/news\/#organization","name":"Hig\u00fcey.Info","url":"https:\/\/higuey.info\/news\/","logo":{"@type":"ImageObject","inLanguage":"es","@id":"https:\/\/higuey.info\/news\/#\/schema\/logo\/image\/","url":"https:\/\/higuey.info\/news\/wp-content\/uploads\/2015\/11\/logof.jpg","contentUrl":"https:\/\/higuey.info\/news\/wp-content\/uploads\/2015\/11\/logof.jpg","width":248,"height":90,"caption":"Hig\u00fcey.Info"},"image":{"@id":"https:\/\/higuey.info\/news\/#\/schema\/logo\/image\/"}},{"@type":"Person","@id":"https:\/\/higuey.info\/news\/#\/schema\/person\/274b1e73c44a5e7d852529cd974f389f","name":"higuey.info","image":{"@type":"ImageObject","inLanguage":"es","@id":"https:\/\/secure.gravatar.com\/avatar\/baaa13fb48787405f1f95c6405f1f193ab4cefad2554d219db78e9a57688ba88?s=96&d=wavatar&r=g","url":"https:\/\/secure.gravatar.com\/avatar\/baaa13fb48787405f1f95c6405f1f193ab4cefad2554d219db78e9a57688ba88?s=96&d=wavatar&r=g","contentUrl":"https:\/\/secure.gravatar.com\/avatar\/baaa13fb48787405f1f95c6405f1f193ab4cefad2554d219db78e9a57688ba88?s=96&d=wavatar&r=g","caption":"higuey.info"},"description":"Higuey Info | Portal informativo numero uno de la ciudad de Higuey, Todas las Noticias de Higuey La Altagracia Republica Dominicana.","sameAs":["https:\/\/higuey.info\/news"]}]}},"_links":{"self":[{"href":"https:\/\/higuey.info\/news\/wp-json\/wp\/v2\/posts\/6013","targetHints":{"allow":["GET"]}}],"collection":[{"href":"https:\/\/higuey.info\/news\/wp-json\/wp\/v2\/posts"}],"about":[{"href":"https:\/\/higuey.info\/news\/wp-json\/wp\/v2\/types\/post"}],"author":[{"embeddable":true,"href":"https:\/\/higuey.info\/news\/wp-json\/wp\/v2\/users\/1"}],"replies":[{"embeddable":true,"href":"https:\/\/higuey.info\/news\/wp-json\/wp\/v2\/comments?post=6013"}],"version-history":[{"count":14,"href":"https:\/\/higuey.info\/news\/wp-json\/wp\/v2\/posts\/6013\/revisions"}],"predecessor-version":[{"id":17237,"href":"https:\/\/higuey.info\/news\/wp-json\/wp\/v2\/posts\/6013\/revisions\/17237"}],"wp:featuredmedia":[{"embeddable":true,"href":"https:\/\/higuey.info\/news\/wp-json\/wp\/v2\/media\/6015"}],"wp:attachment":[{"href":"https:\/\/higuey.info\/news\/wp-json\/wp\/v2\/media?parent=6013"}],"wp:term":[{"taxonomy":"category","embeddable":true,"href":"https:\/\/higuey.info\/news\/wp-json\/wp\/v2\/categories?post=6013"},{"taxonomy":"post_tag","embeddable":true,"href":"https:\/\/higuey.info\/news\/wp-json\/wp\/v2\/tags?post=6013"}],"curies":[{"name":"wp","href":"https:\/\/api.w.org\/{rel}","templated":true}]}}