{"id":6623,"date":"2015-09-09T14:52:07","date_gmt":"2015-09-09T14:52:07","guid":{"rendered":"https:\/\/higuey.info\/news\/news\/?p=6623"},"modified":"2020-11-21T14:54:03","modified_gmt":"2020-11-21T14:54:03","slug":"nino-de-ano-es-violado-en-nisibon-los-padres-creen-ocurrio-en-un-colegio-catolico","status":"publish","type":"post","link":"https:\/\/higuey.info\/news\/nino-de-ano-es-violado-en-nisibon-los-padres-creen-ocurrio-en-un-colegio-catolico\/","title":{"rendered":"Ni\u00f1o de 5 a\u00f1os es violado en Nisib\u00f3n los padres creen ocurri\u00f3 en un colegio cat\u00f3lico."},"content":{"rendered":"<p><strong><em><img loading=\"lazy\" decoding=\"async\" class=\"aligncenter size-full wp-image-6624\" src=\"https:\/\/higuey.info\/news\/wp-content\/uploads\/2015\/09\/pederastia.jpg\" alt=\"pederastia\" width=\"550\" height=\"446\" srcset=\"https:\/\/higuey.info\/news\/wp-content\/uploads\/2015\/09\/pederastia.jpg 550w, https:\/\/higuey.info\/news\/wp-content\/uploads\/2015\/09\/pederastia-300x243.jpg 300w, https:\/\/higuey.info\/news\/wp-content\/uploads\/2015\/09\/pederastia-493x400.jpg 493w, https:\/\/higuey.info\/news\/wp-content\/uploads\/2015\/09\/pederastia-55x45.jpg 55w\" sizes=\"auto, (max-width: 550px) 100vw, 550px\" \/>[&#8212;]Higuey.-. <\/em><\/strong>La Unidad de Atenci\u00f3n a V\u00edctimas de la fiscal\u00eda de la provincia de La Altagracia hace las investigaciones de lugar para encontrar el responsable de la violaci\u00f3n a un menor de edad, cuyos padres creen ocurri\u00f3 en un colegio cat\u00f3lico en donde el peque\u00f1o estudia.<\/p>\n<p>[&#8212;]El padre del ni\u00f1o explic\u00f3 a las autoridades que cuando acudi\u00f3 a buscar a su hijo el pasado lunes 31 de agosto a las 12:00 del mediod\u00eda\u00a0 al colegio de la parroquia <strong>San Juan Bosco<\/strong> en el distrito de <strong><a href=\"https:\/\/higuey.info\/news\/category\/higuey\/mi-comunidad\/lagunas-de-nisibon\/\">Las Lagunas de Nisib\u00f3n<\/a><\/strong> de aqu\u00ed lo encontr\u00f3 con el uniforme manchado de sangre<\/p>\n<p>Cont\u00f3 \u00a0que desde que lleg\u00f3 a la casa le dijo a la madre que lo ba\u00f1ara como es costumbre y que lo revisara, porque el ni\u00f1o estaba raro.<\/p>\n<p>Fue en ese momento que la madre encontr\u00f3 en el cuerpo y en la ropa de su hijo semen y el caracter\u00edstico olor a cloro, procediendo a llevarlos al\u00a0 hospital Nuestra Se\u00f1ora de La Altagracia en donde certificaron el peque\u00f1o hab\u00eda sido violado ese mismo d\u00eda.<\/p>\n<p>El progenitor de la victima dijo en el interrogatorio que su hijo le revel\u00f3 que quien lo toc\u00f3 \u201clo puso de espalda y le dijo que s\u00f3lo se lo iba hacer tres veces y que el final le iba a gustar\u201d<span id=\"more-232\"><\/span><\/p>\n<p>El departamento de Atenci\u00f3n a V\u00edctimas de la fiscal\u00eda de La Altagracia mand\u00f3 el semen encontrado en el cuerpo del ni\u00f1o al Instituto Nacional de Ciencias Forenses (INACIF) cuyos resultados esperan para este jueves.<\/p>\n<p>Los padres de la victima presumen que su peque\u00f1o pudo haber sido violado en el colegio de la parroquia San Juan Bosco de Las Lagunas de Nisib\u00f3n, un distrito municipal ubicado a unos 42 kil\u00f3metros de la ciudad de Salvale\u00f3n de Higuey.<\/p>\n<p><strong>Fuente<\/strong><\/p>\n","protected":false},"excerpt":{"rendered":"<p>El padre del ni\u00f1o explic\u00f3 a las autoridades que cuando acudi\u00f3 a buscar a su hijo el pasado lunes 31 de agosto a las 12:00 del mediod\u00eda  al colegio de la parroquia San Juan Bosco en el distrito de Las Lagunas de Nisib\u00f3n de aqu\u00ed lo encontr\u00f3 con el uniforme manchado de sangre<\/p>\n","protected":false},"author":1,"featured_media":6624,"comment_status":"open","ping_status":"open","sticky":false,"template":"","format":"standard","meta":{"footnotes":""},"categories":[4,2027,1212],"tags":[3899,501,3902,3900,3361,3901],"class_list":["post-6623","post","type-post","status-publish","format-standard","has-post-thumbnail","hentry","category-higuey","category-lagunas-de-nisibon","category-mi-comunidad","tag-bosco","tag-inacif","tag-nino-violado-en-colegio-catolico-en-nisibon","tag-nino-violado-en-las-lagunas-de-nisibon","tag-san-juan","tag-violan-nino-en-las-lagunas-de-nisibon"],"yoast_head":"<!-- This site is optimized with the Yoast SEO plugin v27.5 - https:\/\/yoast.com\/product\/yoast-seo-wordpress\/ -->\n<title>Ni\u00f1o de 5 a\u00f1os es violado en Nisib\u00f3n los padres creen ocurri\u00f3 en un colegio cat\u00f3lico. - Higuey.Info<\/title>\n<meta name=\"description\" content=\"El padre del ni\u00f1o explic\u00f3 a las autoridades que cuando acudi\u00f3 a buscar a su hijo el pasado lunes 31 de agosto a las 12:00 del mediod\u00eda al colegio de la parroquia San Juan Bosco en el distrito de Las Lagunas de Nisib\u00f3n de aqu\u00ed lo encontr\u00f3 con el uniforme manchado de sangre\" \/>\n<meta name=\"robots\" content=\"index, follow, max-snippet:-1, max-image-preview:large, max-video-preview:-1\" \/>\n<link rel=\"canonical\" href=\"https:\/\/higuey.info\/news\/nino-de-ano-es-violado-en-nisibon-los-padres-creen-ocurrio-en-un-colegio-catolico\/\" \/>\n<meta property=\"og:locale\" content=\"es_ES\" \/>\n<meta property=\"og:type\" content=\"article\" \/>\n<meta property=\"og:title\" content=\"Ni\u00f1o de 5 a\u00f1os es violado en Nisib\u00f3n los padres creen ocurri\u00f3 en un colegio cat\u00f3lico. - Higuey.Info\" \/>\n<meta property=\"og:description\" content=\"El padre del ni\u00f1o explic\u00f3 a las autoridades que cuando acudi\u00f3 a buscar a su hijo el pasado lunes 31 de agosto a las 12:00 del mediod\u00eda al colegio de la parroquia San Juan Bosco en el distrito de Las Lagunas de Nisib\u00f3n de aqu\u00ed lo encontr\u00f3 con el uniforme manchado de sangre\" \/>\n<meta property=\"og:url\" content=\"https:\/\/higuey.info\/news\/nino-de-ano-es-violado-en-nisibon-los-padres-creen-ocurrio-en-un-colegio-catolico\/\" \/>\n<meta property=\"og:site_name\" content=\"Hig\u00fcey.Info\" \/>\n<meta property=\"article:published_time\" content=\"2015-09-09T14:52:07+00:00\" \/>\n<meta property=\"article:modified_time\" content=\"2020-11-21T14:54:03+00:00\" \/>\n<meta property=\"og:image\" content=\"https:\/\/higuey.info\/news\/wp-content\/uploads\/2015\/09\/pederastia.jpg\" \/>\n\t<meta property=\"og:image:width\" content=\"550\" \/>\n\t<meta property=\"og:image:height\" content=\"446\" \/>\n\t<meta property=\"og:image:type\" content=\"image\/jpeg\" \/>\n<meta name=\"author\" content=\"higuey.info\" \/>\n<meta name=\"twitter:card\" content=\"summary_large_image\" \/>\n<meta name=\"twitter:label1\" content=\"Escrito por\" \/>\n\t<meta name=\"twitter:data1\" content=\"higuey.info\" \/>\n\t<meta name=\"twitter:label2\" content=\"Tiempo de lectura\" \/>\n\t<meta name=\"twitter:data2\" content=\"2 minutos\" \/>\n<script type=\"application\/ld+json\" class=\"yoast-schema-graph\">{\"@context\":\"https:\\\/\\\/schema.org\",\"@graph\":[{\"@type\":\"Article\",\"@id\":\"https:\\\/\\\/higuey.info\\\/news\\\/nino-de-ano-es-violado-en-nisibon-los-padres-creen-ocurrio-en-un-colegio-catolico\\\/#article\",\"isPartOf\":{\"@id\":\"https:\\\/\\\/higuey.info\\\/news\\\/nino-de-ano-es-violado-en-nisibon-los-padres-creen-ocurrio-en-un-colegio-catolico\\\/\"},\"author\":{\"name\":\"higuey.info\",\"@id\":\"https:\\\/\\\/higuey.info\\\/news\\\/#\\\/schema\\\/person\\\/274b1e73c44a5e7d852529cd974f389f\"},\"headline\":\"Ni\u00f1o de 5 a\u00f1os es violado en Nisib\u00f3n los padres creen ocurri\u00f3 en un colegio cat\u00f3lico.\",\"datePublished\":\"2015-09-09T14:52:07+00:00\",\"dateModified\":\"2020-11-21T14:54:03+00:00\",\"mainEntityOfPage\":{\"@id\":\"https:\\\/\\\/higuey.info\\\/news\\\/nino-de-ano-es-violado-en-nisibon-los-padres-creen-ocurrio-en-un-colegio-catolico\\\/\"},\"wordCount\":335,\"commentCount\":0,\"publisher\":{\"@id\":\"https:\\\/\\\/higuey.info\\\/news\\\/#organization\"},\"image\":{\"@id\":\"https:\\\/\\\/higuey.info\\\/news\\\/nino-de-ano-es-violado-en-nisibon-los-padres-creen-ocurrio-en-un-colegio-catolico\\\/#primaryimage\"},\"thumbnailUrl\":\"https:\\\/\\\/higuey.info\\\/news\\\/wp-content\\\/uploads\\\/2015\\\/09\\\/pederastia.jpg\",\"keywords\":[\"Bosco\",\"INACIF\",\"Ni\u00f1o violado en colegio catolico en nisibon\",\"Ni\u00f1o violado en las lagunas de nisibon\",\"San Juan\",\"Violan ni\u00f1o en las lagunas de nisibon\"],\"articleSection\":[\"Higuey\",\"Lagunas de Nisib\u00f3n\",\"Mi comunidad\"],\"inLanguage\":\"es\",\"potentialAction\":[{\"@type\":\"CommentAction\",\"name\":\"Comment\",\"target\":[\"https:\\\/\\\/higuey.info\\\/news\\\/nino-de-ano-es-violado-en-nisibon-los-padres-creen-ocurrio-en-un-colegio-catolico\\\/#respond\"]}]},{\"@type\":\"WebPage\",\"@id\":\"https:\\\/\\\/higuey.info\\\/news\\\/nino-de-ano-es-violado-en-nisibon-los-padres-creen-ocurrio-en-un-colegio-catolico\\\/\",\"url\":\"https:\\\/\\\/higuey.info\\\/news\\\/nino-de-ano-es-violado-en-nisibon-los-padres-creen-ocurrio-en-un-colegio-catolico\\\/\",\"name\":\"Ni\u00f1o de 5 a\u00f1os es violado en Nisib\u00f3n los padres creen ocurri\u00f3 en un colegio cat\u00f3lico. - Higuey.Info\",\"isPartOf\":{\"@id\":\"https:\\\/\\\/higuey.info\\\/news\\\/#website\"},\"primaryImageOfPage\":{\"@id\":\"https:\\\/\\\/higuey.info\\\/news\\\/nino-de-ano-es-violado-en-nisibon-los-padres-creen-ocurrio-en-un-colegio-catolico\\\/#primaryimage\"},\"image\":{\"@id\":\"https:\\\/\\\/higuey.info\\\/news\\\/nino-de-ano-es-violado-en-nisibon-los-padres-creen-ocurrio-en-un-colegio-catolico\\\/#primaryimage\"},\"thumbnailUrl\":\"https:\\\/\\\/higuey.info\\\/news\\\/wp-content\\\/uploads\\\/2015\\\/09\\\/pederastia.jpg\",\"datePublished\":\"2015-09-09T14:52:07+00:00\",\"dateModified\":\"2020-11-21T14:54:03+00:00\",\"description\":\"El padre del ni\u00f1o explic\u00f3 a las autoridades que cuando acudi\u00f3 a buscar a su hijo el pasado lunes 31 de agosto a las 12:00 del mediod\u00eda al colegio de la parroquia San Juan Bosco en el distrito de Las Lagunas de Nisib\u00f3n de aqu\u00ed lo encontr\u00f3 con el uniforme manchado de sangre\",\"breadcrumb\":{\"@id\":\"https:\\\/\\\/higuey.info\\\/news\\\/nino-de-ano-es-violado-en-nisibon-los-padres-creen-ocurrio-en-un-colegio-catolico\\\/#breadcrumb\"},\"inLanguage\":\"es\",\"potentialAction\":[{\"@type\":\"ReadAction\",\"target\":[\"https:\\\/\\\/higuey.info\\\/news\\\/nino-de-ano-es-violado-en-nisibon-los-padres-creen-ocurrio-en-un-colegio-catolico\\\/\"]}]},{\"@type\":\"ImageObject\",\"inLanguage\":\"es\",\"@id\":\"https:\\\/\\\/higuey.info\\\/news\\\/nino-de-ano-es-violado-en-nisibon-los-padres-creen-ocurrio-en-un-colegio-catolico\\\/#primaryimage\",\"url\":\"https:\\\/\\\/higuey.info\\\/news\\\/wp-content\\\/uploads\\\/2015\\\/09\\\/pederastia.jpg\",\"contentUrl\":\"https:\\\/\\\/higuey.info\\\/news\\\/wp-content\\\/uploads\\\/2015\\\/09\\\/pederastia.jpg\",\"width\":550,\"height\":446},{\"@type\":\"BreadcrumbList\",\"@id\":\"https:\\\/\\\/higuey.info\\\/news\\\/nino-de-ano-es-violado-en-nisibon-los-padres-creen-ocurrio-en-un-colegio-catolico\\\/#breadcrumb\",\"itemListElement\":[{\"@type\":\"ListItem\",\"position\":1,\"name\":\"Portada\",\"item\":\"https:\\\/\\\/higuey.info\\\/news\\\/\"},{\"@type\":\"ListItem\",\"position\":2,\"name\":\"Ni\u00f1o de 5 a\u00f1os es violado en Nisib\u00f3n los padres creen ocurri\u00f3 en un colegio cat\u00f3lico.\"}]},{\"@type\":\"WebSite\",\"@id\":\"https:\\\/\\\/higuey.info\\\/news\\\/#website\",\"url\":\"https:\\\/\\\/higuey.info\\\/news\\\/\",\"name\":\"Hig\u00fcey.Info\",\"description\":\"Noticias de Hig\u00fcey La Altagracia Rep\u00fablica Dominicana.\",\"publisher\":{\"@id\":\"https:\\\/\\\/higuey.info\\\/news\\\/#organization\"},\"potentialAction\":[{\"@type\":\"SearchAction\",\"target\":{\"@type\":\"EntryPoint\",\"urlTemplate\":\"https:\\\/\\\/higuey.info\\\/news\\\/?s={search_term_string}\"},\"query-input\":{\"@type\":\"PropertyValueSpecification\",\"valueRequired\":true,\"valueName\":\"search_term_string\"}}],\"inLanguage\":\"es\"},{\"@type\":\"Organization\",\"@id\":\"https:\\\/\\\/higuey.info\\\/news\\\/#organization\",\"name\":\"Hig\u00fcey.Info\",\"url\":\"https:\\\/\\\/higuey.info\\\/news\\\/\",\"logo\":{\"@type\":\"ImageObject\",\"inLanguage\":\"es\",\"@id\":\"https:\\\/\\\/higuey.info\\\/news\\\/#\\\/schema\\\/logo\\\/image\\\/\",\"url\":\"https:\\\/\\\/higuey.info\\\/news\\\/wp-content\\\/uploads\\\/2015\\\/11\\\/logof.jpg\",\"contentUrl\":\"https:\\\/\\\/higuey.info\\\/news\\\/wp-content\\\/uploads\\\/2015\\\/11\\\/logof.jpg\",\"width\":248,\"height\":90,\"caption\":\"Hig\u00fcey.Info\"},\"image\":{\"@id\":\"https:\\\/\\\/higuey.info\\\/news\\\/#\\\/schema\\\/logo\\\/image\\\/\"}},{\"@type\":\"Person\",\"@id\":\"https:\\\/\\\/higuey.info\\\/news\\\/#\\\/schema\\\/person\\\/274b1e73c44a5e7d852529cd974f389f\",\"name\":\"higuey.info\",\"image\":{\"@type\":\"ImageObject\",\"inLanguage\":\"es\",\"@id\":\"https:\\\/\\\/secure.gravatar.com\\\/avatar\\\/baaa13fb48787405f1f95c6405f1f193ab4cefad2554d219db78e9a57688ba88?s=96&d=wavatar&r=g\",\"url\":\"https:\\\/\\\/secure.gravatar.com\\\/avatar\\\/baaa13fb48787405f1f95c6405f1f193ab4cefad2554d219db78e9a57688ba88?s=96&d=wavatar&r=g\",\"contentUrl\":\"https:\\\/\\\/secure.gravatar.com\\\/avatar\\\/baaa13fb48787405f1f95c6405f1f193ab4cefad2554d219db78e9a57688ba88?s=96&d=wavatar&r=g\",\"caption\":\"higuey.info\"},\"description\":\"Higuey Info | Portal informativo numero uno de la ciudad de Higuey, Todas las Noticias de Higuey La Altagracia Republica Dominicana.\",\"sameAs\":[\"https:\\\/\\\/higuey.info\\\/news\"]}]}<\/script>\n<!-- \/ Yoast SEO plugin. -->","yoast_head_json":{"title":"Ni\u00f1o de 5 a\u00f1os es violado en Nisib\u00f3n los padres creen ocurri\u00f3 en un colegio cat\u00f3lico. - Higuey.Info","description":"El padre del ni\u00f1o explic\u00f3 a las autoridades que cuando acudi\u00f3 a buscar a su hijo el pasado lunes 31 de agosto a las 12:00 del mediod\u00eda al colegio de la parroquia San Juan Bosco en el distrito de Las Lagunas de Nisib\u00f3n de aqu\u00ed lo encontr\u00f3 con el uniforme manchado de sangre","robots":{"index":"index","follow":"follow","max-snippet":"max-snippet:-1","max-image-preview":"max-image-preview:large","max-video-preview":"max-video-preview:-1"},"canonical":"https:\/\/higuey.info\/news\/nino-de-ano-es-violado-en-nisibon-los-padres-creen-ocurrio-en-un-colegio-catolico\/","og_locale":"es_ES","og_type":"article","og_title":"Ni\u00f1o de 5 a\u00f1os es violado en Nisib\u00f3n los padres creen ocurri\u00f3 en un colegio cat\u00f3lico. - Higuey.Info","og_description":"El padre del ni\u00f1o explic\u00f3 a las autoridades que cuando acudi\u00f3 a buscar a su hijo el pasado lunes 31 de agosto a las 12:00 del mediod\u00eda al colegio de la parroquia San Juan Bosco en el distrito de Las Lagunas de Nisib\u00f3n de aqu\u00ed lo encontr\u00f3 con el uniforme manchado de sangre","og_url":"https:\/\/higuey.info\/news\/nino-de-ano-es-violado-en-nisibon-los-padres-creen-ocurrio-en-un-colegio-catolico\/","og_site_name":"Hig\u00fcey.Info","article_published_time":"2015-09-09T14:52:07+00:00","article_modified_time":"2020-11-21T14:54:03+00:00","og_image":[{"width":550,"height":446,"url":"https:\/\/higuey.info\/news\/wp-content\/uploads\/2015\/09\/pederastia.jpg","type":"image\/jpeg"}],"author":"higuey.info","twitter_card":"summary_large_image","twitter_misc":{"Escrito por":"higuey.info","Tiempo de lectura":"2 minutos"},"schema":{"@context":"https:\/\/schema.org","@graph":[{"@type":"Article","@id":"https:\/\/higuey.info\/news\/nino-de-ano-es-violado-en-nisibon-los-padres-creen-ocurrio-en-un-colegio-catolico\/#article","isPartOf":{"@id":"https:\/\/higuey.info\/news\/nino-de-ano-es-violado-en-nisibon-los-padres-creen-ocurrio-en-un-colegio-catolico\/"},"author":{"name":"higuey.info","@id":"https:\/\/higuey.info\/news\/#\/schema\/person\/274b1e73c44a5e7d852529cd974f389f"},"headline":"Ni\u00f1o de 5 a\u00f1os es violado en Nisib\u00f3n los padres creen ocurri\u00f3 en un colegio cat\u00f3lico.","datePublished":"2015-09-09T14:52:07+00:00","dateModified":"2020-11-21T14:54:03+00:00","mainEntityOfPage":{"@id":"https:\/\/higuey.info\/news\/nino-de-ano-es-violado-en-nisibon-los-padres-creen-ocurrio-en-un-colegio-catolico\/"},"wordCount":335,"commentCount":0,"publisher":{"@id":"https:\/\/higuey.info\/news\/#organization"},"image":{"@id":"https:\/\/higuey.info\/news\/nino-de-ano-es-violado-en-nisibon-los-padres-creen-ocurrio-en-un-colegio-catolico\/#primaryimage"},"thumbnailUrl":"https:\/\/higuey.info\/news\/wp-content\/uploads\/2015\/09\/pederastia.jpg","keywords":["Bosco","INACIF","Ni\u00f1o violado en colegio catolico en nisibon","Ni\u00f1o violado en las lagunas de nisibon","San Juan","Violan ni\u00f1o en las lagunas de nisibon"],"articleSection":["Higuey","Lagunas de Nisib\u00f3n","Mi comunidad"],"inLanguage":"es","potentialAction":[{"@type":"CommentAction","name":"Comment","target":["https:\/\/higuey.info\/news\/nino-de-ano-es-violado-en-nisibon-los-padres-creen-ocurrio-en-un-colegio-catolico\/#respond"]}]},{"@type":"WebPage","@id":"https:\/\/higuey.info\/news\/nino-de-ano-es-violado-en-nisibon-los-padres-creen-ocurrio-en-un-colegio-catolico\/","url":"https:\/\/higuey.info\/news\/nino-de-ano-es-violado-en-nisibon-los-padres-creen-ocurrio-en-un-colegio-catolico\/","name":"Ni\u00f1o de 5 a\u00f1os es violado en Nisib\u00f3n los padres creen ocurri\u00f3 en un colegio cat\u00f3lico. - Higuey.Info","isPartOf":{"@id":"https:\/\/higuey.info\/news\/#website"},"primaryImageOfPage":{"@id":"https:\/\/higuey.info\/news\/nino-de-ano-es-violado-en-nisibon-los-padres-creen-ocurrio-en-un-colegio-catolico\/#primaryimage"},"image":{"@id":"https:\/\/higuey.info\/news\/nino-de-ano-es-violado-en-nisibon-los-padres-creen-ocurrio-en-un-colegio-catolico\/#primaryimage"},"thumbnailUrl":"https:\/\/higuey.info\/news\/wp-content\/uploads\/2015\/09\/pederastia.jpg","datePublished":"2015-09-09T14:52:07+00:00","dateModified":"2020-11-21T14:54:03+00:00","description":"El padre del ni\u00f1o explic\u00f3 a las autoridades que cuando acudi\u00f3 a buscar a su hijo el pasado lunes 31 de agosto a las 12:00 del mediod\u00eda al colegio de la parroquia San Juan Bosco en el distrito de Las Lagunas de Nisib\u00f3n de aqu\u00ed lo encontr\u00f3 con el uniforme manchado de sangre","breadcrumb":{"@id":"https:\/\/higuey.info\/news\/nino-de-ano-es-violado-en-nisibon-los-padres-creen-ocurrio-en-un-colegio-catolico\/#breadcrumb"},"inLanguage":"es","potentialAction":[{"@type":"ReadAction","target":["https:\/\/higuey.info\/news\/nino-de-ano-es-violado-en-nisibon-los-padres-creen-ocurrio-en-un-colegio-catolico\/"]}]},{"@type":"ImageObject","inLanguage":"es","@id":"https:\/\/higuey.info\/news\/nino-de-ano-es-violado-en-nisibon-los-padres-creen-ocurrio-en-un-colegio-catolico\/#primaryimage","url":"https:\/\/higuey.info\/news\/wp-content\/uploads\/2015\/09\/pederastia.jpg","contentUrl":"https:\/\/higuey.info\/news\/wp-content\/uploads\/2015\/09\/pederastia.jpg","width":550,"height":446},{"@type":"BreadcrumbList","@id":"https:\/\/higuey.info\/news\/nino-de-ano-es-violado-en-nisibon-los-padres-creen-ocurrio-en-un-colegio-catolico\/#breadcrumb","itemListElement":[{"@type":"ListItem","position":1,"name":"Portada","item":"https:\/\/higuey.info\/news\/"},{"@type":"ListItem","position":2,"name":"Ni\u00f1o de 5 a\u00f1os es violado en Nisib\u00f3n los padres creen ocurri\u00f3 en un colegio cat\u00f3lico."}]},{"@type":"WebSite","@id":"https:\/\/higuey.info\/news\/#website","url":"https:\/\/higuey.info\/news\/","name":"Hig\u00fcey.Info","description":"Noticias de Hig\u00fcey La Altagracia Rep\u00fablica Dominicana.","publisher":{"@id":"https:\/\/higuey.info\/news\/#organization"},"potentialAction":[{"@type":"SearchAction","target":{"@type":"EntryPoint","urlTemplate":"https:\/\/higuey.info\/news\/?s={search_term_string}"},"query-input":{"@type":"PropertyValueSpecification","valueRequired":true,"valueName":"search_term_string"}}],"inLanguage":"es"},{"@type":"Organization","@id":"https:\/\/higuey.info\/news\/#organization","name":"Hig\u00fcey.Info","url":"https:\/\/higuey.info\/news\/","logo":{"@type":"ImageObject","inLanguage":"es","@id":"https:\/\/higuey.info\/news\/#\/schema\/logo\/image\/","url":"https:\/\/higuey.info\/news\/wp-content\/uploads\/2015\/11\/logof.jpg","contentUrl":"https:\/\/higuey.info\/news\/wp-content\/uploads\/2015\/11\/logof.jpg","width":248,"height":90,"caption":"Hig\u00fcey.Info"},"image":{"@id":"https:\/\/higuey.info\/news\/#\/schema\/logo\/image\/"}},{"@type":"Person","@id":"https:\/\/higuey.info\/news\/#\/schema\/person\/274b1e73c44a5e7d852529cd974f389f","name":"higuey.info","image":{"@type":"ImageObject","inLanguage":"es","@id":"https:\/\/secure.gravatar.com\/avatar\/baaa13fb48787405f1f95c6405f1f193ab4cefad2554d219db78e9a57688ba88?s=96&d=wavatar&r=g","url":"https:\/\/secure.gravatar.com\/avatar\/baaa13fb48787405f1f95c6405f1f193ab4cefad2554d219db78e9a57688ba88?s=96&d=wavatar&r=g","contentUrl":"https:\/\/secure.gravatar.com\/avatar\/baaa13fb48787405f1f95c6405f1f193ab4cefad2554d219db78e9a57688ba88?s=96&d=wavatar&r=g","caption":"higuey.info"},"description":"Higuey Info | Portal informativo numero uno de la ciudad de Higuey, Todas las Noticias de Higuey La Altagracia Republica Dominicana.","sameAs":["https:\/\/higuey.info\/news"]}]}},"_links":{"self":[{"href":"https:\/\/higuey.info\/news\/wp-json\/wp\/v2\/posts\/6623","targetHints":{"allow":["GET"]}}],"collection":[{"href":"https:\/\/higuey.info\/news\/wp-json\/wp\/v2\/posts"}],"about":[{"href":"https:\/\/higuey.info\/news\/wp-json\/wp\/v2\/types\/post"}],"author":[{"embeddable":true,"href":"https:\/\/higuey.info\/news\/wp-json\/wp\/v2\/users\/1"}],"replies":[{"embeddable":true,"href":"https:\/\/higuey.info\/news\/wp-json\/wp\/v2\/comments?post=6623"}],"version-history":[{"count":6,"href":"https:\/\/higuey.info\/news\/wp-json\/wp\/v2\/posts\/6623\/revisions"}],"predecessor-version":[{"id":17373,"href":"https:\/\/higuey.info\/news\/wp-json\/wp\/v2\/posts\/6623\/revisions\/17373"}],"wp:featuredmedia":[{"embeddable":true,"href":"https:\/\/higuey.info\/news\/wp-json\/wp\/v2\/media\/6624"}],"wp:attachment":[{"href":"https:\/\/higuey.info\/news\/wp-json\/wp\/v2\/media?parent=6623"}],"wp:term":[{"taxonomy":"category","embeddable":true,"href":"https:\/\/higuey.info\/news\/wp-json\/wp\/v2\/categories?post=6623"},{"taxonomy":"post_tag","embeddable":true,"href":"https:\/\/higuey.info\/news\/wp-json\/wp\/v2\/tags?post=6623"}],"curies":[{"name":"wp","href":"https:\/\/api.w.org\/{rel}","templated":true}]}}