{"id":7242,"date":"2015-11-27T00:16:23","date_gmt":"2015-11-27T00:16:23","guid":{"rendered":"https:\/\/higuey.info\/news\/news\/?p=7242"},"modified":"2020-11-21T16:56:26","modified_gmt":"2020-11-21T16:56:26","slug":"accidente-esta-manana-deja-un-saldo-de-diez-personas-muertas-y-mas-de-30-heridos","status":"publish","type":"post","link":"https:\/\/higuey.info\/news\/accidente-esta-manana-deja-un-saldo-de-diez-personas-muertas-y-mas-de-30-heridos\/","title":{"rendered":"Accidente esta ma\u00f1ana deja un saldo de diez personas muertas y m\u00e1s de 30 heridos."},"content":{"rendered":"<p><a href=\"https:\/\/higuey.info\/news\/wp-content\/uploads\/2015\/11\/Accidente-recta-de-leonel-1.jpg\"><img loading=\"lazy\" decoding=\"async\" class=\"aligncenter size-full wp-image-7208\" src=\"https:\/\/higuey.info\/news\/wp-content\/uploads\/2015\/11\/Accidente-recta-de-leonel-1.jpg\" alt=\"Accidente recta de leonel (1)\" width=\"540\" height=\"960\" srcset=\"https:\/\/higuey.info\/news\/wp-content\/uploads\/2015\/11\/Accidente-recta-de-leonel-1.jpg 540w, https:\/\/higuey.info\/news\/wp-content\/uploads\/2015\/11\/Accidente-recta-de-leonel-1-169x300.jpg 169w, https:\/\/higuey.info\/news\/wp-content\/uploads\/2015\/11\/Accidente-recta-de-leonel-1-225x400.jpg 225w\" sizes=\"auto, (max-width: 540px) 100vw, 540px\" \/><\/a>[&#8212;] HIGUEY, Rep\u00fablica Dominicana.-\u00a0Seg\u00fan nos informara la autoridad metropolitana de <strong>AMET<\/strong>, que hasta el momento han resultado muertos 10 personas y m\u00e1s de 30 heridos en un accidente de tr\u00e1nsito entre dos autobuses que chocaron de frente, lo cual pertenecen a la compa\u00f1\u00eda <strong>La Monumental y All Tours<\/strong>, una que iba para los hoteles <strong><a href=\"https:\/\/higuey.info\/news\/category\/higuey\/mi-comunidad\/punta-cana\/\">Paradisus Punta Cana Meli\u00e1<\/a><\/strong> y ven\u00eda con el personal de la discoteca <strong>Coco Bongo<\/strong>, la causa del accidente seg\u00fan uno de los testigos fue que a uno de los autobuses se le exploto una goma de adelante que causo el accidente. Este hecho fue ocurrido a las 7:00 A.M. a la altura del kil\u00f3metro 8, de la CARRETERA HIG\u00dcEY VER\u00d3N.<\/p>\n<p>Es muy importante que si pertenece a cualquiera de estos\u00a0tipos de sangre te solidarices con estas personas que necesitan de ti<\/p>\n<p><a href=\"https:\/\/higuey.info\/news\/wp-content\/uploads\/2015\/11\/sangre.jpg\"><img loading=\"lazy\" decoding=\"async\" class=\"aligncenter size-large wp-image-7239\" src=\"https:\/\/higuey.info\/news\/wp-content\/uploads\/2015\/11\/sangre-550x149.jpg\" alt=\"sangre\" width=\"550\" height=\"149\" srcset=\"https:\/\/higuey.info\/news\/wp-content\/uploads\/2015\/11\/sangre-550x149.jpg 550w, https:\/\/higuey.info\/news\/wp-content\/uploads\/2015\/11\/sangre-300x81.jpg 300w, https:\/\/higuey.info\/news\/wp-content\/uploads\/2015\/11\/sangre.jpg 720w\" sizes=\"auto, (max-width: 550px) 100vw, 550px\" \/><\/a><\/p>\n<p>A continuaci\u00f3n algunas im\u00e1genes (im\u00e1genes fuerte)[&#8212;]<\/p>\n<div id='gallery-1' class='gallery galleryid-7242 gallery-columns-3 gallery-size-thumbnail'><figure class='gallery-item'>\n\t\t\t<div class='gallery-icon portrait'>\n\t\t\t\t<a href='https:\/\/higuey.info\/news\/accidente-de-esta-madrugada-deja-un-saldo-de-mas-de-15-personas-muertas\/11201833_1246201662112970_7094357937482557089_n\/'><img loading=\"lazy\" decoding=\"async\" width=\"150\" height=\"150\" src=\"https:\/\/higuey.info\/news\/wp-content\/uploads\/2015\/11\/11201833_1246201662112970_7094357937482557089_n-150x150.jpg\" class=\"attachment-thumbnail size-thumbnail\" alt=\"\" srcset=\"https:\/\/higuey.info\/news\/wp-content\/uploads\/2015\/11\/11201833_1246201662112970_7094357937482557089_n-150x150.jpg 150w, https:\/\/higuey.info\/news\/wp-content\/uploads\/2015\/11\/11201833_1246201662112970_7094357937482557089_n-217x217.jpg 217w, https:\/\/higuey.info\/news\/wp-content\/uploads\/2015\/11\/11201833_1246201662112970_7094357937482557089_n-144x144.jpg 144w\" sizes=\"auto, (max-width: 150px) 100vw, 150px\" \/><\/a>\n\t\t\t<\/div><\/figure><figure class='gallery-item'>\n\t\t\t<div class='gallery-icon portrait'>\n\t\t\t\t<a href='https:\/\/higuey.info\/news\/accidente-de-esta-madrugada-deja-un-saldo-de-mas-de-15-personas-muertas\/accidente-recta-de-leonel-1\/'><img loading=\"lazy\" decoding=\"async\" width=\"150\" height=\"150\" src=\"https:\/\/higuey.info\/news\/wp-content\/uploads\/2015\/11\/Accidente-recta-de-leonel-1-150x150.jpg\" class=\"attachment-thumbnail size-thumbnail\" alt=\"\" srcset=\"https:\/\/higuey.info\/news\/wp-content\/uploads\/2015\/11\/Accidente-recta-de-leonel-1-150x150.jpg 150w, https:\/\/higuey.info\/news\/wp-content\/uploads\/2015\/11\/Accidente-recta-de-leonel-1-144x144.jpg 144w\" sizes=\"auto, (max-width: 150px) 100vw, 150px\" \/><\/a>\n\t\t\t<\/div><\/figure><figure class='gallery-item'>\n\t\t\t<div class='gallery-icon portrait'>\n\t\t\t\t<a href='https:\/\/higuey.info\/news\/accidente-de-esta-madrugada-deja-un-saldo-de-mas-de-15-personas-muertas\/accidente-recta-de-leonel-2\/'><img loading=\"lazy\" decoding=\"async\" width=\"150\" height=\"150\" src=\"https:\/\/higuey.info\/news\/wp-content\/uploads\/2015\/11\/Accidente-recta-de-leonel-2-150x150.jpg\" class=\"attachment-thumbnail size-thumbnail\" alt=\"\" srcset=\"https:\/\/higuey.info\/news\/wp-content\/uploads\/2015\/11\/Accidente-recta-de-leonel-2-150x150.jpg 150w, https:\/\/higuey.info\/news\/wp-content\/uploads\/2015\/11\/Accidente-recta-de-leonel-2-144x144.jpg 144w\" sizes=\"auto, (max-width: 150px) 100vw, 150px\" \/><\/a>\n\t\t\t<\/div><\/figure><figure class='gallery-item'>\n\t\t\t<div class='gallery-icon portrait'>\n\t\t\t\t<a href='https:\/\/higuey.info\/news\/accidente-de-esta-madrugada-deja-un-saldo-de-mas-de-15-personas-muertas\/12294639_10153646522041900_7484055999198625905_n\/'><img loading=\"lazy\" decoding=\"async\" width=\"150\" height=\"150\" src=\"https:\/\/higuey.info\/news\/wp-content\/uploads\/2015\/11\/12294639_10153646522041900_7484055999198625905_n-150x150.jpg\" class=\"attachment-thumbnail size-thumbnail\" alt=\"\" srcset=\"https:\/\/higuey.info\/news\/wp-content\/uploads\/2015\/11\/12294639_10153646522041900_7484055999198625905_n-150x150.jpg 150w, https:\/\/higuey.info\/news\/wp-content\/uploads\/2015\/11\/12294639_10153646522041900_7484055999198625905_n-144x144.jpg 144w\" sizes=\"auto, (max-width: 150px) 100vw, 150px\" \/><\/a>\n\t\t\t<\/div><\/figure><figure class='gallery-item'>\n\t\t\t<div class='gallery-icon portrait'>\n\t\t\t\t<a href='https:\/\/higuey.info\/news\/accidente-de-esta-madrugada-deja-un-saldo-de-mas-de-15-personas-muertas\/12249717_10153646522101900_3001287736495302947_n\/'><img loading=\"lazy\" decoding=\"async\" width=\"150\" height=\"150\" src=\"https:\/\/higuey.info\/news\/wp-content\/uploads\/2015\/11\/12249717_10153646522101900_3001287736495302947_n-150x150.jpg\" class=\"attachment-thumbnail size-thumbnail\" alt=\"\" srcset=\"https:\/\/higuey.info\/news\/wp-content\/uploads\/2015\/11\/12249717_10153646522101900_3001287736495302947_n-150x150.jpg 150w, https:\/\/higuey.info\/news\/wp-content\/uploads\/2015\/11\/12249717_10153646522101900_3001287736495302947_n-144x144.jpg 144w\" sizes=\"auto, (max-width: 150px) 100vw, 150px\" \/><\/a>\n\t\t\t<\/div><\/figure><figure class='gallery-item'>\n\t\t\t<div class='gallery-icon portrait'>\n\t\t\t\t<a href='https:\/\/higuey.info\/news\/accidente-de-esta-madrugada-deja-un-saldo-de-mas-de-15-personas-muertas\/12274589_10153646522241900_370278707471305033_n\/'><img loading=\"lazy\" decoding=\"async\" width=\"150\" height=\"150\" src=\"https:\/\/higuey.info\/news\/wp-content\/uploads\/2015\/11\/12274589_10153646522241900_370278707471305033_n-150x150.jpg\" class=\"attachment-thumbnail size-thumbnail\" alt=\"\" srcset=\"https:\/\/higuey.info\/news\/wp-content\/uploads\/2015\/11\/12274589_10153646522241900_370278707471305033_n-150x150.jpg 150w, https:\/\/higuey.info\/news\/wp-content\/uploads\/2015\/11\/12274589_10153646522241900_370278707471305033_n-144x144.jpg 144w\" sizes=\"auto, (max-width: 150px) 100vw, 150px\" \/><\/a>\n\t\t\t<\/div><\/figure>\n\t\t<\/div>\n\n<p>[pullquote]Los muertos son: <strong>Jos\u00e9 Luis Paredes, Melisa Castro, Feliz Mart\u00ednez Constanzo, Juan Morillo Ortega, Josehp Marte, Francis Santana Paulino, Jes\u00fas Rijo, Jos\u00e9 Mart\u00ednez de la Rosa, Ruth Esther Berroa y Melina Castro<\/strong>.[\/pullquote]<\/p>\n<p>Estos fueron trasladados en ambulancias, taxis, motoconchos y helic\u00f3ptero. La mayor\u00eda de estos fueron atendidos en la cl\u00ednica Dr. <strong>Virgilio Cedano<\/strong> de esta ciudad de Hig\u00fcey por politraumatismo y laceraciones, los cuales tienen seguro m\u00e9dico de riesgo laboral. Entre ellos <strong>Ronny Espiritusanto<\/strong> de 20 a\u00f1os, <strong>Keny Alberto, Roberto Ram\u00edrez, Miguel \u00c1ngel de la Cruz, Adri\u00e1n Cornelius, Aderlyn Mercedes, Julio Alberto Lappostt de 22 a\u00f1os, Rafael Alexander Guerrero, Gabriel Rosario, Wanchi Pe\u00f1a, Dimarla Ogando S\u00e1nchez, \u00c1ngel Luis Leo Morales, Cleto S\u00e1nchez, Wilkins Jhosep Javier, Alragracia Acosta, Yelin Gabriel, Gustavo Ferreira, Yerlin Batista, David Jos\u00e9 Contreras, Dominga V\u00e1zquez, Leudy Carpio, Robert Juan Jose, Yeseni Forjat, Clemente V\u00e1zquez, Bernardo Ram\u00edrez, Jos\u00e9 Berroa, Claudio Deni Guerrero, Virginia \u00c1lvarez, los dem\u00e1s se encuentran en Hospiten B\u00e1varo y En el Hospital Ram\u00f3n Lara de San Isidro<\/strong>, los cuales fueron trasladados en helic\u00f3ptero en un estado grave.<\/p>\n<p>Por: <a href=\"https:\/\/higuey.info\/news\/?s=Juan+Bautista+Rodr%C3%ADguez\">Juan Bautista Rodr\u00edguez<\/a><\/p>\n<figure id=\"attachment_7232\" aria-describedby=\"caption-attachment-7232\" style=\"width: 550px\" class=\"wp-caption aligncenter\"><a href=\"https:\/\/higuey.info\/news\/wp-content\/uploads\/2015\/11\/imagen-aerea.jpg\"><img loading=\"lazy\" decoding=\"async\" class=\"wp-image-7232\" src=\"https:\/\/higuey.info\/news\/wp-content\/uploads\/2015\/11\/imagen-aerea.jpg\" alt=\"Imagen a\u00e9rea del accidente\" width=\"550\" height=\"733\" srcset=\"https:\/\/higuey.info\/news\/wp-content\/uploads\/2015\/11\/imagen-aerea.jpg 540w, https:\/\/higuey.info\/news\/wp-content\/uploads\/2015\/11\/imagen-aerea-225x300.jpg 225w, https:\/\/higuey.info\/news\/wp-content\/uploads\/2015\/11\/imagen-aerea-300x400.jpg 300w\" sizes=\"auto, (max-width: 550px) 100vw, 550px\" \/><\/a><figcaption id=\"caption-attachment-7232\" class=\"wp-caption-text\">Imagen a\u00e9rea del accidente<\/figcaption><\/figure>\n<p><iframe loading=\"lazy\" title=\"Luto en Hig\u00fcey tras accidente que dej\u00f3 once muertos\" width=\"640\" height=\"480\" src=\"https:\/\/www.youtube.com\/embed\/q8tG-NzmaD8?feature=oembed\" frameborder=\"0\" allow=\"accelerometer; autoplay; clipboard-write; encrypted-media; gyroscope; picture-in-picture; web-share\" referrerpolicy=\"strict-origin-when-cross-origin\" allowfullscreen><\/iframe><br \/>\n<iframe loading=\"lazy\" title=\"V\u00eddeo tomado en el lugar del accidente parte 1\" width=\"640\" height=\"360\" src=\"https:\/\/www.youtube.com\/embed\/aFo3CxaE8M8?feature=oembed\" frameborder=\"0\" allow=\"accelerometer; autoplay; clipboard-write; encrypted-media; gyroscope; picture-in-picture; web-share\" referrerpolicy=\"strict-origin-when-cross-origin\" allowfullscreen><\/iframe><br \/>\nhttps:\/\/www.youtube.com\/watch?v=MgGIxmWRqkw&#038;feature=youtu.be<br \/>\nhttps:\/\/www.youtube.com\/watch?v=GMVO_KqXbkE&#038;feature=youtu.be<br \/>\n<iframe loading=\"lazy\" title=\"V\u00eddeo tomado en el lugar del accidente parte 4\" width=\"640\" height=\"360\" src=\"https:\/\/www.youtube.com\/embed\/XGXDCuOo-cw?feature=oembed\" frameborder=\"0\" allow=\"accelerometer; autoplay; clipboard-write; encrypted-media; gyroscope; picture-in-picture; web-share\" referrerpolicy=\"strict-origin-when-cross-origin\" allowfullscreen><\/iframe><br \/>\n<iframe loading=\"lazy\" title=\"Don Ruben Castillo habla del accidente Veron-Higuey, ocurrido en la ma\u00f1ana de hoy.\" width=\"640\" height=\"360\" src=\"https:\/\/www.youtube.com\/embed\/CgTDO0swscA?feature=oembed\" frameborder=\"0\" allow=\"accelerometer; autoplay; clipboard-write; encrypted-media; gyroscope; picture-in-picture; web-share\" referrerpolicy=\"strict-origin-when-cross-origin\" allowfullscreen><\/iframe><\/p>\n<div class=\"article-body-author\"><\/div>\n<div class=\"article-body-author\"><\/div>\n<div class=\"article-body-author\"><\/div>\n<div id=\"ArticleAuthorDiv\" class=\"article-body-author\"><\/div>\n<div id=\"ArticleSourceDiv\" class=\"article-body-author\"><\/div>\n","protected":false},"excerpt":{"rendered":"<p>Aumentan a diez los muertos  en el accidente ocurrido hoy al chocar dos autobuses en la carretera Ver\u00f3n-Hig\u00fcey,  mientras que a\u00fan no se ha establecido la cantidad de heridos, se dice que mas de treintas.<\/p>\n","protected":false},"author":1,"featured_media":7208,"comment_status":"open","ping_status":"open","sticky":false,"template":"","format":"standard","meta":{"footnotes":""},"categories":[4],"tags":[985,4168,4167,3831,4318],"class_list":["post-7242","post","type-post","status-publish","format-standard","has-post-thumbnail","hentry","category-higuey","tag-accidente","tag-accidente-en-bavaro","tag-accidente-en-la-cruz-del-isleno","tag-accidente-en-punta-cana","tag-recta-de-leonel-taveraz"],"yoast_head":"<!-- This site is optimized with the Yoast SEO plugin v27.5 - https:\/\/yoast.com\/product\/yoast-seo-wordpress\/ -->\n<title>Accidente esta ma\u00f1ana deja un saldo de diez personas muertas y m\u00e1s de 30 heridos. - Higuey.Info<\/title>\n<meta name=\"description\" content=\"Aumentan a diez los muertos en el accidente ocurrido hoy al chocar dos autobuses en la carretera Ver\u00f3n-Hig\u00fcey, mientras que a\u00fan no se ha establecido la cantidad de heridos, se dice que mas de treintas.\" \/>\n<meta name=\"robots\" content=\"index, follow, max-snippet:-1, max-image-preview:large, max-video-preview:-1\" \/>\n<link rel=\"canonical\" href=\"https:\/\/higuey.info\/news\/accidente-esta-manana-deja-un-saldo-de-diez-personas-muertas-y-mas-de-30-heridos\/\" \/>\n<meta property=\"og:locale\" content=\"es_ES\" \/>\n<meta property=\"og:type\" content=\"article\" \/>\n<meta property=\"og:title\" content=\"Accidente esta ma\u00f1ana deja un saldo de diez personas muertas y m\u00e1s de 30 heridos. - Higuey.Info\" \/>\n<meta property=\"og:description\" content=\"Aumentan a diez los muertos en el accidente ocurrido hoy al chocar dos autobuses en la carretera Ver\u00f3n-Hig\u00fcey, mientras que a\u00fan no se ha establecido la cantidad de heridos, se dice que mas de treintas.\" \/>\n<meta property=\"og:url\" content=\"https:\/\/higuey.info\/news\/accidente-esta-manana-deja-un-saldo-de-diez-personas-muertas-y-mas-de-30-heridos\/\" \/>\n<meta property=\"og:site_name\" content=\"Hig\u00fcey.Info\" \/>\n<meta property=\"article:published_time\" content=\"2015-11-27T00:16:23+00:00\" \/>\n<meta property=\"article:modified_time\" content=\"2020-11-21T16:56:26+00:00\" \/>\n<meta property=\"og:image\" content=\"https:\/\/higuey.info\/news\/wp-content\/uploads\/2015\/11\/Accidente-recta-de-leonel-1.jpg\" \/>\n\t<meta property=\"og:image:width\" content=\"540\" \/>\n\t<meta property=\"og:image:height\" content=\"960\" \/>\n\t<meta property=\"og:image:type\" content=\"image\/jpeg\" \/>\n<meta name=\"author\" content=\"higuey.info\" \/>\n<meta name=\"twitter:card\" content=\"summary_large_image\" \/>\n<meta name=\"twitter:label1\" content=\"Escrito por\" \/>\n\t<meta name=\"twitter:data1\" content=\"higuey.info\" \/>\n\t<meta name=\"twitter:label2\" content=\"Tiempo de lectura\" \/>\n\t<meta name=\"twitter:data2\" content=\"2 minutos\" \/>\n<script type=\"application\/ld+json\" class=\"yoast-schema-graph\">{\"@context\":\"https:\\\/\\\/schema.org\",\"@graph\":[{\"@type\":\"Article\",\"@id\":\"https:\\\/\\\/higuey.info\\\/news\\\/accidente-esta-manana-deja-un-saldo-de-diez-personas-muertas-y-mas-de-30-heridos\\\/#article\",\"isPartOf\":{\"@id\":\"https:\\\/\\\/higuey.info\\\/news\\\/accidente-esta-manana-deja-un-saldo-de-diez-personas-muertas-y-mas-de-30-heridos\\\/\"},\"author\":{\"name\":\"higuey.info\",\"@id\":\"https:\\\/\\\/higuey.info\\\/news\\\/#\\\/schema\\\/person\\\/274b1e73c44a5e7d852529cd974f389f\"},\"headline\":\"Accidente esta ma\u00f1ana deja un saldo de diez personas muertas y m\u00e1s de 30 heridos.\",\"datePublished\":\"2015-11-27T00:16:23+00:00\",\"dateModified\":\"2020-11-21T16:56:26+00:00\",\"mainEntityOfPage\":{\"@id\":\"https:\\\/\\\/higuey.info\\\/news\\\/accidente-esta-manana-deja-un-saldo-de-diez-personas-muertas-y-mas-de-30-heridos\\\/\"},\"wordCount\":449,\"commentCount\":0,\"publisher\":{\"@id\":\"https:\\\/\\\/higuey.info\\\/news\\\/#organization\"},\"image\":{\"@id\":\"https:\\\/\\\/higuey.info\\\/news\\\/accidente-esta-manana-deja-un-saldo-de-diez-personas-muertas-y-mas-de-30-heridos\\\/#primaryimage\"},\"thumbnailUrl\":\"https:\\\/\\\/higuey.info\\\/news\\\/wp-content\\\/uploads\\\/2015\\\/11\\\/Accidente-recta-de-leonel-1.jpg\",\"keywords\":[\"Accidente\",\"Accidente en bavaro\",\"Accidente en la cruz del isle\u00f1o\",\"Accidente en punta cana\",\"Recta de Leonel Taveraz\"],\"articleSection\":[\"Higuey\"],\"inLanguage\":\"es\",\"potentialAction\":[{\"@type\":\"CommentAction\",\"name\":\"Comment\",\"target\":[\"https:\\\/\\\/higuey.info\\\/news\\\/accidente-esta-manana-deja-un-saldo-de-diez-personas-muertas-y-mas-de-30-heridos\\\/#respond\"]}]},{\"@type\":\"WebPage\",\"@id\":\"https:\\\/\\\/higuey.info\\\/news\\\/accidente-esta-manana-deja-un-saldo-de-diez-personas-muertas-y-mas-de-30-heridos\\\/\",\"url\":\"https:\\\/\\\/higuey.info\\\/news\\\/accidente-esta-manana-deja-un-saldo-de-diez-personas-muertas-y-mas-de-30-heridos\\\/\",\"name\":\"Accidente esta ma\u00f1ana deja un saldo de diez personas muertas y m\u00e1s de 30 heridos. - Higuey.Info\",\"isPartOf\":{\"@id\":\"https:\\\/\\\/higuey.info\\\/news\\\/#website\"},\"primaryImageOfPage\":{\"@id\":\"https:\\\/\\\/higuey.info\\\/news\\\/accidente-esta-manana-deja-un-saldo-de-diez-personas-muertas-y-mas-de-30-heridos\\\/#primaryimage\"},\"image\":{\"@id\":\"https:\\\/\\\/higuey.info\\\/news\\\/accidente-esta-manana-deja-un-saldo-de-diez-personas-muertas-y-mas-de-30-heridos\\\/#primaryimage\"},\"thumbnailUrl\":\"https:\\\/\\\/higuey.info\\\/news\\\/wp-content\\\/uploads\\\/2015\\\/11\\\/Accidente-recta-de-leonel-1.jpg\",\"datePublished\":\"2015-11-27T00:16:23+00:00\",\"dateModified\":\"2020-11-21T16:56:26+00:00\",\"description\":\"Aumentan a diez los muertos en el accidente ocurrido hoy al chocar dos autobuses en la carretera Ver\u00f3n-Hig\u00fcey, mientras que a\u00fan no se ha establecido la cantidad de heridos, se dice que mas de treintas.\",\"breadcrumb\":{\"@id\":\"https:\\\/\\\/higuey.info\\\/news\\\/accidente-esta-manana-deja-un-saldo-de-diez-personas-muertas-y-mas-de-30-heridos\\\/#breadcrumb\"},\"inLanguage\":\"es\",\"potentialAction\":[{\"@type\":\"ReadAction\",\"target\":[\"https:\\\/\\\/higuey.info\\\/news\\\/accidente-esta-manana-deja-un-saldo-de-diez-personas-muertas-y-mas-de-30-heridos\\\/\"]}]},{\"@type\":\"ImageObject\",\"inLanguage\":\"es\",\"@id\":\"https:\\\/\\\/higuey.info\\\/news\\\/accidente-esta-manana-deja-un-saldo-de-diez-personas-muertas-y-mas-de-30-heridos\\\/#primaryimage\",\"url\":\"https:\\\/\\\/higuey.info\\\/news\\\/wp-content\\\/uploads\\\/2015\\\/11\\\/Accidente-recta-de-leonel-1.jpg\",\"contentUrl\":\"https:\\\/\\\/higuey.info\\\/news\\\/wp-content\\\/uploads\\\/2015\\\/11\\\/Accidente-recta-de-leonel-1.jpg\",\"width\":540,\"height\":960},{\"@type\":\"BreadcrumbList\",\"@id\":\"https:\\\/\\\/higuey.info\\\/news\\\/accidente-esta-manana-deja-un-saldo-de-diez-personas-muertas-y-mas-de-30-heridos\\\/#breadcrumb\",\"itemListElement\":[{\"@type\":\"ListItem\",\"position\":1,\"name\":\"Portada\",\"item\":\"https:\\\/\\\/higuey.info\\\/news\\\/\"},{\"@type\":\"ListItem\",\"position\":2,\"name\":\"Accidente esta ma\u00f1ana deja un saldo de diez personas muertas y m\u00e1s de 30 heridos.\"}]},{\"@type\":\"WebSite\",\"@id\":\"https:\\\/\\\/higuey.info\\\/news\\\/#website\",\"url\":\"https:\\\/\\\/higuey.info\\\/news\\\/\",\"name\":\"Hig\u00fcey.Info\",\"description\":\"Noticias de Hig\u00fcey La Altagracia Rep\u00fablica Dominicana.\",\"publisher\":{\"@id\":\"https:\\\/\\\/higuey.info\\\/news\\\/#organization\"},\"potentialAction\":[{\"@type\":\"SearchAction\",\"target\":{\"@type\":\"EntryPoint\",\"urlTemplate\":\"https:\\\/\\\/higuey.info\\\/news\\\/?s={search_term_string}\"},\"query-input\":{\"@type\":\"PropertyValueSpecification\",\"valueRequired\":true,\"valueName\":\"search_term_string\"}}],\"inLanguage\":\"es\"},{\"@type\":\"Organization\",\"@id\":\"https:\\\/\\\/higuey.info\\\/news\\\/#organization\",\"name\":\"Hig\u00fcey.Info\",\"url\":\"https:\\\/\\\/higuey.info\\\/news\\\/\",\"logo\":{\"@type\":\"ImageObject\",\"inLanguage\":\"es\",\"@id\":\"https:\\\/\\\/higuey.info\\\/news\\\/#\\\/schema\\\/logo\\\/image\\\/\",\"url\":\"https:\\\/\\\/higuey.info\\\/news\\\/wp-content\\\/uploads\\\/2015\\\/11\\\/logof.jpg\",\"contentUrl\":\"https:\\\/\\\/higuey.info\\\/news\\\/wp-content\\\/uploads\\\/2015\\\/11\\\/logof.jpg\",\"width\":248,\"height\":90,\"caption\":\"Hig\u00fcey.Info\"},\"image\":{\"@id\":\"https:\\\/\\\/higuey.info\\\/news\\\/#\\\/schema\\\/logo\\\/image\\\/\"}},{\"@type\":\"Person\",\"@id\":\"https:\\\/\\\/higuey.info\\\/news\\\/#\\\/schema\\\/person\\\/274b1e73c44a5e7d852529cd974f389f\",\"name\":\"higuey.info\",\"image\":{\"@type\":\"ImageObject\",\"inLanguage\":\"es\",\"@id\":\"https:\\\/\\\/secure.gravatar.com\\\/avatar\\\/baaa13fb48787405f1f95c6405f1f193ab4cefad2554d219db78e9a57688ba88?s=96&d=wavatar&r=g\",\"url\":\"https:\\\/\\\/secure.gravatar.com\\\/avatar\\\/baaa13fb48787405f1f95c6405f1f193ab4cefad2554d219db78e9a57688ba88?s=96&d=wavatar&r=g\",\"contentUrl\":\"https:\\\/\\\/secure.gravatar.com\\\/avatar\\\/baaa13fb48787405f1f95c6405f1f193ab4cefad2554d219db78e9a57688ba88?s=96&d=wavatar&r=g\",\"caption\":\"higuey.info\"},\"description\":\"Higuey Info | Portal informativo numero uno de la ciudad de Higuey, Todas las Noticias de Higuey La Altagracia Republica Dominicana.\",\"sameAs\":[\"https:\\\/\\\/higuey.info\\\/news\"]}]}<\/script>\n<!-- \/ Yoast SEO plugin. -->","yoast_head_json":{"title":"Accidente esta ma\u00f1ana deja un saldo de diez personas muertas y m\u00e1s de 30 heridos. - Higuey.Info","description":"Aumentan a diez los muertos en el accidente ocurrido hoy al chocar dos autobuses en la carretera Ver\u00f3n-Hig\u00fcey, mientras que a\u00fan no se ha establecido la cantidad de heridos, se dice que mas de treintas.","robots":{"index":"index","follow":"follow","max-snippet":"max-snippet:-1","max-image-preview":"max-image-preview:large","max-video-preview":"max-video-preview:-1"},"canonical":"https:\/\/higuey.info\/news\/accidente-esta-manana-deja-un-saldo-de-diez-personas-muertas-y-mas-de-30-heridos\/","og_locale":"es_ES","og_type":"article","og_title":"Accidente esta ma\u00f1ana deja un saldo de diez personas muertas y m\u00e1s de 30 heridos. - Higuey.Info","og_description":"Aumentan a diez los muertos en el accidente ocurrido hoy al chocar dos autobuses en la carretera Ver\u00f3n-Hig\u00fcey, mientras que a\u00fan no se ha establecido la cantidad de heridos, se dice que mas de treintas.","og_url":"https:\/\/higuey.info\/news\/accidente-esta-manana-deja-un-saldo-de-diez-personas-muertas-y-mas-de-30-heridos\/","og_site_name":"Hig\u00fcey.Info","article_published_time":"2015-11-27T00:16:23+00:00","article_modified_time":"2020-11-21T16:56:26+00:00","og_image":[{"width":540,"height":960,"url":"https:\/\/higuey.info\/news\/wp-content\/uploads\/2015\/11\/Accidente-recta-de-leonel-1.jpg","type":"image\/jpeg"}],"author":"higuey.info","twitter_card":"summary_large_image","twitter_misc":{"Escrito por":"higuey.info","Tiempo de lectura":"2 minutos"},"schema":{"@context":"https:\/\/schema.org","@graph":[{"@type":"Article","@id":"https:\/\/higuey.info\/news\/accidente-esta-manana-deja-un-saldo-de-diez-personas-muertas-y-mas-de-30-heridos\/#article","isPartOf":{"@id":"https:\/\/higuey.info\/news\/accidente-esta-manana-deja-un-saldo-de-diez-personas-muertas-y-mas-de-30-heridos\/"},"author":{"name":"higuey.info","@id":"https:\/\/higuey.info\/news\/#\/schema\/person\/274b1e73c44a5e7d852529cd974f389f"},"headline":"Accidente esta ma\u00f1ana deja un saldo de diez personas muertas y m\u00e1s de 30 heridos.","datePublished":"2015-11-27T00:16:23+00:00","dateModified":"2020-11-21T16:56:26+00:00","mainEntityOfPage":{"@id":"https:\/\/higuey.info\/news\/accidente-esta-manana-deja-un-saldo-de-diez-personas-muertas-y-mas-de-30-heridos\/"},"wordCount":449,"commentCount":0,"publisher":{"@id":"https:\/\/higuey.info\/news\/#organization"},"image":{"@id":"https:\/\/higuey.info\/news\/accidente-esta-manana-deja-un-saldo-de-diez-personas-muertas-y-mas-de-30-heridos\/#primaryimage"},"thumbnailUrl":"https:\/\/higuey.info\/news\/wp-content\/uploads\/2015\/11\/Accidente-recta-de-leonel-1.jpg","keywords":["Accidente","Accidente en bavaro","Accidente en la cruz del isle\u00f1o","Accidente en punta cana","Recta de Leonel Taveraz"],"articleSection":["Higuey"],"inLanguage":"es","potentialAction":[{"@type":"CommentAction","name":"Comment","target":["https:\/\/higuey.info\/news\/accidente-esta-manana-deja-un-saldo-de-diez-personas-muertas-y-mas-de-30-heridos\/#respond"]}]},{"@type":"WebPage","@id":"https:\/\/higuey.info\/news\/accidente-esta-manana-deja-un-saldo-de-diez-personas-muertas-y-mas-de-30-heridos\/","url":"https:\/\/higuey.info\/news\/accidente-esta-manana-deja-un-saldo-de-diez-personas-muertas-y-mas-de-30-heridos\/","name":"Accidente esta ma\u00f1ana deja un saldo de diez personas muertas y m\u00e1s de 30 heridos. - Higuey.Info","isPartOf":{"@id":"https:\/\/higuey.info\/news\/#website"},"primaryImageOfPage":{"@id":"https:\/\/higuey.info\/news\/accidente-esta-manana-deja-un-saldo-de-diez-personas-muertas-y-mas-de-30-heridos\/#primaryimage"},"image":{"@id":"https:\/\/higuey.info\/news\/accidente-esta-manana-deja-un-saldo-de-diez-personas-muertas-y-mas-de-30-heridos\/#primaryimage"},"thumbnailUrl":"https:\/\/higuey.info\/news\/wp-content\/uploads\/2015\/11\/Accidente-recta-de-leonel-1.jpg","datePublished":"2015-11-27T00:16:23+00:00","dateModified":"2020-11-21T16:56:26+00:00","description":"Aumentan a diez los muertos en el accidente ocurrido hoy al chocar dos autobuses en la carretera Ver\u00f3n-Hig\u00fcey, mientras que a\u00fan no se ha establecido la cantidad de heridos, se dice que mas de treintas.","breadcrumb":{"@id":"https:\/\/higuey.info\/news\/accidente-esta-manana-deja-un-saldo-de-diez-personas-muertas-y-mas-de-30-heridos\/#breadcrumb"},"inLanguage":"es","potentialAction":[{"@type":"ReadAction","target":["https:\/\/higuey.info\/news\/accidente-esta-manana-deja-un-saldo-de-diez-personas-muertas-y-mas-de-30-heridos\/"]}]},{"@type":"ImageObject","inLanguage":"es","@id":"https:\/\/higuey.info\/news\/accidente-esta-manana-deja-un-saldo-de-diez-personas-muertas-y-mas-de-30-heridos\/#primaryimage","url":"https:\/\/higuey.info\/news\/wp-content\/uploads\/2015\/11\/Accidente-recta-de-leonel-1.jpg","contentUrl":"https:\/\/higuey.info\/news\/wp-content\/uploads\/2015\/11\/Accidente-recta-de-leonel-1.jpg","width":540,"height":960},{"@type":"BreadcrumbList","@id":"https:\/\/higuey.info\/news\/accidente-esta-manana-deja-un-saldo-de-diez-personas-muertas-y-mas-de-30-heridos\/#breadcrumb","itemListElement":[{"@type":"ListItem","position":1,"name":"Portada","item":"https:\/\/higuey.info\/news\/"},{"@type":"ListItem","position":2,"name":"Accidente esta ma\u00f1ana deja un saldo de diez personas muertas y m\u00e1s de 30 heridos."}]},{"@type":"WebSite","@id":"https:\/\/higuey.info\/news\/#website","url":"https:\/\/higuey.info\/news\/","name":"Hig\u00fcey.Info","description":"Noticias de Hig\u00fcey La Altagracia Rep\u00fablica Dominicana.","publisher":{"@id":"https:\/\/higuey.info\/news\/#organization"},"potentialAction":[{"@type":"SearchAction","target":{"@type":"EntryPoint","urlTemplate":"https:\/\/higuey.info\/news\/?s={search_term_string}"},"query-input":{"@type":"PropertyValueSpecification","valueRequired":true,"valueName":"search_term_string"}}],"inLanguage":"es"},{"@type":"Organization","@id":"https:\/\/higuey.info\/news\/#organization","name":"Hig\u00fcey.Info","url":"https:\/\/higuey.info\/news\/","logo":{"@type":"ImageObject","inLanguage":"es","@id":"https:\/\/higuey.info\/news\/#\/schema\/logo\/image\/","url":"https:\/\/higuey.info\/news\/wp-content\/uploads\/2015\/11\/logof.jpg","contentUrl":"https:\/\/higuey.info\/news\/wp-content\/uploads\/2015\/11\/logof.jpg","width":248,"height":90,"caption":"Hig\u00fcey.Info"},"image":{"@id":"https:\/\/higuey.info\/news\/#\/schema\/logo\/image\/"}},{"@type":"Person","@id":"https:\/\/higuey.info\/news\/#\/schema\/person\/274b1e73c44a5e7d852529cd974f389f","name":"higuey.info","image":{"@type":"ImageObject","inLanguage":"es","@id":"https:\/\/secure.gravatar.com\/avatar\/baaa13fb48787405f1f95c6405f1f193ab4cefad2554d219db78e9a57688ba88?s=96&d=wavatar&r=g","url":"https:\/\/secure.gravatar.com\/avatar\/baaa13fb48787405f1f95c6405f1f193ab4cefad2554d219db78e9a57688ba88?s=96&d=wavatar&r=g","contentUrl":"https:\/\/secure.gravatar.com\/avatar\/baaa13fb48787405f1f95c6405f1f193ab4cefad2554d219db78e9a57688ba88?s=96&d=wavatar&r=g","caption":"higuey.info"},"description":"Higuey Info | Portal informativo numero uno de la ciudad de Higuey, Todas las Noticias de Higuey La Altagracia Republica Dominicana.","sameAs":["https:\/\/higuey.info\/news"]}]}},"_links":{"self":[{"href":"https:\/\/higuey.info\/news\/wp-json\/wp\/v2\/posts\/7242","targetHints":{"allow":["GET"]}}],"collection":[{"href":"https:\/\/higuey.info\/news\/wp-json\/wp\/v2\/posts"}],"about":[{"href":"https:\/\/higuey.info\/news\/wp-json\/wp\/v2\/types\/post"}],"author":[{"embeddable":true,"href":"https:\/\/higuey.info\/news\/wp-json\/wp\/v2\/users\/1"}],"replies":[{"embeddable":true,"href":"https:\/\/higuey.info\/news\/wp-json\/wp\/v2\/comments?post=7242"}],"version-history":[{"count":12,"href":"https:\/\/higuey.info\/news\/wp-json\/wp\/v2\/posts\/7242\/revisions"}],"predecessor-version":[{"id":18155,"href":"https:\/\/higuey.info\/news\/wp-json\/wp\/v2\/posts\/7242\/revisions\/18155"}],"wp:featuredmedia":[{"embeddable":true,"href":"https:\/\/higuey.info\/news\/wp-json\/wp\/v2\/media\/7208"}],"wp:attachment":[{"href":"https:\/\/higuey.info\/news\/wp-json\/wp\/v2\/media?parent=7242"}],"wp:term":[{"taxonomy":"category","embeddable":true,"href":"https:\/\/higuey.info\/news\/wp-json\/wp\/v2\/categories?post=7242"},{"taxonomy":"post_tag","embeddable":true,"href":"https:\/\/higuey.info\/news\/wp-json\/wp\/v2\/tags?post=7242"}],"curies":[{"name":"wp","href":"https:\/\/api.w.org\/{rel}","templated":true}]}}