{"id":7250,"date":"2015-11-27T16:06:42","date_gmt":"2015-11-27T16:06:42","guid":{"rendered":"https:\/\/higuey.info\/news\/news\/?p=7250"},"modified":"2020-11-21T16:56:27","modified_gmt":"2020-11-21T16:56:27","slug":"informe-oficial-de-la-amet-sobre-el-tragico-accidente-que-dejo-11-personas-muertas-y-77-resultaron-heridas","status":"publish","type":"post","link":"https:\/\/higuey.info\/news\/informe-oficial-de-la-amet-sobre-el-tragico-accidente-que-dejo-11-personas-muertas-y-77-resultaron-heridas\/","title":{"rendered":"Informe oficial de la AMET sobre el tr\u00e1gico accidente que dejo 11 personas muertas y 77 resultaron heridas."},"content":{"rendered":"<p><a href=\"https:\/\/higuey.info\/news\/wp-content\/uploads\/2015\/11\/accidente-hi21.gif\"><img loading=\"lazy\" decoding=\"async\" class=\"aligncenter size-large wp-image-7251\" src=\"https:\/\/higuey.info\/news\/wp-content\/uploads\/2015\/11\/accidente-hi21-550x366.gif\" alt=\"accidente-hi21\" width=\"550\" height=\"366\" srcset=\"https:\/\/higuey.info\/news\/wp-content\/uploads\/2015\/11\/accidente-hi21-550x366.gif 550w, https:\/\/higuey.info\/news\/wp-content\/uploads\/2015\/11\/accidente-hi21-300x199.gif 300w, https:\/\/higuey.info\/news\/wp-content\/uploads\/2015\/11\/accidente-hi21-220x146.gif 220w\" sizes=\"auto, (max-width: 550px) 100vw, 550px\" \/><\/a>[&#8212;]Un saldo de 11 personas muertas y 77 heridas fue el resultado de una colisi\u00f3n frontal entre dos autobuses ocurrido la ma\u00f1ana de hoy a la altura del kil\u00f3metro 10 de la carretera <strong><a href=\"https:\/\/higuey.info\/news\/category\/higuey\/mi-comunidad\/beron\/\">Hig\u00fcey-Ver\u00f3n<\/a><\/strong>, provincia La Altagracia, inform\u00f3 la Autoridad Metropolitana de Transporte (<strong>AMET<\/strong>).<\/p>\n<p>Dijo que las v\u00edctimas mortales son <strong>Jes\u00fas Rijo, Ruth Esther Varcaso, Melisa Edilys Castro, F\u00e9lix Mart\u00ednez, Juan Morillo, Jos\u00e9 Marte de la Rosa, Francis Paulino Santana, Jos\u00e9 Luis Paredes, Domingo Donastorg, Andy Jos\u00e9 Reyes y Juan Esteban Ruiz.<\/strong><\/p>\n<p>[pullquote]Le podr\u00eda interesar: \u00a0<strong><a href=\"https:\/\/higuey.info\/news\/accidente-de-esta-madrugada-deja-un-saldo-de-mas-de-15-personas-muertas\/\">Accidente de esta madrugada deja un saldo de mas de 9 personas muertas y m\u00e1s de 30 heridos.<\/a><\/strong>[\/pullquote]<\/p>\n<p>Los autobuses involucrados en la colisi\u00f3n, <strong>Mercedes Benz, blanco, y King Long, blanco<\/strong>, pertenecen a las compa\u00f1\u00edas La Monumental y All Tours. El reporte preliminar indica que a uno de los autobuses sufri\u00f3 el estallido de uno de sus neum\u00e1ticos y conductor perdi\u00f3 el control.[&#8212;]<br \/>\n<iframe loading=\"lazy\" title=\"Luto en Hig\u00fcey tras accidente que dej\u00f3 once muertos\" width=\"640\" height=\"480\" src=\"https:\/\/www.youtube.com\/embed\/q8tG-NzmaD8?feature=oembed\" frameborder=\"0\" allow=\"accelerometer; autoplay; clipboard-write; encrypted-media; gyroscope; picture-in-picture; web-share\" referrerpolicy=\"strict-origin-when-cross-origin\" allowfullscreen><\/iframe><\/p>\n<blockquote><p><strong><a href=\"https:\/\/higuey.info\/news\/accidente-de-esta-madrugada-deja-un-saldo-de-mas-de-15-personas-muertas\/\">Para ver mas v\u00eddeos sobre esta noticia siga este enlace<\/a><\/strong><\/p><\/blockquote>\n<p>El accidente ocurri\u00f3 alrededor de las 7:00 de la ma\u00f1ana en la carretera Hig\u00fcey-Ver\u00f3n.<\/p>\n<p>Los heridos, cuyas identidades ser\u00e1n ofrecidas en las pr\u00f3ximas horas, reciben atenciones en distintos centros de salud de La Altagracia y otros puntos del pa\u00eds, donde fueron trasladados.<\/p>\n<p>AMET asume investigaci\u00f3n<\/p>\n<p>El organismo encargado de regular el tr\u00e1nsito inform\u00f3 que el reporte preliminar indica que el estallido de un neum\u00e1tico de uno de los autobuses fue la causa de la colisi\u00f3n.<\/p>\n<p>Precis\u00f3 que ampl\u00eda las investigaciones, por lo que oportunamente se ofrecer\u00e1n mayores detalles.<\/p>\n","protected":false},"excerpt":{"rendered":"<p>Dijo que las v\u00edctimas mortales son Jes\u00fas Rijo, Ruth Esther Varcaso, Melisa Edilys Castro, F\u00e9lix Mart\u00ednez, Juan Morillo, Jos\u00e9 Marte de la Rosa, Francis Paulino Santana, Jos\u00e9 Luis Paredes, Domingo Donastorg, Andy Jos\u00e9 Reyes y Juan Esteban Ruiz.<\/p>\n","protected":false},"author":1,"featured_media":7251,"comment_status":"open","ping_status":"open","sticky":false,"template":"","format":"standard","meta":{"footnotes":""},"categories":[4,1212,1361],"tags":[2361,985,4168,3831,763,220,4309],"class_list":["post-7250","post","type-post","status-publish","format-standard","has-post-thumbnail","hentry","category-higuey","category-mi-comunidad","category-beron","tag-accident","tag-accidente","tag-accidente-en-bavaro","tag-accidente-en-punta-cana","tag-amet","tag-leonel","tag-recta"],"yoast_head":"<!-- This site is optimized with the Yoast SEO plugin v27.5 - https:\/\/yoast.com\/product\/yoast-seo-wordpress\/ -->\n<title>Informe oficial de la AMET sobre el tr\u00e1gico accidente que dejo 11 personas muertas y 77 resultaron heridas. - Higuey.Info<\/title>\n<meta name=\"description\" content=\"Dijo que las v\u00edctimas mortales son Jes\u00fas Rijo, Ruth Esther Varcaso, Melisa Edilys Castro, F\u00e9lix Mart\u00ednez, Juan Morillo, Jos\u00e9 Marte de la Rosa, Francis Paulino Santana, Jos\u00e9 Luis Paredes, Domingo Donastorg, Andy Jos\u00e9 Reyes y Juan Esteban Ruiz.\" \/>\n<meta name=\"robots\" content=\"index, follow, max-snippet:-1, max-image-preview:large, max-video-preview:-1\" \/>\n<link rel=\"canonical\" href=\"https:\/\/higuey.info\/news\/informe-oficial-de-la-amet-sobre-el-tragico-accidente-que-dejo-11-personas-muertas-y-77-resultaron-heridas\/\" \/>\n<meta property=\"og:locale\" content=\"es_ES\" \/>\n<meta property=\"og:type\" content=\"article\" \/>\n<meta property=\"og:title\" content=\"Informe oficial de la AMET sobre el tr\u00e1gico accidente que dejo 11 personas muertas y 77 resultaron heridas. - Higuey.Info\" \/>\n<meta property=\"og:description\" content=\"Dijo que las v\u00edctimas mortales son Jes\u00fas Rijo, Ruth Esther Varcaso, Melisa Edilys Castro, F\u00e9lix Mart\u00ednez, Juan Morillo, Jos\u00e9 Marte de la Rosa, Francis Paulino Santana, Jos\u00e9 Luis Paredes, Domingo Donastorg, Andy Jos\u00e9 Reyes y Juan Esteban Ruiz.\" \/>\n<meta property=\"og:url\" content=\"https:\/\/higuey.info\/news\/informe-oficial-de-la-amet-sobre-el-tragico-accidente-que-dejo-11-personas-muertas-y-77-resultaron-heridas\/\" \/>\n<meta property=\"og:site_name\" content=\"Hig\u00fcey.Info\" \/>\n<meta property=\"article:published_time\" content=\"2015-11-27T16:06:42+00:00\" \/>\n<meta property=\"article:modified_time\" content=\"2020-11-21T16:56:27+00:00\" \/>\n<meta property=\"og:image\" content=\"https:\/\/higuey.info\/news\/wp-content\/uploads\/2015\/11\/accidente-hi21.gif\" \/>\n\t<meta property=\"og:image:width\" content=\"662\" \/>\n\t<meta property=\"og:image:height\" content=\"440\" \/>\n\t<meta property=\"og:image:type\" content=\"image\/gif\" \/>\n<meta name=\"author\" content=\"higuey.info\" \/>\n<meta name=\"twitter:card\" content=\"summary_large_image\" \/>\n<meta name=\"twitter:label1\" content=\"Escrito por\" \/>\n\t<meta name=\"twitter:data1\" content=\"higuey.info\" \/>\n\t<meta name=\"twitter:label2\" content=\"Tiempo de lectura\" \/>\n\t<meta name=\"twitter:data2\" content=\"1 minuto\" \/>\n<script type=\"application\/ld+json\" class=\"yoast-schema-graph\">{\"@context\":\"https:\\\/\\\/schema.org\",\"@graph\":[{\"@type\":\"Article\",\"@id\":\"https:\\\/\\\/higuey.info\\\/news\\\/informe-oficial-de-la-amet-sobre-el-tragico-accidente-que-dejo-11-personas-muertas-y-77-resultaron-heridas\\\/#article\",\"isPartOf\":{\"@id\":\"https:\\\/\\\/higuey.info\\\/news\\\/informe-oficial-de-la-amet-sobre-el-tragico-accidente-que-dejo-11-personas-muertas-y-77-resultaron-heridas\\\/\"},\"author\":{\"name\":\"higuey.info\",\"@id\":\"https:\\\/\\\/higuey.info\\\/news\\\/#\\\/schema\\\/person\\\/274b1e73c44a5e7d852529cd974f389f\"},\"headline\":\"Informe oficial de la AMET sobre el tr\u00e1gico accidente que dejo 11 personas muertas y 77 resultaron heridas.\",\"datePublished\":\"2015-11-27T16:06:42+00:00\",\"dateModified\":\"2020-11-21T16:56:27+00:00\",\"mainEntityOfPage\":{\"@id\":\"https:\\\/\\\/higuey.info\\\/news\\\/informe-oficial-de-la-amet-sobre-el-tragico-accidente-que-dejo-11-personas-muertas-y-77-resultaron-heridas\\\/\"},\"wordCount\":296,\"commentCount\":0,\"publisher\":{\"@id\":\"https:\\\/\\\/higuey.info\\\/news\\\/#organization\"},\"image\":{\"@id\":\"https:\\\/\\\/higuey.info\\\/news\\\/informe-oficial-de-la-amet-sobre-el-tragico-accidente-que-dejo-11-personas-muertas-y-77-resultaron-heridas\\\/#primaryimage\"},\"thumbnailUrl\":\"https:\\\/\\\/higuey.info\\\/news\\\/wp-content\\\/uploads\\\/2015\\\/11\\\/accidente-hi21.gif\",\"keywords\":[\"Accident\",\"Accidente\",\"Accidente en bavaro\",\"Accidente en punta cana\",\"Amet\",\"Leonel\",\"Recta\"],\"articleSection\":[\"Higuey\",\"Mi comunidad\",\"Ver\u00f3n\"],\"inLanguage\":\"es\",\"potentialAction\":[{\"@type\":\"CommentAction\",\"name\":\"Comment\",\"target\":[\"https:\\\/\\\/higuey.info\\\/news\\\/informe-oficial-de-la-amet-sobre-el-tragico-accidente-que-dejo-11-personas-muertas-y-77-resultaron-heridas\\\/#respond\"]}]},{\"@type\":\"WebPage\",\"@id\":\"https:\\\/\\\/higuey.info\\\/news\\\/informe-oficial-de-la-amet-sobre-el-tragico-accidente-que-dejo-11-personas-muertas-y-77-resultaron-heridas\\\/\",\"url\":\"https:\\\/\\\/higuey.info\\\/news\\\/informe-oficial-de-la-amet-sobre-el-tragico-accidente-que-dejo-11-personas-muertas-y-77-resultaron-heridas\\\/\",\"name\":\"Informe oficial de la AMET sobre el tr\u00e1gico accidente que dejo 11 personas muertas y 77 resultaron heridas. - Higuey.Info\",\"isPartOf\":{\"@id\":\"https:\\\/\\\/higuey.info\\\/news\\\/#website\"},\"primaryImageOfPage\":{\"@id\":\"https:\\\/\\\/higuey.info\\\/news\\\/informe-oficial-de-la-amet-sobre-el-tragico-accidente-que-dejo-11-personas-muertas-y-77-resultaron-heridas\\\/#primaryimage\"},\"image\":{\"@id\":\"https:\\\/\\\/higuey.info\\\/news\\\/informe-oficial-de-la-amet-sobre-el-tragico-accidente-que-dejo-11-personas-muertas-y-77-resultaron-heridas\\\/#primaryimage\"},\"thumbnailUrl\":\"https:\\\/\\\/higuey.info\\\/news\\\/wp-content\\\/uploads\\\/2015\\\/11\\\/accidente-hi21.gif\",\"datePublished\":\"2015-11-27T16:06:42+00:00\",\"dateModified\":\"2020-11-21T16:56:27+00:00\",\"description\":\"Dijo que las v\u00edctimas mortales son Jes\u00fas Rijo, Ruth Esther Varcaso, Melisa Edilys Castro, F\u00e9lix Mart\u00ednez, Juan Morillo, Jos\u00e9 Marte de la Rosa, Francis Paulino Santana, Jos\u00e9 Luis Paredes, Domingo Donastorg, Andy Jos\u00e9 Reyes y Juan Esteban Ruiz.\",\"breadcrumb\":{\"@id\":\"https:\\\/\\\/higuey.info\\\/news\\\/informe-oficial-de-la-amet-sobre-el-tragico-accidente-que-dejo-11-personas-muertas-y-77-resultaron-heridas\\\/#breadcrumb\"},\"inLanguage\":\"es\",\"potentialAction\":[{\"@type\":\"ReadAction\",\"target\":[\"https:\\\/\\\/higuey.info\\\/news\\\/informe-oficial-de-la-amet-sobre-el-tragico-accidente-que-dejo-11-personas-muertas-y-77-resultaron-heridas\\\/\"]}]},{\"@type\":\"ImageObject\",\"inLanguage\":\"es\",\"@id\":\"https:\\\/\\\/higuey.info\\\/news\\\/informe-oficial-de-la-amet-sobre-el-tragico-accidente-que-dejo-11-personas-muertas-y-77-resultaron-heridas\\\/#primaryimage\",\"url\":\"https:\\\/\\\/higuey.info\\\/news\\\/wp-content\\\/uploads\\\/2015\\\/11\\\/accidente-hi21.gif\",\"contentUrl\":\"https:\\\/\\\/higuey.info\\\/news\\\/wp-content\\\/uploads\\\/2015\\\/11\\\/accidente-hi21.gif\",\"width\":662,\"height\":440},{\"@type\":\"BreadcrumbList\",\"@id\":\"https:\\\/\\\/higuey.info\\\/news\\\/informe-oficial-de-la-amet-sobre-el-tragico-accidente-que-dejo-11-personas-muertas-y-77-resultaron-heridas\\\/#breadcrumb\",\"itemListElement\":[{\"@type\":\"ListItem\",\"position\":1,\"name\":\"Portada\",\"item\":\"https:\\\/\\\/higuey.info\\\/news\\\/\"},{\"@type\":\"ListItem\",\"position\":2,\"name\":\"Informe oficial de la AMET sobre el tr\u00e1gico accidente que dejo 11 personas muertas y 77 resultaron heridas.\"}]},{\"@type\":\"WebSite\",\"@id\":\"https:\\\/\\\/higuey.info\\\/news\\\/#website\",\"url\":\"https:\\\/\\\/higuey.info\\\/news\\\/\",\"name\":\"Hig\u00fcey.Info\",\"description\":\"Noticias de Hig\u00fcey La Altagracia Rep\u00fablica Dominicana.\",\"publisher\":{\"@id\":\"https:\\\/\\\/higuey.info\\\/news\\\/#organization\"},\"potentialAction\":[{\"@type\":\"SearchAction\",\"target\":{\"@type\":\"EntryPoint\",\"urlTemplate\":\"https:\\\/\\\/higuey.info\\\/news\\\/?s={search_term_string}\"},\"query-input\":{\"@type\":\"PropertyValueSpecification\",\"valueRequired\":true,\"valueName\":\"search_term_string\"}}],\"inLanguage\":\"es\"},{\"@type\":\"Organization\",\"@id\":\"https:\\\/\\\/higuey.info\\\/news\\\/#organization\",\"name\":\"Hig\u00fcey.Info\",\"url\":\"https:\\\/\\\/higuey.info\\\/news\\\/\",\"logo\":{\"@type\":\"ImageObject\",\"inLanguage\":\"es\",\"@id\":\"https:\\\/\\\/higuey.info\\\/news\\\/#\\\/schema\\\/logo\\\/image\\\/\",\"url\":\"https:\\\/\\\/higuey.info\\\/news\\\/wp-content\\\/uploads\\\/2015\\\/11\\\/logof.jpg\",\"contentUrl\":\"https:\\\/\\\/higuey.info\\\/news\\\/wp-content\\\/uploads\\\/2015\\\/11\\\/logof.jpg\",\"width\":248,\"height\":90,\"caption\":\"Hig\u00fcey.Info\"},\"image\":{\"@id\":\"https:\\\/\\\/higuey.info\\\/news\\\/#\\\/schema\\\/logo\\\/image\\\/\"}},{\"@type\":\"Person\",\"@id\":\"https:\\\/\\\/higuey.info\\\/news\\\/#\\\/schema\\\/person\\\/274b1e73c44a5e7d852529cd974f389f\",\"name\":\"higuey.info\",\"image\":{\"@type\":\"ImageObject\",\"inLanguage\":\"es\",\"@id\":\"https:\\\/\\\/secure.gravatar.com\\\/avatar\\\/baaa13fb48787405f1f95c6405f1f193ab4cefad2554d219db78e9a57688ba88?s=96&d=wavatar&r=g\",\"url\":\"https:\\\/\\\/secure.gravatar.com\\\/avatar\\\/baaa13fb48787405f1f95c6405f1f193ab4cefad2554d219db78e9a57688ba88?s=96&d=wavatar&r=g\",\"contentUrl\":\"https:\\\/\\\/secure.gravatar.com\\\/avatar\\\/baaa13fb48787405f1f95c6405f1f193ab4cefad2554d219db78e9a57688ba88?s=96&d=wavatar&r=g\",\"caption\":\"higuey.info\"},\"description\":\"Higuey Info | Portal informativo numero uno de la ciudad de Higuey, Todas las Noticias de Higuey La Altagracia Republica Dominicana.\",\"sameAs\":[\"https:\\\/\\\/higuey.info\\\/news\"]}]}<\/script>\n<!-- \/ Yoast SEO plugin. -->","yoast_head_json":{"title":"Informe oficial de la AMET sobre el tr\u00e1gico accidente que dejo 11 personas muertas y 77 resultaron heridas. - Higuey.Info","description":"Dijo que las v\u00edctimas mortales son Jes\u00fas Rijo, Ruth Esther Varcaso, Melisa Edilys Castro, F\u00e9lix Mart\u00ednez, Juan Morillo, Jos\u00e9 Marte de la Rosa, Francis Paulino Santana, Jos\u00e9 Luis Paredes, Domingo Donastorg, Andy Jos\u00e9 Reyes y Juan Esteban Ruiz.","robots":{"index":"index","follow":"follow","max-snippet":"max-snippet:-1","max-image-preview":"max-image-preview:large","max-video-preview":"max-video-preview:-1"},"canonical":"https:\/\/higuey.info\/news\/informe-oficial-de-la-amet-sobre-el-tragico-accidente-que-dejo-11-personas-muertas-y-77-resultaron-heridas\/","og_locale":"es_ES","og_type":"article","og_title":"Informe oficial de la AMET sobre el tr\u00e1gico accidente que dejo 11 personas muertas y 77 resultaron heridas. - Higuey.Info","og_description":"Dijo que las v\u00edctimas mortales son Jes\u00fas Rijo, Ruth Esther Varcaso, Melisa Edilys Castro, F\u00e9lix Mart\u00ednez, Juan Morillo, Jos\u00e9 Marte de la Rosa, Francis Paulino Santana, Jos\u00e9 Luis Paredes, Domingo Donastorg, Andy Jos\u00e9 Reyes y Juan Esteban Ruiz.","og_url":"https:\/\/higuey.info\/news\/informe-oficial-de-la-amet-sobre-el-tragico-accidente-que-dejo-11-personas-muertas-y-77-resultaron-heridas\/","og_site_name":"Hig\u00fcey.Info","article_published_time":"2015-11-27T16:06:42+00:00","article_modified_time":"2020-11-21T16:56:27+00:00","og_image":[{"width":662,"height":440,"url":"https:\/\/higuey.info\/news\/wp-content\/uploads\/2015\/11\/accidente-hi21.gif","type":"image\/gif"}],"author":"higuey.info","twitter_card":"summary_large_image","twitter_misc":{"Escrito por":"higuey.info","Tiempo de lectura":"1 minuto"},"schema":{"@context":"https:\/\/schema.org","@graph":[{"@type":"Article","@id":"https:\/\/higuey.info\/news\/informe-oficial-de-la-amet-sobre-el-tragico-accidente-que-dejo-11-personas-muertas-y-77-resultaron-heridas\/#article","isPartOf":{"@id":"https:\/\/higuey.info\/news\/informe-oficial-de-la-amet-sobre-el-tragico-accidente-que-dejo-11-personas-muertas-y-77-resultaron-heridas\/"},"author":{"name":"higuey.info","@id":"https:\/\/higuey.info\/news\/#\/schema\/person\/274b1e73c44a5e7d852529cd974f389f"},"headline":"Informe oficial de la AMET sobre el tr\u00e1gico accidente que dejo 11 personas muertas y 77 resultaron heridas.","datePublished":"2015-11-27T16:06:42+00:00","dateModified":"2020-11-21T16:56:27+00:00","mainEntityOfPage":{"@id":"https:\/\/higuey.info\/news\/informe-oficial-de-la-amet-sobre-el-tragico-accidente-que-dejo-11-personas-muertas-y-77-resultaron-heridas\/"},"wordCount":296,"commentCount":0,"publisher":{"@id":"https:\/\/higuey.info\/news\/#organization"},"image":{"@id":"https:\/\/higuey.info\/news\/informe-oficial-de-la-amet-sobre-el-tragico-accidente-que-dejo-11-personas-muertas-y-77-resultaron-heridas\/#primaryimage"},"thumbnailUrl":"https:\/\/higuey.info\/news\/wp-content\/uploads\/2015\/11\/accidente-hi21.gif","keywords":["Accident","Accidente","Accidente en bavaro","Accidente en punta cana","Amet","Leonel","Recta"],"articleSection":["Higuey","Mi comunidad","Ver\u00f3n"],"inLanguage":"es","potentialAction":[{"@type":"CommentAction","name":"Comment","target":["https:\/\/higuey.info\/news\/informe-oficial-de-la-amet-sobre-el-tragico-accidente-que-dejo-11-personas-muertas-y-77-resultaron-heridas\/#respond"]}]},{"@type":"WebPage","@id":"https:\/\/higuey.info\/news\/informe-oficial-de-la-amet-sobre-el-tragico-accidente-que-dejo-11-personas-muertas-y-77-resultaron-heridas\/","url":"https:\/\/higuey.info\/news\/informe-oficial-de-la-amet-sobre-el-tragico-accidente-que-dejo-11-personas-muertas-y-77-resultaron-heridas\/","name":"Informe oficial de la AMET sobre el tr\u00e1gico accidente que dejo 11 personas muertas y 77 resultaron heridas. - Higuey.Info","isPartOf":{"@id":"https:\/\/higuey.info\/news\/#website"},"primaryImageOfPage":{"@id":"https:\/\/higuey.info\/news\/informe-oficial-de-la-amet-sobre-el-tragico-accidente-que-dejo-11-personas-muertas-y-77-resultaron-heridas\/#primaryimage"},"image":{"@id":"https:\/\/higuey.info\/news\/informe-oficial-de-la-amet-sobre-el-tragico-accidente-que-dejo-11-personas-muertas-y-77-resultaron-heridas\/#primaryimage"},"thumbnailUrl":"https:\/\/higuey.info\/news\/wp-content\/uploads\/2015\/11\/accidente-hi21.gif","datePublished":"2015-11-27T16:06:42+00:00","dateModified":"2020-11-21T16:56:27+00:00","description":"Dijo que las v\u00edctimas mortales son Jes\u00fas Rijo, Ruth Esther Varcaso, Melisa Edilys Castro, F\u00e9lix Mart\u00ednez, Juan Morillo, Jos\u00e9 Marte de la Rosa, Francis Paulino Santana, Jos\u00e9 Luis Paredes, Domingo Donastorg, Andy Jos\u00e9 Reyes y Juan Esteban Ruiz.","breadcrumb":{"@id":"https:\/\/higuey.info\/news\/informe-oficial-de-la-amet-sobre-el-tragico-accidente-que-dejo-11-personas-muertas-y-77-resultaron-heridas\/#breadcrumb"},"inLanguage":"es","potentialAction":[{"@type":"ReadAction","target":["https:\/\/higuey.info\/news\/informe-oficial-de-la-amet-sobre-el-tragico-accidente-que-dejo-11-personas-muertas-y-77-resultaron-heridas\/"]}]},{"@type":"ImageObject","inLanguage":"es","@id":"https:\/\/higuey.info\/news\/informe-oficial-de-la-amet-sobre-el-tragico-accidente-que-dejo-11-personas-muertas-y-77-resultaron-heridas\/#primaryimage","url":"https:\/\/higuey.info\/news\/wp-content\/uploads\/2015\/11\/accidente-hi21.gif","contentUrl":"https:\/\/higuey.info\/news\/wp-content\/uploads\/2015\/11\/accidente-hi21.gif","width":662,"height":440},{"@type":"BreadcrumbList","@id":"https:\/\/higuey.info\/news\/informe-oficial-de-la-amet-sobre-el-tragico-accidente-que-dejo-11-personas-muertas-y-77-resultaron-heridas\/#breadcrumb","itemListElement":[{"@type":"ListItem","position":1,"name":"Portada","item":"https:\/\/higuey.info\/news\/"},{"@type":"ListItem","position":2,"name":"Informe oficial de la AMET sobre el tr\u00e1gico accidente que dejo 11 personas muertas y 77 resultaron heridas."}]},{"@type":"WebSite","@id":"https:\/\/higuey.info\/news\/#website","url":"https:\/\/higuey.info\/news\/","name":"Hig\u00fcey.Info","description":"Noticias de Hig\u00fcey La Altagracia Rep\u00fablica Dominicana.","publisher":{"@id":"https:\/\/higuey.info\/news\/#organization"},"potentialAction":[{"@type":"SearchAction","target":{"@type":"EntryPoint","urlTemplate":"https:\/\/higuey.info\/news\/?s={search_term_string}"},"query-input":{"@type":"PropertyValueSpecification","valueRequired":true,"valueName":"search_term_string"}}],"inLanguage":"es"},{"@type":"Organization","@id":"https:\/\/higuey.info\/news\/#organization","name":"Hig\u00fcey.Info","url":"https:\/\/higuey.info\/news\/","logo":{"@type":"ImageObject","inLanguage":"es","@id":"https:\/\/higuey.info\/news\/#\/schema\/logo\/image\/","url":"https:\/\/higuey.info\/news\/wp-content\/uploads\/2015\/11\/logof.jpg","contentUrl":"https:\/\/higuey.info\/news\/wp-content\/uploads\/2015\/11\/logof.jpg","width":248,"height":90,"caption":"Hig\u00fcey.Info"},"image":{"@id":"https:\/\/higuey.info\/news\/#\/schema\/logo\/image\/"}},{"@type":"Person","@id":"https:\/\/higuey.info\/news\/#\/schema\/person\/274b1e73c44a5e7d852529cd974f389f","name":"higuey.info","image":{"@type":"ImageObject","inLanguage":"es","@id":"https:\/\/secure.gravatar.com\/avatar\/baaa13fb48787405f1f95c6405f1f193ab4cefad2554d219db78e9a57688ba88?s=96&d=wavatar&r=g","url":"https:\/\/secure.gravatar.com\/avatar\/baaa13fb48787405f1f95c6405f1f193ab4cefad2554d219db78e9a57688ba88?s=96&d=wavatar&r=g","contentUrl":"https:\/\/secure.gravatar.com\/avatar\/baaa13fb48787405f1f95c6405f1f193ab4cefad2554d219db78e9a57688ba88?s=96&d=wavatar&r=g","caption":"higuey.info"},"description":"Higuey Info | Portal informativo numero uno de la ciudad de Higuey, Todas las Noticias de Higuey La Altagracia Republica Dominicana.","sameAs":["https:\/\/higuey.info\/news"]}]}},"_links":{"self":[{"href":"https:\/\/higuey.info\/news\/wp-json\/wp\/v2\/posts\/7250","targetHints":{"allow":["GET"]}}],"collection":[{"href":"https:\/\/higuey.info\/news\/wp-json\/wp\/v2\/posts"}],"about":[{"href":"https:\/\/higuey.info\/news\/wp-json\/wp\/v2\/types\/post"}],"author":[{"embeddable":true,"href":"https:\/\/higuey.info\/news\/wp-json\/wp\/v2\/users\/1"}],"replies":[{"embeddable":true,"href":"https:\/\/higuey.info\/news\/wp-json\/wp\/v2\/comments?post=7250"}],"version-history":[{"count":9,"href":"https:\/\/higuey.info\/news\/wp-json\/wp\/v2\/posts\/7250\/revisions"}],"predecessor-version":[{"id":18160,"href":"https:\/\/higuey.info\/news\/wp-json\/wp\/v2\/posts\/7250\/revisions\/18160"}],"wp:featuredmedia":[{"embeddable":true,"href":"https:\/\/higuey.info\/news\/wp-json\/wp\/v2\/media\/7251"}],"wp:attachment":[{"href":"https:\/\/higuey.info\/news\/wp-json\/wp\/v2\/media?parent=7250"}],"wp:term":[{"taxonomy":"category","embeddable":true,"href":"https:\/\/higuey.info\/news\/wp-json\/wp\/v2\/categories?post=7250"},{"taxonomy":"post_tag","embeddable":true,"href":"https:\/\/higuey.info\/news\/wp-json\/wp\/v2\/tags?post=7250"}],"curies":[{"name":"wp","href":"https:\/\/api.w.org\/{rel}","templated":true}]}}