{"id":7265,"date":"2015-11-28T21:36:36","date_gmt":"2015-11-28T21:36:36","guid":{"rendered":"https:\/\/higuey.info\/news\/news\/?p=7265"},"modified":"2020-11-21T16:56:26","modified_gmt":"2020-11-21T16:56:26","slug":"ingresados-en-el-hospital-militar-ramon-de-lara-por-accidente-en-higuey-presentan-mejoria","status":"publish","type":"post","link":"https:\/\/higuey.info\/news\/ingresados-en-el-hospital-militar-ramon-de-lara-por-accidente-en-higuey-presentan-mejoria\/","title":{"rendered":"Ingresados en el hospital Militar Ram\u00f3n de Lara por accidente en Hig\u00fcey presentan mejor\u00eda."},"content":{"rendered":"<div class=\"article-body-author\">\n<figure id=\"attachment_7232\" aria-describedby=\"caption-attachment-7232\" style=\"width: 387px\" class=\"wp-caption aligncenter\"><a href=\"https:\/\/higuey.info\/news\/wp-content\/uploads\/2015\/11\/imagen-aerea.jpg\"><img loading=\"lazy\" decoding=\"async\" class=\" wp-image-7232\" src=\"https:\/\/higuey.info\/news\/wp-content\/uploads\/2015\/11\/imagen-aerea.jpg\" alt=\"Imagen a\u00e9rea del accidente\" width=\"387\" height=\"516\" srcset=\"https:\/\/higuey.info\/news\/wp-content\/uploads\/2015\/11\/imagen-aerea.jpg 540w, https:\/\/higuey.info\/news\/wp-content\/uploads\/2015\/11\/imagen-aerea-225x300.jpg 225w, https:\/\/higuey.info\/news\/wp-content\/uploads\/2015\/11\/imagen-aerea-300x400.jpg 300w\" sizes=\"auto, (max-width: 387px) 100vw, 387px\" \/><\/a><figcaption id=\"caption-attachment-7232\" class=\"wp-caption-text\">Imagen a\u00e9rea del accidente<\/figcaption><\/figure>\n<p><b>Doris Pantale\u00f3n<\/b><\/p>\n<\/div>\n<div id=\"ArticleSourceDiv\" class=\"article-body-author\"><b>Santo Domingo<\/b><\/div>\n<div id=\"ArticleBody\">\n<p>[&#8212;]Los pacientes v\u00edctimas del accidente ocurrido en la carretera <strong><a href=\"https:\/\/higuey.info\/news\/category\/higuey\/mi-comunidad\/beron\/\">Ver\u00f3n-Hig\u00fcey<\/a><\/strong>, que fueron trasladados al hospital Militar <strong>Ram\u00f3n de Lara<\/strong>, en Santo Domingo Este, han estado presentando una considerable mejor\u00eda.<\/p>\n<p>[&#8212;]Uno de los dos que se encontraban en Cuidados Intensivos fue transferido a una sala normal y su condici\u00f3n es estable. Mientras que el segundo a\u00fan se encuentra en esa sala, pero en proceso de recuperaci\u00f3n.<\/p>\n<p><strong>Manuel Mart\u00ednez de la Cruz<\/strong>, de 43 a\u00f1os, fue sacado a sala normal y su pron\u00f3stico es favorable. Mientras que <strong>Leonardo Castro Arias<\/strong>, de 57, contin\u00faa con pron\u00f3stico reservado, pero ha presentado mejor\u00eda dentro de su cuadro, por lo que los m\u00e9dicos contemplan entubarlo en las pr\u00f3ximas horas.<\/p>\n<p>[pullquote]<strong><a href=\"https:\/\/higuey.info\/news\/?s=accidente\">Para conocer mas sobre esta noticia favor hacer clic sobre este\u00a0enlace<\/a><\/strong>\u00a0[\/pullquote]<\/p>\n<p>En tanto que otros tres pacientes que estaban en sala normal, uno, <strong>Juan Manuel Cayetano<\/strong>, fue dado de alta, mientras que los otros dos, a petici\u00f3n familiar, fueron referidos al hospital traumatol\u00f3gico <strong>Ney Arias Lora<\/strong>, en condiciones de salud estable.<\/p>\n<p>As\u00ed se contempla en el parte m\u00e9dico ofrecido hoy por el director m\u00e9dico del hospital, coronel doctor <strong>Ram\u00f3n Artiles Santamar\u00eda<\/strong>.<\/p>\n<p><a href=\"https:\/\/higuey.info\/news\/accidente-de-esta-madrugada-deja-un-saldo-de-mas-de-15-personas-muertas\/\">En el accidente ocurrido el jueves pasado en la carretera Hig\u00fcey-Ver\u00f3n fallecieron 11 personas y 77 resultaron heridas, durante un choque entre dos autobuses en el tramo conocido como \u201cLa recta de <strong>Leonel Taveras<\/strong>\u201d.<\/a><\/p>\n<blockquote><p><strong>Fuente<\/strong>: http:\/\/www.listindiario.com\/la-republica\/2015\/11\/28\/398166\/ingresados-por-accidente-en-higey-presentan-mejoria<\/p><\/blockquote>\n<\/div>\n","protected":false},"excerpt":{"rendered":"<p>Uno de los dos que se encontraban en Cuidados Intensivos fue transferido a una sala normal y su condici\u00f3n es estable. Mientras que el segundo a\u00fan se encuentra en esa sala, pero en proceso de recuperaci\u00f3n.<\/p>\n","protected":false},"author":1,"featured_media":7232,"comment_status":"open","ping_status":"open","sticky":false,"template":"","format":"standard","meta":{"footnotes":""},"categories":[4,40],"tags":[4323,2361,985,4168,4167,3831,400,4321,112,4052,211,3972,133,537,220,3020,200,744,4320,209,4309,4322,602],"class_list":["post-7265","post","type-post","status-publish","format-standard","has-post-thumbnail","hentry","category-higuey","category-la-republica","tag-acc","tag-accident","tag-accidente","tag-accidente-en-bavaro","tag-accidente-en-la-cruz-del-isleno","tag-accidente-en-punta-cana","tag-arias","tag-artiles","tag-castro","tag-cayetano","tag-de-la-cruz","tag-de-lara","tag-juan","tag-leonardo","tag-leonel","tag-lora","tag-manuel","tag-martinez","tag-ney","tag-ramon","tag-recta","tag-santamaria","tag-taveras"],"yoast_head":"<!-- This site is optimized with the Yoast SEO plugin v27.5 - https:\/\/yoast.com\/product\/yoast-seo-wordpress\/ -->\n<title>Ingresados en el hospital Militar Ram\u00f3n de Lara por accidente en Hig\u00fcey presentan mejor\u00eda. - Higuey.Info<\/title>\n<meta name=\"description\" content=\"Uno de los dos que se encontraban en Cuidados Intensivos fue transferido a una sala normal y su condici\u00f3n es estable. Mientras que el segundo a\u00fan se encuentra en esa sala, pero en proceso de recuperaci\u00f3n.\" \/>\n<meta name=\"robots\" content=\"index, follow, max-snippet:-1, max-image-preview:large, max-video-preview:-1\" \/>\n<link rel=\"canonical\" href=\"https:\/\/higuey.info\/news\/ingresados-en-el-hospital-militar-ramon-de-lara-por-accidente-en-higuey-presentan-mejoria\/\" \/>\n<meta property=\"og:locale\" content=\"es_ES\" \/>\n<meta property=\"og:type\" content=\"article\" \/>\n<meta property=\"og:title\" content=\"Ingresados en el hospital Militar Ram\u00f3n de Lara por accidente en Hig\u00fcey presentan mejor\u00eda. - Higuey.Info\" \/>\n<meta property=\"og:description\" content=\"Uno de los dos que se encontraban en Cuidados Intensivos fue transferido a una sala normal y su condici\u00f3n es estable. Mientras que el segundo a\u00fan se encuentra en esa sala, pero en proceso de recuperaci\u00f3n.\" \/>\n<meta property=\"og:url\" content=\"https:\/\/higuey.info\/news\/ingresados-en-el-hospital-militar-ramon-de-lara-por-accidente-en-higuey-presentan-mejoria\/\" \/>\n<meta property=\"og:site_name\" content=\"Hig\u00fcey.Info\" \/>\n<meta property=\"article:published_time\" content=\"2015-11-28T21:36:36+00:00\" \/>\n<meta property=\"article:modified_time\" content=\"2020-11-21T16:56:26+00:00\" \/>\n<meta property=\"og:image\" content=\"https:\/\/higuey.info\/news\/wp-content\/uploads\/2015\/11\/imagen-aerea.jpg\" \/>\n\t<meta property=\"og:image:width\" content=\"540\" \/>\n\t<meta property=\"og:image:height\" content=\"720\" \/>\n\t<meta property=\"og:image:type\" content=\"image\/jpeg\" \/>\n<meta name=\"author\" content=\"higuey.info\" \/>\n<meta name=\"twitter:card\" content=\"summary_large_image\" \/>\n<meta name=\"twitter:label1\" content=\"Escrito por\" \/>\n\t<meta name=\"twitter:data1\" content=\"higuey.info\" \/>\n\t<meta name=\"twitter:label2\" content=\"Tiempo de lectura\" \/>\n\t<meta name=\"twitter:data2\" content=\"1 minuto\" \/>\n<script type=\"application\/ld+json\" class=\"yoast-schema-graph\">{\"@context\":\"https:\\\/\\\/schema.org\",\"@graph\":[{\"@type\":\"Article\",\"@id\":\"https:\\\/\\\/higuey.info\\\/news\\\/ingresados-en-el-hospital-militar-ramon-de-lara-por-accidente-en-higuey-presentan-mejoria\\\/#article\",\"isPartOf\":{\"@id\":\"https:\\\/\\\/higuey.info\\\/news\\\/ingresados-en-el-hospital-militar-ramon-de-lara-por-accidente-en-higuey-presentan-mejoria\\\/\"},\"author\":{\"name\":\"higuey.info\",\"@id\":\"https:\\\/\\\/higuey.info\\\/news\\\/#\\\/schema\\\/person\\\/274b1e73c44a5e7d852529cd974f389f\"},\"headline\":\"Ingresados en el hospital Militar Ram\u00f3n de Lara por accidente en Hig\u00fcey presentan mejor\u00eda.\",\"datePublished\":\"2015-11-28T21:36:36+00:00\",\"dateModified\":\"2020-11-21T16:56:26+00:00\",\"mainEntityOfPage\":{\"@id\":\"https:\\\/\\\/higuey.info\\\/news\\\/ingresados-en-el-hospital-militar-ramon-de-lara-por-accidente-en-higuey-presentan-mejoria\\\/\"},\"wordCount\":284,\"commentCount\":0,\"publisher\":{\"@id\":\"https:\\\/\\\/higuey.info\\\/news\\\/#organization\"},\"image\":{\"@id\":\"https:\\\/\\\/higuey.info\\\/news\\\/ingresados-en-el-hospital-militar-ramon-de-lara-por-accidente-en-higuey-presentan-mejoria\\\/#primaryimage\"},\"thumbnailUrl\":\"https:\\\/\\\/higuey.info\\\/news\\\/wp-content\\\/uploads\\\/2015\\\/11\\\/imagen-aerea.jpg\",\"keywords\":[\"acc\",\"Accident\",\"Accidente\",\"Accidente en bavaro\",\"Accidente en la cruz del isle\u00f1o\",\"Accidente en punta cana\",\"Arias\",\"Artiles\",\"castro\",\"Cayetano\",\"de la Cruz\",\"de Lara\",\"juan\",\"Leonardo\",\"Leonel\",\"Lora\",\"Manuel\",\"Mart\u00ednez\",\"Ney\",\"Ram\u00f3n\",\"Recta\",\"Santamar\u00eda\",\"Taveras\"],\"articleSection\":[\"Higuey\",\"La Republica\"],\"inLanguage\":\"es\",\"potentialAction\":[{\"@type\":\"CommentAction\",\"name\":\"Comment\",\"target\":[\"https:\\\/\\\/higuey.info\\\/news\\\/ingresados-en-el-hospital-militar-ramon-de-lara-por-accidente-en-higuey-presentan-mejoria\\\/#respond\"]}]},{\"@type\":\"WebPage\",\"@id\":\"https:\\\/\\\/higuey.info\\\/news\\\/ingresados-en-el-hospital-militar-ramon-de-lara-por-accidente-en-higuey-presentan-mejoria\\\/\",\"url\":\"https:\\\/\\\/higuey.info\\\/news\\\/ingresados-en-el-hospital-militar-ramon-de-lara-por-accidente-en-higuey-presentan-mejoria\\\/\",\"name\":\"Ingresados en el hospital Militar Ram\u00f3n de Lara por accidente en Hig\u00fcey presentan mejor\u00eda. - Higuey.Info\",\"isPartOf\":{\"@id\":\"https:\\\/\\\/higuey.info\\\/news\\\/#website\"},\"primaryImageOfPage\":{\"@id\":\"https:\\\/\\\/higuey.info\\\/news\\\/ingresados-en-el-hospital-militar-ramon-de-lara-por-accidente-en-higuey-presentan-mejoria\\\/#primaryimage\"},\"image\":{\"@id\":\"https:\\\/\\\/higuey.info\\\/news\\\/ingresados-en-el-hospital-militar-ramon-de-lara-por-accidente-en-higuey-presentan-mejoria\\\/#primaryimage\"},\"thumbnailUrl\":\"https:\\\/\\\/higuey.info\\\/news\\\/wp-content\\\/uploads\\\/2015\\\/11\\\/imagen-aerea.jpg\",\"datePublished\":\"2015-11-28T21:36:36+00:00\",\"dateModified\":\"2020-11-21T16:56:26+00:00\",\"description\":\"Uno de los dos que se encontraban en Cuidados Intensivos fue transferido a una sala normal y su condici\u00f3n es estable. Mientras que el segundo a\u00fan se encuentra en esa sala, pero en proceso de recuperaci\u00f3n.\",\"breadcrumb\":{\"@id\":\"https:\\\/\\\/higuey.info\\\/news\\\/ingresados-en-el-hospital-militar-ramon-de-lara-por-accidente-en-higuey-presentan-mejoria\\\/#breadcrumb\"},\"inLanguage\":\"es\",\"potentialAction\":[{\"@type\":\"ReadAction\",\"target\":[\"https:\\\/\\\/higuey.info\\\/news\\\/ingresados-en-el-hospital-militar-ramon-de-lara-por-accidente-en-higuey-presentan-mejoria\\\/\"]}]},{\"@type\":\"ImageObject\",\"inLanguage\":\"es\",\"@id\":\"https:\\\/\\\/higuey.info\\\/news\\\/ingresados-en-el-hospital-militar-ramon-de-lara-por-accidente-en-higuey-presentan-mejoria\\\/#primaryimage\",\"url\":\"https:\\\/\\\/higuey.info\\\/news\\\/wp-content\\\/uploads\\\/2015\\\/11\\\/imagen-aerea.jpg\",\"contentUrl\":\"https:\\\/\\\/higuey.info\\\/news\\\/wp-content\\\/uploads\\\/2015\\\/11\\\/imagen-aerea.jpg\",\"width\":540,\"height\":720,\"caption\":\"Imagen a\u00e9rea del accidente\"},{\"@type\":\"BreadcrumbList\",\"@id\":\"https:\\\/\\\/higuey.info\\\/news\\\/ingresados-en-el-hospital-militar-ramon-de-lara-por-accidente-en-higuey-presentan-mejoria\\\/#breadcrumb\",\"itemListElement\":[{\"@type\":\"ListItem\",\"position\":1,\"name\":\"Portada\",\"item\":\"https:\\\/\\\/higuey.info\\\/news\\\/\"},{\"@type\":\"ListItem\",\"position\":2,\"name\":\"Ingresados en el hospital Militar Ram\u00f3n de Lara por accidente en Hig\u00fcey presentan mejor\u00eda.\"}]},{\"@type\":\"WebSite\",\"@id\":\"https:\\\/\\\/higuey.info\\\/news\\\/#website\",\"url\":\"https:\\\/\\\/higuey.info\\\/news\\\/\",\"name\":\"Hig\u00fcey.Info\",\"description\":\"Noticias de Hig\u00fcey La Altagracia Rep\u00fablica Dominicana.\",\"publisher\":{\"@id\":\"https:\\\/\\\/higuey.info\\\/news\\\/#organization\"},\"potentialAction\":[{\"@type\":\"SearchAction\",\"target\":{\"@type\":\"EntryPoint\",\"urlTemplate\":\"https:\\\/\\\/higuey.info\\\/news\\\/?s={search_term_string}\"},\"query-input\":{\"@type\":\"PropertyValueSpecification\",\"valueRequired\":true,\"valueName\":\"search_term_string\"}}],\"inLanguage\":\"es\"},{\"@type\":\"Organization\",\"@id\":\"https:\\\/\\\/higuey.info\\\/news\\\/#organization\",\"name\":\"Hig\u00fcey.Info\",\"url\":\"https:\\\/\\\/higuey.info\\\/news\\\/\",\"logo\":{\"@type\":\"ImageObject\",\"inLanguage\":\"es\",\"@id\":\"https:\\\/\\\/higuey.info\\\/news\\\/#\\\/schema\\\/logo\\\/image\\\/\",\"url\":\"https:\\\/\\\/higuey.info\\\/news\\\/wp-content\\\/uploads\\\/2015\\\/11\\\/logof.jpg\",\"contentUrl\":\"https:\\\/\\\/higuey.info\\\/news\\\/wp-content\\\/uploads\\\/2015\\\/11\\\/logof.jpg\",\"width\":248,\"height\":90,\"caption\":\"Hig\u00fcey.Info\"},\"image\":{\"@id\":\"https:\\\/\\\/higuey.info\\\/news\\\/#\\\/schema\\\/logo\\\/image\\\/\"}},{\"@type\":\"Person\",\"@id\":\"https:\\\/\\\/higuey.info\\\/news\\\/#\\\/schema\\\/person\\\/274b1e73c44a5e7d852529cd974f389f\",\"name\":\"higuey.info\",\"image\":{\"@type\":\"ImageObject\",\"inLanguage\":\"es\",\"@id\":\"https:\\\/\\\/secure.gravatar.com\\\/avatar\\\/baaa13fb48787405f1f95c6405f1f193ab4cefad2554d219db78e9a57688ba88?s=96&d=wavatar&r=g\",\"url\":\"https:\\\/\\\/secure.gravatar.com\\\/avatar\\\/baaa13fb48787405f1f95c6405f1f193ab4cefad2554d219db78e9a57688ba88?s=96&d=wavatar&r=g\",\"contentUrl\":\"https:\\\/\\\/secure.gravatar.com\\\/avatar\\\/baaa13fb48787405f1f95c6405f1f193ab4cefad2554d219db78e9a57688ba88?s=96&d=wavatar&r=g\",\"caption\":\"higuey.info\"},\"description\":\"Higuey Info | Portal informativo numero uno de la ciudad de Higuey, Todas las Noticias de Higuey La Altagracia Republica Dominicana.\",\"sameAs\":[\"https:\\\/\\\/higuey.info\\\/news\"]}]}<\/script>\n<!-- \/ Yoast SEO plugin. -->","yoast_head_json":{"title":"Ingresados en el hospital Militar Ram\u00f3n de Lara por accidente en Hig\u00fcey presentan mejor\u00eda. - Higuey.Info","description":"Uno de los dos que se encontraban en Cuidados Intensivos fue transferido a una sala normal y su condici\u00f3n es estable. Mientras que el segundo a\u00fan se encuentra en esa sala, pero en proceso de recuperaci\u00f3n.","robots":{"index":"index","follow":"follow","max-snippet":"max-snippet:-1","max-image-preview":"max-image-preview:large","max-video-preview":"max-video-preview:-1"},"canonical":"https:\/\/higuey.info\/news\/ingresados-en-el-hospital-militar-ramon-de-lara-por-accidente-en-higuey-presentan-mejoria\/","og_locale":"es_ES","og_type":"article","og_title":"Ingresados en el hospital Militar Ram\u00f3n de Lara por accidente en Hig\u00fcey presentan mejor\u00eda. - Higuey.Info","og_description":"Uno de los dos que se encontraban en Cuidados Intensivos fue transferido a una sala normal y su condici\u00f3n es estable. Mientras que el segundo a\u00fan se encuentra en esa sala, pero en proceso de recuperaci\u00f3n.","og_url":"https:\/\/higuey.info\/news\/ingresados-en-el-hospital-militar-ramon-de-lara-por-accidente-en-higuey-presentan-mejoria\/","og_site_name":"Hig\u00fcey.Info","article_published_time":"2015-11-28T21:36:36+00:00","article_modified_time":"2020-11-21T16:56:26+00:00","og_image":[{"width":540,"height":720,"url":"https:\/\/higuey.info\/news\/wp-content\/uploads\/2015\/11\/imagen-aerea.jpg","type":"image\/jpeg"}],"author":"higuey.info","twitter_card":"summary_large_image","twitter_misc":{"Escrito por":"higuey.info","Tiempo de lectura":"1 minuto"},"schema":{"@context":"https:\/\/schema.org","@graph":[{"@type":"Article","@id":"https:\/\/higuey.info\/news\/ingresados-en-el-hospital-militar-ramon-de-lara-por-accidente-en-higuey-presentan-mejoria\/#article","isPartOf":{"@id":"https:\/\/higuey.info\/news\/ingresados-en-el-hospital-militar-ramon-de-lara-por-accidente-en-higuey-presentan-mejoria\/"},"author":{"name":"higuey.info","@id":"https:\/\/higuey.info\/news\/#\/schema\/person\/274b1e73c44a5e7d852529cd974f389f"},"headline":"Ingresados en el hospital Militar Ram\u00f3n de Lara por accidente en Hig\u00fcey presentan mejor\u00eda.","datePublished":"2015-11-28T21:36:36+00:00","dateModified":"2020-11-21T16:56:26+00:00","mainEntityOfPage":{"@id":"https:\/\/higuey.info\/news\/ingresados-en-el-hospital-militar-ramon-de-lara-por-accidente-en-higuey-presentan-mejoria\/"},"wordCount":284,"commentCount":0,"publisher":{"@id":"https:\/\/higuey.info\/news\/#organization"},"image":{"@id":"https:\/\/higuey.info\/news\/ingresados-en-el-hospital-militar-ramon-de-lara-por-accidente-en-higuey-presentan-mejoria\/#primaryimage"},"thumbnailUrl":"https:\/\/higuey.info\/news\/wp-content\/uploads\/2015\/11\/imagen-aerea.jpg","keywords":["acc","Accident","Accidente","Accidente en bavaro","Accidente en la cruz del isle\u00f1o","Accidente en punta cana","Arias","Artiles","castro","Cayetano","de la Cruz","de Lara","juan","Leonardo","Leonel","Lora","Manuel","Mart\u00ednez","Ney","Ram\u00f3n","Recta","Santamar\u00eda","Taveras"],"articleSection":["Higuey","La Republica"],"inLanguage":"es","potentialAction":[{"@type":"CommentAction","name":"Comment","target":["https:\/\/higuey.info\/news\/ingresados-en-el-hospital-militar-ramon-de-lara-por-accidente-en-higuey-presentan-mejoria\/#respond"]}]},{"@type":"WebPage","@id":"https:\/\/higuey.info\/news\/ingresados-en-el-hospital-militar-ramon-de-lara-por-accidente-en-higuey-presentan-mejoria\/","url":"https:\/\/higuey.info\/news\/ingresados-en-el-hospital-militar-ramon-de-lara-por-accidente-en-higuey-presentan-mejoria\/","name":"Ingresados en el hospital Militar Ram\u00f3n de Lara por accidente en Hig\u00fcey presentan mejor\u00eda. - Higuey.Info","isPartOf":{"@id":"https:\/\/higuey.info\/news\/#website"},"primaryImageOfPage":{"@id":"https:\/\/higuey.info\/news\/ingresados-en-el-hospital-militar-ramon-de-lara-por-accidente-en-higuey-presentan-mejoria\/#primaryimage"},"image":{"@id":"https:\/\/higuey.info\/news\/ingresados-en-el-hospital-militar-ramon-de-lara-por-accidente-en-higuey-presentan-mejoria\/#primaryimage"},"thumbnailUrl":"https:\/\/higuey.info\/news\/wp-content\/uploads\/2015\/11\/imagen-aerea.jpg","datePublished":"2015-11-28T21:36:36+00:00","dateModified":"2020-11-21T16:56:26+00:00","description":"Uno de los dos que se encontraban en Cuidados Intensivos fue transferido a una sala normal y su condici\u00f3n es estable. Mientras que el segundo a\u00fan se encuentra en esa sala, pero en proceso de recuperaci\u00f3n.","breadcrumb":{"@id":"https:\/\/higuey.info\/news\/ingresados-en-el-hospital-militar-ramon-de-lara-por-accidente-en-higuey-presentan-mejoria\/#breadcrumb"},"inLanguage":"es","potentialAction":[{"@type":"ReadAction","target":["https:\/\/higuey.info\/news\/ingresados-en-el-hospital-militar-ramon-de-lara-por-accidente-en-higuey-presentan-mejoria\/"]}]},{"@type":"ImageObject","inLanguage":"es","@id":"https:\/\/higuey.info\/news\/ingresados-en-el-hospital-militar-ramon-de-lara-por-accidente-en-higuey-presentan-mejoria\/#primaryimage","url":"https:\/\/higuey.info\/news\/wp-content\/uploads\/2015\/11\/imagen-aerea.jpg","contentUrl":"https:\/\/higuey.info\/news\/wp-content\/uploads\/2015\/11\/imagen-aerea.jpg","width":540,"height":720,"caption":"Imagen a\u00e9rea del accidente"},{"@type":"BreadcrumbList","@id":"https:\/\/higuey.info\/news\/ingresados-en-el-hospital-militar-ramon-de-lara-por-accidente-en-higuey-presentan-mejoria\/#breadcrumb","itemListElement":[{"@type":"ListItem","position":1,"name":"Portada","item":"https:\/\/higuey.info\/news\/"},{"@type":"ListItem","position":2,"name":"Ingresados en el hospital Militar Ram\u00f3n de Lara por accidente en Hig\u00fcey presentan mejor\u00eda."}]},{"@type":"WebSite","@id":"https:\/\/higuey.info\/news\/#website","url":"https:\/\/higuey.info\/news\/","name":"Hig\u00fcey.Info","description":"Noticias de Hig\u00fcey La Altagracia Rep\u00fablica Dominicana.","publisher":{"@id":"https:\/\/higuey.info\/news\/#organization"},"potentialAction":[{"@type":"SearchAction","target":{"@type":"EntryPoint","urlTemplate":"https:\/\/higuey.info\/news\/?s={search_term_string}"},"query-input":{"@type":"PropertyValueSpecification","valueRequired":true,"valueName":"search_term_string"}}],"inLanguage":"es"},{"@type":"Organization","@id":"https:\/\/higuey.info\/news\/#organization","name":"Hig\u00fcey.Info","url":"https:\/\/higuey.info\/news\/","logo":{"@type":"ImageObject","inLanguage":"es","@id":"https:\/\/higuey.info\/news\/#\/schema\/logo\/image\/","url":"https:\/\/higuey.info\/news\/wp-content\/uploads\/2015\/11\/logof.jpg","contentUrl":"https:\/\/higuey.info\/news\/wp-content\/uploads\/2015\/11\/logof.jpg","width":248,"height":90,"caption":"Hig\u00fcey.Info"},"image":{"@id":"https:\/\/higuey.info\/news\/#\/schema\/logo\/image\/"}},{"@type":"Person","@id":"https:\/\/higuey.info\/news\/#\/schema\/person\/274b1e73c44a5e7d852529cd974f389f","name":"higuey.info","image":{"@type":"ImageObject","inLanguage":"es","@id":"https:\/\/secure.gravatar.com\/avatar\/baaa13fb48787405f1f95c6405f1f193ab4cefad2554d219db78e9a57688ba88?s=96&d=wavatar&r=g","url":"https:\/\/secure.gravatar.com\/avatar\/baaa13fb48787405f1f95c6405f1f193ab4cefad2554d219db78e9a57688ba88?s=96&d=wavatar&r=g","contentUrl":"https:\/\/secure.gravatar.com\/avatar\/baaa13fb48787405f1f95c6405f1f193ab4cefad2554d219db78e9a57688ba88?s=96&d=wavatar&r=g","caption":"higuey.info"},"description":"Higuey Info | Portal informativo numero uno de la ciudad de Higuey, Todas las Noticias de Higuey La Altagracia Republica Dominicana.","sameAs":["https:\/\/higuey.info\/news"]}]}},"_links":{"self":[{"href":"https:\/\/higuey.info\/news\/wp-json\/wp\/v2\/posts\/7265","targetHints":{"allow":["GET"]}}],"collection":[{"href":"https:\/\/higuey.info\/news\/wp-json\/wp\/v2\/posts"}],"about":[{"href":"https:\/\/higuey.info\/news\/wp-json\/wp\/v2\/types\/post"}],"author":[{"embeddable":true,"href":"https:\/\/higuey.info\/news\/wp-json\/wp\/v2\/users\/1"}],"replies":[{"embeddable":true,"href":"https:\/\/higuey.info\/news\/wp-json\/wp\/v2\/comments?post=7265"}],"version-history":[{"count":10,"href":"https:\/\/higuey.info\/news\/wp-json\/wp\/v2\/posts\/7265\/revisions"}],"predecessor-version":[{"id":18159,"href":"https:\/\/higuey.info\/news\/wp-json\/wp\/v2\/posts\/7265\/revisions\/18159"}],"wp:featuredmedia":[{"embeddable":true,"href":"https:\/\/higuey.info\/news\/wp-json\/wp\/v2\/media\/7232"}],"wp:attachment":[{"href":"https:\/\/higuey.info\/news\/wp-json\/wp\/v2\/media?parent=7265"}],"wp:term":[{"taxonomy":"category","embeddable":true,"href":"https:\/\/higuey.info\/news\/wp-json\/wp\/v2\/categories?post=7265"},{"taxonomy":"post_tag","embeddable":true,"href":"https:\/\/higuey.info\/news\/wp-json\/wp\/v2\/tags?post=7265"}],"curies":[{"name":"wp","href":"https:\/\/api.w.org\/{rel}","templated":true}]}}