{"id":7349,"date":"2015-12-30T15:56:19","date_gmt":"2015-12-30T15:56:19","guid":{"rendered":"https:\/\/higuey.info\/news\/news\/?p=7349"},"modified":"2020-11-21T16:56:46","modified_gmt":"2020-11-21T16:56:46","slug":"dos-hombres-fueron-ultimados-a-tiros-esta-manana-frente-a-una-ferreteria-en-la-carretera-higuey-veron","status":"publish","type":"post","link":"https:\/\/higuey.info\/news\/dos-hombres-fueron-ultimados-a-tiros-esta-manana-frente-a-una-ferreteria-en-la-carretera-higuey-veron\/","title":{"rendered":"Dos hombres fueron ultimados a tiros esta ma\u00f1ana frente a una ferreter\u00eda en la carretera Hig\u00fcey \u2013 Ver\u00f3n."},"content":{"rendered":"<p><a href=\"https:\/\/higuey.info\/news\/wp-content\/uploads\/2015\/12\/crimen1.jpg\"><img loading=\"lazy\" decoding=\"async\" class=\"aligncenter size-full wp-image-7350\" src=\"https:\/\/higuey.info\/news\/wp-content\/uploads\/2015\/12\/crimen1.jpg\" alt=\"crimen1\" width=\"540\" height=\"960\" srcset=\"https:\/\/higuey.info\/news\/wp-content\/uploads\/2015\/12\/crimen1.jpg 540w, https:\/\/higuey.info\/news\/wp-content\/uploads\/2015\/12\/crimen1-169x300.jpg 169w, https:\/\/higuey.info\/news\/wp-content\/uploads\/2015\/12\/crimen1-225x400.jpg 225w\" sizes=\"auto, (max-width: 540px) 100vw, 540px\" \/><\/a>[&#8212;] HIGUEY, Rep\u00fablica Dominicana.-Dos hombres fueron asesinados a las 7:00 de la ma\u00f1ana de hoy frente a una ferreter\u00eda a la altura del kil\u00f3metro 20 de en la carretera Hig\u00fcey \u2013 Ver\u00f3n. \u00a0<span class=\"text_exposed_show\"><strong>Cristian Alison Cabrera de Le\u00f3n<\/strong>, de 32 a\u00f1os, oriundo de Yamas\u00e1, falleci\u00f3 cuando era trasladado al hospital Nuestra Se\u00f1ora de la Altagracia. Mientras que K<strong>elvin Antonio de los Santos<\/strong>, de 28 a\u00f1os, oriundo de Santo Domingo, muri\u00f3 en el lugar donde se cometi\u00f3 el crimen.[&#8212;] <\/span><\/p>\n<div id='gallery-1' class='gallery galleryid-7349 gallery-columns-4 gallery-size-thumbnail'><figure class='gallery-item'>\n\t\t\t<div class='gallery-icon landscape'>\n\t\t\t\t<a href='https:\/\/higuey.info\/news\/dos-hombres-fueron-ultimados-a-tiros-esta-manana-frente-a-una-ferreteria-en-la-carretera-higuey-veron\/crimen5\/'><img loading=\"lazy\" decoding=\"async\" width=\"150\" height=\"150\" src=\"https:\/\/higuey.info\/news\/wp-content\/uploads\/2015\/12\/crimen5-150x150.jpg\" class=\"attachment-thumbnail size-thumbnail\" alt=\"\" srcset=\"https:\/\/higuey.info\/news\/wp-content\/uploads\/2015\/12\/crimen5-150x150.jpg 150w, https:\/\/higuey.info\/news\/wp-content\/uploads\/2015\/12\/crimen5-144x144.jpg 144w\" sizes=\"auto, (max-width: 150px) 100vw, 150px\" \/><\/a>\n\t\t\t<\/div><\/figure><figure class='gallery-item'>\n\t\t\t<div class='gallery-icon landscape'>\n\t\t\t\t<a href='https:\/\/higuey.info\/news\/dos-hombres-fueron-ultimados-a-tiros-esta-manana-frente-a-una-ferreteria-en-la-carretera-higuey-veron\/crimen2\/'><img loading=\"lazy\" decoding=\"async\" width=\"150\" height=\"150\" src=\"https:\/\/higuey.info\/news\/wp-content\/uploads\/2015\/12\/crimen2-150x150.jpg\" class=\"attachment-thumbnail size-thumbnail\" alt=\"\" srcset=\"https:\/\/higuey.info\/news\/wp-content\/uploads\/2015\/12\/crimen2-150x150.jpg 150w, https:\/\/higuey.info\/news\/wp-content\/uploads\/2015\/12\/crimen2-144x144.jpg 144w\" sizes=\"auto, (max-width: 150px) 100vw, 150px\" \/><\/a>\n\t\t\t<\/div><\/figure><figure class='gallery-item'>\n\t\t\t<div class='gallery-icon landscape'>\n\t\t\t\t<a href='https:\/\/higuey.info\/news\/dos-hombres-fueron-ultimados-a-tiros-esta-manana-frente-a-una-ferreteria-en-la-carretera-higuey-veron\/crimen4\/'><img loading=\"lazy\" decoding=\"async\" width=\"150\" height=\"150\" src=\"https:\/\/higuey.info\/news\/wp-content\/uploads\/2015\/12\/crimen4-150x150.jpg\" class=\"attachment-thumbnail size-thumbnail\" alt=\"\" srcset=\"https:\/\/higuey.info\/news\/wp-content\/uploads\/2015\/12\/crimen4-150x150.jpg 150w, https:\/\/higuey.info\/news\/wp-content\/uploads\/2015\/12\/crimen4-144x144.jpg 144w\" sizes=\"auto, (max-width: 150px) 100vw, 150px\" \/><\/a>\n\t\t\t<\/div><\/figure><figure class='gallery-item'>\n\t\t\t<div class='gallery-icon landscape'>\n\t\t\t\t<a href='https:\/\/higuey.info\/news\/dos-hombres-fueron-ultimados-a-tiros-esta-manana-frente-a-una-ferreteria-en-la-carretera-higuey-veron\/crimen3\/'><img loading=\"lazy\" decoding=\"async\" width=\"150\" height=\"150\" src=\"https:\/\/higuey.info\/news\/wp-content\/uploads\/2015\/12\/crimen3-150x150.jpg\" class=\"attachment-thumbnail size-thumbnail\" alt=\"\" srcset=\"https:\/\/higuey.info\/news\/wp-content\/uploads\/2015\/12\/crimen3-150x150.jpg 150w, https:\/\/higuey.info\/news\/wp-content\/uploads\/2015\/12\/crimen3-144x144.jpg 144w\" sizes=\"auto, (max-width: 150px) 100vw, 150px\" \/><\/a>\n\t\t\t<\/div><\/figure>\n\t\t<\/div>\n\n<p><span class=\"text_exposed_show\">[pullquote]<strong>SE ENCONTRABAN PARADOS CUANDO LES DISPARARON DESDE UNA CAMIONETA BLANCA, MARCA TOYOTA, Y LOS AGRESORES CONTINUARON LA MARCHA<\/strong>[\/pullquote]<br \/>\nHasta el momento, la Polic\u00eda no ha ofrecido informaci\u00f3n sobre el caso, pero se cree que fueron ultimados por asuntos de droga.<br \/>\nSeg\u00fan testigos, los hombres se encontraban parados cuando les dispararon desde una camioneta blanca, marca Toyota, y los agresores continuaron la marcha.<br \/>\nTambi\u00e9n se desconocen quienes fueron los responsables y se inform\u00f3 que la polic\u00eda est\u00e1 investigando el caso.<\/span><\/p>\n<p>Fuente:\u00a0<strong><a href=\"https:\/\/higuey.info\/news\/?s=Juan+Bautista+Rodr%C3%ADguez\">Juan Bautista Rodr\u00edguez<\/a><\/strong><\/p>\n<p>https:\/\/www.facebook.com\/juan.bautistarodriguez.1466\/posts\/582561918558110<\/p>\n","protected":false},"excerpt":{"rendered":"<p>Hasta el momento, la Polic\u00eda no ha ofrecido informaci\u00f3n sobre el caso, pero se cree que fueron ultimados por asuntos de droga.<\/p>\n","protected":false},"author":1,"featured_media":7350,"comment_status":"open","ping_status":"open","sticky":false,"template":"","format":"standard","meta":{"footnotes":""},"categories":[4,1212,1361],"tags":[4358,128,518,1519,1763,2181,301,4359,133,374,4360,308],"class_list":["post-7349","post","type-post","status-publish","format-standard","has-post-thumbnail","hentry","category-higuey","category-mi-comunidad","category-beron","tag-alison","tag-antonio","tag-bautista","tag-cabrera","tag-cristian","tag-de-leon","tag-de-los-santos","tag-dos-muertos-en-veron","tag-juan","tag-kelvin","tag-lio-de-droga-deja-dos-personas-muertas","tag-rodriguez"],"yoast_head":"<!-- This site is optimized with the Yoast SEO plugin v27.5 - https:\/\/yoast.com\/product\/yoast-seo-wordpress\/ -->\n<title>Dos hombres fueron ultimados a tiros esta ma\u00f1ana frente a una ferreter\u00eda en la carretera Hig\u00fcey \u2013 Ver\u00f3n. - Higuey.Info<\/title>\n<meta name=\"description\" content=\"Hasta el momento, la Polic\u00eda no ha ofrecido informaci\u00f3n sobre el caso, pero se cree que fueron ultimados por asuntos de droga.\" \/>\n<meta name=\"robots\" content=\"index, follow, max-snippet:-1, max-image-preview:large, max-video-preview:-1\" \/>\n<link rel=\"canonical\" href=\"https:\/\/higuey.info\/news\/dos-hombres-fueron-ultimados-a-tiros-esta-manana-frente-a-una-ferreteria-en-la-carretera-higuey-veron\/\" \/>\n<meta property=\"og:locale\" content=\"es_ES\" \/>\n<meta property=\"og:type\" content=\"article\" \/>\n<meta property=\"og:title\" content=\"Dos hombres fueron ultimados a tiros esta ma\u00f1ana frente a una ferreter\u00eda en la carretera Hig\u00fcey \u2013 Ver\u00f3n. - Higuey.Info\" \/>\n<meta property=\"og:description\" content=\"Hasta el momento, la Polic\u00eda no ha ofrecido informaci\u00f3n sobre el caso, pero se cree que fueron ultimados por asuntos de droga.\" \/>\n<meta property=\"og:url\" content=\"https:\/\/higuey.info\/news\/dos-hombres-fueron-ultimados-a-tiros-esta-manana-frente-a-una-ferreteria-en-la-carretera-higuey-veron\/\" \/>\n<meta property=\"og:site_name\" content=\"Hig\u00fcey.Info\" \/>\n<meta property=\"article:published_time\" content=\"2015-12-30T15:56:19+00:00\" \/>\n<meta property=\"article:modified_time\" content=\"2020-11-21T16:56:46+00:00\" \/>\n<meta property=\"og:image\" content=\"https:\/\/higuey.info\/news\/wp-content\/uploads\/2015\/12\/crimen1.jpg\" \/>\n\t<meta property=\"og:image:width\" content=\"540\" \/>\n\t<meta property=\"og:image:height\" content=\"960\" \/>\n\t<meta property=\"og:image:type\" content=\"image\/jpeg\" \/>\n<meta name=\"author\" content=\"higuey.info\" \/>\n<meta name=\"twitter:card\" content=\"summary_large_image\" \/>\n<meta name=\"twitter:label1\" content=\"Escrito por\" \/>\n\t<meta name=\"twitter:data1\" content=\"higuey.info\" \/>\n\t<meta name=\"twitter:label2\" content=\"Tiempo de lectura\" \/>\n\t<meta name=\"twitter:data2\" content=\"1 minuto\" \/>\n<script type=\"application\/ld+json\" class=\"yoast-schema-graph\">{\"@context\":\"https:\\\/\\\/schema.org\",\"@graph\":[{\"@type\":\"Article\",\"@id\":\"https:\\\/\\\/higuey.info\\\/news\\\/dos-hombres-fueron-ultimados-a-tiros-esta-manana-frente-a-una-ferreteria-en-la-carretera-higuey-veron\\\/#article\",\"isPartOf\":{\"@id\":\"https:\\\/\\\/higuey.info\\\/news\\\/dos-hombres-fueron-ultimados-a-tiros-esta-manana-frente-a-una-ferreteria-en-la-carretera-higuey-veron\\\/\"},\"author\":{\"name\":\"higuey.info\",\"@id\":\"https:\\\/\\\/higuey.info\\\/news\\\/#\\\/schema\\\/person\\\/274b1e73c44a5e7d852529cd974f389f\"},\"headline\":\"Dos hombres fueron ultimados a tiros esta ma\u00f1ana frente a una ferreter\u00eda en la carretera Hig\u00fcey \u2013 Ver\u00f3n.\",\"datePublished\":\"2015-12-30T15:56:19+00:00\",\"dateModified\":\"2020-11-21T16:56:46+00:00\",\"mainEntityOfPage\":{\"@id\":\"https:\\\/\\\/higuey.info\\\/news\\\/dos-hombres-fueron-ultimados-a-tiros-esta-manana-frente-a-una-ferreteria-en-la-carretera-higuey-veron\\\/\"},\"wordCount\":208,\"commentCount\":0,\"publisher\":{\"@id\":\"https:\\\/\\\/higuey.info\\\/news\\\/#organization\"},\"image\":{\"@id\":\"https:\\\/\\\/higuey.info\\\/news\\\/dos-hombres-fueron-ultimados-a-tiros-esta-manana-frente-a-una-ferreteria-en-la-carretera-higuey-veron\\\/#primaryimage\"},\"thumbnailUrl\":\"https:\\\/\\\/higuey.info\\\/news\\\/wp-content\\\/uploads\\\/2015\\\/12\\\/crimen1.jpg\",\"keywords\":[\"Alison\",\"antonio\",\"Bautista\",\"Cabrera\",\"Cristian\",\"de Le\u00f3n\",\"de los Santos\",\"Dos muertos en veron\",\"juan\",\"Kelvin\",\"Lio de droga deja dos personas muertas\",\"Rodr\u00edguez\"],\"articleSection\":[\"Higuey\",\"Mi comunidad\",\"Ver\u00f3n\"],\"inLanguage\":\"es\",\"potentialAction\":[{\"@type\":\"CommentAction\",\"name\":\"Comment\",\"target\":[\"https:\\\/\\\/higuey.info\\\/news\\\/dos-hombres-fueron-ultimados-a-tiros-esta-manana-frente-a-una-ferreteria-en-la-carretera-higuey-veron\\\/#respond\"]}]},{\"@type\":\"WebPage\",\"@id\":\"https:\\\/\\\/higuey.info\\\/news\\\/dos-hombres-fueron-ultimados-a-tiros-esta-manana-frente-a-una-ferreteria-en-la-carretera-higuey-veron\\\/\",\"url\":\"https:\\\/\\\/higuey.info\\\/news\\\/dos-hombres-fueron-ultimados-a-tiros-esta-manana-frente-a-una-ferreteria-en-la-carretera-higuey-veron\\\/\",\"name\":\"Dos hombres fueron ultimados a tiros esta ma\u00f1ana frente a una ferreter\u00eda en la carretera Hig\u00fcey \u2013 Ver\u00f3n. - Higuey.Info\",\"isPartOf\":{\"@id\":\"https:\\\/\\\/higuey.info\\\/news\\\/#website\"},\"primaryImageOfPage\":{\"@id\":\"https:\\\/\\\/higuey.info\\\/news\\\/dos-hombres-fueron-ultimados-a-tiros-esta-manana-frente-a-una-ferreteria-en-la-carretera-higuey-veron\\\/#primaryimage\"},\"image\":{\"@id\":\"https:\\\/\\\/higuey.info\\\/news\\\/dos-hombres-fueron-ultimados-a-tiros-esta-manana-frente-a-una-ferreteria-en-la-carretera-higuey-veron\\\/#primaryimage\"},\"thumbnailUrl\":\"https:\\\/\\\/higuey.info\\\/news\\\/wp-content\\\/uploads\\\/2015\\\/12\\\/crimen1.jpg\",\"datePublished\":\"2015-12-30T15:56:19+00:00\",\"dateModified\":\"2020-11-21T16:56:46+00:00\",\"description\":\"Hasta el momento, la Polic\u00eda no ha ofrecido informaci\u00f3n sobre el caso, pero se cree que fueron ultimados por asuntos de droga.\",\"breadcrumb\":{\"@id\":\"https:\\\/\\\/higuey.info\\\/news\\\/dos-hombres-fueron-ultimados-a-tiros-esta-manana-frente-a-una-ferreteria-en-la-carretera-higuey-veron\\\/#breadcrumb\"},\"inLanguage\":\"es\",\"potentialAction\":[{\"@type\":\"ReadAction\",\"target\":[\"https:\\\/\\\/higuey.info\\\/news\\\/dos-hombres-fueron-ultimados-a-tiros-esta-manana-frente-a-una-ferreteria-en-la-carretera-higuey-veron\\\/\"]}]},{\"@type\":\"ImageObject\",\"inLanguage\":\"es\",\"@id\":\"https:\\\/\\\/higuey.info\\\/news\\\/dos-hombres-fueron-ultimados-a-tiros-esta-manana-frente-a-una-ferreteria-en-la-carretera-higuey-veron\\\/#primaryimage\",\"url\":\"https:\\\/\\\/higuey.info\\\/news\\\/wp-content\\\/uploads\\\/2015\\\/12\\\/crimen1.jpg\",\"contentUrl\":\"https:\\\/\\\/higuey.info\\\/news\\\/wp-content\\\/uploads\\\/2015\\\/12\\\/crimen1.jpg\",\"width\":540,\"height\":960},{\"@type\":\"BreadcrumbList\",\"@id\":\"https:\\\/\\\/higuey.info\\\/news\\\/dos-hombres-fueron-ultimados-a-tiros-esta-manana-frente-a-una-ferreteria-en-la-carretera-higuey-veron\\\/#breadcrumb\",\"itemListElement\":[{\"@type\":\"ListItem\",\"position\":1,\"name\":\"Portada\",\"item\":\"https:\\\/\\\/higuey.info\\\/news\\\/\"},{\"@type\":\"ListItem\",\"position\":2,\"name\":\"Dos hombres fueron ultimados a tiros esta ma\u00f1ana frente a una ferreter\u00eda en la carretera Hig\u00fcey \u2013 Ver\u00f3n.\"}]},{\"@type\":\"WebSite\",\"@id\":\"https:\\\/\\\/higuey.info\\\/news\\\/#website\",\"url\":\"https:\\\/\\\/higuey.info\\\/news\\\/\",\"name\":\"Hig\u00fcey.Info\",\"description\":\"Noticias de Hig\u00fcey La Altagracia Rep\u00fablica Dominicana.\",\"publisher\":{\"@id\":\"https:\\\/\\\/higuey.info\\\/news\\\/#organization\"},\"potentialAction\":[{\"@type\":\"SearchAction\",\"target\":{\"@type\":\"EntryPoint\",\"urlTemplate\":\"https:\\\/\\\/higuey.info\\\/news\\\/?s={search_term_string}\"},\"query-input\":{\"@type\":\"PropertyValueSpecification\",\"valueRequired\":true,\"valueName\":\"search_term_string\"}}],\"inLanguage\":\"es\"},{\"@type\":\"Organization\",\"@id\":\"https:\\\/\\\/higuey.info\\\/news\\\/#organization\",\"name\":\"Hig\u00fcey.Info\",\"url\":\"https:\\\/\\\/higuey.info\\\/news\\\/\",\"logo\":{\"@type\":\"ImageObject\",\"inLanguage\":\"es\",\"@id\":\"https:\\\/\\\/higuey.info\\\/news\\\/#\\\/schema\\\/logo\\\/image\\\/\",\"url\":\"https:\\\/\\\/higuey.info\\\/news\\\/wp-content\\\/uploads\\\/2015\\\/11\\\/logof.jpg\",\"contentUrl\":\"https:\\\/\\\/higuey.info\\\/news\\\/wp-content\\\/uploads\\\/2015\\\/11\\\/logof.jpg\",\"width\":248,\"height\":90,\"caption\":\"Hig\u00fcey.Info\"},\"image\":{\"@id\":\"https:\\\/\\\/higuey.info\\\/news\\\/#\\\/schema\\\/logo\\\/image\\\/\"}},{\"@type\":\"Person\",\"@id\":\"https:\\\/\\\/higuey.info\\\/news\\\/#\\\/schema\\\/person\\\/274b1e73c44a5e7d852529cd974f389f\",\"name\":\"higuey.info\",\"image\":{\"@type\":\"ImageObject\",\"inLanguage\":\"es\",\"@id\":\"https:\\\/\\\/secure.gravatar.com\\\/avatar\\\/baaa13fb48787405f1f95c6405f1f193ab4cefad2554d219db78e9a57688ba88?s=96&d=wavatar&r=g\",\"url\":\"https:\\\/\\\/secure.gravatar.com\\\/avatar\\\/baaa13fb48787405f1f95c6405f1f193ab4cefad2554d219db78e9a57688ba88?s=96&d=wavatar&r=g\",\"contentUrl\":\"https:\\\/\\\/secure.gravatar.com\\\/avatar\\\/baaa13fb48787405f1f95c6405f1f193ab4cefad2554d219db78e9a57688ba88?s=96&d=wavatar&r=g\",\"caption\":\"higuey.info\"},\"description\":\"Higuey Info | Portal informativo numero uno de la ciudad de Higuey, Todas las Noticias de Higuey La Altagracia Republica Dominicana.\",\"sameAs\":[\"https:\\\/\\\/higuey.info\\\/news\"]}]}<\/script>\n<!-- \/ Yoast SEO plugin. -->","yoast_head_json":{"title":"Dos hombres fueron ultimados a tiros esta ma\u00f1ana frente a una ferreter\u00eda en la carretera Hig\u00fcey \u2013 Ver\u00f3n. - Higuey.Info","description":"Hasta el momento, la Polic\u00eda no ha ofrecido informaci\u00f3n sobre el caso, pero se cree que fueron ultimados por asuntos de droga.","robots":{"index":"index","follow":"follow","max-snippet":"max-snippet:-1","max-image-preview":"max-image-preview:large","max-video-preview":"max-video-preview:-1"},"canonical":"https:\/\/higuey.info\/news\/dos-hombres-fueron-ultimados-a-tiros-esta-manana-frente-a-una-ferreteria-en-la-carretera-higuey-veron\/","og_locale":"es_ES","og_type":"article","og_title":"Dos hombres fueron ultimados a tiros esta ma\u00f1ana frente a una ferreter\u00eda en la carretera Hig\u00fcey \u2013 Ver\u00f3n. - Higuey.Info","og_description":"Hasta el momento, la Polic\u00eda no ha ofrecido informaci\u00f3n sobre el caso, pero se cree que fueron ultimados por asuntos de droga.","og_url":"https:\/\/higuey.info\/news\/dos-hombres-fueron-ultimados-a-tiros-esta-manana-frente-a-una-ferreteria-en-la-carretera-higuey-veron\/","og_site_name":"Hig\u00fcey.Info","article_published_time":"2015-12-30T15:56:19+00:00","article_modified_time":"2020-11-21T16:56:46+00:00","og_image":[{"width":540,"height":960,"url":"https:\/\/higuey.info\/news\/wp-content\/uploads\/2015\/12\/crimen1.jpg","type":"image\/jpeg"}],"author":"higuey.info","twitter_card":"summary_large_image","twitter_misc":{"Escrito por":"higuey.info","Tiempo de lectura":"1 minuto"},"schema":{"@context":"https:\/\/schema.org","@graph":[{"@type":"Article","@id":"https:\/\/higuey.info\/news\/dos-hombres-fueron-ultimados-a-tiros-esta-manana-frente-a-una-ferreteria-en-la-carretera-higuey-veron\/#article","isPartOf":{"@id":"https:\/\/higuey.info\/news\/dos-hombres-fueron-ultimados-a-tiros-esta-manana-frente-a-una-ferreteria-en-la-carretera-higuey-veron\/"},"author":{"name":"higuey.info","@id":"https:\/\/higuey.info\/news\/#\/schema\/person\/274b1e73c44a5e7d852529cd974f389f"},"headline":"Dos hombres fueron ultimados a tiros esta ma\u00f1ana frente a una ferreter\u00eda en la carretera Hig\u00fcey \u2013 Ver\u00f3n.","datePublished":"2015-12-30T15:56:19+00:00","dateModified":"2020-11-21T16:56:46+00:00","mainEntityOfPage":{"@id":"https:\/\/higuey.info\/news\/dos-hombres-fueron-ultimados-a-tiros-esta-manana-frente-a-una-ferreteria-en-la-carretera-higuey-veron\/"},"wordCount":208,"commentCount":0,"publisher":{"@id":"https:\/\/higuey.info\/news\/#organization"},"image":{"@id":"https:\/\/higuey.info\/news\/dos-hombres-fueron-ultimados-a-tiros-esta-manana-frente-a-una-ferreteria-en-la-carretera-higuey-veron\/#primaryimage"},"thumbnailUrl":"https:\/\/higuey.info\/news\/wp-content\/uploads\/2015\/12\/crimen1.jpg","keywords":["Alison","antonio","Bautista","Cabrera","Cristian","de Le\u00f3n","de los Santos","Dos muertos en veron","juan","Kelvin","Lio de droga deja dos personas muertas","Rodr\u00edguez"],"articleSection":["Higuey","Mi comunidad","Ver\u00f3n"],"inLanguage":"es","potentialAction":[{"@type":"CommentAction","name":"Comment","target":["https:\/\/higuey.info\/news\/dos-hombres-fueron-ultimados-a-tiros-esta-manana-frente-a-una-ferreteria-en-la-carretera-higuey-veron\/#respond"]}]},{"@type":"WebPage","@id":"https:\/\/higuey.info\/news\/dos-hombres-fueron-ultimados-a-tiros-esta-manana-frente-a-una-ferreteria-en-la-carretera-higuey-veron\/","url":"https:\/\/higuey.info\/news\/dos-hombres-fueron-ultimados-a-tiros-esta-manana-frente-a-una-ferreteria-en-la-carretera-higuey-veron\/","name":"Dos hombres fueron ultimados a tiros esta ma\u00f1ana frente a una ferreter\u00eda en la carretera Hig\u00fcey \u2013 Ver\u00f3n. - Higuey.Info","isPartOf":{"@id":"https:\/\/higuey.info\/news\/#website"},"primaryImageOfPage":{"@id":"https:\/\/higuey.info\/news\/dos-hombres-fueron-ultimados-a-tiros-esta-manana-frente-a-una-ferreteria-en-la-carretera-higuey-veron\/#primaryimage"},"image":{"@id":"https:\/\/higuey.info\/news\/dos-hombres-fueron-ultimados-a-tiros-esta-manana-frente-a-una-ferreteria-en-la-carretera-higuey-veron\/#primaryimage"},"thumbnailUrl":"https:\/\/higuey.info\/news\/wp-content\/uploads\/2015\/12\/crimen1.jpg","datePublished":"2015-12-30T15:56:19+00:00","dateModified":"2020-11-21T16:56:46+00:00","description":"Hasta el momento, la Polic\u00eda no ha ofrecido informaci\u00f3n sobre el caso, pero se cree que fueron ultimados por asuntos de droga.","breadcrumb":{"@id":"https:\/\/higuey.info\/news\/dos-hombres-fueron-ultimados-a-tiros-esta-manana-frente-a-una-ferreteria-en-la-carretera-higuey-veron\/#breadcrumb"},"inLanguage":"es","potentialAction":[{"@type":"ReadAction","target":["https:\/\/higuey.info\/news\/dos-hombres-fueron-ultimados-a-tiros-esta-manana-frente-a-una-ferreteria-en-la-carretera-higuey-veron\/"]}]},{"@type":"ImageObject","inLanguage":"es","@id":"https:\/\/higuey.info\/news\/dos-hombres-fueron-ultimados-a-tiros-esta-manana-frente-a-una-ferreteria-en-la-carretera-higuey-veron\/#primaryimage","url":"https:\/\/higuey.info\/news\/wp-content\/uploads\/2015\/12\/crimen1.jpg","contentUrl":"https:\/\/higuey.info\/news\/wp-content\/uploads\/2015\/12\/crimen1.jpg","width":540,"height":960},{"@type":"BreadcrumbList","@id":"https:\/\/higuey.info\/news\/dos-hombres-fueron-ultimados-a-tiros-esta-manana-frente-a-una-ferreteria-en-la-carretera-higuey-veron\/#breadcrumb","itemListElement":[{"@type":"ListItem","position":1,"name":"Portada","item":"https:\/\/higuey.info\/news\/"},{"@type":"ListItem","position":2,"name":"Dos hombres fueron ultimados a tiros esta ma\u00f1ana frente a una ferreter\u00eda en la carretera Hig\u00fcey \u2013 Ver\u00f3n."}]},{"@type":"WebSite","@id":"https:\/\/higuey.info\/news\/#website","url":"https:\/\/higuey.info\/news\/","name":"Hig\u00fcey.Info","description":"Noticias de Hig\u00fcey La Altagracia Rep\u00fablica Dominicana.","publisher":{"@id":"https:\/\/higuey.info\/news\/#organization"},"potentialAction":[{"@type":"SearchAction","target":{"@type":"EntryPoint","urlTemplate":"https:\/\/higuey.info\/news\/?s={search_term_string}"},"query-input":{"@type":"PropertyValueSpecification","valueRequired":true,"valueName":"search_term_string"}}],"inLanguage":"es"},{"@type":"Organization","@id":"https:\/\/higuey.info\/news\/#organization","name":"Hig\u00fcey.Info","url":"https:\/\/higuey.info\/news\/","logo":{"@type":"ImageObject","inLanguage":"es","@id":"https:\/\/higuey.info\/news\/#\/schema\/logo\/image\/","url":"https:\/\/higuey.info\/news\/wp-content\/uploads\/2015\/11\/logof.jpg","contentUrl":"https:\/\/higuey.info\/news\/wp-content\/uploads\/2015\/11\/logof.jpg","width":248,"height":90,"caption":"Hig\u00fcey.Info"},"image":{"@id":"https:\/\/higuey.info\/news\/#\/schema\/logo\/image\/"}},{"@type":"Person","@id":"https:\/\/higuey.info\/news\/#\/schema\/person\/274b1e73c44a5e7d852529cd974f389f","name":"higuey.info","image":{"@type":"ImageObject","inLanguage":"es","@id":"https:\/\/secure.gravatar.com\/avatar\/baaa13fb48787405f1f95c6405f1f193ab4cefad2554d219db78e9a57688ba88?s=96&d=wavatar&r=g","url":"https:\/\/secure.gravatar.com\/avatar\/baaa13fb48787405f1f95c6405f1f193ab4cefad2554d219db78e9a57688ba88?s=96&d=wavatar&r=g","contentUrl":"https:\/\/secure.gravatar.com\/avatar\/baaa13fb48787405f1f95c6405f1f193ab4cefad2554d219db78e9a57688ba88?s=96&d=wavatar&r=g","caption":"higuey.info"},"description":"Higuey Info | Portal informativo numero uno de la ciudad de Higuey, Todas las Noticias de Higuey La Altagracia Republica Dominicana.","sameAs":["https:\/\/higuey.info\/news"]}]}},"_links":{"self":[{"href":"https:\/\/higuey.info\/news\/wp-json\/wp\/v2\/posts\/7349","targetHints":{"allow":["GET"]}}],"collection":[{"href":"https:\/\/higuey.info\/news\/wp-json\/wp\/v2\/posts"}],"about":[{"href":"https:\/\/higuey.info\/news\/wp-json\/wp\/v2\/types\/post"}],"author":[{"embeddable":true,"href":"https:\/\/higuey.info\/news\/wp-json\/wp\/v2\/users\/1"}],"replies":[{"embeddable":true,"href":"https:\/\/higuey.info\/news\/wp-json\/wp\/v2\/comments?post=7349"}],"version-history":[{"count":4,"href":"https:\/\/higuey.info\/news\/wp-json\/wp\/v2\/posts\/7349\/revisions"}],"predecessor-version":[{"id":18197,"href":"https:\/\/higuey.info\/news\/wp-json\/wp\/v2\/posts\/7349\/revisions\/18197"}],"wp:featuredmedia":[{"embeddable":true,"href":"https:\/\/higuey.info\/news\/wp-json\/wp\/v2\/media\/7350"}],"wp:attachment":[{"href":"https:\/\/higuey.info\/news\/wp-json\/wp\/v2\/media?parent=7349"}],"wp:term":[{"taxonomy":"category","embeddable":true,"href":"https:\/\/higuey.info\/news\/wp-json\/wp\/v2\/categories?post=7349"},{"taxonomy":"post_tag","embeddable":true,"href":"https:\/\/higuey.info\/news\/wp-json\/wp\/v2\/tags?post=7349"}],"curies":[{"name":"wp","href":"https:\/\/api.w.org\/{rel}","templated":true}]}}