{"id":7383,"date":"2016-01-18T12:48:24","date_gmt":"2016-01-18T12:48:24","guid":{"rendered":"https:\/\/higuey.info\/news\/news\/?p=7383"},"modified":"2020-11-21T18:13:05","modified_gmt":"2020-11-21T18:13:05","slug":"dos-muertos-en-hechos-separados-un-dominicano-y-un-haitiano-en-la-provincia-de-la-altagracia","status":"publish","type":"post","link":"https:\/\/higuey.info\/news\/dos-muertos-en-hechos-separados-un-dominicano-y-un-haitiano-en-la-provincia-de-la-altagracia\/","title":{"rendered":"Dos muertos en hechos separados un Dominicano y un Haitiano en la provincia de la Altagracia."},"content":{"rendered":"<p><a href=\"https:\/\/higuey.info\/news\/wp-content\/uploads\/2014\/02\/hombre-muerto.jpg\"><img loading=\"lazy\" decoding=\"async\" class=\"aligncenter size-large wp-image-3216\" src=\"https:\/\/higuey.info\/news\/wp-content\/uploads\/2014\/02\/hombre-muerto-533x400.jpg\" alt=\"hombre-muerto\" width=\"533\" height=\"400\" srcset=\"https:\/\/higuey.info\/news\/wp-content\/uploads\/2014\/02\/hombre-muerto-533x400.jpg 533w, https:\/\/higuey.info\/news\/wp-content\/uploads\/2014\/02\/hombre-muerto-300x224.jpg 300w, https:\/\/higuey.info\/news\/wp-content\/uploads\/2014\/02\/hombre-muerto.jpg 550w\" sizes=\"auto, (max-width: 533px) 100vw, 533px\" \/><\/a>[&#8212;] HIGUEY, Rep\u00fablica Dominicana.-Seg\u00fan nos informara la polic\u00eda nacional, que le quitaron la vida en hechos separados a un dominicano y un nacional haitiano en esta provincia de la altagracia, los cuales respond\u00edan de nombre, <strong>Gorge Enestor Jimenez<\/strong> ( <strong>mojo<\/strong>) de 28 anos, del sector de <span class=\"text_exposed_show\"><strong>villa Maria<\/strong>, el cual resulto herido de una pu\u00f1alada en abdomen, que se la ocasiono un tal (<strong>LEUFU<\/strong>) el cual esta profugo de la justicia, el hecho ocurio el <strong>colmado Carraballo<\/strong> del referido sector,cuando el sobrino del occiso que menor sostuvo una ri\u00f1a y el t\u00edo fue en defensa del mismo, fue sorprendido.<\/span><\/p>\n<p><span class=\"text_exposed_show\"><br \/>\n[&#8212;]Por otra parte, resulto muerto el nacional haitiano <strong>Jean Elie Elissant<\/strong> de 28 anos, cual este junto a otro compatriota suyo sostuvieron una ri\u00f1a con un Dominicano, el cual le dio varios martillazo, donde resulto herido tambi\u00e9n el nacional haitiano <strong>Guelin Domillen<\/strong> de 28 anos, por lo que una multitud de nacionales haitiano quer\u00edan acribillarle, pero este fue protegido por lo seguridad de la construcci\u00f3n, los cuales no permitieron que fueran agredido. Los cuales llamaron <strong>CESTUR<\/strong> , sobre la situaci\u00f3n, ya que iban llegado mas haitiano, en un descuido se escapo esta pr\u00f3fugo de la justicia.<br \/>\nAmbos cad\u00e1veres fueron inviado al IPF de San Pedro de <strong>Macoris<\/strong>, por medico legista <strong>Felix Tejada<\/strong>.<\/span><\/p>\n<p>Por:\u00a0<strong><a href=\"https:\/\/higuey.info\/news\/?s=Juan+Bautista+Rodriguez\">Juan Bautista Rodriguez<\/a><\/strong>.<\/p>\n<p>https:\/\/www.facebook.com\/juan.bautistarodriguez.1466\/posts\/589071827907119<\/p>\n","protected":false},"excerpt":{"rendered":"<p>Seg\u00fan nos informara la polic\u00eda nacional, que le quitaron la vida en hechos separados a un dominicano y un nacional haitiano en esta provincia de la altagracia.<\/p>\n","protected":false},"author":1,"featured_media":3216,"comment_status":"open","ping_status":"open","sticky":false,"template":"","format":"standard","meta":{"footnotes":""},"categories":[4,1211,4374],"tags":[4384,4385,2240,4386,4387,1133,4388,4389,4390,1054,4391,518,4392,4393,4394,4395,4379,4396,2102,4397,4398,4399,3867,1872,4400,4401,468,4402,4403,4404,4405,4406,4407,4408,4409,4410,752,4411,4412,4413,4414,1155,4415,4416,4417,4418,4419,4383,1106,4420,4380,4381,682,4376,4421,4422,4423,365,4424,4425,4426,4427,4428,4375,4382,4429,4224,1350,4430,4431,4432,4433,4434,4435,716,205,133,4436,4378,4437,4438,4439,4440,4441,4442,627,4443,4444,4445,4446,4447,4377,1829,4448,2275,4449,4450,1244,4451,4452,4453,4454,4455,4456,4457,4458,4459,4460,4461,4462,4463,4464,4465,1401,4466,4467,4468,3331,4469,308,4470,4471,4472,4473,4474,4475,544,1108,1242],"class_list":["post-7383","post","type-post","status-publish","format-standard","has-post-thumbnail","hentry","category-higuey","category-mi-barrio","category-villa-maria","tag-absentismo","tag-administracion","tag-aduanas","tag-ahorro","tag-alza","tag-animal","tag-autarquia","tag-baja-de-precios","tag-banca","tag-banco","tag-bancos","tag-bautista","tag-beneficios","tag-bienes","tag-bimetalismo","tag-capitalismo","tag-carraballo","tag-cerrada","tag-cestur","tag-circulacion","tag-circulacion-fiduciaria","tag-colectivismo","tag-colmado","tag-comercio","tag-comercios","tag-competencia","tag-compra","tag-compraventa","tag-comunismo","tag-consumidores","tag-consumo","tag-consumo-de-bienes","tag-coyuntura","tag-crematistica","tag-crematologia","tag-crisis","tag-de-guerra","tag-deflacion","tag-demografia","tag-depresion","tag-devaluacion","tag-dinero","tag-dirigida","tag-dirigismo","tag-distribucion","tag-doctrinas-economicas","tag-domestica","tag-domillen","tag-economia","tag-economia-politica","tag-elie","tag-elissant","tag-energia","tag-enestor","tag-estabilizacion","tag-estadisticas","tag-estatal","tag-felix","tag-finanzas","tag-fisco","tag-fisiocracia","tag-forex","tag-frugalidad","tag-gorge","tag-guelin","tag-habitantes","tag-hacienda","tag-impuestos","tag-indices","tag-industrialismo","tag-industrializacion","tag-inflacion","tag-infraestructura","tag-intereses","tag-jean","tag-jimenez","tag-juan","tag-latifundio","tag-leufu","tag-ley-de-la-oferta-y-la-demanda","tag-liberalismo","tag-libre-cambio","tag-malthusianismo","tag-marxismo","tag-materias-primas","tag-mercado","tag-mercantilismo","tag-millonarios","tag-millones","tag-minifundio","tag-mixta","tag-mojo","tag-moneda","tag-monetaria","tag-money","tag-monometalismo","tag-nacionalizacion","tag-negocios","tag-neomalthusianismo","tag-nivel-de-vida","tag-obrerismo","tag-patrimonio","tag-patron-oro","tag-planificada","tag-poblacion","tag-pobreza","tag-politica-economica","tag-porbres","tag-privada","tag-produccion","tag-producto-nacionalbruto","tag-prosperidad","tag-proteccionismo","tag-publica","tag-quinquenal","tag-renta","tag-ricos","tag-riqueza","tag-riqueza-publica","tag-rodriguez","tag-rural","tag-sector-publico","tag-sindicalismo","tag-sobriedad","tag-socialismo","tag-tacaneria","tag-tejada","tag-trabajo","tag-venta"],"yoast_head":"<!-- This site is optimized with the Yoast SEO plugin v27.5 - https:\/\/yoast.com\/product\/yoast-seo-wordpress\/ -->\n<title>Dos muertos en hechos separados un Dominicano y un Haitiano en la provincia de la Altagracia. - Higuey.Info<\/title>\n<meta name=\"description\" content=\"Seg\u00fan nos informara la polic\u00eda nacional, que le quitaron la vida en hechos separados a un dominicano y un nacional haitiano en esta provincia de la altagracia.\" \/>\n<meta name=\"robots\" content=\"index, follow, max-snippet:-1, max-image-preview:large, max-video-preview:-1\" \/>\n<link rel=\"canonical\" href=\"https:\/\/higuey.info\/news\/dos-muertos-en-hechos-separados-un-dominicano-y-un-haitiano-en-la-provincia-de-la-altagracia\/\" \/>\n<meta property=\"og:locale\" content=\"es_ES\" \/>\n<meta property=\"og:type\" content=\"article\" \/>\n<meta property=\"og:title\" content=\"Dos muertos en hechos separados un Dominicano y un Haitiano en la provincia de la Altagracia. - Higuey.Info\" \/>\n<meta property=\"og:description\" content=\"Seg\u00fan nos informara la polic\u00eda nacional, que le quitaron la vida en hechos separados a un dominicano y un nacional haitiano en esta provincia de la altagracia.\" \/>\n<meta property=\"og:url\" content=\"https:\/\/higuey.info\/news\/dos-muertos-en-hechos-separados-un-dominicano-y-un-haitiano-en-la-provincia-de-la-altagracia\/\" \/>\n<meta property=\"og:site_name\" content=\"Hig\u00fcey.Info\" \/>\n<meta property=\"article:published_time\" content=\"2016-01-18T12:48:24+00:00\" \/>\n<meta property=\"article:modified_time\" content=\"2020-11-21T18:13:05+00:00\" \/>\n<meta property=\"og:image\" content=\"https:\/\/higuey.info\/news\/wp-content\/uploads\/2014\/02\/hombre-muerto.jpg\" \/>\n\t<meta property=\"og:image:width\" content=\"550\" \/>\n\t<meta property=\"og:image:height\" content=\"412\" \/>\n\t<meta property=\"og:image:type\" content=\"image\/jpeg\" \/>\n<meta name=\"author\" content=\"higuey.info\" \/>\n<meta name=\"twitter:card\" content=\"summary_large_image\" \/>\n<meta name=\"twitter:label1\" content=\"Escrito por\" \/>\n\t<meta name=\"twitter:data1\" content=\"higuey.info\" \/>\n\t<meta name=\"twitter:label2\" content=\"Tiempo de lectura\" \/>\n\t<meta name=\"twitter:data2\" content=\"1 minuto\" \/>\n<script type=\"application\/ld+json\" class=\"yoast-schema-graph\">{\"@context\":\"https:\\\/\\\/schema.org\",\"@graph\":[{\"@type\":\"Article\",\"@id\":\"https:\\\/\\\/higuey.info\\\/news\\\/dos-muertos-en-hechos-separados-un-dominicano-y-un-haitiano-en-la-provincia-de-la-altagracia\\\/#article\",\"isPartOf\":{\"@id\":\"https:\\\/\\\/higuey.info\\\/news\\\/dos-muertos-en-hechos-separados-un-dominicano-y-un-haitiano-en-la-provincia-de-la-altagracia\\\/\"},\"author\":{\"name\":\"higuey.info\",\"@id\":\"https:\\\/\\\/higuey.info\\\/news\\\/#\\\/schema\\\/person\\\/274b1e73c44a5e7d852529cd974f389f\"},\"headline\":\"Dos muertos en hechos separados un Dominicano y un Haitiano en la provincia de la Altagracia.\",\"datePublished\":\"2016-01-18T12:48:24+00:00\",\"dateModified\":\"2020-11-21T18:13:05+00:00\",\"mainEntityOfPage\":{\"@id\":\"https:\\\/\\\/higuey.info\\\/news\\\/dos-muertos-en-hechos-separados-un-dominicano-y-un-haitiano-en-la-provincia-de-la-altagracia\\\/\"},\"wordCount\":250,\"commentCount\":0,\"publisher\":{\"@id\":\"https:\\\/\\\/higuey.info\\\/news\\\/#organization\"},\"image\":{\"@id\":\"https:\\\/\\\/higuey.info\\\/news\\\/dos-muertos-en-hechos-separados-un-dominicano-y-un-haitiano-en-la-provincia-de-la-altagracia\\\/#primaryimage\"},\"thumbnailUrl\":\"https:\\\/\\\/higuey.info\\\/news\\\/wp-content\\\/uploads\\\/2014\\\/02\\\/hombre-muerto.jpg\",\"keywords\":[\"absentismo\",\"administraci\u00f3n\",\"Aduanas\",\"ahorro\",\"alza\",\"animal\",\"autarqu\u00eda\",\"baja de precios\",\"banca\",\"banco\",\"bancos\",\"Bautista\",\"beneficios\",\"bienes\",\"bimetalismo\",\"capitalismo\",\"Carraballo\",\"cerrada\",\"Cestur\",\"circulaci\u00f3n\",\"circulaci\u00f3n fiduciaria\",\"colectivismo\",\"Colmado\",\"Comercio\",\"comercios\",\"competencia\",\"compra\",\"compraventa\",\"comunismo\",\"consumidores\",\"consumo\",\"consumo de bienes\",\"coyuntura\",\"cremat\u00edstica\",\"crematolog\u00eda\",\"crisis\",\"de guerra\",\"deflaci\u00f3n\",\"demograf\u00eda\",\"depresi\u00f3n\",\"devaluaci\u00f3n\",\"dinero\",\"dirigida\",\"dirigismo\",\"distribuci\u00f3n\",\"doctrinas econ\u00f3micas\",\"dom\u00e9stica\",\"Domillen\",\"economia\",\"econom\u00eda pol\u00edtica\",\"Elie\",\"Elissant\",\"energ\u00eda\",\"Enestor\",\"estabilizaci\u00f3n\",\"estad\u00edsticas\",\"estatal\",\"F\u00e9lix\",\"finanzas\",\"fisco\",\"fisiocracia\",\"forex\",\"Frugalidad\",\"Gorge\",\"Guelin\",\"habitantes\",\"Hacienda\",\"Impuestos\",\"\u00edndices\",\"industrialismo\",\"industrializaci\u00f3n\",\"inflaci\u00f3n\",\"infraestructura\",\"intereses\",\"Jean\",\"Jim\u00e9nez\",\"juan\",\"latifundio\",\"LEUFU\",\"ley de la oferta y la demanda\",\"liberalismo\",\"Libre cambio\",\"malthusianismo\",\"marxismo\",\"materias primas\",\"Mercado\",\"Mercantilismo\",\"millonarios\",\"millones\",\"minifundio\",\"mixta\",\"Mojo\",\"Moneda\",\"monetaria\",\"Money\",\"monometalismo\",\"nacionalizaci\u00f3n\",\"Negocios\",\"neomalthusianismo\",\"nivel de vida\",\"obrerismo\",\"Patrimonio\",\"patr\u00f3n oro\",\"planificada\",\"poblaci\u00f3n\",\"pobreza\",\"pol\u00edtica econ\u00f3mica\",\"porbres\",\"privada\",\"producci\u00f3n\",\"producto nacionalbruto\",\"prosperidad\",\"proteccionismo\",\"publica\",\"quinquenal\",\"renta\",\"ricos\",\"Riqueza\",\"riqueza p\u00fablica\",\"Rodr\u00edguez\",\"rural\",\"sector p\u00fablico\",\"sindicalismo\",\"sobriedad\",\"socialismo\",\"taca\u00f1er\u00eda\",\"Tejada\",\"trabajo\",\"venta\"],\"articleSection\":[\"Higuey\",\"Mi barrio\",\"Villa Maria\"],\"inLanguage\":\"es\",\"potentialAction\":[{\"@type\":\"CommentAction\",\"name\":\"Comment\",\"target\":[\"https:\\\/\\\/higuey.info\\\/news\\\/dos-muertos-en-hechos-separados-un-dominicano-y-un-haitiano-en-la-provincia-de-la-altagracia\\\/#respond\"]}]},{\"@type\":\"WebPage\",\"@id\":\"https:\\\/\\\/higuey.info\\\/news\\\/dos-muertos-en-hechos-separados-un-dominicano-y-un-haitiano-en-la-provincia-de-la-altagracia\\\/\",\"url\":\"https:\\\/\\\/higuey.info\\\/news\\\/dos-muertos-en-hechos-separados-un-dominicano-y-un-haitiano-en-la-provincia-de-la-altagracia\\\/\",\"name\":\"Dos muertos en hechos separados un Dominicano y un Haitiano en la provincia de la Altagracia. - Higuey.Info\",\"isPartOf\":{\"@id\":\"https:\\\/\\\/higuey.info\\\/news\\\/#website\"},\"primaryImageOfPage\":{\"@id\":\"https:\\\/\\\/higuey.info\\\/news\\\/dos-muertos-en-hechos-separados-un-dominicano-y-un-haitiano-en-la-provincia-de-la-altagracia\\\/#primaryimage\"},\"image\":{\"@id\":\"https:\\\/\\\/higuey.info\\\/news\\\/dos-muertos-en-hechos-separados-un-dominicano-y-un-haitiano-en-la-provincia-de-la-altagracia\\\/#primaryimage\"},\"thumbnailUrl\":\"https:\\\/\\\/higuey.info\\\/news\\\/wp-content\\\/uploads\\\/2014\\\/02\\\/hombre-muerto.jpg\",\"datePublished\":\"2016-01-18T12:48:24+00:00\",\"dateModified\":\"2020-11-21T18:13:05+00:00\",\"description\":\"Seg\u00fan nos informara la polic\u00eda nacional, que le quitaron la vida en hechos separados a un dominicano y un nacional haitiano en esta provincia de la altagracia.\",\"breadcrumb\":{\"@id\":\"https:\\\/\\\/higuey.info\\\/news\\\/dos-muertos-en-hechos-separados-un-dominicano-y-un-haitiano-en-la-provincia-de-la-altagracia\\\/#breadcrumb\"},\"inLanguage\":\"es\",\"potentialAction\":[{\"@type\":\"ReadAction\",\"target\":[\"https:\\\/\\\/higuey.info\\\/news\\\/dos-muertos-en-hechos-separados-un-dominicano-y-un-haitiano-en-la-provincia-de-la-altagracia\\\/\"]}]},{\"@type\":\"ImageObject\",\"inLanguage\":\"es\",\"@id\":\"https:\\\/\\\/higuey.info\\\/news\\\/dos-muertos-en-hechos-separados-un-dominicano-y-un-haitiano-en-la-provincia-de-la-altagracia\\\/#primaryimage\",\"url\":\"https:\\\/\\\/higuey.info\\\/news\\\/wp-content\\\/uploads\\\/2014\\\/02\\\/hombre-muerto.jpg\",\"contentUrl\":\"https:\\\/\\\/higuey.info\\\/news\\\/wp-content\\\/uploads\\\/2014\\\/02\\\/hombre-muerto.jpg\",\"width\":550,\"height\":412},{\"@type\":\"BreadcrumbList\",\"@id\":\"https:\\\/\\\/higuey.info\\\/news\\\/dos-muertos-en-hechos-separados-un-dominicano-y-un-haitiano-en-la-provincia-de-la-altagracia\\\/#breadcrumb\",\"itemListElement\":[{\"@type\":\"ListItem\",\"position\":1,\"name\":\"Portada\",\"item\":\"https:\\\/\\\/higuey.info\\\/news\\\/\"},{\"@type\":\"ListItem\",\"position\":2,\"name\":\"Dos muertos en hechos separados un Dominicano y un Haitiano en la provincia de la Altagracia.\"}]},{\"@type\":\"WebSite\",\"@id\":\"https:\\\/\\\/higuey.info\\\/news\\\/#website\",\"url\":\"https:\\\/\\\/higuey.info\\\/news\\\/\",\"name\":\"Hig\u00fcey.Info\",\"description\":\"Noticias de Hig\u00fcey La Altagracia Rep\u00fablica Dominicana.\",\"publisher\":{\"@id\":\"https:\\\/\\\/higuey.info\\\/news\\\/#organization\"},\"potentialAction\":[{\"@type\":\"SearchAction\",\"target\":{\"@type\":\"EntryPoint\",\"urlTemplate\":\"https:\\\/\\\/higuey.info\\\/news\\\/?s={search_term_string}\"},\"query-input\":{\"@type\":\"PropertyValueSpecification\",\"valueRequired\":true,\"valueName\":\"search_term_string\"}}],\"inLanguage\":\"es\"},{\"@type\":\"Organization\",\"@id\":\"https:\\\/\\\/higuey.info\\\/news\\\/#organization\",\"name\":\"Hig\u00fcey.Info\",\"url\":\"https:\\\/\\\/higuey.info\\\/news\\\/\",\"logo\":{\"@type\":\"ImageObject\",\"inLanguage\":\"es\",\"@id\":\"https:\\\/\\\/higuey.info\\\/news\\\/#\\\/schema\\\/logo\\\/image\\\/\",\"url\":\"https:\\\/\\\/higuey.info\\\/news\\\/wp-content\\\/uploads\\\/2015\\\/11\\\/logof.jpg\",\"contentUrl\":\"https:\\\/\\\/higuey.info\\\/news\\\/wp-content\\\/uploads\\\/2015\\\/11\\\/logof.jpg\",\"width\":248,\"height\":90,\"caption\":\"Hig\u00fcey.Info\"},\"image\":{\"@id\":\"https:\\\/\\\/higuey.info\\\/news\\\/#\\\/schema\\\/logo\\\/image\\\/\"}},{\"@type\":\"Person\",\"@id\":\"https:\\\/\\\/higuey.info\\\/news\\\/#\\\/schema\\\/person\\\/274b1e73c44a5e7d852529cd974f389f\",\"name\":\"higuey.info\",\"image\":{\"@type\":\"ImageObject\",\"inLanguage\":\"es\",\"@id\":\"https:\\\/\\\/secure.gravatar.com\\\/avatar\\\/baaa13fb48787405f1f95c6405f1f193ab4cefad2554d219db78e9a57688ba88?s=96&d=wavatar&r=g\",\"url\":\"https:\\\/\\\/secure.gravatar.com\\\/avatar\\\/baaa13fb48787405f1f95c6405f1f193ab4cefad2554d219db78e9a57688ba88?s=96&d=wavatar&r=g\",\"contentUrl\":\"https:\\\/\\\/secure.gravatar.com\\\/avatar\\\/baaa13fb48787405f1f95c6405f1f193ab4cefad2554d219db78e9a57688ba88?s=96&d=wavatar&r=g\",\"caption\":\"higuey.info\"},\"description\":\"Higuey Info | Portal informativo numero uno de la ciudad de Higuey, Todas las Noticias de Higuey La Altagracia Republica Dominicana.\",\"sameAs\":[\"https:\\\/\\\/higuey.info\\\/news\"]}]}<\/script>\n<!-- \/ Yoast SEO plugin. -->","yoast_head_json":{"title":"Dos muertos en hechos separados un Dominicano y un Haitiano en la provincia de la Altagracia. - Higuey.Info","description":"Seg\u00fan nos informara la polic\u00eda nacional, que le quitaron la vida en hechos separados a un dominicano y un nacional haitiano en esta provincia de la altagracia.","robots":{"index":"index","follow":"follow","max-snippet":"max-snippet:-1","max-image-preview":"max-image-preview:large","max-video-preview":"max-video-preview:-1"},"canonical":"https:\/\/higuey.info\/news\/dos-muertos-en-hechos-separados-un-dominicano-y-un-haitiano-en-la-provincia-de-la-altagracia\/","og_locale":"es_ES","og_type":"article","og_title":"Dos muertos en hechos separados un Dominicano y un Haitiano en la provincia de la Altagracia. - Higuey.Info","og_description":"Seg\u00fan nos informara la polic\u00eda nacional, que le quitaron la vida en hechos separados a un dominicano y un nacional haitiano en esta provincia de la altagracia.","og_url":"https:\/\/higuey.info\/news\/dos-muertos-en-hechos-separados-un-dominicano-y-un-haitiano-en-la-provincia-de-la-altagracia\/","og_site_name":"Hig\u00fcey.Info","article_published_time":"2016-01-18T12:48:24+00:00","article_modified_time":"2020-11-21T18:13:05+00:00","og_image":[{"width":550,"height":412,"url":"https:\/\/higuey.info\/news\/wp-content\/uploads\/2014\/02\/hombre-muerto.jpg","type":"image\/jpeg"}],"author":"higuey.info","twitter_card":"summary_large_image","twitter_misc":{"Escrito por":"higuey.info","Tiempo de lectura":"1 minuto"},"schema":{"@context":"https:\/\/schema.org","@graph":[{"@type":"Article","@id":"https:\/\/higuey.info\/news\/dos-muertos-en-hechos-separados-un-dominicano-y-un-haitiano-en-la-provincia-de-la-altagracia\/#article","isPartOf":{"@id":"https:\/\/higuey.info\/news\/dos-muertos-en-hechos-separados-un-dominicano-y-un-haitiano-en-la-provincia-de-la-altagracia\/"},"author":{"name":"higuey.info","@id":"https:\/\/higuey.info\/news\/#\/schema\/person\/274b1e73c44a5e7d852529cd974f389f"},"headline":"Dos muertos en hechos separados un Dominicano y un Haitiano en la provincia de la Altagracia.","datePublished":"2016-01-18T12:48:24+00:00","dateModified":"2020-11-21T18:13:05+00:00","mainEntityOfPage":{"@id":"https:\/\/higuey.info\/news\/dos-muertos-en-hechos-separados-un-dominicano-y-un-haitiano-en-la-provincia-de-la-altagracia\/"},"wordCount":250,"commentCount":0,"publisher":{"@id":"https:\/\/higuey.info\/news\/#organization"},"image":{"@id":"https:\/\/higuey.info\/news\/dos-muertos-en-hechos-separados-un-dominicano-y-un-haitiano-en-la-provincia-de-la-altagracia\/#primaryimage"},"thumbnailUrl":"https:\/\/higuey.info\/news\/wp-content\/uploads\/2014\/02\/hombre-muerto.jpg","keywords":["absentismo","administraci\u00f3n","Aduanas","ahorro","alza","animal","autarqu\u00eda","baja de precios","banca","banco","bancos","Bautista","beneficios","bienes","bimetalismo","capitalismo","Carraballo","cerrada","Cestur","circulaci\u00f3n","circulaci\u00f3n fiduciaria","colectivismo","Colmado","Comercio","comercios","competencia","compra","compraventa","comunismo","consumidores","consumo","consumo de bienes","coyuntura","cremat\u00edstica","crematolog\u00eda","crisis","de guerra","deflaci\u00f3n","demograf\u00eda","depresi\u00f3n","devaluaci\u00f3n","dinero","dirigida","dirigismo","distribuci\u00f3n","doctrinas econ\u00f3micas","dom\u00e9stica","Domillen","economia","econom\u00eda pol\u00edtica","Elie","Elissant","energ\u00eda","Enestor","estabilizaci\u00f3n","estad\u00edsticas","estatal","F\u00e9lix","finanzas","fisco","fisiocracia","forex","Frugalidad","Gorge","Guelin","habitantes","Hacienda","Impuestos","\u00edndices","industrialismo","industrializaci\u00f3n","inflaci\u00f3n","infraestructura","intereses","Jean","Jim\u00e9nez","juan","latifundio","LEUFU","ley de la oferta y la demanda","liberalismo","Libre cambio","malthusianismo","marxismo","materias primas","Mercado","Mercantilismo","millonarios","millones","minifundio","mixta","Mojo","Moneda","monetaria","Money","monometalismo","nacionalizaci\u00f3n","Negocios","neomalthusianismo","nivel de vida","obrerismo","Patrimonio","patr\u00f3n oro","planificada","poblaci\u00f3n","pobreza","pol\u00edtica econ\u00f3mica","porbres","privada","producci\u00f3n","producto nacionalbruto","prosperidad","proteccionismo","publica","quinquenal","renta","ricos","Riqueza","riqueza p\u00fablica","Rodr\u00edguez","rural","sector p\u00fablico","sindicalismo","sobriedad","socialismo","taca\u00f1er\u00eda","Tejada","trabajo","venta"],"articleSection":["Higuey","Mi barrio","Villa Maria"],"inLanguage":"es","potentialAction":[{"@type":"CommentAction","name":"Comment","target":["https:\/\/higuey.info\/news\/dos-muertos-en-hechos-separados-un-dominicano-y-un-haitiano-en-la-provincia-de-la-altagracia\/#respond"]}]},{"@type":"WebPage","@id":"https:\/\/higuey.info\/news\/dos-muertos-en-hechos-separados-un-dominicano-y-un-haitiano-en-la-provincia-de-la-altagracia\/","url":"https:\/\/higuey.info\/news\/dos-muertos-en-hechos-separados-un-dominicano-y-un-haitiano-en-la-provincia-de-la-altagracia\/","name":"Dos muertos en hechos separados un Dominicano y un Haitiano en la provincia de la Altagracia. - Higuey.Info","isPartOf":{"@id":"https:\/\/higuey.info\/news\/#website"},"primaryImageOfPage":{"@id":"https:\/\/higuey.info\/news\/dos-muertos-en-hechos-separados-un-dominicano-y-un-haitiano-en-la-provincia-de-la-altagracia\/#primaryimage"},"image":{"@id":"https:\/\/higuey.info\/news\/dos-muertos-en-hechos-separados-un-dominicano-y-un-haitiano-en-la-provincia-de-la-altagracia\/#primaryimage"},"thumbnailUrl":"https:\/\/higuey.info\/news\/wp-content\/uploads\/2014\/02\/hombre-muerto.jpg","datePublished":"2016-01-18T12:48:24+00:00","dateModified":"2020-11-21T18:13:05+00:00","description":"Seg\u00fan nos informara la polic\u00eda nacional, que le quitaron la vida en hechos separados a un dominicano y un nacional haitiano en esta provincia de la altagracia.","breadcrumb":{"@id":"https:\/\/higuey.info\/news\/dos-muertos-en-hechos-separados-un-dominicano-y-un-haitiano-en-la-provincia-de-la-altagracia\/#breadcrumb"},"inLanguage":"es","potentialAction":[{"@type":"ReadAction","target":["https:\/\/higuey.info\/news\/dos-muertos-en-hechos-separados-un-dominicano-y-un-haitiano-en-la-provincia-de-la-altagracia\/"]}]},{"@type":"ImageObject","inLanguage":"es","@id":"https:\/\/higuey.info\/news\/dos-muertos-en-hechos-separados-un-dominicano-y-un-haitiano-en-la-provincia-de-la-altagracia\/#primaryimage","url":"https:\/\/higuey.info\/news\/wp-content\/uploads\/2014\/02\/hombre-muerto.jpg","contentUrl":"https:\/\/higuey.info\/news\/wp-content\/uploads\/2014\/02\/hombre-muerto.jpg","width":550,"height":412},{"@type":"BreadcrumbList","@id":"https:\/\/higuey.info\/news\/dos-muertos-en-hechos-separados-un-dominicano-y-un-haitiano-en-la-provincia-de-la-altagracia\/#breadcrumb","itemListElement":[{"@type":"ListItem","position":1,"name":"Portada","item":"https:\/\/higuey.info\/news\/"},{"@type":"ListItem","position":2,"name":"Dos muertos en hechos separados un Dominicano y un Haitiano en la provincia de la Altagracia."}]},{"@type":"WebSite","@id":"https:\/\/higuey.info\/news\/#website","url":"https:\/\/higuey.info\/news\/","name":"Hig\u00fcey.Info","description":"Noticias de Hig\u00fcey La Altagracia Rep\u00fablica Dominicana.","publisher":{"@id":"https:\/\/higuey.info\/news\/#organization"},"potentialAction":[{"@type":"SearchAction","target":{"@type":"EntryPoint","urlTemplate":"https:\/\/higuey.info\/news\/?s={search_term_string}"},"query-input":{"@type":"PropertyValueSpecification","valueRequired":true,"valueName":"search_term_string"}}],"inLanguage":"es"},{"@type":"Organization","@id":"https:\/\/higuey.info\/news\/#organization","name":"Hig\u00fcey.Info","url":"https:\/\/higuey.info\/news\/","logo":{"@type":"ImageObject","inLanguage":"es","@id":"https:\/\/higuey.info\/news\/#\/schema\/logo\/image\/","url":"https:\/\/higuey.info\/news\/wp-content\/uploads\/2015\/11\/logof.jpg","contentUrl":"https:\/\/higuey.info\/news\/wp-content\/uploads\/2015\/11\/logof.jpg","width":248,"height":90,"caption":"Hig\u00fcey.Info"},"image":{"@id":"https:\/\/higuey.info\/news\/#\/schema\/logo\/image\/"}},{"@type":"Person","@id":"https:\/\/higuey.info\/news\/#\/schema\/person\/274b1e73c44a5e7d852529cd974f389f","name":"higuey.info","image":{"@type":"ImageObject","inLanguage":"es","@id":"https:\/\/secure.gravatar.com\/avatar\/baaa13fb48787405f1f95c6405f1f193ab4cefad2554d219db78e9a57688ba88?s=96&d=wavatar&r=g","url":"https:\/\/secure.gravatar.com\/avatar\/baaa13fb48787405f1f95c6405f1f193ab4cefad2554d219db78e9a57688ba88?s=96&d=wavatar&r=g","contentUrl":"https:\/\/secure.gravatar.com\/avatar\/baaa13fb48787405f1f95c6405f1f193ab4cefad2554d219db78e9a57688ba88?s=96&d=wavatar&r=g","caption":"higuey.info"},"description":"Higuey Info | Portal informativo numero uno de la ciudad de Higuey, Todas las Noticias de Higuey La Altagracia Republica Dominicana.","sameAs":["https:\/\/higuey.info\/news"]}]}},"_links":{"self":[{"href":"https:\/\/higuey.info\/news\/wp-json\/wp\/v2\/posts\/7383","targetHints":{"allow":["GET"]}}],"collection":[{"href":"https:\/\/higuey.info\/news\/wp-json\/wp\/v2\/posts"}],"about":[{"href":"https:\/\/higuey.info\/news\/wp-json\/wp\/v2\/types\/post"}],"author":[{"embeddable":true,"href":"https:\/\/higuey.info\/news\/wp-json\/wp\/v2\/users\/1"}],"replies":[{"embeddable":true,"href":"https:\/\/higuey.info\/news\/wp-json\/wp\/v2\/comments?post=7383"}],"version-history":[{"count":5,"href":"https:\/\/higuey.info\/news\/wp-json\/wp\/v2\/posts\/7383\/revisions"}],"predecessor-version":[{"id":19711,"href":"https:\/\/higuey.info\/news\/wp-json\/wp\/v2\/posts\/7383\/revisions\/19711"}],"wp:featuredmedia":[{"embeddable":true,"href":"https:\/\/higuey.info\/news\/wp-json\/wp\/v2\/media\/3216"}],"wp:attachment":[{"href":"https:\/\/higuey.info\/news\/wp-json\/wp\/v2\/media?parent=7383"}],"wp:term":[{"taxonomy":"category","embeddable":true,"href":"https:\/\/higuey.info\/news\/wp-json\/wp\/v2\/categories?post=7383"},{"taxonomy":"post_tag","embeddable":true,"href":"https:\/\/higuey.info\/news\/wp-json\/wp\/v2\/tags?post=7383"}],"curies":[{"name":"wp","href":"https:\/\/api.w.org\/{rel}","templated":true}]}}