{"id":7909,"date":"2017-04-27T03:18:21","date_gmt":"2017-04-27T03:18:21","guid":{"rendered":"https:\/\/higuey.info\/news\/news\/?p=7909"},"modified":"2020-11-21T18:10:45","modified_gmt":"2020-11-21T18:10:45","slug":"veron-presidente-medina-y-su-esposa-asisten-a-inauguracion-de-centro-pediatrico","status":"publish","type":"post","link":"https:\/\/higuey.info\/news\/veron-presidente-medina-y-su-esposa-asisten-a-inauguracion-de-centro-pediatrico\/","title":{"rendered":"Ver\u00f3n: Presidente Medina y su esposa asisten a inauguraci\u00f3n de centro pedi\u00e1trico."},"content":{"rendered":"<p><a href=\"https:\/\/higuey.info\/news\/wp-content\/uploads\/2017\/04\/vision.jpg\"><img loading=\"lazy\" decoding=\"async\" class=\"aligncenter size-large wp-image-7910\" src=\"https:\/\/higuey.info\/news\/wp-content\/uploads\/2017\/04\/vision-550x309.jpg\" alt=\"\" width=\"550\" height=\"309\" srcset=\"https:\/\/higuey.info\/news\/wp-content\/uploads\/2017\/04\/vision-550x309.jpg 550w, https:\/\/higuey.info\/news\/wp-content\/uploads\/2017\/04\/vision-300x169.jpg 300w, https:\/\/higuey.info\/news\/wp-content\/uploads\/2017\/04\/vision-768x432.jpg 768w, https:\/\/higuey.info\/news\/wp-content\/uploads\/2017\/04\/vision-384x217.jpg 384w, https:\/\/higuey.info\/news\/wp-content\/uploads\/2017\/04\/vision-900x506.jpg 900w, https:\/\/higuey.info\/news\/wp-content\/uploads\/2017\/04\/vision.jpg 960w\" sizes=\"auto, (max-width: 550px) 100vw, 550px\" \/><\/a>[&#8212;]<strong>Veron &#8211; Bavaro -Punta Cana<\/strong>:_Alrededor de 15 mil ni\u00f1os y ni\u00f1as recibir\u00e1n atenci\u00f3n de salud gratuita. Se trata de infantes residentes en comunidades vulnerables de esta zona tur\u00edstica. Hoy fue inaugurado el <strong>Centro de Atenci\u00f3n Pedi\u00e1trica Oscar de la Renta<\/strong>, en esta localidad.<\/p>\n<p>[&#8212;]El acto cont\u00f3 con la asistencia del presidente <a href=\"https:\/\/higuey.info\/news\/?s=Danilo+Medina\"><strong>Danilo Medina<\/strong><\/a>. Estuvo acompa\u00f1ado de la primera dama, <strong>C\u00e1ndida Montilla de Medina<\/strong>.<\/p>\n<p><strong>Alianza p\u00fablica-privada<\/strong><\/p>\n<p>El centro de salud fue inaugurado por la Fundaci\u00f3n <strong>Grupo <a href=\"https:\/\/higuey.info\/news\/category\/higuey\/mi-comunidad\/punta-cana\/\">Punta cana<\/a><\/strong>. Forma parte de una alianza estrat\u00e9gica entre el sector privado y el Gobierno.<\/p>\n<p>Esta alianza es entre el Ministerio de Salud P\u00fablica, el Servicio Nacional de Salud y Fundaci\u00f3n Grupo Puntacana. Tambi\u00e9n con el <strong>Akron Childrens Hospital<\/strong> de Estados Unidos y el <strong>Edward V\u00eda College Osteopathic Medicine<\/strong>.<\/p>\n<p>Atenci\u00f3n primer nivel desde neonatos hasta adolescentes de 15 a\u00f1os<\/p>\n<p>Los ni\u00f1os y ni\u00f1as recibir\u00e1n atenci\u00f3n pedi\u00e1trica del primer nivel. El rango de edad de los beneficiarios es entre neonatos hasta 15 a\u00f1os.<\/p>\n<p>El centro tendr\u00e1 una capacidad de atender a m\u00e1s de 50 ni\u00f1os y ni\u00f1as. All\u00ed se ofrecer\u00e1 medicina ambulatoria, familiar y preventiva; imagenolog\u00eda, laboratorio, emergencia y odontolog\u00eda.<\/p>\n<p>Se agregar\u00e1n todos los programas de control de enfermedades infecciosas.<\/p>\n<p><a href=\"https:\/\/higuey.info\/news\/?s=Frank+Rainieri\"><strong>Frank Rainieri<\/strong><\/a>: este centro es \u00fanico en su clase<\/p>\n<p>El presidente del Grupo Punta cana, <strong>Frank Rainieri<\/strong>, habl\u00f3 al respecto. Dijo que el proyecto impactar\u00e1 de manera positiva a <strong>La Altagracia<\/strong>. Tambi\u00e9n servir\u00e1, precis\u00f3, para crear nuevas \u00e1reas urban\u00edsticas.<\/p>\n<p>Destac\u00f3 el esfuerzo de la alianza p\u00fablica-privada. Indic\u00f3 que el centro es \u00fanico en su clase. Ha sido construido en un \u00e1rea de f\u00e1cil acceso a las comunidades m\u00e1s deprimidas.<\/p>\n<p>Deseo de <strong>Oscar de la Renta<\/strong> de ayudar a ni\u00f1os vivir\u00e1 por siempre<\/p>\n<p>En ese contexto, resalt\u00f3 la memoria del fenecido dise\u00f1ador dominicano <strong>Oscar de la Renta<\/strong>, cuyo nombre lleva el Centro. \u201cEl esp\u00edritu generoso de Oscar y su deseo de ayudar a los ni\u00f1os vivir\u00e1 siempre\u00bb.<\/p>\n<p>Dijo que contar con atenciones m\u00e9dicas especializadas ser\u00e1 una bendici\u00f3n para miles de ni\u00f1os y sus familias.<\/p>\n<p>Ardua labor de <strong>Danilo Medina<\/strong> en favor atenci\u00f3n primaria<\/p>\n<p>La ministra de Salud P\u00fablica, <strong>Altagracia Guzm\u00e1n Marcelino<\/strong>, tambi\u00e9n pronunci\u00f3 unas palabras durante el acto. Destac\u00f3 la labor que el presidente Danilo Medina viene realizando en la atenci\u00f3n primaria.<\/p>\n<p>Explic\u00f3 que el modelo de atenci\u00f3n primaria se basa en diagnosticar a los ni\u00f1os. Indic\u00f3 que ah\u00ed inicia el proceso para cualquier tipo de referimiento y luego la hospitalizaci\u00f3n.<\/p>\n<p>Sala de emergencias 24 horas<\/p>\n<p>Resalt\u00f3 que la sala de emergencias del centro funcionar\u00e1 las 24 horas.<\/p>\n<p>Finalizado el acto, Danilo Medina y C\u00e1ndida Montilla de Medina realizaron un recorrido por las instalaciones.<\/p>\n<p>Estuvieron presentes, adem\u00e1s, el gobernador provincial <a href=\"https:\/\/higuey.info\/news\/?s=Ram%C3%B3n+G%C3%BC%C3%ADlamo\"><strong>Ram\u00f3n G\u00fc\u00edlamo<\/strong><\/a> y la alcaldesa de Hig\u00fcey, <a href=\"https:\/\/higuey.info\/news\/?s=Karina+Aristy\"><strong>Karina Aristy<\/strong><\/a>.<\/p>\n<p>Junto a ellos, el director de la Fundaci\u00f3n Puntacana, <strong>Robert Kheel<\/strong>, y la viuda de Oscar de la Renta, <strong>Annette de la Renta<\/strong>.<\/p>\n<p>El senador por La Altagracia <a href=\"https:\/\/higuey.info\/news\/?s=Amable+Aristy+Castro\"><strong>Amable Aristy<\/strong><\/a> y monse\u00f1or <strong>Antonio Camilo<\/strong> tambi\u00e9n asistieron al acto. Asimismo, los asistentes del presidente de la Rep\u00fablica, <strong>Carlos Pared P\u00e9rez y Robert de la Cruz<\/strong>.<\/p>\n<p>Fuente: <strong>Vision 20\/20<\/strong><\/p>\n","protected":false},"excerpt":{"rendered":"<p>Esta alianza es entre el Ministerio de Salud P\u00fablica, el Servicio Nacional de Salud y Fundaci\u00f3n Grupo Puntacana. Tambi\u00e9n con el Akron Childrens Hospital de Estados Unidos y el Edward V\u00eda College Osteopathic Medicine.<\/p>\n","protected":false},"author":1,"featured_media":7910,"comment_status":"open","ping_status":"open","sticky":false,"template":"","format":"standard","meta":{"footnotes":""},"categories":[4,1212,41,1361],"tags":[4810,2400,535,4789,4817,128,111,4818,2760,199,4807,4811,4813,170,211,4809,2044,1420,2399,206,1719,1529,4816,1948,4815,171,198,4808,4814,2881,517,1988,209,1359,4812],"class_list":["post-7909","post","type-post","status-publish","format-standard","has-post-thumbnail","hentry","category-higuey","category-mi-comunidad","category-punta-cana","category-beron","tag-akron","tag-alfonso","tag-altagracia","tag-amable-aristy-castro","tag-annette-de-la-renta","tag-antonio","tag-aristy","tag-camilo","tag-candida","tag-carlos","tag-centro-de-atencion-pediatrica-oscar-de-la-renta","tag-childrens","tag-college","tag-danilo","tag-de-la-cruz","tag-de-medina","tag-edward","tag-frank","tag-guilamo","tag-guzman","tag-hospital","tag-karina","tag-kheel","tag-marcelino","tag-medicine","tag-medina","tag-montilla","tag-oscar-de-la-renta","tag-osteopathic","tag-pared","tag-perez","tag-rainieri","tag-ramon","tag-robert","tag-via"],"yoast_head":"<!-- This site is optimized with the Yoast SEO plugin v27.5 - https:\/\/yoast.com\/product\/yoast-seo-wordpress\/ -->\n<title>Ver\u00f3n: Presidente Medina y su esposa asisten a inauguraci\u00f3n de centro pedi\u00e1trico. - Higuey.Info<\/title>\n<meta name=\"description\" content=\"Esta alianza es entre el Ministerio de Salud P\u00fablica, el Servicio Nacional de Salud y Fundaci\u00f3n Grupo Puntacana. Tambi\u00e9n con el Akron Childrens Hospital de Estados Unidos y el Edward V\u00eda College Osteopathic Medicine.\" \/>\n<meta name=\"robots\" content=\"index, follow, max-snippet:-1, max-image-preview:large, max-video-preview:-1\" \/>\n<link rel=\"canonical\" href=\"https:\/\/higuey.info\/news\/veron-presidente-medina-y-su-esposa-asisten-a-inauguracion-de-centro-pediatrico\/\" \/>\n<meta property=\"og:locale\" content=\"es_ES\" \/>\n<meta property=\"og:type\" content=\"article\" \/>\n<meta property=\"og:title\" content=\"Ver\u00f3n: Presidente Medina y su esposa asisten a inauguraci\u00f3n de centro pedi\u00e1trico. - Higuey.Info\" \/>\n<meta property=\"og:description\" content=\"Esta alianza es entre el Ministerio de Salud P\u00fablica, el Servicio Nacional de Salud y Fundaci\u00f3n Grupo Puntacana. Tambi\u00e9n con el Akron Childrens Hospital de Estados Unidos y el Edward V\u00eda College Osteopathic Medicine.\" \/>\n<meta property=\"og:url\" content=\"https:\/\/higuey.info\/news\/veron-presidente-medina-y-su-esposa-asisten-a-inauguracion-de-centro-pediatrico\/\" \/>\n<meta property=\"og:site_name\" content=\"Hig\u00fcey.Info\" \/>\n<meta property=\"article:published_time\" content=\"2017-04-27T03:18:21+00:00\" \/>\n<meta property=\"article:modified_time\" content=\"2020-11-21T18:10:45+00:00\" \/>\n<meta property=\"og:image\" content=\"https:\/\/higuey.info\/news\/wp-content\/uploads\/2017\/04\/vision.jpg\" \/>\n\t<meta property=\"og:image:width\" content=\"960\" \/>\n\t<meta property=\"og:image:height\" content=\"540\" \/>\n\t<meta property=\"og:image:type\" content=\"image\/jpeg\" \/>\n<meta name=\"author\" content=\"higuey.info\" \/>\n<meta name=\"twitter:card\" content=\"summary_large_image\" \/>\n<meta name=\"twitter:label1\" content=\"Escrito por\" \/>\n\t<meta name=\"twitter:data1\" content=\"higuey.info\" \/>\n\t<meta name=\"twitter:label2\" content=\"Tiempo de lectura\" \/>\n\t<meta name=\"twitter:data2\" content=\"3 minutos\" \/>\n<script type=\"application\/ld+json\" class=\"yoast-schema-graph\">{\"@context\":\"https:\\\/\\\/schema.org\",\"@graph\":[{\"@type\":\"Article\",\"@id\":\"https:\\\/\\\/higuey.info\\\/news\\\/veron-presidente-medina-y-su-esposa-asisten-a-inauguracion-de-centro-pediatrico\\\/#article\",\"isPartOf\":{\"@id\":\"https:\\\/\\\/higuey.info\\\/news\\\/veron-presidente-medina-y-su-esposa-asisten-a-inauguracion-de-centro-pediatrico\\\/\"},\"author\":{\"name\":\"higuey.info\",\"@id\":\"https:\\\/\\\/higuey.info\\\/news\\\/#\\\/schema\\\/person\\\/274b1e73c44a5e7d852529cd974f389f\"},\"headline\":\"Ver\u00f3n: Presidente Medina y su esposa asisten a inauguraci\u00f3n de centro pedi\u00e1trico.\",\"datePublished\":\"2017-04-27T03:18:21+00:00\",\"dateModified\":\"2020-11-21T18:10:45+00:00\",\"mainEntityOfPage\":{\"@id\":\"https:\\\/\\\/higuey.info\\\/news\\\/veron-presidente-medina-y-su-esposa-asisten-a-inauguracion-de-centro-pediatrico\\\/\"},\"wordCount\":570,\"commentCount\":0,\"publisher\":{\"@id\":\"https:\\\/\\\/higuey.info\\\/news\\\/#organization\"},\"image\":{\"@id\":\"https:\\\/\\\/higuey.info\\\/news\\\/veron-presidente-medina-y-su-esposa-asisten-a-inauguracion-de-centro-pediatrico\\\/#primaryimage\"},\"thumbnailUrl\":\"https:\\\/\\\/higuey.info\\\/news\\\/wp-content\\\/uploads\\\/2017\\\/04\\\/vision.jpg\",\"keywords\":[\"Akron\",\"Alfonso\",\"Altagracia\",\"Amable Aristy Castro\",\"Annette de la Renta\",\"antonio\",\"aristy\",\"Camilo\",\"C\u00e1ndida\",\"Carlos\",\"Centro de Atenci\u00f3n Pedi\u00e1trica Oscar de la Renta\",\"Childrens\",\"College\",\"Danilo\",\"de la Cruz\",\"de Medina\",\"Edward\",\"Frank\",\"G\u00fcilamo\",\"Guzm\u00e1n\",\"Hospital\",\"Karina\",\"Kheel\",\"Marcelino\",\"Medicine\",\"Medina\",\"Montilla\",\"Oscar de la Renta\",\"Osteopathic\",\"Pared\",\"P\u00e9rez\",\"Rainieri\",\"Ram\u00f3n\",\"Robert\",\"V\u00eda\"],\"articleSection\":[\"Higuey\",\"Mi comunidad\",\"Punta Cana\",\"Ver\u00f3n\"],\"inLanguage\":\"es\",\"potentialAction\":[{\"@type\":\"CommentAction\",\"name\":\"Comment\",\"target\":[\"https:\\\/\\\/higuey.info\\\/news\\\/veron-presidente-medina-y-su-esposa-asisten-a-inauguracion-de-centro-pediatrico\\\/#respond\"]}]},{\"@type\":\"WebPage\",\"@id\":\"https:\\\/\\\/higuey.info\\\/news\\\/veron-presidente-medina-y-su-esposa-asisten-a-inauguracion-de-centro-pediatrico\\\/\",\"url\":\"https:\\\/\\\/higuey.info\\\/news\\\/veron-presidente-medina-y-su-esposa-asisten-a-inauguracion-de-centro-pediatrico\\\/\",\"name\":\"Ver\u00f3n: Presidente Medina y su esposa asisten a inauguraci\u00f3n de centro pedi\u00e1trico. - Higuey.Info\",\"isPartOf\":{\"@id\":\"https:\\\/\\\/higuey.info\\\/news\\\/#website\"},\"primaryImageOfPage\":{\"@id\":\"https:\\\/\\\/higuey.info\\\/news\\\/veron-presidente-medina-y-su-esposa-asisten-a-inauguracion-de-centro-pediatrico\\\/#primaryimage\"},\"image\":{\"@id\":\"https:\\\/\\\/higuey.info\\\/news\\\/veron-presidente-medina-y-su-esposa-asisten-a-inauguracion-de-centro-pediatrico\\\/#primaryimage\"},\"thumbnailUrl\":\"https:\\\/\\\/higuey.info\\\/news\\\/wp-content\\\/uploads\\\/2017\\\/04\\\/vision.jpg\",\"datePublished\":\"2017-04-27T03:18:21+00:00\",\"dateModified\":\"2020-11-21T18:10:45+00:00\",\"description\":\"Esta alianza es entre el Ministerio de Salud P\u00fablica, el Servicio Nacional de Salud y Fundaci\u00f3n Grupo Puntacana. Tambi\u00e9n con el Akron Childrens Hospital de Estados Unidos y el Edward V\u00eda College Osteopathic Medicine.\",\"breadcrumb\":{\"@id\":\"https:\\\/\\\/higuey.info\\\/news\\\/veron-presidente-medina-y-su-esposa-asisten-a-inauguracion-de-centro-pediatrico\\\/#breadcrumb\"},\"inLanguage\":\"es\",\"potentialAction\":[{\"@type\":\"ReadAction\",\"target\":[\"https:\\\/\\\/higuey.info\\\/news\\\/veron-presidente-medina-y-su-esposa-asisten-a-inauguracion-de-centro-pediatrico\\\/\"]}]},{\"@type\":\"ImageObject\",\"inLanguage\":\"es\",\"@id\":\"https:\\\/\\\/higuey.info\\\/news\\\/veron-presidente-medina-y-su-esposa-asisten-a-inauguracion-de-centro-pediatrico\\\/#primaryimage\",\"url\":\"https:\\\/\\\/higuey.info\\\/news\\\/wp-content\\\/uploads\\\/2017\\\/04\\\/vision.jpg\",\"contentUrl\":\"https:\\\/\\\/higuey.info\\\/news\\\/wp-content\\\/uploads\\\/2017\\\/04\\\/vision.jpg\",\"width\":960,\"height\":540},{\"@type\":\"BreadcrumbList\",\"@id\":\"https:\\\/\\\/higuey.info\\\/news\\\/veron-presidente-medina-y-su-esposa-asisten-a-inauguracion-de-centro-pediatrico\\\/#breadcrumb\",\"itemListElement\":[{\"@type\":\"ListItem\",\"position\":1,\"name\":\"Portada\",\"item\":\"https:\\\/\\\/higuey.info\\\/news\\\/\"},{\"@type\":\"ListItem\",\"position\":2,\"name\":\"Ver\u00f3n: Presidente Medina y su esposa asisten a inauguraci\u00f3n de centro pedi\u00e1trico.\"}]},{\"@type\":\"WebSite\",\"@id\":\"https:\\\/\\\/higuey.info\\\/news\\\/#website\",\"url\":\"https:\\\/\\\/higuey.info\\\/news\\\/\",\"name\":\"Hig\u00fcey.Info\",\"description\":\"Noticias de Hig\u00fcey La Altagracia Rep\u00fablica Dominicana.\",\"publisher\":{\"@id\":\"https:\\\/\\\/higuey.info\\\/news\\\/#organization\"},\"potentialAction\":[{\"@type\":\"SearchAction\",\"target\":{\"@type\":\"EntryPoint\",\"urlTemplate\":\"https:\\\/\\\/higuey.info\\\/news\\\/?s={search_term_string}\"},\"query-input\":{\"@type\":\"PropertyValueSpecification\",\"valueRequired\":true,\"valueName\":\"search_term_string\"}}],\"inLanguage\":\"es\"},{\"@type\":\"Organization\",\"@id\":\"https:\\\/\\\/higuey.info\\\/news\\\/#organization\",\"name\":\"Hig\u00fcey.Info\",\"url\":\"https:\\\/\\\/higuey.info\\\/news\\\/\",\"logo\":{\"@type\":\"ImageObject\",\"inLanguage\":\"es\",\"@id\":\"https:\\\/\\\/higuey.info\\\/news\\\/#\\\/schema\\\/logo\\\/image\\\/\",\"url\":\"https:\\\/\\\/higuey.info\\\/news\\\/wp-content\\\/uploads\\\/2015\\\/11\\\/logof.jpg\",\"contentUrl\":\"https:\\\/\\\/higuey.info\\\/news\\\/wp-content\\\/uploads\\\/2015\\\/11\\\/logof.jpg\",\"width\":248,\"height\":90,\"caption\":\"Hig\u00fcey.Info\"},\"image\":{\"@id\":\"https:\\\/\\\/higuey.info\\\/news\\\/#\\\/schema\\\/logo\\\/image\\\/\"}},{\"@type\":\"Person\",\"@id\":\"https:\\\/\\\/higuey.info\\\/news\\\/#\\\/schema\\\/person\\\/274b1e73c44a5e7d852529cd974f389f\",\"name\":\"higuey.info\",\"image\":{\"@type\":\"ImageObject\",\"inLanguage\":\"es\",\"@id\":\"https:\\\/\\\/secure.gravatar.com\\\/avatar\\\/baaa13fb48787405f1f95c6405f1f193ab4cefad2554d219db78e9a57688ba88?s=96&d=wavatar&r=g\",\"url\":\"https:\\\/\\\/secure.gravatar.com\\\/avatar\\\/baaa13fb48787405f1f95c6405f1f193ab4cefad2554d219db78e9a57688ba88?s=96&d=wavatar&r=g\",\"contentUrl\":\"https:\\\/\\\/secure.gravatar.com\\\/avatar\\\/baaa13fb48787405f1f95c6405f1f193ab4cefad2554d219db78e9a57688ba88?s=96&d=wavatar&r=g\",\"caption\":\"higuey.info\"},\"description\":\"Higuey Info | Portal informativo numero uno de la ciudad de Higuey, Todas las Noticias de Higuey La Altagracia Republica Dominicana.\",\"sameAs\":[\"https:\\\/\\\/higuey.info\\\/news\"]}]}<\/script>\n<!-- \/ Yoast SEO plugin. -->","yoast_head_json":{"title":"Ver\u00f3n: Presidente Medina y su esposa asisten a inauguraci\u00f3n de centro pedi\u00e1trico. - Higuey.Info","description":"Esta alianza es entre el Ministerio de Salud P\u00fablica, el Servicio Nacional de Salud y Fundaci\u00f3n Grupo Puntacana. Tambi\u00e9n con el Akron Childrens Hospital de Estados Unidos y el Edward V\u00eda College Osteopathic Medicine.","robots":{"index":"index","follow":"follow","max-snippet":"max-snippet:-1","max-image-preview":"max-image-preview:large","max-video-preview":"max-video-preview:-1"},"canonical":"https:\/\/higuey.info\/news\/veron-presidente-medina-y-su-esposa-asisten-a-inauguracion-de-centro-pediatrico\/","og_locale":"es_ES","og_type":"article","og_title":"Ver\u00f3n: Presidente Medina y su esposa asisten a inauguraci\u00f3n de centro pedi\u00e1trico. - Higuey.Info","og_description":"Esta alianza es entre el Ministerio de Salud P\u00fablica, el Servicio Nacional de Salud y Fundaci\u00f3n Grupo Puntacana. Tambi\u00e9n con el Akron Childrens Hospital de Estados Unidos y el Edward V\u00eda College Osteopathic Medicine.","og_url":"https:\/\/higuey.info\/news\/veron-presidente-medina-y-su-esposa-asisten-a-inauguracion-de-centro-pediatrico\/","og_site_name":"Hig\u00fcey.Info","article_published_time":"2017-04-27T03:18:21+00:00","article_modified_time":"2020-11-21T18:10:45+00:00","og_image":[{"width":960,"height":540,"url":"https:\/\/higuey.info\/news\/wp-content\/uploads\/2017\/04\/vision.jpg","type":"image\/jpeg"}],"author":"higuey.info","twitter_card":"summary_large_image","twitter_misc":{"Escrito por":"higuey.info","Tiempo de lectura":"3 minutos"},"schema":{"@context":"https:\/\/schema.org","@graph":[{"@type":"Article","@id":"https:\/\/higuey.info\/news\/veron-presidente-medina-y-su-esposa-asisten-a-inauguracion-de-centro-pediatrico\/#article","isPartOf":{"@id":"https:\/\/higuey.info\/news\/veron-presidente-medina-y-su-esposa-asisten-a-inauguracion-de-centro-pediatrico\/"},"author":{"name":"higuey.info","@id":"https:\/\/higuey.info\/news\/#\/schema\/person\/274b1e73c44a5e7d852529cd974f389f"},"headline":"Ver\u00f3n: Presidente Medina y su esposa asisten a inauguraci\u00f3n de centro pedi\u00e1trico.","datePublished":"2017-04-27T03:18:21+00:00","dateModified":"2020-11-21T18:10:45+00:00","mainEntityOfPage":{"@id":"https:\/\/higuey.info\/news\/veron-presidente-medina-y-su-esposa-asisten-a-inauguracion-de-centro-pediatrico\/"},"wordCount":570,"commentCount":0,"publisher":{"@id":"https:\/\/higuey.info\/news\/#organization"},"image":{"@id":"https:\/\/higuey.info\/news\/veron-presidente-medina-y-su-esposa-asisten-a-inauguracion-de-centro-pediatrico\/#primaryimage"},"thumbnailUrl":"https:\/\/higuey.info\/news\/wp-content\/uploads\/2017\/04\/vision.jpg","keywords":["Akron","Alfonso","Altagracia","Amable Aristy Castro","Annette de la Renta","antonio","aristy","Camilo","C\u00e1ndida","Carlos","Centro de Atenci\u00f3n Pedi\u00e1trica Oscar de la Renta","Childrens","College","Danilo","de la Cruz","de Medina","Edward","Frank","G\u00fcilamo","Guzm\u00e1n","Hospital","Karina","Kheel","Marcelino","Medicine","Medina","Montilla","Oscar de la Renta","Osteopathic","Pared","P\u00e9rez","Rainieri","Ram\u00f3n","Robert","V\u00eda"],"articleSection":["Higuey","Mi comunidad","Punta Cana","Ver\u00f3n"],"inLanguage":"es","potentialAction":[{"@type":"CommentAction","name":"Comment","target":["https:\/\/higuey.info\/news\/veron-presidente-medina-y-su-esposa-asisten-a-inauguracion-de-centro-pediatrico\/#respond"]}]},{"@type":"WebPage","@id":"https:\/\/higuey.info\/news\/veron-presidente-medina-y-su-esposa-asisten-a-inauguracion-de-centro-pediatrico\/","url":"https:\/\/higuey.info\/news\/veron-presidente-medina-y-su-esposa-asisten-a-inauguracion-de-centro-pediatrico\/","name":"Ver\u00f3n: Presidente Medina y su esposa asisten a inauguraci\u00f3n de centro pedi\u00e1trico. - Higuey.Info","isPartOf":{"@id":"https:\/\/higuey.info\/news\/#website"},"primaryImageOfPage":{"@id":"https:\/\/higuey.info\/news\/veron-presidente-medina-y-su-esposa-asisten-a-inauguracion-de-centro-pediatrico\/#primaryimage"},"image":{"@id":"https:\/\/higuey.info\/news\/veron-presidente-medina-y-su-esposa-asisten-a-inauguracion-de-centro-pediatrico\/#primaryimage"},"thumbnailUrl":"https:\/\/higuey.info\/news\/wp-content\/uploads\/2017\/04\/vision.jpg","datePublished":"2017-04-27T03:18:21+00:00","dateModified":"2020-11-21T18:10:45+00:00","description":"Esta alianza es entre el Ministerio de Salud P\u00fablica, el Servicio Nacional de Salud y Fundaci\u00f3n Grupo Puntacana. Tambi\u00e9n con el Akron Childrens Hospital de Estados Unidos y el Edward V\u00eda College Osteopathic Medicine.","breadcrumb":{"@id":"https:\/\/higuey.info\/news\/veron-presidente-medina-y-su-esposa-asisten-a-inauguracion-de-centro-pediatrico\/#breadcrumb"},"inLanguage":"es","potentialAction":[{"@type":"ReadAction","target":["https:\/\/higuey.info\/news\/veron-presidente-medina-y-su-esposa-asisten-a-inauguracion-de-centro-pediatrico\/"]}]},{"@type":"ImageObject","inLanguage":"es","@id":"https:\/\/higuey.info\/news\/veron-presidente-medina-y-su-esposa-asisten-a-inauguracion-de-centro-pediatrico\/#primaryimage","url":"https:\/\/higuey.info\/news\/wp-content\/uploads\/2017\/04\/vision.jpg","contentUrl":"https:\/\/higuey.info\/news\/wp-content\/uploads\/2017\/04\/vision.jpg","width":960,"height":540},{"@type":"BreadcrumbList","@id":"https:\/\/higuey.info\/news\/veron-presidente-medina-y-su-esposa-asisten-a-inauguracion-de-centro-pediatrico\/#breadcrumb","itemListElement":[{"@type":"ListItem","position":1,"name":"Portada","item":"https:\/\/higuey.info\/news\/"},{"@type":"ListItem","position":2,"name":"Ver\u00f3n: Presidente Medina y su esposa asisten a inauguraci\u00f3n de centro pedi\u00e1trico."}]},{"@type":"WebSite","@id":"https:\/\/higuey.info\/news\/#website","url":"https:\/\/higuey.info\/news\/","name":"Hig\u00fcey.Info","description":"Noticias de Hig\u00fcey La Altagracia Rep\u00fablica Dominicana.","publisher":{"@id":"https:\/\/higuey.info\/news\/#organization"},"potentialAction":[{"@type":"SearchAction","target":{"@type":"EntryPoint","urlTemplate":"https:\/\/higuey.info\/news\/?s={search_term_string}"},"query-input":{"@type":"PropertyValueSpecification","valueRequired":true,"valueName":"search_term_string"}}],"inLanguage":"es"},{"@type":"Organization","@id":"https:\/\/higuey.info\/news\/#organization","name":"Hig\u00fcey.Info","url":"https:\/\/higuey.info\/news\/","logo":{"@type":"ImageObject","inLanguage":"es","@id":"https:\/\/higuey.info\/news\/#\/schema\/logo\/image\/","url":"https:\/\/higuey.info\/news\/wp-content\/uploads\/2015\/11\/logof.jpg","contentUrl":"https:\/\/higuey.info\/news\/wp-content\/uploads\/2015\/11\/logof.jpg","width":248,"height":90,"caption":"Hig\u00fcey.Info"},"image":{"@id":"https:\/\/higuey.info\/news\/#\/schema\/logo\/image\/"}},{"@type":"Person","@id":"https:\/\/higuey.info\/news\/#\/schema\/person\/274b1e73c44a5e7d852529cd974f389f","name":"higuey.info","image":{"@type":"ImageObject","inLanguage":"es","@id":"https:\/\/secure.gravatar.com\/avatar\/baaa13fb48787405f1f95c6405f1f193ab4cefad2554d219db78e9a57688ba88?s=96&d=wavatar&r=g","url":"https:\/\/secure.gravatar.com\/avatar\/baaa13fb48787405f1f95c6405f1f193ab4cefad2554d219db78e9a57688ba88?s=96&d=wavatar&r=g","contentUrl":"https:\/\/secure.gravatar.com\/avatar\/baaa13fb48787405f1f95c6405f1f193ab4cefad2554d219db78e9a57688ba88?s=96&d=wavatar&r=g","caption":"higuey.info"},"description":"Higuey Info | Portal informativo numero uno de la ciudad de Higuey, Todas las Noticias de Higuey La Altagracia Republica Dominicana.","sameAs":["https:\/\/higuey.info\/news"]}]}},"_links":{"self":[{"href":"https:\/\/higuey.info\/news\/wp-json\/wp\/v2\/posts\/7909","targetHints":{"allow":["GET"]}}],"collection":[{"href":"https:\/\/higuey.info\/news\/wp-json\/wp\/v2\/posts"}],"about":[{"href":"https:\/\/higuey.info\/news\/wp-json\/wp\/v2\/types\/post"}],"author":[{"embeddable":true,"href":"https:\/\/higuey.info\/news\/wp-json\/wp\/v2\/users\/1"}],"replies":[{"embeddable":true,"href":"https:\/\/higuey.info\/news\/wp-json\/wp\/v2\/comments?post=7909"}],"version-history":[{"count":11,"href":"https:\/\/higuey.info\/news\/wp-json\/wp\/v2\/posts\/7909\/revisions"}],"predecessor-version":[{"id":19486,"href":"https:\/\/higuey.info\/news\/wp-json\/wp\/v2\/posts\/7909\/revisions\/19486"}],"wp:featuredmedia":[{"embeddable":true,"href":"https:\/\/higuey.info\/news\/wp-json\/wp\/v2\/media\/7910"}],"wp:attachment":[{"href":"https:\/\/higuey.info\/news\/wp-json\/wp\/v2\/media?parent=7909"}],"wp:term":[{"taxonomy":"category","embeddable":true,"href":"https:\/\/higuey.info\/news\/wp-json\/wp\/v2\/categories?post=7909"},{"taxonomy":"post_tag","embeddable":true,"href":"https:\/\/higuey.info\/news\/wp-json\/wp\/v2\/tags?post=7909"}],"curies":[{"name":"wp","href":"https:\/\/api.w.org\/{rel}","templated":true}]}}