{"id":8527,"date":"2018-02-02T19:00:04","date_gmt":"2018-02-02T19:00:04","guid":{"rendered":"https:\/\/higuey.info\/news\/news\/?p=8527"},"modified":"2020-11-21T18:07:43","modified_gmt":"2020-11-21T18:07:43","slug":"fanatico-de-las-aguilas-mato-joven-en-veron-por-medio-de-un-disparo-al-aire-durante-celebracion-del-triunfo","status":"publish","type":"post","link":"https:\/\/higuey.info\/news\/fanatico-de-las-aguilas-mato-joven-en-veron-por-medio-de-un-disparo-al-aire-durante-celebracion-del-triunfo\/","title":{"rendered":"Fan\u00e1tico de las \u00e1guilas mato joven en veron por medio de un disparo al aire durante celebraci\u00f3n del triunfo."},"content":{"rendered":"<p><a href=\"https:\/\/higuey.info\/news\/wp-content\/uploads\/2018\/02\/disparos.jpg\"><img loading=\"lazy\" decoding=\"async\" class=\"aligncenter size-large wp-image-8529\" src=\"https:\/\/higuey.info\/news\/wp-content\/uploads\/2018\/02\/disparos-550x373.jpg\" alt=\"\" width=\"550\" height=\"373\" srcset=\"https:\/\/higuey.info\/news\/wp-content\/uploads\/2018\/02\/disparos-550x373.jpg 550w, https:\/\/higuey.info\/news\/wp-content\/uploads\/2018\/02\/disparos-300x203.jpg 300w, https:\/\/higuey.info\/news\/wp-content\/uploads\/2018\/02\/disparos-768x520.jpg 768w, https:\/\/higuey.info\/news\/wp-content\/uploads\/2018\/02\/disparos-900x610.jpg 900w, https:\/\/higuey.info\/news\/wp-content\/uploads\/2018\/02\/disparos.jpg 918w\" sizes=\"auto, (max-width: 550px) 100vw, 550px\" \/><\/a>[&#8212;] HIGUEY, Rep\u00fablica Dominicana.- La Polic\u00eda inform\u00f3 que est\u00e1 preso y fue sometido por ante el Ministerio P\u00fablico el hombre que dispar\u00f3 al aire en la celebraci\u00f3n del triunfo de las <strong>\u00c1guilas<\/strong>, donde una de las balas alcanz\u00f3 a un menor de 16 a\u00f1os, quien muri\u00f3 en el <strong>Hospital de Hig\u00fcey<\/strong>.<\/p>\n<p>[&#8212;]El adolescente recibi\u00f3 el impacto en la cabeza la madrugada de este jueves, mientras celebraba con otra persona en el sector de <a href=\"https:\/\/higuey.info\/news\/category\/higuey\/mi-comunidad\/beron\/\"><strong>Barrio Nuevo en Ver\u00f3n<\/strong><\/a>.<\/p>\n<p>[pullquote]El se\u00f1or <b>Di\u00f3medes Sabino se encuentra detenido en esta ciudad de Higuey para ser sometido a la acci\u00f3n\u00a0de la justicia.<\/b>[\/pullquote]<\/p>\n<p>El menor <strong>Juan Antonio Vicente<\/strong>, de 16 a\u00f1os, muri\u00f3 por herida de bala en el cr\u00e1neo, que dispar\u00f3 <strong>Di\u00f3medes Sabino<\/strong> con una pistola marca Bersa Calibre 9mm, con la cual hizo varios tiros al aire.<\/p>\n<p>La v\u00edctima fue llevada al Centro M\u00e9dico <strong>Hospiten<\/strong> y despu\u00e9s trasladada al hospital Nuestra Se\u00f1ora de la Altagracia, donde expir\u00f3 minutos despu\u00e9s.<\/p>\n<p>Fuente: <strong>Diario Gente<\/strong><\/p>\n","protected":false},"excerpt":{"rendered":"<p>El adolescente recibi\u00f3 el impacto en la cabeza la madrugada de este jueves, mientras celebraba con otra persona en el sector de Barrio Nuevo en Ver\u00f3n.<\/p>\n","protected":false},"author":1,"featured_media":8529,"comment_status":"open","ping_status":"open","sticky":false,"template":"","format":"standard","meta":{"footnotes":""},"categories":[4,1212,1361],"tags":[2714,5718,128,5720,5721,2388,5723,5722,5719,4306,133,1670,643],"class_list":["post-8527","post","type-post","status-publish","format-standard","has-post-thumbnail","hentry","category-higuey","category-mi-comunidad","category-beron","tag-9mm","tag-aguilas","tag-antonio","tag-bersa","tag-calibre","tag-diomedes","tag-disparo-al-aire","tag-fanatico-de-las-aguilas-mata-un-nino-en-veron","tag-hospital-de-higuey","tag-hospiten","tag-juan","tag-sabino","tag-vicente"],"yoast_head":"<!-- This site is optimized with the Yoast SEO plugin v27.5 - https:\/\/yoast.com\/product\/yoast-seo-wordpress\/ -->\n<title>Fan\u00e1tico de las \u00e1guilas mato joven en veron por medio de un disparo al aire durante celebraci\u00f3n del triunfo. - Higuey.Info<\/title>\n<meta name=\"description\" content=\"El adolescente recibi\u00f3 el impacto en la cabeza la madrugada de este jueves, mientras celebraba con otra persona en el sector de Barrio Nuevo en Ver\u00f3n.\" \/>\n<meta name=\"robots\" content=\"index, follow, max-snippet:-1, max-image-preview:large, max-video-preview:-1\" \/>\n<link rel=\"canonical\" href=\"https:\/\/higuey.info\/news\/fanatico-de-las-aguilas-mato-joven-en-veron-por-medio-de-un-disparo-al-aire-durante-celebracion-del-triunfo\/\" \/>\n<meta property=\"og:locale\" content=\"es_ES\" \/>\n<meta property=\"og:type\" content=\"article\" \/>\n<meta property=\"og:title\" content=\"Fan\u00e1tico de las \u00e1guilas mato joven en veron por medio de un disparo al aire durante celebraci\u00f3n del triunfo. - Higuey.Info\" \/>\n<meta property=\"og:description\" content=\"El adolescente recibi\u00f3 el impacto en la cabeza la madrugada de este jueves, mientras celebraba con otra persona en el sector de Barrio Nuevo en Ver\u00f3n.\" \/>\n<meta property=\"og:url\" content=\"https:\/\/higuey.info\/news\/fanatico-de-las-aguilas-mato-joven-en-veron-por-medio-de-un-disparo-al-aire-durante-celebracion-del-triunfo\/\" \/>\n<meta property=\"og:site_name\" content=\"Hig\u00fcey.Info\" \/>\n<meta property=\"article:published_time\" content=\"2018-02-02T19:00:04+00:00\" \/>\n<meta property=\"article:modified_time\" content=\"2020-11-21T18:07:43+00:00\" \/>\n<meta property=\"og:image\" content=\"https:\/\/higuey.info\/news\/wp-content\/uploads\/2018\/02\/disparos.jpg\" \/>\n\t<meta property=\"og:image:width\" content=\"918\" \/>\n\t<meta property=\"og:image:height\" content=\"622\" \/>\n\t<meta property=\"og:image:type\" content=\"image\/jpeg\" \/>\n<meta name=\"author\" content=\"higuey.info\" \/>\n<meta name=\"twitter:card\" content=\"summary_large_image\" \/>\n<meta name=\"twitter:label1\" content=\"Escrito por\" \/>\n\t<meta name=\"twitter:data1\" content=\"higuey.info\" \/>\n\t<meta name=\"twitter:label2\" content=\"Tiempo de lectura\" \/>\n\t<meta name=\"twitter:data2\" content=\"1 minuto\" \/>\n<script type=\"application\/ld+json\" class=\"yoast-schema-graph\">{\"@context\":\"https:\\\/\\\/schema.org\",\"@graph\":[{\"@type\":\"Article\",\"@id\":\"https:\\\/\\\/higuey.info\\\/news\\\/fanatico-de-las-aguilas-mato-joven-en-veron-por-medio-de-un-disparo-al-aire-durante-celebracion-del-triunfo\\\/#article\",\"isPartOf\":{\"@id\":\"https:\\\/\\\/higuey.info\\\/news\\\/fanatico-de-las-aguilas-mato-joven-en-veron-por-medio-de-un-disparo-al-aire-durante-celebracion-del-triunfo\\\/\"},\"author\":{\"name\":\"higuey.info\",\"@id\":\"https:\\\/\\\/higuey.info\\\/news\\\/#\\\/schema\\\/person\\\/274b1e73c44a5e7d852529cd974f389f\"},\"headline\":\"Fan\u00e1tico de las \u00e1guilas mato joven en veron por medio de un disparo al aire durante celebraci\u00f3n del triunfo.\",\"datePublished\":\"2018-02-02T19:00:04+00:00\",\"dateModified\":\"2020-11-21T18:07:43+00:00\",\"mainEntityOfPage\":{\"@id\":\"https:\\\/\\\/higuey.info\\\/news\\\/fanatico-de-las-aguilas-mato-joven-en-veron-por-medio-de-un-disparo-al-aire-durante-celebracion-del-triunfo\\\/\"},\"wordCount\":199,\"commentCount\":0,\"publisher\":{\"@id\":\"https:\\\/\\\/higuey.info\\\/news\\\/#organization\"},\"image\":{\"@id\":\"https:\\\/\\\/higuey.info\\\/news\\\/fanatico-de-las-aguilas-mato-joven-en-veron-por-medio-de-un-disparo-al-aire-durante-celebracion-del-triunfo\\\/#primaryimage\"},\"thumbnailUrl\":\"https:\\\/\\\/higuey.info\\\/news\\\/wp-content\\\/uploads\\\/2018\\\/02\\\/disparos.jpg\",\"keywords\":[\"9MM\",\"aguilas\",\"antonio\",\"Bersa\",\"Calibre\",\"Di\u00f3medes\",\"Disparo al aire\",\"Fanatico de las aguilas mata un ni\u00f1o en veron\",\"Hospital de Hig\u00fcey\",\"Hospiten\",\"juan\",\"Sabino\",\"Vicente\"],\"articleSection\":[\"Higuey\",\"Mi comunidad\",\"Ver\u00f3n\"],\"inLanguage\":\"es\",\"potentialAction\":[{\"@type\":\"CommentAction\",\"name\":\"Comment\",\"target\":[\"https:\\\/\\\/higuey.info\\\/news\\\/fanatico-de-las-aguilas-mato-joven-en-veron-por-medio-de-un-disparo-al-aire-durante-celebracion-del-triunfo\\\/#respond\"]}]},{\"@type\":\"WebPage\",\"@id\":\"https:\\\/\\\/higuey.info\\\/news\\\/fanatico-de-las-aguilas-mato-joven-en-veron-por-medio-de-un-disparo-al-aire-durante-celebracion-del-triunfo\\\/\",\"url\":\"https:\\\/\\\/higuey.info\\\/news\\\/fanatico-de-las-aguilas-mato-joven-en-veron-por-medio-de-un-disparo-al-aire-durante-celebracion-del-triunfo\\\/\",\"name\":\"Fan\u00e1tico de las \u00e1guilas mato joven en veron por medio de un disparo al aire durante celebraci\u00f3n del triunfo. - Higuey.Info\",\"isPartOf\":{\"@id\":\"https:\\\/\\\/higuey.info\\\/news\\\/#website\"},\"primaryImageOfPage\":{\"@id\":\"https:\\\/\\\/higuey.info\\\/news\\\/fanatico-de-las-aguilas-mato-joven-en-veron-por-medio-de-un-disparo-al-aire-durante-celebracion-del-triunfo\\\/#primaryimage\"},\"image\":{\"@id\":\"https:\\\/\\\/higuey.info\\\/news\\\/fanatico-de-las-aguilas-mato-joven-en-veron-por-medio-de-un-disparo-al-aire-durante-celebracion-del-triunfo\\\/#primaryimage\"},\"thumbnailUrl\":\"https:\\\/\\\/higuey.info\\\/news\\\/wp-content\\\/uploads\\\/2018\\\/02\\\/disparos.jpg\",\"datePublished\":\"2018-02-02T19:00:04+00:00\",\"dateModified\":\"2020-11-21T18:07:43+00:00\",\"description\":\"El adolescente recibi\u00f3 el impacto en la cabeza la madrugada de este jueves, mientras celebraba con otra persona en el sector de Barrio Nuevo en Ver\u00f3n.\",\"breadcrumb\":{\"@id\":\"https:\\\/\\\/higuey.info\\\/news\\\/fanatico-de-las-aguilas-mato-joven-en-veron-por-medio-de-un-disparo-al-aire-durante-celebracion-del-triunfo\\\/#breadcrumb\"},\"inLanguage\":\"es\",\"potentialAction\":[{\"@type\":\"ReadAction\",\"target\":[\"https:\\\/\\\/higuey.info\\\/news\\\/fanatico-de-las-aguilas-mato-joven-en-veron-por-medio-de-un-disparo-al-aire-durante-celebracion-del-triunfo\\\/\"]}]},{\"@type\":\"ImageObject\",\"inLanguage\":\"es\",\"@id\":\"https:\\\/\\\/higuey.info\\\/news\\\/fanatico-de-las-aguilas-mato-joven-en-veron-por-medio-de-un-disparo-al-aire-durante-celebracion-del-triunfo\\\/#primaryimage\",\"url\":\"https:\\\/\\\/higuey.info\\\/news\\\/wp-content\\\/uploads\\\/2018\\\/02\\\/disparos.jpg\",\"contentUrl\":\"https:\\\/\\\/higuey.info\\\/news\\\/wp-content\\\/uploads\\\/2018\\\/02\\\/disparos.jpg\",\"width\":918,\"height\":622},{\"@type\":\"BreadcrumbList\",\"@id\":\"https:\\\/\\\/higuey.info\\\/news\\\/fanatico-de-las-aguilas-mato-joven-en-veron-por-medio-de-un-disparo-al-aire-durante-celebracion-del-triunfo\\\/#breadcrumb\",\"itemListElement\":[{\"@type\":\"ListItem\",\"position\":1,\"name\":\"Portada\",\"item\":\"https:\\\/\\\/higuey.info\\\/news\\\/\"},{\"@type\":\"ListItem\",\"position\":2,\"name\":\"Fan\u00e1tico de las \u00e1guilas mato joven en veron por medio de un disparo al aire durante celebraci\u00f3n del triunfo.\"}]},{\"@type\":\"WebSite\",\"@id\":\"https:\\\/\\\/higuey.info\\\/news\\\/#website\",\"url\":\"https:\\\/\\\/higuey.info\\\/news\\\/\",\"name\":\"Hig\u00fcey.Info\",\"description\":\"Noticias de Hig\u00fcey La Altagracia Rep\u00fablica Dominicana.\",\"publisher\":{\"@id\":\"https:\\\/\\\/higuey.info\\\/news\\\/#organization\"},\"potentialAction\":[{\"@type\":\"SearchAction\",\"target\":{\"@type\":\"EntryPoint\",\"urlTemplate\":\"https:\\\/\\\/higuey.info\\\/news\\\/?s={search_term_string}\"},\"query-input\":{\"@type\":\"PropertyValueSpecification\",\"valueRequired\":true,\"valueName\":\"search_term_string\"}}],\"inLanguage\":\"es\"},{\"@type\":\"Organization\",\"@id\":\"https:\\\/\\\/higuey.info\\\/news\\\/#organization\",\"name\":\"Hig\u00fcey.Info\",\"url\":\"https:\\\/\\\/higuey.info\\\/news\\\/\",\"logo\":{\"@type\":\"ImageObject\",\"inLanguage\":\"es\",\"@id\":\"https:\\\/\\\/higuey.info\\\/news\\\/#\\\/schema\\\/logo\\\/image\\\/\",\"url\":\"https:\\\/\\\/higuey.info\\\/news\\\/wp-content\\\/uploads\\\/2015\\\/11\\\/logof.jpg\",\"contentUrl\":\"https:\\\/\\\/higuey.info\\\/news\\\/wp-content\\\/uploads\\\/2015\\\/11\\\/logof.jpg\",\"width\":248,\"height\":90,\"caption\":\"Hig\u00fcey.Info\"},\"image\":{\"@id\":\"https:\\\/\\\/higuey.info\\\/news\\\/#\\\/schema\\\/logo\\\/image\\\/\"}},{\"@type\":\"Person\",\"@id\":\"https:\\\/\\\/higuey.info\\\/news\\\/#\\\/schema\\\/person\\\/274b1e73c44a5e7d852529cd974f389f\",\"name\":\"higuey.info\",\"image\":{\"@type\":\"ImageObject\",\"inLanguage\":\"es\",\"@id\":\"https:\\\/\\\/secure.gravatar.com\\\/avatar\\\/baaa13fb48787405f1f95c6405f1f193ab4cefad2554d219db78e9a57688ba88?s=96&d=wavatar&r=g\",\"url\":\"https:\\\/\\\/secure.gravatar.com\\\/avatar\\\/baaa13fb48787405f1f95c6405f1f193ab4cefad2554d219db78e9a57688ba88?s=96&d=wavatar&r=g\",\"contentUrl\":\"https:\\\/\\\/secure.gravatar.com\\\/avatar\\\/baaa13fb48787405f1f95c6405f1f193ab4cefad2554d219db78e9a57688ba88?s=96&d=wavatar&r=g\",\"caption\":\"higuey.info\"},\"description\":\"Higuey Info | Portal informativo numero uno de la ciudad de Higuey, Todas las Noticias de Higuey La Altagracia Republica Dominicana.\",\"sameAs\":[\"https:\\\/\\\/higuey.info\\\/news\"]}]}<\/script>\n<!-- \/ Yoast SEO plugin. -->","yoast_head_json":{"title":"Fan\u00e1tico de las \u00e1guilas mato joven en veron por medio de un disparo al aire durante celebraci\u00f3n del triunfo. - Higuey.Info","description":"El adolescente recibi\u00f3 el impacto en la cabeza la madrugada de este jueves, mientras celebraba con otra persona en el sector de Barrio Nuevo en Ver\u00f3n.","robots":{"index":"index","follow":"follow","max-snippet":"max-snippet:-1","max-image-preview":"max-image-preview:large","max-video-preview":"max-video-preview:-1"},"canonical":"https:\/\/higuey.info\/news\/fanatico-de-las-aguilas-mato-joven-en-veron-por-medio-de-un-disparo-al-aire-durante-celebracion-del-triunfo\/","og_locale":"es_ES","og_type":"article","og_title":"Fan\u00e1tico de las \u00e1guilas mato joven en veron por medio de un disparo al aire durante celebraci\u00f3n del triunfo. - Higuey.Info","og_description":"El adolescente recibi\u00f3 el impacto en la cabeza la madrugada de este jueves, mientras celebraba con otra persona en el sector de Barrio Nuevo en Ver\u00f3n.","og_url":"https:\/\/higuey.info\/news\/fanatico-de-las-aguilas-mato-joven-en-veron-por-medio-de-un-disparo-al-aire-durante-celebracion-del-triunfo\/","og_site_name":"Hig\u00fcey.Info","article_published_time":"2018-02-02T19:00:04+00:00","article_modified_time":"2020-11-21T18:07:43+00:00","og_image":[{"width":918,"height":622,"url":"https:\/\/higuey.info\/news\/wp-content\/uploads\/2018\/02\/disparos.jpg","type":"image\/jpeg"}],"author":"higuey.info","twitter_card":"summary_large_image","twitter_misc":{"Escrito por":"higuey.info","Tiempo de lectura":"1 minuto"},"schema":{"@context":"https:\/\/schema.org","@graph":[{"@type":"Article","@id":"https:\/\/higuey.info\/news\/fanatico-de-las-aguilas-mato-joven-en-veron-por-medio-de-un-disparo-al-aire-durante-celebracion-del-triunfo\/#article","isPartOf":{"@id":"https:\/\/higuey.info\/news\/fanatico-de-las-aguilas-mato-joven-en-veron-por-medio-de-un-disparo-al-aire-durante-celebracion-del-triunfo\/"},"author":{"name":"higuey.info","@id":"https:\/\/higuey.info\/news\/#\/schema\/person\/274b1e73c44a5e7d852529cd974f389f"},"headline":"Fan\u00e1tico de las \u00e1guilas mato joven en veron por medio de un disparo al aire durante celebraci\u00f3n del triunfo.","datePublished":"2018-02-02T19:00:04+00:00","dateModified":"2020-11-21T18:07:43+00:00","mainEntityOfPage":{"@id":"https:\/\/higuey.info\/news\/fanatico-de-las-aguilas-mato-joven-en-veron-por-medio-de-un-disparo-al-aire-durante-celebracion-del-triunfo\/"},"wordCount":199,"commentCount":0,"publisher":{"@id":"https:\/\/higuey.info\/news\/#organization"},"image":{"@id":"https:\/\/higuey.info\/news\/fanatico-de-las-aguilas-mato-joven-en-veron-por-medio-de-un-disparo-al-aire-durante-celebracion-del-triunfo\/#primaryimage"},"thumbnailUrl":"https:\/\/higuey.info\/news\/wp-content\/uploads\/2018\/02\/disparos.jpg","keywords":["9MM","aguilas","antonio","Bersa","Calibre","Di\u00f3medes","Disparo al aire","Fanatico de las aguilas mata un ni\u00f1o en veron","Hospital de Hig\u00fcey","Hospiten","juan","Sabino","Vicente"],"articleSection":["Higuey","Mi comunidad","Ver\u00f3n"],"inLanguage":"es","potentialAction":[{"@type":"CommentAction","name":"Comment","target":["https:\/\/higuey.info\/news\/fanatico-de-las-aguilas-mato-joven-en-veron-por-medio-de-un-disparo-al-aire-durante-celebracion-del-triunfo\/#respond"]}]},{"@type":"WebPage","@id":"https:\/\/higuey.info\/news\/fanatico-de-las-aguilas-mato-joven-en-veron-por-medio-de-un-disparo-al-aire-durante-celebracion-del-triunfo\/","url":"https:\/\/higuey.info\/news\/fanatico-de-las-aguilas-mato-joven-en-veron-por-medio-de-un-disparo-al-aire-durante-celebracion-del-triunfo\/","name":"Fan\u00e1tico de las \u00e1guilas mato joven en veron por medio de un disparo al aire durante celebraci\u00f3n del triunfo. - Higuey.Info","isPartOf":{"@id":"https:\/\/higuey.info\/news\/#website"},"primaryImageOfPage":{"@id":"https:\/\/higuey.info\/news\/fanatico-de-las-aguilas-mato-joven-en-veron-por-medio-de-un-disparo-al-aire-durante-celebracion-del-triunfo\/#primaryimage"},"image":{"@id":"https:\/\/higuey.info\/news\/fanatico-de-las-aguilas-mato-joven-en-veron-por-medio-de-un-disparo-al-aire-durante-celebracion-del-triunfo\/#primaryimage"},"thumbnailUrl":"https:\/\/higuey.info\/news\/wp-content\/uploads\/2018\/02\/disparos.jpg","datePublished":"2018-02-02T19:00:04+00:00","dateModified":"2020-11-21T18:07:43+00:00","description":"El adolescente recibi\u00f3 el impacto en la cabeza la madrugada de este jueves, mientras celebraba con otra persona en el sector de Barrio Nuevo en Ver\u00f3n.","breadcrumb":{"@id":"https:\/\/higuey.info\/news\/fanatico-de-las-aguilas-mato-joven-en-veron-por-medio-de-un-disparo-al-aire-durante-celebracion-del-triunfo\/#breadcrumb"},"inLanguage":"es","potentialAction":[{"@type":"ReadAction","target":["https:\/\/higuey.info\/news\/fanatico-de-las-aguilas-mato-joven-en-veron-por-medio-de-un-disparo-al-aire-durante-celebracion-del-triunfo\/"]}]},{"@type":"ImageObject","inLanguage":"es","@id":"https:\/\/higuey.info\/news\/fanatico-de-las-aguilas-mato-joven-en-veron-por-medio-de-un-disparo-al-aire-durante-celebracion-del-triunfo\/#primaryimage","url":"https:\/\/higuey.info\/news\/wp-content\/uploads\/2018\/02\/disparos.jpg","contentUrl":"https:\/\/higuey.info\/news\/wp-content\/uploads\/2018\/02\/disparos.jpg","width":918,"height":622},{"@type":"BreadcrumbList","@id":"https:\/\/higuey.info\/news\/fanatico-de-las-aguilas-mato-joven-en-veron-por-medio-de-un-disparo-al-aire-durante-celebracion-del-triunfo\/#breadcrumb","itemListElement":[{"@type":"ListItem","position":1,"name":"Portada","item":"https:\/\/higuey.info\/news\/"},{"@type":"ListItem","position":2,"name":"Fan\u00e1tico de las \u00e1guilas mato joven en veron por medio de un disparo al aire durante celebraci\u00f3n del triunfo."}]},{"@type":"WebSite","@id":"https:\/\/higuey.info\/news\/#website","url":"https:\/\/higuey.info\/news\/","name":"Hig\u00fcey.Info","description":"Noticias de Hig\u00fcey La Altagracia Rep\u00fablica Dominicana.","publisher":{"@id":"https:\/\/higuey.info\/news\/#organization"},"potentialAction":[{"@type":"SearchAction","target":{"@type":"EntryPoint","urlTemplate":"https:\/\/higuey.info\/news\/?s={search_term_string}"},"query-input":{"@type":"PropertyValueSpecification","valueRequired":true,"valueName":"search_term_string"}}],"inLanguage":"es"},{"@type":"Organization","@id":"https:\/\/higuey.info\/news\/#organization","name":"Hig\u00fcey.Info","url":"https:\/\/higuey.info\/news\/","logo":{"@type":"ImageObject","inLanguage":"es","@id":"https:\/\/higuey.info\/news\/#\/schema\/logo\/image\/","url":"https:\/\/higuey.info\/news\/wp-content\/uploads\/2015\/11\/logof.jpg","contentUrl":"https:\/\/higuey.info\/news\/wp-content\/uploads\/2015\/11\/logof.jpg","width":248,"height":90,"caption":"Hig\u00fcey.Info"},"image":{"@id":"https:\/\/higuey.info\/news\/#\/schema\/logo\/image\/"}},{"@type":"Person","@id":"https:\/\/higuey.info\/news\/#\/schema\/person\/274b1e73c44a5e7d852529cd974f389f","name":"higuey.info","image":{"@type":"ImageObject","inLanguage":"es","@id":"https:\/\/secure.gravatar.com\/avatar\/baaa13fb48787405f1f95c6405f1f193ab4cefad2554d219db78e9a57688ba88?s=96&d=wavatar&r=g","url":"https:\/\/secure.gravatar.com\/avatar\/baaa13fb48787405f1f95c6405f1f193ab4cefad2554d219db78e9a57688ba88?s=96&d=wavatar&r=g","contentUrl":"https:\/\/secure.gravatar.com\/avatar\/baaa13fb48787405f1f95c6405f1f193ab4cefad2554d219db78e9a57688ba88?s=96&d=wavatar&r=g","caption":"higuey.info"},"description":"Higuey Info | Portal informativo numero uno de la ciudad de Higuey, Todas las Noticias de Higuey La Altagracia Republica Dominicana.","sameAs":["https:\/\/higuey.info\/news"]}]}},"_links":{"self":[{"href":"https:\/\/higuey.info\/news\/wp-json\/wp\/v2\/posts\/8527","targetHints":{"allow":["GET"]}}],"collection":[{"href":"https:\/\/higuey.info\/news\/wp-json\/wp\/v2\/posts"}],"about":[{"href":"https:\/\/higuey.info\/news\/wp-json\/wp\/v2\/types\/post"}],"author":[{"embeddable":true,"href":"https:\/\/higuey.info\/news\/wp-json\/wp\/v2\/users\/1"}],"replies":[{"embeddable":true,"href":"https:\/\/higuey.info\/news\/wp-json\/wp\/v2\/comments?post=8527"}],"version-history":[{"count":6,"href":"https:\/\/higuey.info\/news\/wp-json\/wp\/v2\/posts\/8527\/revisions"}],"predecessor-version":[{"id":19272,"href":"https:\/\/higuey.info\/news\/wp-json\/wp\/v2\/posts\/8527\/revisions\/19272"}],"wp:featuredmedia":[{"embeddable":true,"href":"https:\/\/higuey.info\/news\/wp-json\/wp\/v2\/media\/8529"}],"wp:attachment":[{"href":"https:\/\/higuey.info\/news\/wp-json\/wp\/v2\/media?parent=8527"}],"wp:term":[{"taxonomy":"category","embeddable":true,"href":"https:\/\/higuey.info\/news\/wp-json\/wp\/v2\/categories?post=8527"},{"taxonomy":"post_tag","embeddable":true,"href":"https:\/\/higuey.info\/news\/wp-json\/wp\/v2\/tags?post=8527"}],"curies":[{"name":"wp","href":"https:\/\/api.w.org\/{rel}","templated":true}]}}